{"id":3016,"date":"2023-05-23T10:56:08","date_gmt":"2023-05-23T09:56:08","guid":{"rendered":"https:\/\/www.mediaplateforme.com\/fr\/?p=3016"},"modified":"2023-05-23T10:56:08","modified_gmt":"2023-05-23T09:56:08","slug":"2m-lance-ana-bidaoui-la-saga-documentaire-qui-rend-hommage-a-casablanca","status":"publish","type":"post","link":"https:\/\/www.mediaplateforme.com\/fr\/2m-lance-ana-bidaoui-la-saga-documentaire-qui-rend-hommage-a-casablanca\/","title":{"rendered":"2M lance \u00ab Ana Bidaoui \u00bb, LA saga documentaire qui rend hommage \u00e0 Casablanca"},"content":{"rendered":"<p>La cha\u00eene d\u2019A\u00efn Seba\u00e2 rend hommage \u00e0 la ville blanche \u00e0 travers ses multiples \u00e9pop\u00e9es et ses mille et une facettes, une \u0153uvre documentaire exceptionnelle intitul\u00e9e \u00ab Ana Bidaoui \u2013 Les M\u00e9moires de Casablanca \u00bb. Con\u00e7ue et produite par 2M, avec Ali n\u2019 Productions, cette exp\u00e9rience audiovisuelle in\u00e9dite propose aux t\u00e9l\u00e9spectateurs quatre \u00e9pisodes de 52 minutes qui racontent, de mani\u00e8re immersive, l\u2019histoire de Casablanca, de sa gen\u00e8se \u00e0 nos jours.<\/p>\n<p>2M a fait appel au r\u00e9alisateur de \u00ab\u00a0Casanegra\u00a0\u00bb, Nour-Eddine Lakhmari, pour apporter un regard cin\u00e9matographique nouveau avec une cr\u00e9ation documentaire haut de gamme, programm\u00e9e dans la case documentaire \u00ab\u00a0Des Histoires et des Hommes\u00a0\u00bb (H&amp;H), chaque dimanche soir \u00e0 22h \u00e0 partir du 4 juin prochain.<\/p>\n<p>Sur un sc\u00e9nario \u00e9crit et d\u00e9velopp\u00e9 par Rita El Quessar, sc\u00e9nariste de fiction et documentariste exp\u00e9riment\u00e9e, la s\u00e9rie s\u2019adresse au plus large public. Offrant des images spectaculaires et des archives rares, elle est enrichie de nombreux t\u00e9moignages qui d\u00e9livrent des informations originales, divulgu\u00e9es parfois pour la premi\u00e8re fois, sur la ville de Casablanca. En fil conducteur, le personnage du \u00ab\u00a0voyageur\u00a0\u00bb transportera le t\u00e9l\u00e9spectateur dans les diff\u00e9rentes p\u00e9riodes de la ville, hors de ses sentiers battus, \u00e0 la rencontre de son \u00e2me bouleversante et accueillante, de ses Hommes et Femmes qui font la fiert\u00e9 d\u2019une ville aux mille et une facettes.<\/p>\n<p>\u00ab\u00a0<em>Gr\u00e2ce au film <\/em>\u00ab\u00a0<em>Casablanca<\/em>\u00ab\u00a0<em> avec Bogart et Bergman, le nom de cette ville fait partie de la m\u00e9moire collective et de l\u2019imaginaire du monde entier. Mais quelle est au juste l\u2019histoire de Casa et des Bidaouis? Une histoire fragment\u00e9e et parcellaire pour une ville multi s\u00e9culaire qui, au fil du temps, n\u2019a jamais cess\u00e9 d\u2019exercer son magn\u00e9tisme. On dit m\u00eame que toute personne qui passe une nuit \u00e0 Casa, devient casaoui\u2026 m\u00eame si on aime la d\u00e9tester. Comment ne pas raconter l\u2019\u00e9pop\u00e9e de cette ville et de ses habitants?\u00a0 Depuis le lancement de notre case documentaire, <\/em>\u00ab\u00a0<em>Des Histoires et des Hommes<\/em>\u00ab\u00a0<em>, voil\u00e0 12 ans, notre d\u00e9sir est de Nous raconter, documenter notre histoire et r\u00e9v\u00e9ler nos identit\u00e9s plurielles\u2026 Autant d\u2019ingr\u00e9dients qui font de <\/em>\u00ab\u00a0<em>Ana Bidaoui<\/em>\u00ab\u00a0<em> une partie de nous-m\u00eames<\/em>.\u00a0\u00bb, a d\u00e9clar\u00e9 Reda Benjelloun, Directeur des Magazines d&rsquo;Information et du Documentaire \u00e0 2M.<\/p>\n<p><strong>Exposer l\u2019autre Casablanca, la vivante, la bouleversante\u2026<\/strong><\/p>\n<p>L\u2019objectif du documentaire est de raconter Casablanca comme elle ne l\u2019a jamais \u00e9t\u00e9&#8230; \u00ab\u00a0Ana Bidaoui\u00a0\u00bb pr\u00e9sente la saga de la ville blanche \u00e0 travers les petites histoires dans la grande Histoire, en quatre p\u00e9riodes de la pr\u00e9histoire jusqu\u2018au monde contemporain.<\/p>\n<p>Il s\u2019agit aussi d\u2019exposer la richesse et la diversit\u00e9 d\u2019une ville chaotique, aux identit\u00e9s multiples et en perp\u00e9tuel mouvement. Pour cela, le documentaire s\u2019appuie sur de nombreux outils narratifs, dramatiques et de mise en sc\u00e8ne captivants o\u00f9 l\u2019approche humaniste, le r\u00e9el et l\u2019\u00e9motion sont omnipr\u00e9sents. \u00ab\u00a0Ana Bidaoui\u00a0\u00bb allie \u00e9galement un traitement innovant des images d\u2019archives et des prises de vues exceptionnelles.<\/p>\n<p>\u00ab\u00a0Ana Bidaoui\u00a0\u00bb donne, par ailleurs, la parole \u00e0 une palette d\u2019experts aux regards divers qui raconteront les diff\u00e9rents visages de cette ville cosmopolite, mais aussi \u00e0 des habitants. Tous partageront leurs souvenirs et leur vision sur le patrimoine et l\u2019\u00e9volution de Casablanca, capitale \u00e9conomique mais aussi c\u0153ur battant des faits sociaux, \u00e9conomiques et politiques, nationaux et internationaux qui ont construit la modernit\u00e9 marocaine.<\/p>\n<p>Parmi ces intervenants, on compte des architectes tels que Abderrahim Kassou et Karim Rouissi, des repr\u00e9sentants d\u2019associations, des habitants, de nombreux historiens, arch\u00e9ologues, oul\u00e9mas, journalistes, cin\u00e9astes, \u00e9conomistes, \u00e9crivains, enseignants, etc.<\/p>\n<p>\u00ab\u00a0Ana Bidaoui\u00a0\u00bb traduit la politique volontariste de 2M ax\u00e9e autour du partage et du rayonnement du patrimoine mat\u00e9riel et immat\u00e9riel du Maroc. A travers cette cr\u00e9ation documentaire, 2M r\u00e9affirme son r\u00f4le de producteur de contenus culturels innovants et de cha\u00eene f\u00e9d\u00e9ratrice qui \u00ab\u00a0rassemble\u00a0\u00bb autour des valeurs communes du \u00ab\u00a0vivre-ensemble\u00a0\u00bb.<\/p>\n","protected":false},"excerpt":{"rendered":"<p>La cha\u00eene d\u2019A\u00efn Seba\u00e2 rend hommage \u00e0 la ville blanche \u00e0 travers ses multiples \u00e9pop\u00e9es<\/p>\n","protected":false},"author":1,"featured_media":3017,"comment_status":"open","ping_status":"open","sticky":false,"template":"","format":"standard","meta":{"_acf_changed":false,"footnotes":""},"categories":[2,3],"tags":[745,897],"class_list":["post-3016","post","type-post","status-publish","format-standard","has-post-thumbnail","hentry","category-nouvelles","category-nouvelles-selectionnees","tag-2m","tag-ana-bidaoui"],"acf":[],"yoast_head":"<!-- This site is optimized with the Yoast SEO plugin v22.0 - https:\/\/yoast.com\/wordpress\/plugins\/seo\/ -->\n<title>2M lance \u00ab Ana Bidaoui \u00bb, LA saga documentaire qui rend hommage \u00e0 Casablanca - MEDIA PLATEFORME | FR<\/title>\n<meta name=\"description\" content=\"La la ville blanche \u00e0 travers s et une facettes, une exceptionnelle intitul\u00e9e \u00ab Ana Bidaoui \u2013 Les M\u00e9moires de Casablanca \u00bb.\" \/>\n<meta name=\"robots\" content=\"index, follow, max-snippet:-1, max-image-preview:large, max-video-preview:-1\" \/>\n<link rel=\"canonical\" href=\"https:\/\/www.mediaplateforme.com\/fr\/2m-lance-ana-bidaoui-la-saga-documentaire-qui-rend-hommage-a-casablanca\/\" \/>\n<meta property=\"og:locale\" content=\"fr_FR\" \/>\n<meta property=\"og:type\" content=\"article\" \/>\n<meta property=\"og:title\" content=\"2M lance \u00ab Ana Bidaoui \u00bb, LA saga documentaire qui rend hommage \u00e0 Casablanca - MEDIA PLATEFORME | FR\" \/>\n<meta property=\"og:description\" content=\"La la ville blanche \u00e0 travers s et une facettes, une exceptionnelle intitul\u00e9e \u00ab Ana Bidaoui \u2013 Les M\u00e9moires de Casablanca \u00bb.\" \/>\n<meta property=\"og:url\" content=\"https:\/\/www.mediaplateforme.com\/fr\/2m-lance-ana-bidaoui-la-saga-documentaire-qui-rend-hommage-a-casablanca\/\" \/>\n<meta property=\"og:site_name\" content=\"MEDIA PLATEFORME | FR\" \/>\n<meta property=\"article:published_time\" content=\"2023-05-23T09:56:08+00:00\" \/>\n<meta property=\"og:image\" content=\"https:\/\/www.mediaplateforme.com\/fr\/wp-content\/uploads\/sites\/5\/2023\/05\/ANA-BIDAOUI.jpg\" \/>\n\t<meta property=\"og:image:width\" content=\"1968\" \/>\n\t<meta property=\"og:image:height\" content=\"1527\" \/>\n\t<meta property=\"og:image:type\" content=\"image\/jpeg\" \/>\n<meta name=\"author\" content=\"Mediaplateforme\" \/>\n<meta name=\"twitter:card\" content=\"summary_large_image\" \/>\n<meta name=\"twitter:label1\" content=\"\u00c9crit par\" \/>\n\t<meta name=\"twitter:data1\" content=\"Mediaplateforme\" \/>\n\t<meta name=\"twitter:label2\" content=\"Dur\u00e9e de lecture estim\u00e9e\" \/>\n\t<meta name=\"twitter:data2\" content=\"4 minutes\" \/>\n<script type=\"application\/ld+json\" class=\"yoast-schema-graph\">{\"@context\":\"https:\/\/schema.org\",\"@graph\":[{\"@type\":\"WebPage\",\"@id\":\"https:\/\/www.mediaplateforme.com\/fr\/2m-lance-ana-bidaoui-la-saga-documentaire-qui-rend-hommage-a-casablanca\/\",\"url\":\"https:\/\/www.mediaplateforme.com\/fr\/2m-lance-ana-bidaoui-la-saga-documentaire-qui-rend-hommage-a-casablanca\/\",\"name\":\"2M lance \u00ab Ana Bidaoui \u00bb, LA saga documentaire qui rend hommage \u00e0 Casablanca - MEDIA PLATEFORME | FR\",\"isPartOf\":{\"@id\":\"https:\/\/www.mediaplateforme.com\/fr\/#website\"},\"datePublished\":\"2023-05-23T09:56:08+00:00\",\"dateModified\":\"2023-05-23T09:56:08+00:00\",\"author\":{\"@id\":\"https:\/\/www.mediaplateforme.com\/fr\/#\/schema\/person\/89833db382b5db2c76b094bc902aa12a\"},\"description\":\"La la ville blanche \u00e0 travers s et une facettes, une exceptionnelle intitul\u00e9e \u00ab Ana Bidaoui \u2013 Les M\u00e9moires de Casablanca \u00bb.\",\"breadcrumb\":{\"@id\":\"https:\/\/www.mediaplateforme.com\/fr\/2m-lance-ana-bidaoui-la-saga-documentaire-qui-rend-hommage-a-casablanca\/#breadcrumb\"},\"inLanguage\":\"fr-FR\",\"potentialAction\":[{\"@type\":\"ReadAction\",\"target\":[\"https:\/\/www.mediaplateforme.com\/fr\/2m-lance-ana-bidaoui-la-saga-documentaire-qui-rend-hommage-a-casablanca\/\"]}]},{\"@type\":\"BreadcrumbList\",\"@id\":\"https:\/\/www.mediaplateforme.com\/fr\/2m-lance-ana-bidaoui-la-saga-documentaire-qui-rend-hommage-a-casablanca\/#breadcrumb\",\"itemListElement\":[{\"@type\":\"ListItem\",\"position\":1,\"name\":\"\u0627\u0644\u0631\u0626\u064a\u0633\u064a\u0629\",\"item\":\"https:\/\/www.mediaplateforme.com\/fr\/\"},{\"@type\":\"ListItem\",\"position\":2,\"name\":\"2M lance \u00ab Ana Bidaoui \u00bb, LA saga documentaire qui rend hommage \u00e0 Casablanca\"}]},{\"@type\":\"WebSite\",\"@id\":\"https:\/\/www.mediaplateforme.com\/fr\/#website\",\"url\":\"https:\/\/www.mediaplateforme.com\/fr\/\",\"name\":\"MEDIA PLATEFORME | FR\",\"description\":\"Mediaplateforme sp\u00e9cialis\u00e9 dans la communication institutions publiques et des entreprises\",\"potentialAction\":[{\"@type\":\"SearchAction\",\"target\":{\"@type\":\"EntryPoint\",\"urlTemplate\":\"https:\/\/www.mediaplateforme.com\/fr\/?s={search_term_string}\"},\"query-input\":\"required name=search_term_string\"}],\"inLanguage\":\"fr-FR\"},{\"@type\":\"Person\",\"@id\":\"https:\/\/www.mediaplateforme.com\/fr\/#\/schema\/person\/89833db382b5db2c76b094bc902aa12a\",\"name\":\"Mediaplateforme\",\"image\":{\"@type\":\"ImageObject\",\"inLanguage\":\"fr-FR\",\"@id\":\"https:\/\/www.mediaplateforme.com\/fr\/#\/schema\/person\/image\/\",\"url\":\"https:\/\/secure.gravatar.com\/avatar\/6c9c02e8928cc65d54bf75157f7b3a2d06d7ad0494ca0951f679552ff03b34c1?s=96&d=mm&r=g\",\"contentUrl\":\"https:\/\/secure.gravatar.com\/avatar\/6c9c02e8928cc65d54bf75157f7b3a2d06d7ad0494ca0951f679552ff03b34c1?s=96&d=mm&r=g\",\"caption\":\"Mediaplateforme\"},\"sameAs\":[\"https:\/\/www.mediaplateforme.com\"],\"url\":\"https:\/\/www.mediaplateforme.com\/fr\/author\/mohamedladib\/\"}]}<\/script>\n<!-- \/ Yoast SEO plugin. -->","yoast_head_json":{"title":"2M lance \u00ab Ana Bidaoui \u00bb, LA saga documentaire qui rend hommage \u00e0 Casablanca - MEDIA PLATEFORME | FR","description":"La la ville blanche \u00e0 travers s et une facettes, une exceptionnelle intitul\u00e9e \u00ab Ana Bidaoui \u2013 Les M\u00e9moires de Casablanca \u00bb.","robots":{"index":"index","follow":"follow","max-snippet":"max-snippet:-1","max-image-preview":"max-image-preview:large","max-video-preview":"max-video-preview:-1"},"canonical":"https:\/\/www.mediaplateforme.com\/fr\/2m-lance-ana-bidaoui-la-saga-documentaire-qui-rend-hommage-a-casablanca\/","og_locale":"fr_FR","og_type":"article","og_title":"2M lance \u00ab Ana Bidaoui \u00bb, LA saga documentaire qui rend hommage \u00e0 Casablanca - MEDIA PLATEFORME | FR","og_description":"La la ville blanche \u00e0 travers s et une facettes, une exceptionnelle intitul\u00e9e \u00ab Ana Bidaoui \u2013 Les M\u00e9moires de Casablanca \u00bb.","og_url":"https:\/\/www.mediaplateforme.com\/fr\/2m-lance-ana-bidaoui-la-saga-documentaire-qui-rend-hommage-a-casablanca\/","og_site_name":"MEDIA PLATEFORME | FR","article_published_time":"2023-05-23T09:56:08+00:00","og_image":[{"width":1968,"height":1527,"url":"https:\/\/www.mediaplateforme.com\/fr\/wp-content\/uploads\/sites\/5\/2023\/05\/ANA-BIDAOUI.jpg","type":"image\/jpeg"}],"author":"Mediaplateforme","twitter_card":"summary_large_image","twitter_misc":{"\u00c9crit par":"Mediaplateforme","Dur\u00e9e de lecture estim\u00e9e":"4 minutes"},"schema":{"@context":"https:\/\/schema.org","@graph":[{"@type":"WebPage","@id":"https:\/\/www.mediaplateforme.com\/fr\/2m-lance-ana-bidaoui-la-saga-documentaire-qui-rend-hommage-a-casablanca\/","url":"https:\/\/www.mediaplateforme.com\/fr\/2m-lance-ana-bidaoui-la-saga-documentaire-qui-rend-hommage-a-casablanca\/","name":"2M lance \u00ab Ana Bidaoui \u00bb, LA saga documentaire qui rend hommage \u00e0 Casablanca - MEDIA PLATEFORME | FR","isPartOf":{"@id":"https:\/\/www.mediaplateforme.com\/fr\/#website"},"datePublished":"2023-05-23T09:56:08+00:00","dateModified":"2023-05-23T09:56:08+00:00","author":{"@id":"https:\/\/www.mediaplateforme.com\/fr\/#\/schema\/person\/89833db382b5db2c76b094bc902aa12a"},"description":"La la ville blanche \u00e0 travers s et une facettes, une exceptionnelle intitul\u00e9e \u00ab Ana Bidaoui \u2013 Les M\u00e9moires de Casablanca \u00bb.","breadcrumb":{"@id":"https:\/\/www.mediaplateforme.com\/fr\/2m-lance-ana-bidaoui-la-saga-documentaire-qui-rend-hommage-a-casablanca\/#breadcrumb"},"inLanguage":"fr-FR","potentialAction":[{"@type":"ReadAction","target":["https:\/\/www.mediaplateforme.com\/fr\/2m-lance-ana-bidaoui-la-saga-documentaire-qui-rend-hommage-a-casablanca\/"]}]},{"@type":"BreadcrumbList","@id":"https:\/\/www.mediaplateforme.com\/fr\/2m-lance-ana-bidaoui-la-saga-documentaire-qui-rend-hommage-a-casablanca\/#breadcrumb","itemListElement":[{"@type":"ListItem","position":1,"name":"\u0627\u0644\u0631\u0626\u064a\u0633\u064a\u0629","item":"https:\/\/www.mediaplateforme.com\/fr\/"},{"@type":"ListItem","position":2,"name":"2M lance \u00ab Ana Bidaoui \u00bb, LA saga documentaire qui rend hommage \u00e0 Casablanca"}]},{"@type":"WebSite","@id":"https:\/\/www.mediaplateforme.com\/fr\/#website","url":"https:\/\/www.mediaplateforme.com\/fr\/","name":"MEDIA PLATEFORME | FR","description":"Mediaplateforme sp\u00e9cialis\u00e9 dans la communication institutions publiques et des entreprises","potentialAction":[{"@type":"SearchAction","target":{"@type":"EntryPoint","urlTemplate":"https:\/\/www.mediaplateforme.com\/fr\/?s={search_term_string}"},"query-input":"required name=search_term_string"}],"inLanguage":"fr-FR"},{"@type":"Person","@id":"https:\/\/www.mediaplateforme.com\/fr\/#\/schema\/person\/89833db382b5db2c76b094bc902aa12a","name":"Mediaplateforme","image":{"@type":"ImageObject","inLanguage":"fr-FR","@id":"https:\/\/www.mediaplateforme.com\/fr\/#\/schema\/person\/image\/","url":"https:\/\/secure.gravatar.com\/avatar\/6c9c02e8928cc65d54bf75157f7b3a2d06d7ad0494ca0951f679552ff03b34c1?s=96&d=mm&r=g","contentUrl":"https:\/\/secure.gravatar.com\/avatar\/6c9c02e8928cc65d54bf75157f7b3a2d06d7ad0494ca0951f679552ff03b34c1?s=96&d=mm&r=g","caption":"Mediaplateforme"},"sameAs":["https:\/\/www.mediaplateforme.com"],"url":"https:\/\/www.mediaplateforme.com\/fr\/author\/mohamedladib\/"}]}},"_links":{"self":[{"href":"https:\/\/www.mediaplateforme.com\/fr\/wp-json\/wp\/v2\/posts\/3016","targetHints":{"allow":["GET"]}}],"collection":[{"href":"https:\/\/www.mediaplateforme.com\/fr\/wp-json\/wp\/v2\/posts"}],"about":[{"href":"https:\/\/www.mediaplateforme.com\/fr\/wp-json\/wp\/v2\/types\/post"}],"author":[{"embeddable":true,"href":"https:\/\/www.mediaplateforme.com\/fr\/wp-json\/wp\/v2\/users\/1"}],"replies":[{"embeddable":true,"href":"https:\/\/www.mediaplateforme.com\/fr\/wp-json\/wp\/v2\/comments?post=3016"}],"version-history":[{"count":1,"href":"https:\/\/www.mediaplateforme.com\/fr\/wp-json\/wp\/v2\/posts\/3016\/revisions"}],"predecessor-version":[{"id":3018,"href":"https:\/\/www.mediaplateforme.com\/fr\/wp-json\/wp\/v2\/posts\/3016\/revisions\/3018"}],"wp:featuredmedia":[{"embeddable":true,"href":"https:\/\/www.mediaplateforme.com\/fr\/wp-json\/wp\/v2\/media\/3017"}],"wp:attachment":[{"href":"https:\/\/www.mediaplateforme.com\/fr\/wp-json\/wp\/v2\/media?parent=3016"}],"wp:term":[{"taxonomy":"category","embeddable":true,"href":"https:\/\/www.mediaplateforme.com\/fr\/wp-json\/wp\/v2\/categories?post=3016"},{"taxonomy":"post_tag","embeddable":true,"href":"https:\/\/www.mediaplateforme.com\/fr\/wp-json\/wp\/v2\/tags?post=3016"}],"curies":[{"name":"wp","href":"https:\/\/api.w.org\/{rel}","templated":true}]}}