{"id":3014,"date":"2023-05-23T10:44:02","date_gmt":"2023-05-23T09:44:02","guid":{"rendered":"https:\/\/www.mediaplateforme.com\/fr\/?p=3014"},"modified":"2023-05-23T10:44:02","modified_gmt":"2023-05-23T09:44:02","slug":"la-cgem-presente-les-resultats-de-son-barometre-de-conjoncture-lance-en-avril-dernier-aupres-de-1200-chefs-dentreprise","status":"publish","type":"post","link":"https:\/\/www.mediaplateforme.com\/fr\/la-cgem-presente-les-resultats-de-son-barometre-de-conjoncture-lance-en-avril-dernier-aupres-de-1200-chefs-dentreprise\/","title":{"rendered":"La CGEM pr\u00e9sente les r\u00e9sultats de son barom\u00e8tre de conjoncture lanc\u00e9 en avril dernier aupr\u00e8s de 1200 chefs d\u2019entreprise"},"content":{"rendered":"<div>\n<p lang=\"FR-FR\"><span lang=\"FR-MA\">Les chefs d\u2019entreprise\u00a0marocains\u00a0continu<wbr \/>ent \u00e0 \u00eatre\u00a0pr\u00e9occup\u00e9s par la situation \u00e9conomique mais\u00a0sont\u00a0optimistes\u00a0quant\u00a0\u00e0\u00a0la performance de leurs entreprises \u00e0 l\u2019\u00e9chelle individuelle\u00a0et \u00e0 l\u2019avenir, tel\u00a0est le\u00a0premier constat du barom\u00e8tre de conjoncture\u00a0lanc\u00e9, en avril dernier, par la\u00a0CGEM, pour \u00e9valuer la conjoncture \u00e9conomique et d\u00e9terminer les\u00a0sujets prioritaires\u00a0\u00e0 mettre au centre de l\u2019action de la Conf\u00e9d\u00e9ration.\u00a0<\/span><\/p>\n<\/div>\n<div>\n<p lang=\"FR-FR\"><span lang=\"FR-MA\">Cette enqu\u00eate\u00a0qui\u00a0s\u2019articule autour de 3 axes \u00e0 savoir, la situation \u00e9conomique et performance individuelle, investissement, R&amp;D et outils de soutien\u00a0et environnement des affaires,\u00a0a\u00a0connu la participation d\u2019un panel de 1200 r\u00e9pondants r\u00e9partis sur toutes les r\u00e9gions du Maroc.\u00a0<\/span><\/p>\n<\/div>\n<div>\n<p lang=\"FR-FR\"><span lang=\"FR-MA\">Il ressort\u00a0\u00e9galement\u00a0de ce barom\u00e8tre\u00a0une d\u00e9gradation marqu\u00e9e de la tr\u00e9sorerie des entreprises r\u00e9pondantes et de leur rentabilit\u00e9\u00a0en raison de l\u2019impact de la crise li\u00e9e au Covid-19, avec une l\u00e9g\u00e8re am\u00e9lioration attendue sur les 6 prochains mois. Malgr\u00e9 ces difficult\u00e9s, les \u00e9quilibres d\u2019emplois semblent \u00eatre pr\u00e9serv\u00e9s\u200b.<\/span><\/p>\n<\/div>\n<div>\n<p><span lang=\"FR-MA\">Pour faire face \u00e0 ces difficult\u00e9s, plus d\u2019un tiers des r\u00e9pondants ont fait appel aux cr\u00e9dits\u00a0Damane\u00a0Oxyg\u00e8ne et Relance et 65% continuent \u00e0 rembourser leurs cr\u00e9dits, avec un impact significatif de la hausse du taux directeur ressenti sur les taux d\u2019int\u00e9r\u00eat.\u200b<\/span><\/p>\n<\/div>\n<div>\n<p><span lang=\"FR-MA\">En termes de projection d\u2019investissement,\u00a064% des r\u00e9pondants\u00a0comptent\u00a0investir\u00a0dans les 12 prochains mois, avec seulement 8% de projets \u00e0 plus de 50\u00a0millions de dirhams.\u00a0Malgr\u00e9 ces pr\u00e9visions, il subsiste une m\u00e9connaissance importante des dispositifs d\u2019accompagnement \u00e0 l\u2019investissement, avec seulement 40% des r\u00e9pondants connaissant la charte de l\u2019investissement et moins de 23% le programme TATWIR R&amp;D et Innovation\u200b. \u00a0<\/span><\/p>\n<\/div>\n<div>\n<p><span lang=\"FR-MA\">Pour ce qui est de\u00a0l\u2019environnement des affaires, parmi les principales\u00a0inqui\u00e9tudes\u00a0des r\u00e9pondants\u00a0figurent\u00a0l\u2019<wbr \/>inflation, la concurrence d\u00e9loyale de l\u2019informel, la pression fiscale,\u00a0la difficult\u00e9 d\u2019acc\u00e8s au financement et ou encore le co\u00fbt du foncier.\u00a0<\/span><span lang=\"FR-MA\">La d\u00e9carbonation arrive parmi les\u00a0derniers\u00a0enjeux\u00a0s\u00e9lectionn\u00e9s\u00a0par\u00a0les entreprises, avec seulement 34% des entreprises ayant engag\u00e9 des actions pour adresser ce d\u00e9fi durant\u00a0les 12 derniers mois.\u00a0<\/span><\/p>\n<\/div>\n<div><\/div>\n<div>\n<p lang=\"FR-FR\"><span lang=\"FR-MA\">Les insights de ce barom\u00e8tre viendront ainsi enrichir la feuille de route de la CGEM et appuyer\u00a0ses\u00a0plaidoyers\u00a0lors des discussions avec l&rsquo;Etat\u00a0en faveur de l\u2019instauration d\u2019un climat des affaires favorable \u00e0 l\u2019investissement et d\u2019une relance \u00e9conomique rapide et durable.\u00a0<\/span><\/p>\n<\/div>\n","protected":false},"excerpt":{"rendered":"<p>Les chefs d\u2019entreprise\u00a0marocains\u00a0continuent \u00e0 \u00eatre\u00a0pr\u00e9occup\u00e9s par la situation \u00e9conomique mais\u00a0sont\u00a0optimistes\u00a0quant\u00a0\u00e0\u00a0la performance de leurs entreprises \u00e0<\/p>\n","protected":false},"author":1,"featured_media":933,"comment_status":"open","ping_status":"open","sticky":false,"template":"","format":"standard","meta":{"_acf_changed":false,"footnotes":""},"categories":[2,3],"tags":[340,896],"class_list":["post-3014","post","type-post","status-publish","format-standard","has-post-thumbnail","hentry","category-nouvelles","category-nouvelles-selectionnees","tag-cgem","tag-chefs-dentreprise"],"acf":[],"yoast_head":"<!-- This site is optimized with the Yoast SEO plugin v22.0 - https:\/\/yoast.com\/wordpress\/plugins\/seo\/ -->\n<title>La CGEM pr\u00e9sente les r\u00e9sultats de son barom\u00e8tre de conjoncture lanc\u00e9 en avril dernier aupr\u00e8s de 1200 chefs d\u2019entreprise - MEDIA PLATEFORME | FR<\/title>\n<meta name=\"description\" content=\"Les chefs d\u2019entreprise\u00a0marocains\u00a0continuent \u00e0 \u00eatre\u00a0pr\u00e9occup\u00e9s par la situation \u00e9conomique mais\u00a0sont\u00a0optimistes\u00a0quant\u00a0\u00e0\u00a0la performance\" \/>\n<meta name=\"robots\" content=\"index, follow, max-snippet:-1, max-image-preview:large, max-video-preview:-1\" \/>\n<link rel=\"canonical\" href=\"https:\/\/www.mediaplateforme.com\/fr\/la-cgem-presente-les-resultats-de-son-barometre-de-conjoncture-lance-en-avril-dernier-aupres-de-1200-chefs-dentreprise\/\" \/>\n<meta property=\"og:locale\" content=\"fr_FR\" \/>\n<meta property=\"og:type\" content=\"article\" \/>\n<meta property=\"og:title\" content=\"La CGEM pr\u00e9sente les r\u00e9sultats de son barom\u00e8tre de conjoncture lanc\u00e9 en avril dernier aupr\u00e8s de 1200 chefs d\u2019entreprise - MEDIA PLATEFORME | FR\" \/>\n<meta property=\"og:description\" content=\"Les chefs d\u2019entreprise\u00a0marocains\u00a0continuent \u00e0 \u00eatre\u00a0pr\u00e9occup\u00e9s par la situation \u00e9conomique mais\u00a0sont\u00a0optimistes\u00a0quant\u00a0\u00e0\u00a0la performance\" \/>\n<meta property=\"og:url\" content=\"https:\/\/www.mediaplateforme.com\/fr\/la-cgem-presente-les-resultats-de-son-barometre-de-conjoncture-lance-en-avril-dernier-aupres-de-1200-chefs-dentreprise\/\" \/>\n<meta property=\"og:site_name\" content=\"MEDIA PLATEFORME | FR\" \/>\n<meta property=\"article:published_time\" content=\"2023-05-23T09:44:02+00:00\" \/>\n<meta property=\"og:image\" content=\"https:\/\/www.mediaplateforme.com\/fr\/wp-content\/uploads\/sites\/5\/2022\/09\/CGEM.jpg\" \/>\n\t<meta property=\"og:image:width\" content=\"613\" \/>\n\t<meta property=\"og:image:height\" content=\"355\" \/>\n\t<meta property=\"og:image:type\" content=\"image\/jpeg\" \/>\n<meta name=\"author\" content=\"Mediaplateforme\" \/>\n<meta name=\"twitter:card\" content=\"summary_large_image\" \/>\n<meta name=\"twitter:label1\" content=\"\u00c9crit par\" \/>\n\t<meta name=\"twitter:data1\" content=\"Mediaplateforme\" \/>\n\t<meta name=\"twitter:label2\" content=\"Dur\u00e9e de lecture estim\u00e9e\" \/>\n\t<meta name=\"twitter:data2\" content=\"2 minutes\" \/>\n<script type=\"application\/ld+json\" class=\"yoast-schema-graph\">{\"@context\":\"https:\/\/schema.org\",\"@graph\":[{\"@type\":\"WebPage\",\"@id\":\"https:\/\/www.mediaplateforme.com\/fr\/la-cgem-presente-les-resultats-de-son-barometre-de-conjoncture-lance-en-avril-dernier-aupres-de-1200-chefs-dentreprise\/\",\"url\":\"https:\/\/www.mediaplateforme.com\/fr\/la-cgem-presente-les-resultats-de-son-barometre-de-conjoncture-lance-en-avril-dernier-aupres-de-1200-chefs-dentreprise\/\",\"name\":\"La CGEM pr\u00e9sente les r\u00e9sultats de son barom\u00e8tre de conjoncture lanc\u00e9 en avril dernier aupr\u00e8s de 1200 chefs d\u2019entreprise - MEDIA PLATEFORME | FR\",\"isPartOf\":{\"@id\":\"https:\/\/www.mediaplateforme.com\/fr\/#website\"},\"datePublished\":\"2023-05-23T09:44:02+00:00\",\"dateModified\":\"2023-05-23T09:44:02+00:00\",\"author\":{\"@id\":\"https:\/\/www.mediaplateforme.com\/fr\/#\/schema\/person\/89833db382b5db2c76b094bc902aa12a\"},\"description\":\"Les chefs d\u2019entreprise\u00a0marocains\u00a0continuent \u00e0 \u00eatre\u00a0pr\u00e9occup\u00e9s par la situation \u00e9conomique mais\u00a0sont\u00a0optimistes\u00a0quant\u00a0\u00e0\u00a0la performance\",\"breadcrumb\":{\"@id\":\"https:\/\/www.mediaplateforme.com\/fr\/la-cgem-presente-les-resultats-de-son-barometre-de-conjoncture-lance-en-avril-dernier-aupres-de-1200-chefs-dentreprise\/#breadcrumb\"},\"inLanguage\":\"fr-FR\",\"potentialAction\":[{\"@type\":\"ReadAction\",\"target\":[\"https:\/\/www.mediaplateforme.com\/fr\/la-cgem-presente-les-resultats-de-son-barometre-de-conjoncture-lance-en-avril-dernier-aupres-de-1200-chefs-dentreprise\/\"]}]},{\"@type\":\"BreadcrumbList\",\"@id\":\"https:\/\/www.mediaplateforme.com\/fr\/la-cgem-presente-les-resultats-de-son-barometre-de-conjoncture-lance-en-avril-dernier-aupres-de-1200-chefs-dentreprise\/#breadcrumb\",\"itemListElement\":[{\"@type\":\"ListItem\",\"position\":1,\"name\":\"\u0627\u0644\u0631\u0626\u064a\u0633\u064a\u0629\",\"item\":\"https:\/\/www.mediaplateforme.com\/fr\/\"},{\"@type\":\"ListItem\",\"position\":2,\"name\":\"La CGEM pr\u00e9sente les r\u00e9sultats de son barom\u00e8tre de conjoncture lanc\u00e9 en avril dernier aupr\u00e8s de 1200 chefs d\u2019entreprise\"}]},{\"@type\":\"WebSite\",\"@id\":\"https:\/\/www.mediaplateforme.com\/fr\/#website\",\"url\":\"https:\/\/www.mediaplateforme.com\/fr\/\",\"name\":\"MEDIA PLATEFORME | FR\",\"description\":\"Mediaplateforme sp\u00e9cialis\u00e9 dans la communication institutions publiques et des entreprises\",\"potentialAction\":[{\"@type\":\"SearchAction\",\"target\":{\"@type\":\"EntryPoint\",\"urlTemplate\":\"https:\/\/www.mediaplateforme.com\/fr\/?s={search_term_string}\"},\"query-input\":\"required name=search_term_string\"}],\"inLanguage\":\"fr-FR\"},{\"@type\":\"Person\",\"@id\":\"https:\/\/www.mediaplateforme.com\/fr\/#\/schema\/person\/89833db382b5db2c76b094bc902aa12a\",\"name\":\"Mediaplateforme\",\"image\":{\"@type\":\"ImageObject\",\"inLanguage\":\"fr-FR\",\"@id\":\"https:\/\/www.mediaplateforme.com\/fr\/#\/schema\/person\/image\/\",\"url\":\"https:\/\/secure.gravatar.com\/avatar\/6c9c02e8928cc65d54bf75157f7b3a2d06d7ad0494ca0951f679552ff03b34c1?s=96&d=mm&r=g\",\"contentUrl\":\"https:\/\/secure.gravatar.com\/avatar\/6c9c02e8928cc65d54bf75157f7b3a2d06d7ad0494ca0951f679552ff03b34c1?s=96&d=mm&r=g\",\"caption\":\"Mediaplateforme\"},\"sameAs\":[\"https:\/\/www.mediaplateforme.com\"],\"url\":\"https:\/\/www.mediaplateforme.com\/fr\/author\/mohamedladib\/\"}]}<\/script>\n<!-- \/ Yoast SEO plugin. -->","yoast_head_json":{"title":"La CGEM pr\u00e9sente les r\u00e9sultats de son barom\u00e8tre de conjoncture lanc\u00e9 en avril dernier aupr\u00e8s de 1200 chefs d\u2019entreprise - MEDIA PLATEFORME | FR","description":"Les chefs d\u2019entreprise\u00a0marocains\u00a0continuent \u00e0 \u00eatre\u00a0pr\u00e9occup\u00e9s par la situation \u00e9conomique mais\u00a0sont\u00a0optimistes\u00a0quant\u00a0\u00e0\u00a0la performance","robots":{"index":"index","follow":"follow","max-snippet":"max-snippet:-1","max-image-preview":"max-image-preview:large","max-video-preview":"max-video-preview:-1"},"canonical":"https:\/\/www.mediaplateforme.com\/fr\/la-cgem-presente-les-resultats-de-son-barometre-de-conjoncture-lance-en-avril-dernier-aupres-de-1200-chefs-dentreprise\/","og_locale":"fr_FR","og_type":"article","og_title":"La CGEM pr\u00e9sente les r\u00e9sultats de son barom\u00e8tre de conjoncture lanc\u00e9 en avril dernier aupr\u00e8s de 1200 chefs d\u2019entreprise - MEDIA PLATEFORME | FR","og_description":"Les chefs d\u2019entreprise\u00a0marocains\u00a0continuent \u00e0 \u00eatre\u00a0pr\u00e9occup\u00e9s par la situation \u00e9conomique mais\u00a0sont\u00a0optimistes\u00a0quant\u00a0\u00e0\u00a0la performance","og_url":"https:\/\/www.mediaplateforme.com\/fr\/la-cgem-presente-les-resultats-de-son-barometre-de-conjoncture-lance-en-avril-dernier-aupres-de-1200-chefs-dentreprise\/","og_site_name":"MEDIA PLATEFORME | FR","article_published_time":"2023-05-23T09:44:02+00:00","og_image":[{"width":613,"height":355,"url":"https:\/\/www.mediaplateforme.com\/fr\/wp-content\/uploads\/sites\/5\/2022\/09\/CGEM.jpg","type":"image\/jpeg"}],"author":"Mediaplateforme","twitter_card":"summary_large_image","twitter_misc":{"\u00c9crit par":"Mediaplateforme","Dur\u00e9e de lecture estim\u00e9e":"2 minutes"},"schema":{"@context":"https:\/\/schema.org","@graph":[{"@type":"WebPage","@id":"https:\/\/www.mediaplateforme.com\/fr\/la-cgem-presente-les-resultats-de-son-barometre-de-conjoncture-lance-en-avril-dernier-aupres-de-1200-chefs-dentreprise\/","url":"https:\/\/www.mediaplateforme.com\/fr\/la-cgem-presente-les-resultats-de-son-barometre-de-conjoncture-lance-en-avril-dernier-aupres-de-1200-chefs-dentreprise\/","name":"La CGEM pr\u00e9sente les r\u00e9sultats de son barom\u00e8tre de conjoncture lanc\u00e9 en avril dernier aupr\u00e8s de 1200 chefs d\u2019entreprise - MEDIA PLATEFORME | FR","isPartOf":{"@id":"https:\/\/www.mediaplateforme.com\/fr\/#website"},"datePublished":"2023-05-23T09:44:02+00:00","dateModified":"2023-05-23T09:44:02+00:00","author":{"@id":"https:\/\/www.mediaplateforme.com\/fr\/#\/schema\/person\/89833db382b5db2c76b094bc902aa12a"},"description":"Les chefs d\u2019entreprise\u00a0marocains\u00a0continuent \u00e0 \u00eatre\u00a0pr\u00e9occup\u00e9s par la situation \u00e9conomique mais\u00a0sont\u00a0optimistes\u00a0quant\u00a0\u00e0\u00a0la performance","breadcrumb":{"@id":"https:\/\/www.mediaplateforme.com\/fr\/la-cgem-presente-les-resultats-de-son-barometre-de-conjoncture-lance-en-avril-dernier-aupres-de-1200-chefs-dentreprise\/#breadcrumb"},"inLanguage":"fr-FR","potentialAction":[{"@type":"ReadAction","target":["https:\/\/www.mediaplateforme.com\/fr\/la-cgem-presente-les-resultats-de-son-barometre-de-conjoncture-lance-en-avril-dernier-aupres-de-1200-chefs-dentreprise\/"]}]},{"@type":"BreadcrumbList","@id":"https:\/\/www.mediaplateforme.com\/fr\/la-cgem-presente-les-resultats-de-son-barometre-de-conjoncture-lance-en-avril-dernier-aupres-de-1200-chefs-dentreprise\/#breadcrumb","itemListElement":[{"@type":"ListItem","position":1,"name":"\u0627\u0644\u0631\u0626\u064a\u0633\u064a\u0629","item":"https:\/\/www.mediaplateforme.com\/fr\/"},{"@type":"ListItem","position":2,"name":"La CGEM pr\u00e9sente les r\u00e9sultats de son barom\u00e8tre de conjoncture lanc\u00e9 en avril dernier aupr\u00e8s de 1200 chefs d\u2019entreprise"}]},{"@type":"WebSite","@id":"https:\/\/www.mediaplateforme.com\/fr\/#website","url":"https:\/\/www.mediaplateforme.com\/fr\/","name":"MEDIA PLATEFORME | FR","description":"Mediaplateforme sp\u00e9cialis\u00e9 dans la communication institutions publiques et des entreprises","potentialAction":[{"@type":"SearchAction","target":{"@type":"EntryPoint","urlTemplate":"https:\/\/www.mediaplateforme.com\/fr\/?s={search_term_string}"},"query-input":"required name=search_term_string"}],"inLanguage":"fr-FR"},{"@type":"Person","@id":"https:\/\/www.mediaplateforme.com\/fr\/#\/schema\/person\/89833db382b5db2c76b094bc902aa12a","name":"Mediaplateforme","image":{"@type":"ImageObject","inLanguage":"fr-FR","@id":"https:\/\/www.mediaplateforme.com\/fr\/#\/schema\/person\/image\/","url":"https:\/\/secure.gravatar.com\/avatar\/6c9c02e8928cc65d54bf75157f7b3a2d06d7ad0494ca0951f679552ff03b34c1?s=96&d=mm&r=g","contentUrl":"https:\/\/secure.gravatar.com\/avatar\/6c9c02e8928cc65d54bf75157f7b3a2d06d7ad0494ca0951f679552ff03b34c1?s=96&d=mm&r=g","caption":"Mediaplateforme"},"sameAs":["https:\/\/www.mediaplateforme.com"],"url":"https:\/\/www.mediaplateforme.com\/fr\/author\/mohamedladib\/"}]}},"_links":{"self":[{"href":"https:\/\/www.mediaplateforme.com\/fr\/wp-json\/wp\/v2\/posts\/3014","targetHints":{"allow":["GET"]}}],"collection":[{"href":"https:\/\/www.mediaplateforme.com\/fr\/wp-json\/wp\/v2\/posts"}],"about":[{"href":"https:\/\/www.mediaplateforme.com\/fr\/wp-json\/wp\/v2\/types\/post"}],"author":[{"embeddable":true,"href":"https:\/\/www.mediaplateforme.com\/fr\/wp-json\/wp\/v2\/users\/1"}],"replies":[{"embeddable":true,"href":"https:\/\/www.mediaplateforme.com\/fr\/wp-json\/wp\/v2\/comments?post=3014"}],"version-history":[{"count":1,"href":"https:\/\/www.mediaplateforme.com\/fr\/wp-json\/wp\/v2\/posts\/3014\/revisions"}],"predecessor-version":[{"id":3015,"href":"https:\/\/www.mediaplateforme.com\/fr\/wp-json\/wp\/v2\/posts\/3014\/revisions\/3015"}],"wp:featuredmedia":[{"embeddable":true,"href":"https:\/\/www.mediaplateforme.com\/fr\/wp-json\/wp\/v2\/media\/933"}],"wp:attachment":[{"href":"https:\/\/www.mediaplateforme.com\/fr\/wp-json\/wp\/v2\/media?parent=3014"}],"wp:term":[{"taxonomy":"category","embeddable":true,"href":"https:\/\/www.mediaplateforme.com\/fr\/wp-json\/wp\/v2\/categories?post=3014"},{"taxonomy":"post_tag","embeddable":true,"href":"https:\/\/www.mediaplateforme.com\/fr\/wp-json\/wp\/v2\/tags?post=3014"}],"curies":[{"name":"wp","href":"https:\/\/api.w.org\/{rel}","templated":true}]}}