{"id":2994,"date":"2023-05-19T20:27:08","date_gmt":"2023-05-19T19:27:08","guid":{"rendered":"https:\/\/www.mediaplateforme.com\/fr\/?p=2994"},"modified":"2023-05-21T16:49:56","modified_gmt":"2023-05-21T15:49:56","slug":"la-cimr-enregistre-une-augmentation-de-56-de-ses-provisions-techniques-et-confirme-la-perennite-de-son-regime","status":"publish","type":"post","link":"https:\/\/www.mediaplateforme.com\/fr\/la-cimr-enregistre-une-augmentation-de-56-de-ses-provisions-techniques-et-confirme-la-perennite-de-son-regime\/","title":{"rendered":"La CIMR enregistre une augmentation de 5,6 % de ses provisions techniques et confirme la p\u00e9rennit\u00e9 de son r\u00e9gime"},"content":{"rendered":"<p>Les adh\u00e9rents de la CIMR, r\u00e9unis en Assembl\u00e9e G\u00e9n\u00e9rale Ordinaire, tenue le jeudi 18 mai 2023, sous la pr\u00e9sidence de Monsieur Khalid CHEDDADI, ont approuv\u00e9 les r\u00e9sultats financiers de l&rsquo;exercice 2022 ainsi que les r\u00e9sultats du Bilan Actuariel qui confirment la p\u00e9rennit\u00e9 du r\u00e9gime.<\/p>\n<h4>Les provisions techniques s\u2019appr\u00e9cient de 5,6% \u00e0 77 milliards de dirhams<\/h4>\n<p>L\u2019exercice 2022 a enregistr\u00e9 un solde de provisions techniques (r\u00e9serve de pr\u00e9voyance plus provision math\u00e9matique relative \u00e0 la capitalisation et aux prestations \u00e9chues et non pay\u00e9es) de 77 017 millions de dirhams, contre 72 953 millions de dirhams, marquant ainsi une progression de 5,6% par rapport \u00e0 l\u2019ann\u00e9e 2021.<\/p>\n<p>&nbsp;<\/p>\n<h4>L\u2019exc\u00e8dent d\u2019exploitation ressort \u00e0 4047 millions de dirhams<\/h4>\n<p>La CIMR a enregistr\u00e9 un exc\u00e8dent d\u2019exploitation de la p\u00e9riode, hors provision math\u00e9matique relative \u00e0 la capitalisation de 4 047 millions de dirhams, par rapport \u00e0 l\u2019exercice pr\u00e9c\u00e9dent qui enregistrait un r\u00e9sultat de 5 957 millions de dirhams.<\/p>\n<h1><\/h1>\n<h4>Une progression de 4,98% des actifs cotisants<\/h4>\n<p>L\u2019ann\u00e9e 2022 a enregistr\u00e9 510 nouveaux adh\u00e9rents au profit de 6 499 affili\u00e9s.<\/p>\n<p>Par ailleurs, le nombre des affili\u00e9s \u00e0 la CIMR a diminu\u00e9 de -2,44%, atteignant un effectif global de 716 382, r\u00e9partis entre actifs cotisants, au nombre de 409 354 et ayants droit, au nombre de 307 028.<\/p>\n<p>Ainsi, le nombre d\u2019actifs cotisants a progress\u00e9 de 4,98 % par rapport \u00e0 2021.<\/p>\n<p>En 2022, le total des personnes ayant b\u00e9n\u00e9fici\u00e9 d&rsquo;une prestation de la part de la CIMR a atteint un effectif de 197\u00a0970.<\/p>\n<p>&nbsp;<\/p>\n<h4>Un portefeuille estim\u00e9 \u00e0 81.22 milliards de dirhams<\/h4>\n<p>A fin 2022, les produits du nets du patrimoine ont atteint la valeur de 1 065 millions de dirhams contre 3 421 millions de dirhams en 2021, enregistrant une baisse de 68,8%.<\/p>\n<p>&nbsp;<\/p>\n<p>Le portefeuille CIMR est estim\u00e9, au 31 d\u00e9cembre 2022 \u00e0 81 225 millions de dirhams en valeur de march\u00e9.<\/p>\n<h4>P\u00e9rennit\u00e9 et solidit\u00e9 du r\u00e9gime confirm\u00e9e<\/h4>\n<p>La projection du fonds de pr\u00e9voyance r\u00e9alis\u00e9e dans le cadre du bilan actuariel r\u00e9pond aux deux crit\u00e8res de p\u00e9rennit\u00e9 fix\u00e9s par la charte de pilotage. Le fonds est ainsi constamment positif sur la dur\u00e9e de projection et la courbe de projection est ascendante en fin de p\u00e9riode de projection.<\/p>\n<p>&nbsp;<\/p>\n<p>De m\u00eame, la CIMR respecte les crit\u00e8res de p\u00e9rennit\u00e9 fix\u00e9s par la Loi 64-12 ainsi que par la Circulaire du Pr\u00e9sident de l\u2019ACAPS du 04 Mars 2019 relative au contr\u00f4le des organismes de retraite de droit priv\u00e9.<\/p>\n<p>&nbsp;<\/p>\n<p>Les r\u00e9sultats du bilan actuariel ont \u00e9t\u00e9 certifi\u00e9s par le cabinet d\u2019actuariat ind\u00e9pendant\u00a0Deloitte Conseil.<\/p>\n<h4>Des projets porteurs de valeur ajout\u00e9e \u00e0 l\u2019image d\u2019une caisse moderne et novatrice.<\/h4>\n<p>&nbsp;<\/p>\n<p>Dans la continuit\u00e9 de sa politique de modernisation et de diversification de ses canaux de communication, la CIMR a renforc\u00e9 une fois de plus en 2022, son empreinte en tant que caisse dynamique et moderne.<\/p>\n<p>&nbsp;<\/p>\n<p>La CIMR a ainsi lanc\u00e9 sa nouvelle application mobile MyCIMR, une plateforme destin\u00e9e \u00e0 am\u00e9liorer la communication avec les affili\u00e9s de la caisse, leur permettant de consulter leur compte personnel et de g\u00e9rer \u00e0 distance leurs op\u00e9rations en toute simplicit\u00e9 et s\u00e9curit\u00e9 pour les aider \u00e0 mieux pr\u00e9parer leur retraite.<\/p>\n<p>&nbsp;<\/p>\n<p>MyCIMR permet aux affili\u00e9s de consulter leur livret individuel et connaitre le d\u00e9tail de leurs droits, de r\u00e9aliser des simulations de pension, ou encore de g\u00e9rer leurs cotisations (modalit\u00e9s de pr\u00e9l\u00e8vements, versements exceptionnels\u2026) lorsqu\u2019il s\u2019agit d\u2019un affili\u00e9 adh\u00e9rent \u00e0 titre individuel.<\/p>\n<p>&nbsp;<\/p>\n<p>Sur cette m\u00eame lanc\u00e9e, de digitalisation et de simplification des proc\u00e9dures, et d\u2019am\u00e9lioration de la qualit\u00e9 de ses services, la CIMR a dot\u00e9 son portail\u00a0 <a href=\"http:\/\/www.cimr.ma\">www.cimr.ma<\/a> d\u2019une nouvelle fonctionnalit\u00e9 destin\u00e9e \u00e0 garantir un meilleur accueil au niveau des agences r\u00e9gionales de la caisse.<\/p>\n<p>&nbsp;<\/p>\n<p>Accessible depuis la page d\u2019accueil du portail, une plateforme \u00e9lectronique permet aujourd\u2019hui aux retrait\u00e9s et futurs retrait\u00e9s de la CIMR de prendre en ligne un rendez-vous\u00a0avec un conseiller retraite. Ce nouveau service offert dans l\u2019ensemble du r\u00e9seau des agences de la CIMR permet de proposer une prise de rendez-vous adapt\u00e9e \u00e0 leur besoin (d\u00e9p\u00f4t de dossier de retraite, demande d\u2019informations, assistance\u2026\u2026etc\u2026), et en fonction de leur lieu d\u2019habitation en choisissant l\u2019agence la plus proche de chez eux.<\/p>\n<h4>A propos de la CIMR<\/h4>\n<p>Cr\u00e9\u00e9e en 1949, la CIMR est une soci\u00e9t\u00e9 mutuelle de retraite qui a pour mission de promouvoir un r\u00e9gime de retraite p\u00e9renne, \u00e9quilibr\u00e9 et solidaire, garantissant aux b\u00e9n\u00e9ficiaires une pension \u00e9quitable dans le cadre d\u2019une gestion efficace et de qualit\u00e9.<\/p>\n<p>&nbsp;<\/p>\n<p>La CIMR est g\u00e9r\u00e9e par un Conseil d\u2019Administration \u00e9lu par l\u2019Assembl\u00e9e G\u00e9n\u00e9rale des adh\u00e9rents.<\/p>\n<p>&nbsp;<\/p>\n<p>En 2022, la CIMR comptait 7793 entreprises adh\u00e9rentes, 409 354 affili\u00e9s actifs cotisants, 307 028 ayants droit et 197 454 retrait\u00e9s. Les contributions se sont, pour leur part, \u00e9lev\u00e9es \u00e0 9,8 milliards de dirhams, tandis que les pensions servies se sont \u00e9tablies \u00e0 6,4 MMDH.<\/p>\n<p>&nbsp;<\/p>\n","protected":false},"excerpt":{"rendered":"<p>Les adh\u00e9rents de la CIMR, r\u00e9unis en Assembl\u00e9e G\u00e9n\u00e9rale Ordinaire, tenue le jeudi 18 mai<\/p>\n","protected":false},"author":1,"featured_media":2995,"comment_status":"open","ping_status":"open","sticky":false,"template":"","format":"standard","meta":{"_acf_changed":false,"footnotes":""},"categories":[4,3],"tags":[887,886],"class_list":["post-2994","post","type-post","status-publish","format-standard","has-post-thumbnail","hentry","category-economie","category-nouvelles-selectionnees","tag-cimr","tag-khalid-cheddadi"],"acf":[],"yoast_head":"<!-- This site is optimized with the Yoast SEO plugin v22.0 - https:\/\/yoast.com\/wordpress\/plugins\/seo\/ -->\n<title>La CIMR enregistre une augmentation de 5,6 % de ses provisions techniques et confirme la p\u00e9rennit\u00e9 de son r\u00e9gime - MEDIA PLATEFORME | FR<\/title>\n<meta name=\"description\" content=\"Les adh\u00e9rents de la CIMR, r\u00e9unis en Assembl\u00e9e G\u00e9n\u00e9rale Ordinaire, tenue le jeudi 18 mai 2023, sous la pr\u00e9sidence de Khalid CHEDDADI,\" \/>\n<meta name=\"robots\" content=\"index, follow, max-snippet:-1, max-image-preview:large, max-video-preview:-1\" \/>\n<link rel=\"canonical\" href=\"https:\/\/www.mediaplateforme.com\/fr\/la-cimr-enregistre-une-augmentation-de-56-de-ses-provisions-techniques-et-confirme-la-perennite-de-son-regime\/\" \/>\n<meta property=\"og:locale\" content=\"fr_FR\" \/>\n<meta property=\"og:type\" content=\"article\" \/>\n<meta property=\"og:title\" content=\"La CIMR enregistre une augmentation de 5,6 % de ses provisions techniques et confirme la p\u00e9rennit\u00e9 de son r\u00e9gime - MEDIA PLATEFORME | FR\" \/>\n<meta property=\"og:description\" content=\"Les adh\u00e9rents de la CIMR, r\u00e9unis en Assembl\u00e9e G\u00e9n\u00e9rale Ordinaire, tenue le jeudi 18 mai 2023, sous la pr\u00e9sidence de Khalid CHEDDADI,\" \/>\n<meta property=\"og:url\" content=\"https:\/\/www.mediaplateforme.com\/fr\/la-cimr-enregistre-une-augmentation-de-56-de-ses-provisions-techniques-et-confirme-la-perennite-de-son-regime\/\" \/>\n<meta property=\"og:site_name\" content=\"MEDIA PLATEFORME | FR\" \/>\n<meta property=\"article:published_time\" content=\"2023-05-19T19:27:08+00:00\" \/>\n<meta property=\"article:modified_time\" content=\"2023-05-21T15:49:56+00:00\" \/>\n<meta property=\"og:image\" content=\"https:\/\/www.mediaplateforme.com\/fr\/wp-content\/uploads\/sites\/5\/2023\/05\/Khalid-CHEDDADI-PDG-CIMR-scaled.jpg\" \/>\n\t<meta property=\"og:image:width\" content=\"2560\" \/>\n\t<meta property=\"og:image:height\" content=\"2036\" \/>\n\t<meta property=\"og:image:type\" content=\"image\/jpeg\" \/>\n<meta name=\"author\" content=\"Mediaplateforme\" \/>\n<meta name=\"twitter:card\" content=\"summary_large_image\" \/>\n<meta name=\"twitter:label1\" content=\"\u00c9crit par\" \/>\n\t<meta name=\"twitter:data1\" content=\"Mediaplateforme\" \/>\n\t<meta name=\"twitter:label2\" content=\"Dur\u00e9e de lecture estim\u00e9e\" \/>\n\t<meta name=\"twitter:data2\" content=\"4 minutes\" \/>\n<script type=\"application\/ld+json\" class=\"yoast-schema-graph\">{\"@context\":\"https:\/\/schema.org\",\"@graph\":[{\"@type\":\"WebPage\",\"@id\":\"https:\/\/www.mediaplateforme.com\/fr\/la-cimr-enregistre-une-augmentation-de-56-de-ses-provisions-techniques-et-confirme-la-perennite-de-son-regime\/\",\"url\":\"https:\/\/www.mediaplateforme.com\/fr\/la-cimr-enregistre-une-augmentation-de-56-de-ses-provisions-techniques-et-confirme-la-perennite-de-son-regime\/\",\"name\":\"La CIMR enregistre une augmentation de 5,6 % de ses provisions techniques et confirme la p\u00e9rennit\u00e9 de son r\u00e9gime - MEDIA PLATEFORME | FR\",\"isPartOf\":{\"@id\":\"https:\/\/www.mediaplateforme.com\/fr\/#website\"},\"datePublished\":\"2023-05-19T19:27:08+00:00\",\"dateModified\":\"2023-05-21T15:49:56+00:00\",\"author\":{\"@id\":\"https:\/\/www.mediaplateforme.com\/fr\/#\/schema\/person\/89833db382b5db2c76b094bc902aa12a\"},\"description\":\"Les adh\u00e9rents de la CIMR, r\u00e9unis en Assembl\u00e9e G\u00e9n\u00e9rale Ordinaire, tenue le jeudi 18 mai 2023, sous la pr\u00e9sidence de Khalid CHEDDADI,\",\"breadcrumb\":{\"@id\":\"https:\/\/www.mediaplateforme.com\/fr\/la-cimr-enregistre-une-augmentation-de-56-de-ses-provisions-techniques-et-confirme-la-perennite-de-son-regime\/#breadcrumb\"},\"inLanguage\":\"fr-FR\",\"potentialAction\":[{\"@type\":\"ReadAction\",\"target\":[\"https:\/\/www.mediaplateforme.com\/fr\/la-cimr-enregistre-une-augmentation-de-56-de-ses-provisions-techniques-et-confirme-la-perennite-de-son-regime\/\"]}]},{\"@type\":\"BreadcrumbList\",\"@id\":\"https:\/\/www.mediaplateforme.com\/fr\/la-cimr-enregistre-une-augmentation-de-56-de-ses-provisions-techniques-et-confirme-la-perennite-de-son-regime\/#breadcrumb\",\"itemListElement\":[{\"@type\":\"ListItem\",\"position\":1,\"name\":\"\u0627\u0644\u0631\u0626\u064a\u0633\u064a\u0629\",\"item\":\"https:\/\/www.mediaplateforme.com\/fr\/\"},{\"@type\":\"ListItem\",\"position\":2,\"name\":\"La CIMR enregistre une augmentation de 5,6 % de ses provisions techniques et confirme la p\u00e9rennit\u00e9 de son r\u00e9gime\"}]},{\"@type\":\"WebSite\",\"@id\":\"https:\/\/www.mediaplateforme.com\/fr\/#website\",\"url\":\"https:\/\/www.mediaplateforme.com\/fr\/\",\"name\":\"MEDIA PLATEFORME | FR\",\"description\":\"Mediaplateforme sp\u00e9cialis\u00e9 dans la communication institutions publiques et des entreprises\",\"potentialAction\":[{\"@type\":\"SearchAction\",\"target\":{\"@type\":\"EntryPoint\",\"urlTemplate\":\"https:\/\/www.mediaplateforme.com\/fr\/?s={search_term_string}\"},\"query-input\":\"required name=search_term_string\"}],\"inLanguage\":\"fr-FR\"},{\"@type\":\"Person\",\"@id\":\"https:\/\/www.mediaplateforme.com\/fr\/#\/schema\/person\/89833db382b5db2c76b094bc902aa12a\",\"name\":\"Mediaplateforme\",\"image\":{\"@type\":\"ImageObject\",\"inLanguage\":\"fr-FR\",\"@id\":\"https:\/\/www.mediaplateforme.com\/fr\/#\/schema\/person\/image\/\",\"url\":\"https:\/\/secure.gravatar.com\/avatar\/6c9c02e8928cc65d54bf75157f7b3a2d06d7ad0494ca0951f679552ff03b34c1?s=96&d=mm&r=g\",\"contentUrl\":\"https:\/\/secure.gravatar.com\/avatar\/6c9c02e8928cc65d54bf75157f7b3a2d06d7ad0494ca0951f679552ff03b34c1?s=96&d=mm&r=g\",\"caption\":\"Mediaplateforme\"},\"sameAs\":[\"https:\/\/www.mediaplateforme.com\"],\"url\":\"https:\/\/www.mediaplateforme.com\/fr\/author\/mohamedladib\/\"}]}<\/script>\n<!-- \/ Yoast SEO plugin. -->","yoast_head_json":{"title":"La CIMR enregistre une augmentation de 5,6 % de ses provisions techniques et confirme la p\u00e9rennit\u00e9 de son r\u00e9gime - MEDIA PLATEFORME | FR","description":"Les adh\u00e9rents de la CIMR, r\u00e9unis en Assembl\u00e9e G\u00e9n\u00e9rale Ordinaire, tenue le jeudi 18 mai 2023, sous la pr\u00e9sidence de Khalid CHEDDADI,","robots":{"index":"index","follow":"follow","max-snippet":"max-snippet:-1","max-image-preview":"max-image-preview:large","max-video-preview":"max-video-preview:-1"},"canonical":"https:\/\/www.mediaplateforme.com\/fr\/la-cimr-enregistre-une-augmentation-de-56-de-ses-provisions-techniques-et-confirme-la-perennite-de-son-regime\/","og_locale":"fr_FR","og_type":"article","og_title":"La CIMR enregistre une augmentation de 5,6 % de ses provisions techniques et confirme la p\u00e9rennit\u00e9 de son r\u00e9gime - MEDIA PLATEFORME | FR","og_description":"Les adh\u00e9rents de la CIMR, r\u00e9unis en Assembl\u00e9e G\u00e9n\u00e9rale Ordinaire, tenue le jeudi 18 mai 2023, sous la pr\u00e9sidence de Khalid CHEDDADI,","og_url":"https:\/\/www.mediaplateforme.com\/fr\/la-cimr-enregistre-une-augmentation-de-56-de-ses-provisions-techniques-et-confirme-la-perennite-de-son-regime\/","og_site_name":"MEDIA PLATEFORME | FR","article_published_time":"2023-05-19T19:27:08+00:00","article_modified_time":"2023-05-21T15:49:56+00:00","og_image":[{"width":2560,"height":2036,"url":"https:\/\/www.mediaplateforme.com\/fr\/wp-content\/uploads\/sites\/5\/2023\/05\/Khalid-CHEDDADI-PDG-CIMR-scaled.jpg","type":"image\/jpeg"}],"author":"Mediaplateforme","twitter_card":"summary_large_image","twitter_misc":{"\u00c9crit par":"Mediaplateforme","Dur\u00e9e de lecture estim\u00e9e":"4 minutes"},"schema":{"@context":"https:\/\/schema.org","@graph":[{"@type":"WebPage","@id":"https:\/\/www.mediaplateforme.com\/fr\/la-cimr-enregistre-une-augmentation-de-56-de-ses-provisions-techniques-et-confirme-la-perennite-de-son-regime\/","url":"https:\/\/www.mediaplateforme.com\/fr\/la-cimr-enregistre-une-augmentation-de-56-de-ses-provisions-techniques-et-confirme-la-perennite-de-son-regime\/","name":"La CIMR enregistre une augmentation de 5,6 % de ses provisions techniques et confirme la p\u00e9rennit\u00e9 de son r\u00e9gime - MEDIA PLATEFORME | FR","isPartOf":{"@id":"https:\/\/www.mediaplateforme.com\/fr\/#website"},"datePublished":"2023-05-19T19:27:08+00:00","dateModified":"2023-05-21T15:49:56+00:00","author":{"@id":"https:\/\/www.mediaplateforme.com\/fr\/#\/schema\/person\/89833db382b5db2c76b094bc902aa12a"},"description":"Les adh\u00e9rents de la CIMR, r\u00e9unis en Assembl\u00e9e G\u00e9n\u00e9rale Ordinaire, tenue le jeudi 18 mai 2023, sous la pr\u00e9sidence de Khalid CHEDDADI,","breadcrumb":{"@id":"https:\/\/www.mediaplateforme.com\/fr\/la-cimr-enregistre-une-augmentation-de-56-de-ses-provisions-techniques-et-confirme-la-perennite-de-son-regime\/#breadcrumb"},"inLanguage":"fr-FR","potentialAction":[{"@type":"ReadAction","target":["https:\/\/www.mediaplateforme.com\/fr\/la-cimr-enregistre-une-augmentation-de-56-de-ses-provisions-techniques-et-confirme-la-perennite-de-son-regime\/"]}]},{"@type":"BreadcrumbList","@id":"https:\/\/www.mediaplateforme.com\/fr\/la-cimr-enregistre-une-augmentation-de-56-de-ses-provisions-techniques-et-confirme-la-perennite-de-son-regime\/#breadcrumb","itemListElement":[{"@type":"ListItem","position":1,"name":"\u0627\u0644\u0631\u0626\u064a\u0633\u064a\u0629","item":"https:\/\/www.mediaplateforme.com\/fr\/"},{"@type":"ListItem","position":2,"name":"La CIMR enregistre une augmentation de 5,6 % de ses provisions techniques et confirme la p\u00e9rennit\u00e9 de son r\u00e9gime"}]},{"@type":"WebSite","@id":"https:\/\/www.mediaplateforme.com\/fr\/#website","url":"https:\/\/www.mediaplateforme.com\/fr\/","name":"MEDIA PLATEFORME | FR","description":"Mediaplateforme sp\u00e9cialis\u00e9 dans la communication institutions publiques et des entreprises","potentialAction":[{"@type":"SearchAction","target":{"@type":"EntryPoint","urlTemplate":"https:\/\/www.mediaplateforme.com\/fr\/?s={search_term_string}"},"query-input":"required name=search_term_string"}],"inLanguage":"fr-FR"},{"@type":"Person","@id":"https:\/\/www.mediaplateforme.com\/fr\/#\/schema\/person\/89833db382b5db2c76b094bc902aa12a","name":"Mediaplateforme","image":{"@type":"ImageObject","inLanguage":"fr-FR","@id":"https:\/\/www.mediaplateforme.com\/fr\/#\/schema\/person\/image\/","url":"https:\/\/secure.gravatar.com\/avatar\/6c9c02e8928cc65d54bf75157f7b3a2d06d7ad0494ca0951f679552ff03b34c1?s=96&d=mm&r=g","contentUrl":"https:\/\/secure.gravatar.com\/avatar\/6c9c02e8928cc65d54bf75157f7b3a2d06d7ad0494ca0951f679552ff03b34c1?s=96&d=mm&r=g","caption":"Mediaplateforme"},"sameAs":["https:\/\/www.mediaplateforme.com"],"url":"https:\/\/www.mediaplateforme.com\/fr\/author\/mohamedladib\/"}]}},"_links":{"self":[{"href":"https:\/\/www.mediaplateforme.com\/fr\/wp-json\/wp\/v2\/posts\/2994","targetHints":{"allow":["GET"]}}],"collection":[{"href":"https:\/\/www.mediaplateforme.com\/fr\/wp-json\/wp\/v2\/posts"}],"about":[{"href":"https:\/\/www.mediaplateforme.com\/fr\/wp-json\/wp\/v2\/types\/post"}],"author":[{"embeddable":true,"href":"https:\/\/www.mediaplateforme.com\/fr\/wp-json\/wp\/v2\/users\/1"}],"replies":[{"embeddable":true,"href":"https:\/\/www.mediaplateforme.com\/fr\/wp-json\/wp\/v2\/comments?post=2994"}],"version-history":[{"count":1,"href":"https:\/\/www.mediaplateforme.com\/fr\/wp-json\/wp\/v2\/posts\/2994\/revisions"}],"predecessor-version":[{"id":2996,"href":"https:\/\/www.mediaplateforme.com\/fr\/wp-json\/wp\/v2\/posts\/2994\/revisions\/2996"}],"wp:featuredmedia":[{"embeddable":true,"href":"https:\/\/www.mediaplateforme.com\/fr\/wp-json\/wp\/v2\/media\/2995"}],"wp:attachment":[{"href":"https:\/\/www.mediaplateforme.com\/fr\/wp-json\/wp\/v2\/media?parent=2994"}],"wp:term":[{"taxonomy":"category","embeddable":true,"href":"https:\/\/www.mediaplateforme.com\/fr\/wp-json\/wp\/v2\/categories?post=2994"},{"taxonomy":"post_tag","embeddable":true,"href":"https:\/\/www.mediaplateforme.com\/fr\/wp-json\/wp\/v2\/tags?post=2994"}],"curies":[{"name":"wp","href":"https:\/\/api.w.org\/{rel}","templated":true}]}}