{"id":2946,"date":"2023-05-16T14:36:21","date_gmt":"2023-05-16T13:36:21","guid":{"rendered":"https:\/\/www.mediaplateforme.com\/fr\/?p=2946"},"modified":"2023-05-16T15:01:04","modified_gmt":"2023-05-16T14:01:04","slug":"inwi-la-marque-la-plus-primee-de-lannee-2023","status":"publish","type":"post","link":"https:\/\/www.mediaplateforme.com\/fr\/inwi-la-marque-la-plus-primee-de-lannee-2023\/","title":{"rendered":"inwi, la marque la plus prim\u00e9e de l\u2019ann\u00e9e 2023"},"content":{"rendered":"<p style=\"font-weight: 400;\"><strong>L\u2019op\u00e9rateur global inwi a \u00e9t\u00e9 la marque la plus prim\u00e9e de la 6<sup>\u00e8me<\/sup>\u00a0\u00e9dition de l\u2019\u00e9v\u00e9nement \u00ab<a href=\"https:\/\/www.mediaplateforme.com\/fr\/double-consecration-de-inwi-lors-de-levenement-les-imperiales-2022\/\">\u00a0Les Imp\u00e9riales\u00a0<\/a>\u00bb d\u00e9di\u00e9 aux professionnels du secteur du Marketing, de la Communication et des M\u00e9dias. Lors de cet \u00e9v\u00e9nement de premier plan, inwi a remport\u00e9 pas moins de 9 prix diff\u00e9rents.<\/strong><\/p>\n<p style=\"font-weight: 400;\">Pour la deuxi\u00e8me ann\u00e9e cons\u00e9cutive, l\u2019op\u00e9rateur global inwi a \u00e9t\u00e9 consacr\u00e9 \u00ab\u00a0La Marque marocaine la plus aim\u00e9e dans le royaume en 2023 \u00bb. Aussi, inwi a \u00e9t\u00e9 couronn\u00e9e de succ\u00e8s en remportant le prestigieux prix de \u00ab l&rsquo;annonceur de l&rsquo;ann\u00e9e 2023 \u00bb. Cette reconnaissance t\u00e9moigne des efforts d\u2019innovation de inwi afin de rendre les usages accessibles \u00e0 tous les marocains aux meilleures technologies tout en soulignant l\u2019engagement social de l\u2019op\u00e9rateur global \u00e0 travers les diff\u00e9rentes actions men\u00e9es dans le cadre de l\u2019initiative Dir iddik.<\/p>\n<p style=\"font-weight: 400;\"><em>\u00abCette nouvelle cons\u00e9cration mat\u00e9rialise les efforts d\u2019innovation de l\u2019op\u00e9rateur pour \u00eatre au plus pr\u00e8s des marocains en leur offrant, au quotidien, le meilleur de la technologie et t\u00e9moigne \u00e9galement de l\u2019impact positif de son engagement social. Ce succ\u00e8s a \u00e9t\u00e9 confort\u00e9 \u00e9galement par le prix de l\u2019annonceur de l\u2019ann\u00e9e ainsi que les autres distinctions d\u00e9cern\u00e9es, lors de cet \u00e9v\u00e9nement d\u2019envergure, et qui illustrent les initiatives impactantes et les actions cr\u00e9atives de inwi, r\u00e9affirmant ainsi son positionnement de marque innovante et citoyenne.\u00a0\u00bb\u00a0<\/em>D\u00e9clare Nadia Rahim, Directrice Marques et Communication chez inwi.<\/p>\n<div style=\"width: 1920px;\" class=\"wp-video\"><!--[if lt IE 9]><script>document.createElement('video');<\/script><![endif]-->\n<video class=\"wp-video-shortcode\" id=\"video-2946-1\" width=\"1920\" height=\"1080\" preload=\"metadata\" controls=\"controls\"><source type=\"video\/mp4\" src=\"https:\/\/www.mediaplateforme.com\/fr\/wp-content\/uploads\/sites\/5\/2023\/05\/inwi.mp4?_=1\" \/><a href=\"https:\/\/www.mediaplateforme.com\/fr\/wp-content\/uploads\/sites\/5\/2023\/05\/inwi.mp4\">https:\/\/www.mediaplateforme.com\/fr\/wp-content\/uploads\/sites\/5\/2023\/05\/inwi.mp4<\/a><\/video><\/div>\n<p style=\"font-weight: 400;\">L\u2019op\u00e9rateur global a \u00e9galement \u00e9t\u00e9 r\u00e9compens\u00e9 pour son soutien au football national\u00a0: il a ainsi remport\u00e9 le prix de la \u00ab Meilleure action ou strat\u00e9gie de sponsoring\u00a0\u00bb. Cette distinction de premier plan mat\u00e9rialise les efforts de inwi \u00e0 accompagner les \u00e9quipes nationales du ballon rond. Partenaire officiel du football marocain, l\u2019op\u00e9rateur prend en effet activement part au d\u00e9veloppement de la discipline et s\u2019engage \u00e0 hisser tr\u00e8s haut les couleurs du Maroc lors des plus grandes comp\u00e9titions nationales et internationales.<\/p>\n<p style=\"font-weight: 400;\">En outre, la collaboration parfaitement r\u00e9ussie entre inwi et Ismail Sefrioui durant la Coupe du Monde 2022 a \u00e9t\u00e9, quant \u00e0 elle, couronn\u00e9e par le \u00ab\u00a0Prix de la meilleure Collaboration Marque-Influenceur \u00bb.<\/p>\n<p style=\"font-weight: 400;\">La campagne de don de sang d&rsquo;inwi a \u00e9t\u00e9 doublement prim\u00e9e en recevant le \u00ab\u00a0Prix de la meilleure action contextuelle\u00a0\u00bb, ainsi que le \u00ab\u00a0Prix de la campagne grande cause\u00a0\u00bb.<\/p>\n<p style=\"font-weight: 400;\">Pour sa part, la marque-produit \u00ab\u00a0Win by inwi\u00a0\u00bb a rafl\u00e9 deux distinctions lors de cette grand-messe \u00e0 savoir le \u00ab\u00a0Prix de la meilleure exp\u00e9rience utilisateur\u00a0\u00bb et le \u00ab\u00a0Prix de la meilleure plateforme e-commerce\u00a0\u00bb.<\/p>\n<p style=\"font-weight: 400;\">Enfin, la refonte technologique et conceptuelle du site web de inwi a valu \u00e0 l&rsquo;entreprise le \u00ab\u00a0Prix du meilleur webdesign\u00a0\u00bb.<\/p>\n<p style=\"font-weight: 400;\">A noter qu\u2019au fil des ann\u00e9es, l\u2019\u00e9v\u00e9nement \u00ab\u00a0Les Imp\u00e9riales\u00a0\u00bb ne cesse de s\u2019imposer en tant que carrefour d\u2019envergure pour les diff\u00e9rents acteurs du secteur du Marketing, de la Communication et des M\u00e9dias. L\u2019\u00e9dition 2023, plac\u00e9e sous le th\u00e8me \u00ab Breaking Boundaries, a matter of mindset \u00bb, a connu la participation plus de 2900 professionnels marocains et internationaux.<\/p>\n","protected":false},"excerpt":{"rendered":"<p>L\u2019op\u00e9rateur global inwi a \u00e9t\u00e9 la marque la plus prim\u00e9e de la 6\u00e8me\u00a0\u00e9dition de l\u2019\u00e9v\u00e9nement<\/p>\n","protected":false},"author":1,"featured_media":2947,"comment_status":"open","ping_status":"open","sticky":false,"template":"","format":"standard","meta":{"_acf_changed":false,"footnotes":""},"categories":[5,3],"tags":[154,384],"class_list":["post-2946","post","type-post","status-publish","format-standard","has-post-thumbnail","hentry","category-tech","category-nouvelles-selectionnees","tag-inwi","tag-les-imperiales"],"acf":[],"yoast_head":"<!-- This site is optimized with the Yoast SEO plugin v22.0 - https:\/\/yoast.com\/wordpress\/plugins\/seo\/ -->\n<title>inwi, la marque la plus prim\u00e9e de l\u2019ann\u00e9e 2023 - MEDIA PLATEFORME | FR<\/title>\n<meta name=\"description\" content=\"L\u2019op\u00e9rateur global inwi a \u00e9t\u00e9 la marque la plus prim\u00e9e de la 6\u00e8me\u00a0\u00e9dition de l\u2019\u00e9v\u00e9nement \u00ab\u00a0Les Imp\u00e9riales\u00a0\u00bb d\u00e9di\u00e9 aux professionnels du\" \/>\n<meta name=\"robots\" content=\"index, follow, max-snippet:-1, max-image-preview:large, max-video-preview:-1\" \/>\n<link rel=\"canonical\" href=\"https:\/\/www.mediaplateforme.com\/fr\/inwi-la-marque-la-plus-primee-de-lannee-2023\/\" \/>\n<meta property=\"og:locale\" content=\"fr_FR\" \/>\n<meta property=\"og:type\" content=\"article\" \/>\n<meta property=\"og:title\" content=\"inwi, la marque la plus prim\u00e9e de l\u2019ann\u00e9e 2023 - MEDIA PLATEFORME | FR\" \/>\n<meta property=\"og:description\" content=\"L\u2019op\u00e9rateur global inwi a \u00e9t\u00e9 la marque la plus prim\u00e9e de la 6\u00e8me\u00a0\u00e9dition de l\u2019\u00e9v\u00e9nement \u00ab\u00a0Les Imp\u00e9riales\u00a0\u00bb d\u00e9di\u00e9 aux professionnels du\" \/>\n<meta property=\"og:url\" content=\"https:\/\/www.mediaplateforme.com\/fr\/inwi-la-marque-la-plus-primee-de-lannee-2023\/\" \/>\n<meta property=\"og:site_name\" content=\"MEDIA PLATEFORME | FR\" \/>\n<meta property=\"article:published_time\" content=\"2023-05-16T13:36:21+00:00\" \/>\n<meta property=\"article:modified_time\" content=\"2023-05-16T14:01:04+00:00\" \/>\n<meta property=\"og:image\" content=\"https:\/\/www.mediaplateforme.com\/fr\/wp-content\/uploads\/sites\/5\/2023\/05\/inwi-LES-IMPERIALES.png\" \/>\n\t<meta property=\"og:image:width\" content=\"1024\" \/>\n\t<meta property=\"og:image:height\" content=\"682\" \/>\n\t<meta property=\"og:image:type\" content=\"image\/png\" \/>\n<meta name=\"author\" content=\"Mediaplateforme\" \/>\n<meta name=\"twitter:card\" content=\"summary_large_image\" \/>\n<meta name=\"twitter:label1\" content=\"\u00c9crit par\" \/>\n\t<meta name=\"twitter:data1\" content=\"Mediaplateforme\" \/>\n\t<meta name=\"twitter:label2\" content=\"Dur\u00e9e de lecture estim\u00e9e\" \/>\n\t<meta name=\"twitter:data2\" content=\"3 minutes\" \/>\n<script type=\"application\/ld+json\" class=\"yoast-schema-graph\">{\"@context\":\"https:\/\/schema.org\",\"@graph\":[{\"@type\":\"WebPage\",\"@id\":\"https:\/\/www.mediaplateforme.com\/fr\/inwi-la-marque-la-plus-primee-de-lannee-2023\/\",\"url\":\"https:\/\/www.mediaplateforme.com\/fr\/inwi-la-marque-la-plus-primee-de-lannee-2023\/\",\"name\":\"inwi, la marque la plus prim\u00e9e de l\u2019ann\u00e9e 2023 - MEDIA PLATEFORME | FR\",\"isPartOf\":{\"@id\":\"https:\/\/www.mediaplateforme.com\/fr\/#website\"},\"datePublished\":\"2023-05-16T13:36:21+00:00\",\"dateModified\":\"2023-05-16T14:01:04+00:00\",\"author\":{\"@id\":\"https:\/\/www.mediaplateforme.com\/fr\/#\/schema\/person\/89833db382b5db2c76b094bc902aa12a\"},\"description\":\"L\u2019op\u00e9rateur global inwi a \u00e9t\u00e9 la marque la plus prim\u00e9e de la 6\u00e8me\u00a0\u00e9dition de l\u2019\u00e9v\u00e9nement \u00ab\u00a0Les Imp\u00e9riales\u00a0\u00bb d\u00e9di\u00e9 aux professionnels du\",\"breadcrumb\":{\"@id\":\"https:\/\/www.mediaplateforme.com\/fr\/inwi-la-marque-la-plus-primee-de-lannee-2023\/#breadcrumb\"},\"inLanguage\":\"fr-FR\",\"potentialAction\":[{\"@type\":\"ReadAction\",\"target\":[\"https:\/\/www.mediaplateforme.com\/fr\/inwi-la-marque-la-plus-primee-de-lannee-2023\/\"]}]},{\"@type\":\"BreadcrumbList\",\"@id\":\"https:\/\/www.mediaplateforme.com\/fr\/inwi-la-marque-la-plus-primee-de-lannee-2023\/#breadcrumb\",\"itemListElement\":[{\"@type\":\"ListItem\",\"position\":1,\"name\":\"\u0627\u0644\u0631\u0626\u064a\u0633\u064a\u0629\",\"item\":\"https:\/\/www.mediaplateforme.com\/fr\/\"},{\"@type\":\"ListItem\",\"position\":2,\"name\":\"inwi, la marque la plus prim\u00e9e de l\u2019ann\u00e9e 2023\"}]},{\"@type\":\"WebSite\",\"@id\":\"https:\/\/www.mediaplateforme.com\/fr\/#website\",\"url\":\"https:\/\/www.mediaplateforme.com\/fr\/\",\"name\":\"MEDIA PLATEFORME | FR\",\"description\":\"Mediaplateforme sp\u00e9cialis\u00e9 dans la communication institutions publiques et des entreprises\",\"potentialAction\":[{\"@type\":\"SearchAction\",\"target\":{\"@type\":\"EntryPoint\",\"urlTemplate\":\"https:\/\/www.mediaplateforme.com\/fr\/?s={search_term_string}\"},\"query-input\":\"required name=search_term_string\"}],\"inLanguage\":\"fr-FR\"},{\"@type\":\"Person\",\"@id\":\"https:\/\/www.mediaplateforme.com\/fr\/#\/schema\/person\/89833db382b5db2c76b094bc902aa12a\",\"name\":\"Mediaplateforme\",\"image\":{\"@type\":\"ImageObject\",\"inLanguage\":\"fr-FR\",\"@id\":\"https:\/\/www.mediaplateforme.com\/fr\/#\/schema\/person\/image\/\",\"url\":\"https:\/\/secure.gravatar.com\/avatar\/6c9c02e8928cc65d54bf75157f7b3a2d06d7ad0494ca0951f679552ff03b34c1?s=96&d=mm&r=g\",\"contentUrl\":\"https:\/\/secure.gravatar.com\/avatar\/6c9c02e8928cc65d54bf75157f7b3a2d06d7ad0494ca0951f679552ff03b34c1?s=96&d=mm&r=g\",\"caption\":\"Mediaplateforme\"},\"sameAs\":[\"https:\/\/www.mediaplateforme.com\"],\"url\":\"https:\/\/www.mediaplateforme.com\/fr\/author\/mohamedladib\/\"}]}<\/script>\n<!-- \/ Yoast SEO plugin. -->","yoast_head_json":{"title":"inwi, la marque la plus prim\u00e9e de l\u2019ann\u00e9e 2023 - MEDIA PLATEFORME | FR","description":"L\u2019op\u00e9rateur global inwi a \u00e9t\u00e9 la marque la plus prim\u00e9e de la 6\u00e8me\u00a0\u00e9dition de l\u2019\u00e9v\u00e9nement \u00ab\u00a0Les Imp\u00e9riales\u00a0\u00bb d\u00e9di\u00e9 aux professionnels du","robots":{"index":"index","follow":"follow","max-snippet":"max-snippet:-1","max-image-preview":"max-image-preview:large","max-video-preview":"max-video-preview:-1"},"canonical":"https:\/\/www.mediaplateforme.com\/fr\/inwi-la-marque-la-plus-primee-de-lannee-2023\/","og_locale":"fr_FR","og_type":"article","og_title":"inwi, la marque la plus prim\u00e9e de l\u2019ann\u00e9e 2023 - MEDIA PLATEFORME | FR","og_description":"L\u2019op\u00e9rateur global inwi a \u00e9t\u00e9 la marque la plus prim\u00e9e de la 6\u00e8me\u00a0\u00e9dition de l\u2019\u00e9v\u00e9nement \u00ab\u00a0Les Imp\u00e9riales\u00a0\u00bb d\u00e9di\u00e9 aux professionnels du","og_url":"https:\/\/www.mediaplateforme.com\/fr\/inwi-la-marque-la-plus-primee-de-lannee-2023\/","og_site_name":"MEDIA PLATEFORME | FR","article_published_time":"2023-05-16T13:36:21+00:00","article_modified_time":"2023-05-16T14:01:04+00:00","og_image":[{"width":1024,"height":682,"url":"https:\/\/www.mediaplateforme.com\/fr\/wp-content\/uploads\/sites\/5\/2023\/05\/inwi-LES-IMPERIALES.png","type":"image\/png"}],"author":"Mediaplateforme","twitter_card":"summary_large_image","twitter_misc":{"\u00c9crit par":"Mediaplateforme","Dur\u00e9e de lecture estim\u00e9e":"3 minutes"},"schema":{"@context":"https:\/\/schema.org","@graph":[{"@type":"WebPage","@id":"https:\/\/www.mediaplateforme.com\/fr\/inwi-la-marque-la-plus-primee-de-lannee-2023\/","url":"https:\/\/www.mediaplateforme.com\/fr\/inwi-la-marque-la-plus-primee-de-lannee-2023\/","name":"inwi, la marque la plus prim\u00e9e de l\u2019ann\u00e9e 2023 - MEDIA PLATEFORME | FR","isPartOf":{"@id":"https:\/\/www.mediaplateforme.com\/fr\/#website"},"datePublished":"2023-05-16T13:36:21+00:00","dateModified":"2023-05-16T14:01:04+00:00","author":{"@id":"https:\/\/www.mediaplateforme.com\/fr\/#\/schema\/person\/89833db382b5db2c76b094bc902aa12a"},"description":"L\u2019op\u00e9rateur global inwi a \u00e9t\u00e9 la marque la plus prim\u00e9e de la 6\u00e8me\u00a0\u00e9dition de l\u2019\u00e9v\u00e9nement \u00ab\u00a0Les Imp\u00e9riales\u00a0\u00bb d\u00e9di\u00e9 aux professionnels du","breadcrumb":{"@id":"https:\/\/www.mediaplateforme.com\/fr\/inwi-la-marque-la-plus-primee-de-lannee-2023\/#breadcrumb"},"inLanguage":"fr-FR","potentialAction":[{"@type":"ReadAction","target":["https:\/\/www.mediaplateforme.com\/fr\/inwi-la-marque-la-plus-primee-de-lannee-2023\/"]}]},{"@type":"BreadcrumbList","@id":"https:\/\/www.mediaplateforme.com\/fr\/inwi-la-marque-la-plus-primee-de-lannee-2023\/#breadcrumb","itemListElement":[{"@type":"ListItem","position":1,"name":"\u0627\u0644\u0631\u0626\u064a\u0633\u064a\u0629","item":"https:\/\/www.mediaplateforme.com\/fr\/"},{"@type":"ListItem","position":2,"name":"inwi, la marque la plus prim\u00e9e de l\u2019ann\u00e9e 2023"}]},{"@type":"WebSite","@id":"https:\/\/www.mediaplateforme.com\/fr\/#website","url":"https:\/\/www.mediaplateforme.com\/fr\/","name":"MEDIA PLATEFORME | FR","description":"Mediaplateforme sp\u00e9cialis\u00e9 dans la communication institutions publiques et des entreprises","potentialAction":[{"@type":"SearchAction","target":{"@type":"EntryPoint","urlTemplate":"https:\/\/www.mediaplateforme.com\/fr\/?s={search_term_string}"},"query-input":"required name=search_term_string"}],"inLanguage":"fr-FR"},{"@type":"Person","@id":"https:\/\/www.mediaplateforme.com\/fr\/#\/schema\/person\/89833db382b5db2c76b094bc902aa12a","name":"Mediaplateforme","image":{"@type":"ImageObject","inLanguage":"fr-FR","@id":"https:\/\/www.mediaplateforme.com\/fr\/#\/schema\/person\/image\/","url":"https:\/\/secure.gravatar.com\/avatar\/6c9c02e8928cc65d54bf75157f7b3a2d06d7ad0494ca0951f679552ff03b34c1?s=96&d=mm&r=g","contentUrl":"https:\/\/secure.gravatar.com\/avatar\/6c9c02e8928cc65d54bf75157f7b3a2d06d7ad0494ca0951f679552ff03b34c1?s=96&d=mm&r=g","caption":"Mediaplateforme"},"sameAs":["https:\/\/www.mediaplateforme.com"],"url":"https:\/\/www.mediaplateforme.com\/fr\/author\/mohamedladib\/"}]}},"_links":{"self":[{"href":"https:\/\/www.mediaplateforme.com\/fr\/wp-json\/wp\/v2\/posts\/2946","targetHints":{"allow":["GET"]}}],"collection":[{"href":"https:\/\/www.mediaplateforme.com\/fr\/wp-json\/wp\/v2\/posts"}],"about":[{"href":"https:\/\/www.mediaplateforme.com\/fr\/wp-json\/wp\/v2\/types\/post"}],"author":[{"embeddable":true,"href":"https:\/\/www.mediaplateforme.com\/fr\/wp-json\/wp\/v2\/users\/1"}],"replies":[{"embeddable":true,"href":"https:\/\/www.mediaplateforme.com\/fr\/wp-json\/wp\/v2\/comments?post=2946"}],"version-history":[{"count":4,"href":"https:\/\/www.mediaplateforme.com\/fr\/wp-json\/wp\/v2\/posts\/2946\/revisions"}],"predecessor-version":[{"id":2952,"href":"https:\/\/www.mediaplateforme.com\/fr\/wp-json\/wp\/v2\/posts\/2946\/revisions\/2952"}],"wp:featuredmedia":[{"embeddable":true,"href":"https:\/\/www.mediaplateforme.com\/fr\/wp-json\/wp\/v2\/media\/2947"}],"wp:attachment":[{"href":"https:\/\/www.mediaplateforme.com\/fr\/wp-json\/wp\/v2\/media?parent=2946"}],"wp:term":[{"taxonomy":"category","embeddable":true,"href":"https:\/\/www.mediaplateforme.com\/fr\/wp-json\/wp\/v2\/categories?post=2946"},{"taxonomy":"post_tag","embeddable":true,"href":"https:\/\/www.mediaplateforme.com\/fr\/wp-json\/wp\/v2\/tags?post=2946"}],"curies":[{"name":"wp","href":"https:\/\/api.w.org\/{rel}","templated":true}]}}