{"id":2939,"date":"2023-05-15T16:39:57","date_gmt":"2023-05-15T15:39:57","guid":{"rendered":"https:\/\/www.mediaplateforme.com\/fr\/?p=2939"},"modified":"2023-05-15T16:39:57","modified_gmt":"2023-05-15T15:39:57","slug":"dpr-group-elue-agence-de-communication-de-lannee-lors-des-imperiales-2023","status":"publish","type":"post","link":"https:\/\/www.mediaplateforme.com\/fr\/dpr-group-elue-agence-de-communication-de-lannee-lors-des-imperiales-2023\/","title":{"rendered":"DPR group, \u00e9lue agence de communication de l\u2019ann\u00e9e lors des imp\u00e9riales 2023"},"content":{"rendered":"<p style=\"font-weight: 400;\">Lors de la c\u00e9r\u00e9monie des \u00c9toiles de la 6<sup>\u00e8me<\/sup>\u00a0\u00e9dition des Imp\u00e9riales, organis\u00e9e sous le haut patronage de Sa Majest\u00e9 le Roi Mohammed VI, DPR Group a \u00e9t\u00e9 couronn\u00e9e Agence de communication de l&rsquo;ann\u00e9e 2023. Elle s&rsquo;est \u00e9galement vue d\u00e9cerner cinq \u00e9toiles prestigieuses, une reconnaissance de son expertise dans la conception de campagnes de communication impactantes. Cette ann\u00e9e, l&rsquo;\u00e9v\u00e9nement \u00e9tait marqu\u00e9 par le th\u00e8me inspirant : \u00ab\u00a0<em>Breaking boundaries, a matter of mindset<\/em>\u00a0\u00bb, rassemblant le gratin du marketing, de la communication, des m\u00e9dias et du num\u00e9rique au Maroc.<\/p>\n<p style=\"font-weight: 400;\">\n<p style=\"font-weight: 400;\">Avec 254 candidatures, la 6<sup>\u00e8me<\/sup>\u00a0\u00e9dition des Imp\u00e9riales a connu un record de participation, mettant en lice 113 campagnes publicitaires pour 75 marques. Les \u00ab\u00a0<em>\u00c9toiles<\/em>\u00a0\u00bb, r\u00e9compensant annuellement les agences et les marques ayant fait preuve de cr\u00e9ativit\u00e9 et d&rsquo;efficacit\u00e9, t\u00e9moignaient de la qualit\u00e9 de cet \u00e9v\u00e9nement.<\/p>\n<p style=\"font-weight: 400;\">\n<p style=\"font-weight: 400;\">Au cours de cette soir\u00e9e, les laur\u00e9ats ont re\u00e7u les troph\u00e9es \u00ab Les \u00c9toiles 2023 \u00bb dans plusieurs cat\u00e9gories, rendant hommage \u00e0 l&rsquo;innovation et la cr\u00e9ativit\u00e9 qui animent l&rsquo;\u00e9cosyst\u00e8me marocain du marketing et de la communication.<\/p>\n<p style=\"font-weight: 400;\">\n<p style=\"font-weight: 400;\">DPR Group a brillamment tir\u00e9 son \u00e9pingle du jeu, en raflant cinq \u00c9toiles ainsi que le titre tr\u00e8s convoit\u00e9 d&rsquo;Agence de communication de l&rsquo;Ann\u00e9e 2023. L&rsquo;\u00c9toile des Professionnels a \u00e9t\u00e9 attribu\u00e9e \u00e0 DPR Group pour la campagne Salim, men\u00e9e en partenariat avec Centrale Danone. L&rsquo;agence a \u00e9galement remport\u00e9 trois \u00e9toiles pour sa collaboration avec Johnson&rsquo;s &amp; Johnson&rsquo;s sur la campagne \u00ab\u00a0<em>Machi Hchouma<\/em>\u00a0\u00bb, soulignant l&rsquo;importance du combat contre le cancer f\u00e9minin : l&rsquo;\u00c9toile de la Direction Artistique, l&rsquo;\u00c9toile de la RSE et l&rsquo;\u00c9toile de la Grande Cause. En outre, le partenariat avec Coca-Cola Maroc pour la campagne \u00ab\u00a0<em>FIFA World Cup Trophy Tour by Coca-Cola<\/em>\u00a0\u00bb a permis \u00e0 DPR Group de remporter l&rsquo;\u00c9toile des RP, en faisant la promotion d&rsquo;un \u00e9v\u00e9nement sportif international majeur.<\/p>\n<p style=\"font-weight: 400;\">\n<p style=\"font-weight: 400;\">\u00ab\u00a0<em>Recevoir le titre d&rsquo;Agence de communication de l&rsquo;ann\u00e9e 2023 lors des Imp\u00e9riales est un immense honneur, reflet du travail infatigable et de l&rsquo;engagement de notre \u00e9quipe. Nous souhaitons exprimer notre gratitude envers nos clients pour leur confiance ind\u00e9fectible, ainsi qu&rsquo;\u00e0 notre \u00e9quipe talentueuse pour leur cr\u00e9ativit\u00e9 et leur d\u00e9vouement \u00e0 l&rsquo;excellence<\/em>\u00a0\u00bb, a d\u00e9clar\u00e9 Fatime-Zohra Outaghani, PDG de DPR Group, et d\u2019ajouter\u00a0: \u00ab\u00a0<em>Cette distinction confirme notre vision post-pand\u00e9mique, celle de fusionner harmonieusement l&rsquo;ensemble de nos domaines d&rsquo;expertise &#8211; Relations publiques, Digital, \u00c9v\u00e9nementiel et Contenu cr\u00e9atif &#8211; au sein d&rsquo;une seule et m\u00eame entit\u00e9<\/em>\u00a0\u00bb.<\/p>\n<p style=\"font-weight: 400;\">\n<p style=\"font-weight: 400;\">En tant qu&rsquo;Agence de communication de l&rsquo;ann\u00e9e, DPR s&rsquo;engage \u00e0 maintenir le cap sur l&rsquo;innovation et l&rsquo;am\u00e9lioration continue de ses services, pour rester en t\u00eate de l&rsquo;industrie de la communication. L&rsquo;agence se consacre \u00e0 la fourniture de solutions strat\u00e9giques et cr\u00e9atives adapt\u00e9es aux besoins \u00e9volutifs de ses clients.<\/p>\n","protected":false},"excerpt":{"rendered":"<p>Lors de la c\u00e9r\u00e9monie des \u00c9toiles de la 6\u00e8me\u00a0\u00e9dition des Imp\u00e9riales, organis\u00e9e sous le haut<\/p>\n","protected":false},"author":1,"featured_media":2940,"comment_status":"open","ping_status":"open","sticky":false,"template":"","format":"standard","meta":{"_acf_changed":false,"footnotes":""},"categories":[2,3],"tags":[869,868],"class_list":["post-2939","post","type-post","status-publish","format-standard","has-post-thumbnail","hentry","category-nouvelles","category-nouvelles-selectionnees","tag-6eme-edition-des-imperiales","tag-dpr-group"],"acf":[],"yoast_head":"<!-- This site is optimized with the Yoast SEO plugin v22.0 - https:\/\/yoast.com\/wordpress\/plugins\/seo\/ -->\n<title>DPR group, \u00e9lue agence de communication de l\u2019ann\u00e9e lors des imp\u00e9riales 2023 - MEDIA PLATEFORME | FR<\/title>\n<meta name=\"description\" content=\"DPR Group a \u00e9t\u00e9 couronn\u00e9e Agence de communication de l&#039;ann\u00e9e 2023. Elle s&#039;est \u00e9galement vue d\u00e9cerner cinq \u00e9toiles prestigieuses,\" \/>\n<meta name=\"robots\" content=\"index, follow, max-snippet:-1, max-image-preview:large, max-video-preview:-1\" \/>\n<link rel=\"canonical\" href=\"https:\/\/www.mediaplateforme.com\/fr\/dpr-group-elue-agence-de-communication-de-lannee-lors-des-imperiales-2023\/\" \/>\n<meta property=\"og:locale\" content=\"fr_FR\" \/>\n<meta property=\"og:type\" content=\"article\" \/>\n<meta property=\"og:title\" content=\"DPR group, \u00e9lue agence de communication de l\u2019ann\u00e9e lors des imp\u00e9riales 2023 - MEDIA PLATEFORME | FR\" \/>\n<meta property=\"og:description\" content=\"DPR Group a \u00e9t\u00e9 couronn\u00e9e Agence de communication de l&#039;ann\u00e9e 2023. Elle s&#039;est \u00e9galement vue d\u00e9cerner cinq \u00e9toiles prestigieuses,\" \/>\n<meta property=\"og:url\" content=\"https:\/\/www.mediaplateforme.com\/fr\/dpr-group-elue-agence-de-communication-de-lannee-lors-des-imperiales-2023\/\" \/>\n<meta property=\"og:site_name\" content=\"MEDIA PLATEFORME | FR\" \/>\n<meta property=\"article:published_time\" content=\"2023-05-15T15:39:57+00:00\" \/>\n<meta property=\"og:image\" content=\"https:\/\/www.mediaplateforme.com\/fr\/wp-content\/uploads\/sites\/5\/2023\/05\/Photo1-.jpeg\" \/>\n\t<meta property=\"og:image:width\" content=\"1600\" \/>\n\t<meta property=\"og:image:height\" content=\"1484\" \/>\n\t<meta property=\"og:image:type\" content=\"image\/jpeg\" \/>\n<meta name=\"author\" content=\"Mediaplateforme\" \/>\n<meta name=\"twitter:card\" content=\"summary_large_image\" \/>\n<meta name=\"twitter:label1\" content=\"\u00c9crit par\" \/>\n\t<meta name=\"twitter:data1\" content=\"Mediaplateforme\" \/>\n\t<meta name=\"twitter:label2\" content=\"Dur\u00e9e de lecture estim\u00e9e\" \/>\n\t<meta name=\"twitter:data2\" content=\"3 minutes\" \/>\n<script type=\"application\/ld+json\" class=\"yoast-schema-graph\">{\"@context\":\"https:\/\/schema.org\",\"@graph\":[{\"@type\":\"WebPage\",\"@id\":\"https:\/\/www.mediaplateforme.com\/fr\/dpr-group-elue-agence-de-communication-de-lannee-lors-des-imperiales-2023\/\",\"url\":\"https:\/\/www.mediaplateforme.com\/fr\/dpr-group-elue-agence-de-communication-de-lannee-lors-des-imperiales-2023\/\",\"name\":\"DPR group, \u00e9lue agence de communication de l\u2019ann\u00e9e lors des imp\u00e9riales 2023 - MEDIA PLATEFORME | FR\",\"isPartOf\":{\"@id\":\"https:\/\/www.mediaplateforme.com\/fr\/#website\"},\"datePublished\":\"2023-05-15T15:39:57+00:00\",\"dateModified\":\"2023-05-15T15:39:57+00:00\",\"author\":{\"@id\":\"https:\/\/www.mediaplateforme.com\/fr\/#\/schema\/person\/89833db382b5db2c76b094bc902aa12a\"},\"description\":\"DPR Group a \u00e9t\u00e9 couronn\u00e9e Agence de communication de l'ann\u00e9e 2023. Elle s'est \u00e9galement vue d\u00e9cerner cinq \u00e9toiles prestigieuses,\",\"breadcrumb\":{\"@id\":\"https:\/\/www.mediaplateforme.com\/fr\/dpr-group-elue-agence-de-communication-de-lannee-lors-des-imperiales-2023\/#breadcrumb\"},\"inLanguage\":\"fr-FR\",\"potentialAction\":[{\"@type\":\"ReadAction\",\"target\":[\"https:\/\/www.mediaplateforme.com\/fr\/dpr-group-elue-agence-de-communication-de-lannee-lors-des-imperiales-2023\/\"]}]},{\"@type\":\"BreadcrumbList\",\"@id\":\"https:\/\/www.mediaplateforme.com\/fr\/dpr-group-elue-agence-de-communication-de-lannee-lors-des-imperiales-2023\/#breadcrumb\",\"itemListElement\":[{\"@type\":\"ListItem\",\"position\":1,\"name\":\"\u0627\u0644\u0631\u0626\u064a\u0633\u064a\u0629\",\"item\":\"https:\/\/www.mediaplateforme.com\/fr\/\"},{\"@type\":\"ListItem\",\"position\":2,\"name\":\"DPR group, \u00e9lue agence de communication de l\u2019ann\u00e9e lors des imp\u00e9riales 2023\"}]},{\"@type\":\"WebSite\",\"@id\":\"https:\/\/www.mediaplateforme.com\/fr\/#website\",\"url\":\"https:\/\/www.mediaplateforme.com\/fr\/\",\"name\":\"MEDIA PLATEFORME | FR\",\"description\":\"Mediaplateforme sp\u00e9cialis\u00e9 dans la communication institutions publiques et des entreprises\",\"potentialAction\":[{\"@type\":\"SearchAction\",\"target\":{\"@type\":\"EntryPoint\",\"urlTemplate\":\"https:\/\/www.mediaplateforme.com\/fr\/?s={search_term_string}\"},\"query-input\":\"required name=search_term_string\"}],\"inLanguage\":\"fr-FR\"},{\"@type\":\"Person\",\"@id\":\"https:\/\/www.mediaplateforme.com\/fr\/#\/schema\/person\/89833db382b5db2c76b094bc902aa12a\",\"name\":\"Mediaplateforme\",\"image\":{\"@type\":\"ImageObject\",\"inLanguage\":\"fr-FR\",\"@id\":\"https:\/\/www.mediaplateforme.com\/fr\/#\/schema\/person\/image\/\",\"url\":\"https:\/\/secure.gravatar.com\/avatar\/6c9c02e8928cc65d54bf75157f7b3a2d06d7ad0494ca0951f679552ff03b34c1?s=96&d=mm&r=g\",\"contentUrl\":\"https:\/\/secure.gravatar.com\/avatar\/6c9c02e8928cc65d54bf75157f7b3a2d06d7ad0494ca0951f679552ff03b34c1?s=96&d=mm&r=g\",\"caption\":\"Mediaplateforme\"},\"sameAs\":[\"https:\/\/www.mediaplateforme.com\"],\"url\":\"https:\/\/www.mediaplateforme.com\/fr\/author\/mohamedladib\/\"}]}<\/script>\n<!-- \/ Yoast SEO plugin. -->","yoast_head_json":{"title":"DPR group, \u00e9lue agence de communication de l\u2019ann\u00e9e lors des imp\u00e9riales 2023 - MEDIA PLATEFORME | FR","description":"DPR Group a \u00e9t\u00e9 couronn\u00e9e Agence de communication de l'ann\u00e9e 2023. Elle s'est \u00e9galement vue d\u00e9cerner cinq \u00e9toiles prestigieuses,","robots":{"index":"index","follow":"follow","max-snippet":"max-snippet:-1","max-image-preview":"max-image-preview:large","max-video-preview":"max-video-preview:-1"},"canonical":"https:\/\/www.mediaplateforme.com\/fr\/dpr-group-elue-agence-de-communication-de-lannee-lors-des-imperiales-2023\/","og_locale":"fr_FR","og_type":"article","og_title":"DPR group, \u00e9lue agence de communication de l\u2019ann\u00e9e lors des imp\u00e9riales 2023 - MEDIA PLATEFORME | FR","og_description":"DPR Group a \u00e9t\u00e9 couronn\u00e9e Agence de communication de l'ann\u00e9e 2023. Elle s'est \u00e9galement vue d\u00e9cerner cinq \u00e9toiles prestigieuses,","og_url":"https:\/\/www.mediaplateforme.com\/fr\/dpr-group-elue-agence-de-communication-de-lannee-lors-des-imperiales-2023\/","og_site_name":"MEDIA PLATEFORME | FR","article_published_time":"2023-05-15T15:39:57+00:00","og_image":[{"width":1600,"height":1484,"url":"https:\/\/www.mediaplateforme.com\/fr\/wp-content\/uploads\/sites\/5\/2023\/05\/Photo1-.jpeg","type":"image\/jpeg"}],"author":"Mediaplateforme","twitter_card":"summary_large_image","twitter_misc":{"\u00c9crit par":"Mediaplateforme","Dur\u00e9e de lecture estim\u00e9e":"3 minutes"},"schema":{"@context":"https:\/\/schema.org","@graph":[{"@type":"WebPage","@id":"https:\/\/www.mediaplateforme.com\/fr\/dpr-group-elue-agence-de-communication-de-lannee-lors-des-imperiales-2023\/","url":"https:\/\/www.mediaplateforme.com\/fr\/dpr-group-elue-agence-de-communication-de-lannee-lors-des-imperiales-2023\/","name":"DPR group, \u00e9lue agence de communication de l\u2019ann\u00e9e lors des imp\u00e9riales 2023 - MEDIA PLATEFORME | FR","isPartOf":{"@id":"https:\/\/www.mediaplateforme.com\/fr\/#website"},"datePublished":"2023-05-15T15:39:57+00:00","dateModified":"2023-05-15T15:39:57+00:00","author":{"@id":"https:\/\/www.mediaplateforme.com\/fr\/#\/schema\/person\/89833db382b5db2c76b094bc902aa12a"},"description":"DPR Group a \u00e9t\u00e9 couronn\u00e9e Agence de communication de l'ann\u00e9e 2023. Elle s'est \u00e9galement vue d\u00e9cerner cinq \u00e9toiles prestigieuses,","breadcrumb":{"@id":"https:\/\/www.mediaplateforme.com\/fr\/dpr-group-elue-agence-de-communication-de-lannee-lors-des-imperiales-2023\/#breadcrumb"},"inLanguage":"fr-FR","potentialAction":[{"@type":"ReadAction","target":["https:\/\/www.mediaplateforme.com\/fr\/dpr-group-elue-agence-de-communication-de-lannee-lors-des-imperiales-2023\/"]}]},{"@type":"BreadcrumbList","@id":"https:\/\/www.mediaplateforme.com\/fr\/dpr-group-elue-agence-de-communication-de-lannee-lors-des-imperiales-2023\/#breadcrumb","itemListElement":[{"@type":"ListItem","position":1,"name":"\u0627\u0644\u0631\u0626\u064a\u0633\u064a\u0629","item":"https:\/\/www.mediaplateforme.com\/fr\/"},{"@type":"ListItem","position":2,"name":"DPR group, \u00e9lue agence de communication de l\u2019ann\u00e9e lors des imp\u00e9riales 2023"}]},{"@type":"WebSite","@id":"https:\/\/www.mediaplateforme.com\/fr\/#website","url":"https:\/\/www.mediaplateforme.com\/fr\/","name":"MEDIA PLATEFORME | FR","description":"Mediaplateforme sp\u00e9cialis\u00e9 dans la communication institutions publiques et des entreprises","potentialAction":[{"@type":"SearchAction","target":{"@type":"EntryPoint","urlTemplate":"https:\/\/www.mediaplateforme.com\/fr\/?s={search_term_string}"},"query-input":"required name=search_term_string"}],"inLanguage":"fr-FR"},{"@type":"Person","@id":"https:\/\/www.mediaplateforme.com\/fr\/#\/schema\/person\/89833db382b5db2c76b094bc902aa12a","name":"Mediaplateforme","image":{"@type":"ImageObject","inLanguage":"fr-FR","@id":"https:\/\/www.mediaplateforme.com\/fr\/#\/schema\/person\/image\/","url":"https:\/\/secure.gravatar.com\/avatar\/6c9c02e8928cc65d54bf75157f7b3a2d06d7ad0494ca0951f679552ff03b34c1?s=96&d=mm&r=g","contentUrl":"https:\/\/secure.gravatar.com\/avatar\/6c9c02e8928cc65d54bf75157f7b3a2d06d7ad0494ca0951f679552ff03b34c1?s=96&d=mm&r=g","caption":"Mediaplateforme"},"sameAs":["https:\/\/www.mediaplateforme.com"],"url":"https:\/\/www.mediaplateforme.com\/fr\/author\/mohamedladib\/"}]}},"_links":{"self":[{"href":"https:\/\/www.mediaplateforme.com\/fr\/wp-json\/wp\/v2\/posts\/2939","targetHints":{"allow":["GET"]}}],"collection":[{"href":"https:\/\/www.mediaplateforme.com\/fr\/wp-json\/wp\/v2\/posts"}],"about":[{"href":"https:\/\/www.mediaplateforme.com\/fr\/wp-json\/wp\/v2\/types\/post"}],"author":[{"embeddable":true,"href":"https:\/\/www.mediaplateforme.com\/fr\/wp-json\/wp\/v2\/users\/1"}],"replies":[{"embeddable":true,"href":"https:\/\/www.mediaplateforme.com\/fr\/wp-json\/wp\/v2\/comments?post=2939"}],"version-history":[{"count":1,"href":"https:\/\/www.mediaplateforme.com\/fr\/wp-json\/wp\/v2\/posts\/2939\/revisions"}],"predecessor-version":[{"id":2941,"href":"https:\/\/www.mediaplateforme.com\/fr\/wp-json\/wp\/v2\/posts\/2939\/revisions\/2941"}],"wp:featuredmedia":[{"embeddable":true,"href":"https:\/\/www.mediaplateforme.com\/fr\/wp-json\/wp\/v2\/media\/2940"}],"wp:attachment":[{"href":"https:\/\/www.mediaplateforme.com\/fr\/wp-json\/wp\/v2\/media?parent=2939"}],"wp:term":[{"taxonomy":"category","embeddable":true,"href":"https:\/\/www.mediaplateforme.com\/fr\/wp-json\/wp\/v2\/categories?post=2939"},{"taxonomy":"post_tag","embeddable":true,"href":"https:\/\/www.mediaplateforme.com\/fr\/wp-json\/wp\/v2\/tags?post=2939"}],"curies":[{"name":"wp","href":"https:\/\/api.w.org\/{rel}","templated":true}]}}