{"id":2936,"date":"2023-05-15T16:34:39","date_gmt":"2023-05-15T15:34:39","guid":{"rendered":"https:\/\/www.mediaplateforme.com\/fr\/?p=2936"},"modified":"2023-05-15T16:34:39","modified_gmt":"2023-05-15T15:34:39","slug":"la-fmsar-diffuse-son-6eme-courrier-de-lassurance","status":"publish","type":"post","link":"https:\/\/www.mediaplateforme.com\/fr\/la-fmsar-diffuse-son-6eme-courrier-de-lassurance\/","title":{"rendered":"LA FMSAR DIFFUSE SON 6\u00e8me COURRIER DE L\u2019ASSURANCE"},"content":{"rendered":"<p><strong>La F\u00e9d\u00e9ration Marocaine des Soci\u00e9t\u00e9s d\u2019Assurances et de R\u00e9assurance (FMSAR) met en ligne son 6\u00e8me Courrier de l\u2019Assurance, d\u00e9di\u00e9 \u00e0 l\u2019actualit\u00e9 du secteur.<\/strong><\/p>\n<p>Dans ce num\u00e9ro, la f\u00e9d\u00e9ration diffuse les chiffres de l\u2019exercice 2022 et met en avant les r\u00e9alisations et les avanc\u00e9es majeurs du secteur, notamment\u00a0:<\/p>\n<ul>\n<li>La r\u00e9ussite de la 9\u00e8me \u00e9dition du Rendez-Vous de Casablanca de l\u2019Assurance,\u00a0qui a aussi profit\u00e9 de la date du 8 mars pour rendre hommage aux femmes qui jouent un r\u00f4le crucial dans le secteur.<\/li>\n<li>La mont\u00e9e en puissance des nouvelles technologies au sein du domaine de l\u2019Assurance, notamment via les v\u00e9hicules dits \u2018\u2018connect\u00e9s\u2019\u2019<\/li>\n<li>Le projet de d\u00e9mat\u00e9rialisation de l\u2019attestation de l\u2019assurance auto.<\/li>\n<li>Le chantier d\u2019am\u00e9lioration du recouvrement des primes d\u2019assurance.<\/li>\n<li>La p\u00e9n\u00e9tration de l\u2019Assurance aupr\u00e8s des particuliers et des TPE<\/li>\n<li>La campagne annuelle mondiale \u2018\u2018Global Money Week\u2019\u2019 qui vise \u00e0 rapprocher les jeunes du monde de la finance.<\/li>\n<li>La bonne dynamique de d\u00e9veloppement du secteur de l\u2019Assurance qui cl\u00f4ture l\u2019exercice 2022 via une bonification des primes \u00e9mises totales de 9,8%, avec des \u00e9volutions pour l\u2019assurance vie et capitalisation de +12,5% et de + 7,7% pour la non-vie.<\/li>\n<\/ul>\n<h5>Le courrier de l\u2019assurance n\u00b06 est disponible sur\u00a0:<\/h5>\n<ul>\n<li><strong>Version arabe\u00a0:<\/strong><\/li>\n<\/ul>\n<p><a href=\"https:\/\/www.fmsar.org.ma\/wp-content\/uploads\/2023\/05\/Courrier_Assurance_VA-15-05-2023-N%C2%B06-1.pdf\"><u>https:\/\/www.fmsar.org.ma\/wp-content\/uploads\/2023\/05\/Courrier_Assurance_VA-15-05-2023-N%C2%B06-1.pdf<\/u><\/a><\/p>\n<ul>\n<li><strong>Version fran\u00e7aise\u00a0:<\/strong><\/li>\n<\/ul>\n<p><a href=\"https:\/\/www.fmsar.org.ma\/wp-content\/uploads\/2023\/05\/Courrier_Assurance_VF-15-05-2023-N%C2%B06-1.pdf\"><u>https:\/\/www.fmsar.org.ma\/wp-content\/uploads\/2023\/05\/Courrier_Assurance_VF-15-05-2023-N%C2%B06-1.pdf<\/u><\/a><\/p>\n","protected":false},"excerpt":{"rendered":"<p>La F\u00e9d\u00e9ration Marocaine des Soci\u00e9t\u00e9s d\u2019Assurances et de R\u00e9assurance (FMSAR) met en ligne son 6\u00e8me<\/p>\n","protected":false},"author":1,"featured_media":2937,"comment_status":"open","ping_status":"open","sticky":false,"template":"","format":"standard","meta":{"_acf_changed":false,"footnotes":""},"categories":[2,3],"tags":[867],"class_list":["post-2936","post","type-post","status-publish","format-standard","has-post-thumbnail","hentry","category-nouvelles","category-nouvelles-selectionnees","tag-fmsar"],"acf":[],"yoast_head":"<!-- This site is optimized with the Yoast SEO plugin v22.0 - https:\/\/yoast.com\/wordpress\/plugins\/seo\/ -->\n<title>LA FMSAR DIFFUSE SON 6\u00e8me COURRIER DE L\u2019ASSURANCE - MEDIA PLATEFORME | FR<\/title>\n<meta name=\"description\" content=\"La F\u00e9d\u00e9ration Marocaine des Soci\u00e9t\u00e9s d\u2019Assurances et de R\u00e9assurance (FMSAR) met en ligne son 6\u00e8me Courrier de l\u2019Assurance, d\u00e9di\u00e9 \u00e0\" \/>\n<meta name=\"robots\" content=\"index, follow, max-snippet:-1, max-image-preview:large, max-video-preview:-1\" \/>\n<link rel=\"canonical\" href=\"https:\/\/www.mediaplateforme.com\/fr\/la-fmsar-diffuse-son-6eme-courrier-de-lassurance\/\" \/>\n<meta property=\"og:locale\" content=\"fr_FR\" \/>\n<meta property=\"og:type\" content=\"article\" \/>\n<meta property=\"og:title\" content=\"LA FMSAR DIFFUSE SON 6\u00e8me COURRIER DE L\u2019ASSURANCE - MEDIA PLATEFORME | FR\" \/>\n<meta property=\"og:description\" content=\"La F\u00e9d\u00e9ration Marocaine des Soci\u00e9t\u00e9s d\u2019Assurances et de R\u00e9assurance (FMSAR) met en ligne son 6\u00e8me Courrier de l\u2019Assurance, d\u00e9di\u00e9 \u00e0\" \/>\n<meta property=\"og:url\" content=\"https:\/\/www.mediaplateforme.com\/fr\/la-fmsar-diffuse-son-6eme-courrier-de-lassurance\/\" \/>\n<meta property=\"og:site_name\" content=\"MEDIA PLATEFORME | FR\" \/>\n<meta property=\"article:published_time\" content=\"2023-05-15T15:34:39+00:00\" \/>\n<meta property=\"og:image\" content=\"https:\/\/www.mediaplateforme.com\/fr\/wp-content\/uploads\/sites\/5\/2023\/05\/a.jpg\" \/>\n\t<meta property=\"og:image:width\" content=\"421\" \/>\n\t<meta property=\"og:image:height\" content=\"280\" \/>\n\t<meta property=\"og:image:type\" content=\"image\/jpeg\" \/>\n<meta name=\"author\" content=\"Mediaplateforme\" \/>\n<meta name=\"twitter:card\" content=\"summary_large_image\" \/>\n<meta name=\"twitter:label1\" content=\"\u00c9crit par\" \/>\n\t<meta name=\"twitter:data1\" content=\"Mediaplateforme\" \/>\n\t<meta name=\"twitter:label2\" content=\"Dur\u00e9e de lecture estim\u00e9e\" \/>\n\t<meta name=\"twitter:data2\" content=\"2 minutes\" \/>\n<script type=\"application\/ld+json\" class=\"yoast-schema-graph\">{\"@context\":\"https:\/\/schema.org\",\"@graph\":[{\"@type\":\"WebPage\",\"@id\":\"https:\/\/www.mediaplateforme.com\/fr\/la-fmsar-diffuse-son-6eme-courrier-de-lassurance\/\",\"url\":\"https:\/\/www.mediaplateforme.com\/fr\/la-fmsar-diffuse-son-6eme-courrier-de-lassurance\/\",\"name\":\"LA FMSAR DIFFUSE SON 6\u00e8me COURRIER DE L\u2019ASSURANCE - MEDIA PLATEFORME | FR\",\"isPartOf\":{\"@id\":\"https:\/\/www.mediaplateforme.com\/fr\/#website\"},\"datePublished\":\"2023-05-15T15:34:39+00:00\",\"dateModified\":\"2023-05-15T15:34:39+00:00\",\"author\":{\"@id\":\"https:\/\/www.mediaplateforme.com\/fr\/#\/schema\/person\/89833db382b5db2c76b094bc902aa12a\"},\"description\":\"La F\u00e9d\u00e9ration Marocaine des Soci\u00e9t\u00e9s d\u2019Assurances et de R\u00e9assurance (FMSAR) met en ligne son 6\u00e8me Courrier de l\u2019Assurance, d\u00e9di\u00e9 \u00e0\",\"breadcrumb\":{\"@id\":\"https:\/\/www.mediaplateforme.com\/fr\/la-fmsar-diffuse-son-6eme-courrier-de-lassurance\/#breadcrumb\"},\"inLanguage\":\"fr-FR\",\"potentialAction\":[{\"@type\":\"ReadAction\",\"target\":[\"https:\/\/www.mediaplateforme.com\/fr\/la-fmsar-diffuse-son-6eme-courrier-de-lassurance\/\"]}]},{\"@type\":\"BreadcrumbList\",\"@id\":\"https:\/\/www.mediaplateforme.com\/fr\/la-fmsar-diffuse-son-6eme-courrier-de-lassurance\/#breadcrumb\",\"itemListElement\":[{\"@type\":\"ListItem\",\"position\":1,\"name\":\"\u0627\u0644\u0631\u0626\u064a\u0633\u064a\u0629\",\"item\":\"https:\/\/www.mediaplateforme.com\/fr\/\"},{\"@type\":\"ListItem\",\"position\":2,\"name\":\"LA FMSAR DIFFUSE SON 6\u00e8me COURRIER DE L\u2019ASSURANCE\"}]},{\"@type\":\"WebSite\",\"@id\":\"https:\/\/www.mediaplateforme.com\/fr\/#website\",\"url\":\"https:\/\/www.mediaplateforme.com\/fr\/\",\"name\":\"MEDIA PLATEFORME | FR\",\"description\":\"Mediaplateforme sp\u00e9cialis\u00e9 dans la communication institutions publiques et des entreprises\",\"potentialAction\":[{\"@type\":\"SearchAction\",\"target\":{\"@type\":\"EntryPoint\",\"urlTemplate\":\"https:\/\/www.mediaplateforme.com\/fr\/?s={search_term_string}\"},\"query-input\":\"required name=search_term_string\"}],\"inLanguage\":\"fr-FR\"},{\"@type\":\"Person\",\"@id\":\"https:\/\/www.mediaplateforme.com\/fr\/#\/schema\/person\/89833db382b5db2c76b094bc902aa12a\",\"name\":\"Mediaplateforme\",\"image\":{\"@type\":\"ImageObject\",\"inLanguage\":\"fr-FR\",\"@id\":\"https:\/\/www.mediaplateforme.com\/fr\/#\/schema\/person\/image\/\",\"url\":\"https:\/\/secure.gravatar.com\/avatar\/6c9c02e8928cc65d54bf75157f7b3a2d06d7ad0494ca0951f679552ff03b34c1?s=96&d=mm&r=g\",\"contentUrl\":\"https:\/\/secure.gravatar.com\/avatar\/6c9c02e8928cc65d54bf75157f7b3a2d06d7ad0494ca0951f679552ff03b34c1?s=96&d=mm&r=g\",\"caption\":\"Mediaplateforme\"},\"sameAs\":[\"https:\/\/www.mediaplateforme.com\"],\"url\":\"https:\/\/www.mediaplateforme.com\/fr\/author\/mohamedladib\/\"}]}<\/script>\n<!-- \/ Yoast SEO plugin. -->","yoast_head_json":{"title":"LA FMSAR DIFFUSE SON 6\u00e8me COURRIER DE L\u2019ASSURANCE - MEDIA PLATEFORME | FR","description":"La F\u00e9d\u00e9ration Marocaine des Soci\u00e9t\u00e9s d\u2019Assurances et de R\u00e9assurance (FMSAR) met en ligne son 6\u00e8me Courrier de l\u2019Assurance, d\u00e9di\u00e9 \u00e0","robots":{"index":"index","follow":"follow","max-snippet":"max-snippet:-1","max-image-preview":"max-image-preview:large","max-video-preview":"max-video-preview:-1"},"canonical":"https:\/\/www.mediaplateforme.com\/fr\/la-fmsar-diffuse-son-6eme-courrier-de-lassurance\/","og_locale":"fr_FR","og_type":"article","og_title":"LA FMSAR DIFFUSE SON 6\u00e8me COURRIER DE L\u2019ASSURANCE - MEDIA PLATEFORME | FR","og_description":"La F\u00e9d\u00e9ration Marocaine des Soci\u00e9t\u00e9s d\u2019Assurances et de R\u00e9assurance (FMSAR) met en ligne son 6\u00e8me Courrier de l\u2019Assurance, d\u00e9di\u00e9 \u00e0","og_url":"https:\/\/www.mediaplateforme.com\/fr\/la-fmsar-diffuse-son-6eme-courrier-de-lassurance\/","og_site_name":"MEDIA PLATEFORME | FR","article_published_time":"2023-05-15T15:34:39+00:00","og_image":[{"width":421,"height":280,"url":"https:\/\/www.mediaplateforme.com\/fr\/wp-content\/uploads\/sites\/5\/2023\/05\/a.jpg","type":"image\/jpeg"}],"author":"Mediaplateforme","twitter_card":"summary_large_image","twitter_misc":{"\u00c9crit par":"Mediaplateforme","Dur\u00e9e de lecture estim\u00e9e":"2 minutes"},"schema":{"@context":"https:\/\/schema.org","@graph":[{"@type":"WebPage","@id":"https:\/\/www.mediaplateforme.com\/fr\/la-fmsar-diffuse-son-6eme-courrier-de-lassurance\/","url":"https:\/\/www.mediaplateforme.com\/fr\/la-fmsar-diffuse-son-6eme-courrier-de-lassurance\/","name":"LA FMSAR DIFFUSE SON 6\u00e8me COURRIER DE L\u2019ASSURANCE - MEDIA PLATEFORME | FR","isPartOf":{"@id":"https:\/\/www.mediaplateforme.com\/fr\/#website"},"datePublished":"2023-05-15T15:34:39+00:00","dateModified":"2023-05-15T15:34:39+00:00","author":{"@id":"https:\/\/www.mediaplateforme.com\/fr\/#\/schema\/person\/89833db382b5db2c76b094bc902aa12a"},"description":"La F\u00e9d\u00e9ration Marocaine des Soci\u00e9t\u00e9s d\u2019Assurances et de R\u00e9assurance (FMSAR) met en ligne son 6\u00e8me Courrier de l\u2019Assurance, d\u00e9di\u00e9 \u00e0","breadcrumb":{"@id":"https:\/\/www.mediaplateforme.com\/fr\/la-fmsar-diffuse-son-6eme-courrier-de-lassurance\/#breadcrumb"},"inLanguage":"fr-FR","potentialAction":[{"@type":"ReadAction","target":["https:\/\/www.mediaplateforme.com\/fr\/la-fmsar-diffuse-son-6eme-courrier-de-lassurance\/"]}]},{"@type":"BreadcrumbList","@id":"https:\/\/www.mediaplateforme.com\/fr\/la-fmsar-diffuse-son-6eme-courrier-de-lassurance\/#breadcrumb","itemListElement":[{"@type":"ListItem","position":1,"name":"\u0627\u0644\u0631\u0626\u064a\u0633\u064a\u0629","item":"https:\/\/www.mediaplateforme.com\/fr\/"},{"@type":"ListItem","position":2,"name":"LA FMSAR DIFFUSE SON 6\u00e8me COURRIER DE L\u2019ASSURANCE"}]},{"@type":"WebSite","@id":"https:\/\/www.mediaplateforme.com\/fr\/#website","url":"https:\/\/www.mediaplateforme.com\/fr\/","name":"MEDIA PLATEFORME | FR","description":"Mediaplateforme sp\u00e9cialis\u00e9 dans la communication institutions publiques et des entreprises","potentialAction":[{"@type":"SearchAction","target":{"@type":"EntryPoint","urlTemplate":"https:\/\/www.mediaplateforme.com\/fr\/?s={search_term_string}"},"query-input":"required name=search_term_string"}],"inLanguage":"fr-FR"},{"@type":"Person","@id":"https:\/\/www.mediaplateforme.com\/fr\/#\/schema\/person\/89833db382b5db2c76b094bc902aa12a","name":"Mediaplateforme","image":{"@type":"ImageObject","inLanguage":"fr-FR","@id":"https:\/\/www.mediaplateforme.com\/fr\/#\/schema\/person\/image\/","url":"https:\/\/secure.gravatar.com\/avatar\/6c9c02e8928cc65d54bf75157f7b3a2d06d7ad0494ca0951f679552ff03b34c1?s=96&d=mm&r=g","contentUrl":"https:\/\/secure.gravatar.com\/avatar\/6c9c02e8928cc65d54bf75157f7b3a2d06d7ad0494ca0951f679552ff03b34c1?s=96&d=mm&r=g","caption":"Mediaplateforme"},"sameAs":["https:\/\/www.mediaplateforme.com"],"url":"https:\/\/www.mediaplateforme.com\/fr\/author\/mohamedladib\/"}]}},"_links":{"self":[{"href":"https:\/\/www.mediaplateforme.com\/fr\/wp-json\/wp\/v2\/posts\/2936","targetHints":{"allow":["GET"]}}],"collection":[{"href":"https:\/\/www.mediaplateforme.com\/fr\/wp-json\/wp\/v2\/posts"}],"about":[{"href":"https:\/\/www.mediaplateforme.com\/fr\/wp-json\/wp\/v2\/types\/post"}],"author":[{"embeddable":true,"href":"https:\/\/www.mediaplateforme.com\/fr\/wp-json\/wp\/v2\/users\/1"}],"replies":[{"embeddable":true,"href":"https:\/\/www.mediaplateforme.com\/fr\/wp-json\/wp\/v2\/comments?post=2936"}],"version-history":[{"count":1,"href":"https:\/\/www.mediaplateforme.com\/fr\/wp-json\/wp\/v2\/posts\/2936\/revisions"}],"predecessor-version":[{"id":2938,"href":"https:\/\/www.mediaplateforme.com\/fr\/wp-json\/wp\/v2\/posts\/2936\/revisions\/2938"}],"wp:featuredmedia":[{"embeddable":true,"href":"https:\/\/www.mediaplateforme.com\/fr\/wp-json\/wp\/v2\/media\/2937"}],"wp:attachment":[{"href":"https:\/\/www.mediaplateforme.com\/fr\/wp-json\/wp\/v2\/media?parent=2936"}],"wp:term":[{"taxonomy":"category","embeddable":true,"href":"https:\/\/www.mediaplateforme.com\/fr\/wp-json\/wp\/v2\/categories?post=2936"},{"taxonomy":"post_tag","embeddable":true,"href":"https:\/\/www.mediaplateforme.com\/fr\/wp-json\/wp\/v2\/tags?post=2936"}],"curies":[{"name":"wp","href":"https:\/\/api.w.org\/{rel}","templated":true}]}}