{"id":2930,"date":"2023-05-15T12:00:55","date_gmt":"2023-05-15T11:00:55","guid":{"rendered":"https:\/\/www.mediaplateforme.com\/fr\/?p=2930"},"modified":"2023-05-15T12:00:55","modified_gmt":"2023-05-15T11:00:55","slug":"badr-siwane-classe-16eme-au-championnat-du-monde-daquathlon","status":"publish","type":"post","link":"https:\/\/www.mediaplateforme.com\/fr\/badr-siwane-classe-16eme-au-championnat-du-monde-daquathlon\/","title":{"rendered":"Badr Siwane class\u00e9 16\u00e8me au Championnat du monde d\u2019aquathlon"},"content":{"rendered":"<p style=\"font-weight: 400;\">Badr Siwane, le c\u00e9l\u00e8bre athl\u00e8te marocain de triathlon, a fait une belle performance lors du Championnat du monde d\u2019aquathlon, qui s&rsquo;est d\u00e9roul\u00e9 \u00e0 Ibiza en Espagne.\u00a0 Parmi les 80 participants venus du monde entier, Siwane a termin\u00e9 \u00e0 la 16\u00e8me place de cette comp\u00e9tition exigeante combinant 1km de natation et 5km de course \u00e0 pied. Il a r\u00e9ussi \u00e0 nager en 13 minutes et 23 secondes et \u00e0 courir en 15 minutes et 52 secondes, d\u00e9montrant ainsi sa force, sa technique et sa d\u00e9termination.<\/p>\n<p style=\"font-weight: 400;\">\n<p style=\"font-weight: 400;\">Badr Siwane est un sportif de renomm\u00e9e internationale, 5 fois Champion d\u2019Afrique de triathlon, ainsi que vainqueur des Jeux Africains qui se sont d\u00e9roul\u00e9s \u00e0 Rabat en 2019. Son objectif est de se qualifier pour les Jeux Olympiques de Paris et Los Angeles pour lever haut le drapeau marocain et repr\u00e9senter fi\u00e8rement son pays.<\/p>\n<p style=\"font-weight: 400;\">\n<p style=\"font-weight: 400;\">L\u2019athl\u00e8te marocain a d\u00e9clar\u00e9 : \u00ab\u00a0Je tiens \u00e0 exprimer ma gratitude envers mes sponsors priv\u00e9s OCP\/Hudson Morocco pour leur soutien dans ma qu\u00eate olympique, ainsi que la F\u00e9d\u00e9ration pour son accompagnement et le comit\u00e9 olympique marocain. C&rsquo;est un grand honneur pour moi de repr\u00e9senter le Maroc dans les comp\u00e9titions sportives internationales, et je continuerai \u00e0 le faire avec fiert\u00e9 et d\u00e9termination\u00a0\u00bb.<\/p>\n<p style=\"font-weight: 400;\">\n<p style=\"font-weight: 400;\">En pr\u00e9paration pour les prochaines comp\u00e9titions, Badr Siwane est actuellement en stage \u00e0 Aix-en-Provence avec son coach pour deux semaines afin de perfectionner sa course \u00e0 pied. Il a un calendrier de comp\u00e9titions internationales charg\u00e9 \u00e0 partir du 15 mai, avec des courses chaque week-end jusqu&rsquo;\u00e0 fin mai. Il est d\u00e9termin\u00e9 \u00e0 mettre toutes les chances de son c\u00f4t\u00e9 pour r\u00e9ussir sa qualification olympique.<\/p>\n","protected":false},"excerpt":{"rendered":"<p>Badr Siwane, le c\u00e9l\u00e8bre athl\u00e8te marocain de triathlon, a fait une belle performance lors du<\/p>\n","protected":false},"author":1,"featured_media":2931,"comment_status":"open","ping_status":"open","sticky":false,"template":"","format":"standard","meta":{"_acf_changed":false,"footnotes":""},"categories":[3,796],"tags":[865],"class_list":["post-2930","post","type-post","status-publish","format-standard","has-post-thumbnail","hentry","category-nouvelles-selectionnees","category-sport-business","tag-siwane"],"acf":[],"yoast_head":"<!-- This site is optimized with the Yoast SEO plugin v22.0 - https:\/\/yoast.com\/wordpress\/plugins\/seo\/ -->\n<title>Badr Siwane class\u00e9 16\u00e8me au Championnat du monde d\u2019aquathlon - MEDIA PLATEFORME | FR<\/title>\n<meta name=\"description\" content=\"Siwane, le c\u00e9l\u00e8bre athl\u00e8te marocain de triathlon, a fait une belle performance lors du Championnat du monde d\u2019aquathlon, qui s&#039;est\" \/>\n<meta name=\"robots\" content=\"index, follow, max-snippet:-1, max-image-preview:large, max-video-preview:-1\" \/>\n<link rel=\"canonical\" href=\"https:\/\/www.mediaplateforme.com\/fr\/badr-siwane-classe-16eme-au-championnat-du-monde-daquathlon\/\" \/>\n<meta property=\"og:locale\" content=\"fr_FR\" \/>\n<meta property=\"og:type\" content=\"article\" \/>\n<meta property=\"og:title\" content=\"Badr Siwane class\u00e9 16\u00e8me au Championnat du monde d\u2019aquathlon - MEDIA PLATEFORME | FR\" \/>\n<meta property=\"og:description\" content=\"Siwane, le c\u00e9l\u00e8bre athl\u00e8te marocain de triathlon, a fait une belle performance lors du Championnat du monde d\u2019aquathlon, qui s&#039;est\" \/>\n<meta property=\"og:url\" content=\"https:\/\/www.mediaplateforme.com\/fr\/badr-siwane-classe-16eme-au-championnat-du-monde-daquathlon\/\" \/>\n<meta property=\"og:site_name\" content=\"MEDIA PLATEFORME | FR\" \/>\n<meta property=\"article:published_time\" content=\"2023-05-15T11:00:55+00:00\" \/>\n<meta property=\"og:image\" content=\"https:\/\/www.mediaplateforme.com\/fr\/wp-content\/uploads\/sites\/5\/2023\/05\/Badr-Siwane-2.jpeg\" \/>\n\t<meta property=\"og:image:width\" content=\"1600\" \/>\n\t<meta property=\"og:image:height\" content=\"1066\" \/>\n\t<meta property=\"og:image:type\" content=\"image\/jpeg\" \/>\n<meta name=\"author\" content=\"Mediaplateforme\" \/>\n<meta name=\"twitter:card\" content=\"summary_large_image\" \/>\n<meta name=\"twitter:label1\" content=\"\u00c9crit par\" \/>\n\t<meta name=\"twitter:data1\" content=\"Mediaplateforme\" \/>\n\t<meta name=\"twitter:label2\" content=\"Dur\u00e9e de lecture estim\u00e9e\" \/>\n\t<meta name=\"twitter:data2\" content=\"2 minutes\" \/>\n<script type=\"application\/ld+json\" class=\"yoast-schema-graph\">{\"@context\":\"https:\/\/schema.org\",\"@graph\":[{\"@type\":\"WebPage\",\"@id\":\"https:\/\/www.mediaplateforme.com\/fr\/badr-siwane-classe-16eme-au-championnat-du-monde-daquathlon\/\",\"url\":\"https:\/\/www.mediaplateforme.com\/fr\/badr-siwane-classe-16eme-au-championnat-du-monde-daquathlon\/\",\"name\":\"Badr Siwane class\u00e9 16\u00e8me au Championnat du monde d\u2019aquathlon - MEDIA PLATEFORME | FR\",\"isPartOf\":{\"@id\":\"https:\/\/www.mediaplateforme.com\/fr\/#website\"},\"datePublished\":\"2023-05-15T11:00:55+00:00\",\"dateModified\":\"2023-05-15T11:00:55+00:00\",\"author\":{\"@id\":\"https:\/\/www.mediaplateforme.com\/fr\/#\/schema\/person\/89833db382b5db2c76b094bc902aa12a\"},\"description\":\"Siwane, le c\u00e9l\u00e8bre athl\u00e8te marocain de triathlon, a fait une belle performance lors du Championnat du monde d\u2019aquathlon, qui s'est\",\"breadcrumb\":{\"@id\":\"https:\/\/www.mediaplateforme.com\/fr\/badr-siwane-classe-16eme-au-championnat-du-monde-daquathlon\/#breadcrumb\"},\"inLanguage\":\"fr-FR\",\"potentialAction\":[{\"@type\":\"ReadAction\",\"target\":[\"https:\/\/www.mediaplateforme.com\/fr\/badr-siwane-classe-16eme-au-championnat-du-monde-daquathlon\/\"]}]},{\"@type\":\"BreadcrumbList\",\"@id\":\"https:\/\/www.mediaplateforme.com\/fr\/badr-siwane-classe-16eme-au-championnat-du-monde-daquathlon\/#breadcrumb\",\"itemListElement\":[{\"@type\":\"ListItem\",\"position\":1,\"name\":\"\u0627\u0644\u0631\u0626\u064a\u0633\u064a\u0629\",\"item\":\"https:\/\/www.mediaplateforme.com\/fr\/\"},{\"@type\":\"ListItem\",\"position\":2,\"name\":\"Badr Siwane class\u00e9 16\u00e8me au Championnat du monde d\u2019aquathlon\"}]},{\"@type\":\"WebSite\",\"@id\":\"https:\/\/www.mediaplateforme.com\/fr\/#website\",\"url\":\"https:\/\/www.mediaplateforme.com\/fr\/\",\"name\":\"MEDIA PLATEFORME | FR\",\"description\":\"Mediaplateforme sp\u00e9cialis\u00e9 dans la communication institutions publiques et des entreprises\",\"potentialAction\":[{\"@type\":\"SearchAction\",\"target\":{\"@type\":\"EntryPoint\",\"urlTemplate\":\"https:\/\/www.mediaplateforme.com\/fr\/?s={search_term_string}\"},\"query-input\":\"required name=search_term_string\"}],\"inLanguage\":\"fr-FR\"},{\"@type\":\"Person\",\"@id\":\"https:\/\/www.mediaplateforme.com\/fr\/#\/schema\/person\/89833db382b5db2c76b094bc902aa12a\",\"name\":\"Mediaplateforme\",\"image\":{\"@type\":\"ImageObject\",\"inLanguage\":\"fr-FR\",\"@id\":\"https:\/\/www.mediaplateforme.com\/fr\/#\/schema\/person\/image\/\",\"url\":\"https:\/\/secure.gravatar.com\/avatar\/6c9c02e8928cc65d54bf75157f7b3a2d06d7ad0494ca0951f679552ff03b34c1?s=96&d=mm&r=g\",\"contentUrl\":\"https:\/\/secure.gravatar.com\/avatar\/6c9c02e8928cc65d54bf75157f7b3a2d06d7ad0494ca0951f679552ff03b34c1?s=96&d=mm&r=g\",\"caption\":\"Mediaplateforme\"},\"sameAs\":[\"https:\/\/www.mediaplateforme.com\"],\"url\":\"https:\/\/www.mediaplateforme.com\/fr\/author\/mohamedladib\/\"}]}<\/script>\n<!-- \/ Yoast SEO plugin. -->","yoast_head_json":{"title":"Badr Siwane class\u00e9 16\u00e8me au Championnat du monde d\u2019aquathlon - MEDIA PLATEFORME | FR","description":"Siwane, le c\u00e9l\u00e8bre athl\u00e8te marocain de triathlon, a fait une belle performance lors du Championnat du monde d\u2019aquathlon, qui s'est","robots":{"index":"index","follow":"follow","max-snippet":"max-snippet:-1","max-image-preview":"max-image-preview:large","max-video-preview":"max-video-preview:-1"},"canonical":"https:\/\/www.mediaplateforme.com\/fr\/badr-siwane-classe-16eme-au-championnat-du-monde-daquathlon\/","og_locale":"fr_FR","og_type":"article","og_title":"Badr Siwane class\u00e9 16\u00e8me au Championnat du monde d\u2019aquathlon - MEDIA PLATEFORME | FR","og_description":"Siwane, le c\u00e9l\u00e8bre athl\u00e8te marocain de triathlon, a fait une belle performance lors du Championnat du monde d\u2019aquathlon, qui s'est","og_url":"https:\/\/www.mediaplateforme.com\/fr\/badr-siwane-classe-16eme-au-championnat-du-monde-daquathlon\/","og_site_name":"MEDIA PLATEFORME | FR","article_published_time":"2023-05-15T11:00:55+00:00","og_image":[{"width":1600,"height":1066,"url":"https:\/\/www.mediaplateforme.com\/fr\/wp-content\/uploads\/sites\/5\/2023\/05\/Badr-Siwane-2.jpeg","type":"image\/jpeg"}],"author":"Mediaplateforme","twitter_card":"summary_large_image","twitter_misc":{"\u00c9crit par":"Mediaplateforme","Dur\u00e9e de lecture estim\u00e9e":"2 minutes"},"schema":{"@context":"https:\/\/schema.org","@graph":[{"@type":"WebPage","@id":"https:\/\/www.mediaplateforme.com\/fr\/badr-siwane-classe-16eme-au-championnat-du-monde-daquathlon\/","url":"https:\/\/www.mediaplateforme.com\/fr\/badr-siwane-classe-16eme-au-championnat-du-monde-daquathlon\/","name":"Badr Siwane class\u00e9 16\u00e8me au Championnat du monde d\u2019aquathlon - MEDIA PLATEFORME | FR","isPartOf":{"@id":"https:\/\/www.mediaplateforme.com\/fr\/#website"},"datePublished":"2023-05-15T11:00:55+00:00","dateModified":"2023-05-15T11:00:55+00:00","author":{"@id":"https:\/\/www.mediaplateforme.com\/fr\/#\/schema\/person\/89833db382b5db2c76b094bc902aa12a"},"description":"Siwane, le c\u00e9l\u00e8bre athl\u00e8te marocain de triathlon, a fait une belle performance lors du Championnat du monde d\u2019aquathlon, qui s'est","breadcrumb":{"@id":"https:\/\/www.mediaplateforme.com\/fr\/badr-siwane-classe-16eme-au-championnat-du-monde-daquathlon\/#breadcrumb"},"inLanguage":"fr-FR","potentialAction":[{"@type":"ReadAction","target":["https:\/\/www.mediaplateforme.com\/fr\/badr-siwane-classe-16eme-au-championnat-du-monde-daquathlon\/"]}]},{"@type":"BreadcrumbList","@id":"https:\/\/www.mediaplateforme.com\/fr\/badr-siwane-classe-16eme-au-championnat-du-monde-daquathlon\/#breadcrumb","itemListElement":[{"@type":"ListItem","position":1,"name":"\u0627\u0644\u0631\u0626\u064a\u0633\u064a\u0629","item":"https:\/\/www.mediaplateforme.com\/fr\/"},{"@type":"ListItem","position":2,"name":"Badr Siwane class\u00e9 16\u00e8me au Championnat du monde d\u2019aquathlon"}]},{"@type":"WebSite","@id":"https:\/\/www.mediaplateforme.com\/fr\/#website","url":"https:\/\/www.mediaplateforme.com\/fr\/","name":"MEDIA PLATEFORME | FR","description":"Mediaplateforme sp\u00e9cialis\u00e9 dans la communication institutions publiques et des entreprises","potentialAction":[{"@type":"SearchAction","target":{"@type":"EntryPoint","urlTemplate":"https:\/\/www.mediaplateforme.com\/fr\/?s={search_term_string}"},"query-input":"required name=search_term_string"}],"inLanguage":"fr-FR"},{"@type":"Person","@id":"https:\/\/www.mediaplateforme.com\/fr\/#\/schema\/person\/89833db382b5db2c76b094bc902aa12a","name":"Mediaplateforme","image":{"@type":"ImageObject","inLanguage":"fr-FR","@id":"https:\/\/www.mediaplateforme.com\/fr\/#\/schema\/person\/image\/","url":"https:\/\/secure.gravatar.com\/avatar\/6c9c02e8928cc65d54bf75157f7b3a2d06d7ad0494ca0951f679552ff03b34c1?s=96&d=mm&r=g","contentUrl":"https:\/\/secure.gravatar.com\/avatar\/6c9c02e8928cc65d54bf75157f7b3a2d06d7ad0494ca0951f679552ff03b34c1?s=96&d=mm&r=g","caption":"Mediaplateforme"},"sameAs":["https:\/\/www.mediaplateforme.com"],"url":"https:\/\/www.mediaplateforme.com\/fr\/author\/mohamedladib\/"}]}},"_links":{"self":[{"href":"https:\/\/www.mediaplateforme.com\/fr\/wp-json\/wp\/v2\/posts\/2930","targetHints":{"allow":["GET"]}}],"collection":[{"href":"https:\/\/www.mediaplateforme.com\/fr\/wp-json\/wp\/v2\/posts"}],"about":[{"href":"https:\/\/www.mediaplateforme.com\/fr\/wp-json\/wp\/v2\/types\/post"}],"author":[{"embeddable":true,"href":"https:\/\/www.mediaplateforme.com\/fr\/wp-json\/wp\/v2\/users\/1"}],"replies":[{"embeddable":true,"href":"https:\/\/www.mediaplateforme.com\/fr\/wp-json\/wp\/v2\/comments?post=2930"}],"version-history":[{"count":1,"href":"https:\/\/www.mediaplateforme.com\/fr\/wp-json\/wp\/v2\/posts\/2930\/revisions"}],"predecessor-version":[{"id":2932,"href":"https:\/\/www.mediaplateforme.com\/fr\/wp-json\/wp\/v2\/posts\/2930\/revisions\/2932"}],"wp:featuredmedia":[{"embeddable":true,"href":"https:\/\/www.mediaplateforme.com\/fr\/wp-json\/wp\/v2\/media\/2931"}],"wp:attachment":[{"href":"https:\/\/www.mediaplateforme.com\/fr\/wp-json\/wp\/v2\/media?parent=2930"}],"wp:term":[{"taxonomy":"category","embeddable":true,"href":"https:\/\/www.mediaplateforme.com\/fr\/wp-json\/wp\/v2\/categories?post=2930"},{"taxonomy":"post_tag","embeddable":true,"href":"https:\/\/www.mediaplateforme.com\/fr\/wp-json\/wp\/v2\/tags?post=2930"}],"curies":[{"name":"wp","href":"https:\/\/api.w.org\/{rel}","templated":true}]}}