{"id":2927,"date":"2023-05-15T11:55:31","date_gmt":"2023-05-15T10:55:31","guid":{"rendered":"https:\/\/www.mediaplateforme.com\/fr\/?p=2927"},"modified":"2023-05-15T11:55:31","modified_gmt":"2023-05-15T10:55:31","slug":"la-federation-marocaine-de-plasturgie-organise-la-9eme-edition-du-plastexpo","status":"publish","type":"post","link":"https:\/\/www.mediaplateforme.com\/fr\/la-federation-marocaine-de-plasturgie-organise-la-9eme-edition-du-plastexpo\/","title":{"rendered":"La F\u00e9d\u00e9ration Marocaine de Plasturgie organise la 9\u00e8me \u00e9dition du PlastExpo"},"content":{"rendered":"<p><strong>Sous l\u2019\u00e9gide du Minist\u00e8re de l\u2019Industrie et du Commerce et avec l\u2019Appui de l\u2019Agence Marocaine de d\u00e9veloppement des investissements et des Exportations (AMDIE) et en partenariat avec la CGEM, La F\u00e9d\u00e9ration Marocaine de Plasturgie organise la 9<sup>\u00e8me<\/sup> \u00e9dition du PlastExpo \u2013 Salon International du Plastique , de Caoutchouc, des Composites et de P\u00e9trochimie- et de la 4<sup>\u00e8me<\/sup> Edition du PackExpo ( Salon International du Packaging, de l\u2019Impression et de la logistique de proximit\u00e9) qui se tiendront en Concomitance du 07 AU 10 Juin 2023 au parc des expositions Mohammed VI \u00e0 El Jadida \u2013 Maroc .<\/strong><\/p>\n<p><strong>En plus de la mobilisation des acteurs locaux de la plasturgie et du packaging pour l\u2019occasion, la F\u00e9d\u00e9ration Marocaine de Plasturgie a entam\u00e9 les contacts avec les repr\u00e9sentations commerciales et \u00e9conomiques des ambassades \u00e9trang\u00e8res partenaires install\u00e9s au Maroc pour la participation des Industriels de leurs pays.<\/strong><\/p>\n<p><strong>Des exposants de 30 pays sont attendus avec pas moins de 350 acteurs nationaux et internationaux avec un volume de visitorat professionnel attendu d\u00e9passant les 20 000 personnes. Deux pays partenaires seront \u00e0 l\u2019honneur pour cette Edition, il s\u2019agit de l\u2019Italie repr\u00e9sent\u00e9 par l\u2019Association des constructeurs de machines pour le Plastiques et Caoutchouc (AMAPLAST) et le Portugal repr\u00e9sent\u00e9 par l\u2019Association Portugaise des Industriels du Plastique (APIP).<\/strong><\/p>\n<p><strong>Ces contacts ont \u00e9t\u00e9 pr\u00e9c\u00e9d\u00e9s par plusieurs actions en l\u2019occurrence, la signature le 20 juin 2022, de la convention cadre pour le sourcing local en emballage du secteur agroalimentaire en pr\u00e9sence de Monsieur le Ministre de l\u2019Industrie Ryad MEZZOUR, du Pr\u00e9sident de la FENAGRI et ce de plusieurs autres f\u00e9d\u00e9rations partenaires. Une autre convention sp\u00e9cifique sourcing local en produits de la plasturgie a \u00e9t\u00e9 sign\u00e9 \u00e0 l\u2019occasion pour substituer l\u2019importation des emballages plastiques dans un objectif de renforcer la souverainet\u00e9 et l\u2019autonomie de l\u2019industrie marocaine.<\/strong><\/p>\n<p><strong>Des conventions pour le d\u00e9veloppement de l\u2019Investissement au Maroc et \u00e0 l\u2019\u00e9tranger ont \u00e9t\u00e9 sign\u00e9es avec plusieurs repr\u00e9sentations sectorielles lors du Plastics Summit \u2013 Global Event 2022 en Octobre 2022 et du <\/strong>10\u00e8me \u00e9dition du Forum-exposition de la Plasturgie qui a \u00e9t\u00e9 organis\u00e9 en juin 2022 sous l\u2019\u00e9gide du minist\u00e8re de l\u2019Industrie et du Commerce, en partenariat avec la CGEM, et avec le sponsoring de la Soci\u00e9t\u00e9 Nationale d\u2019Electrolyse et de P\u00e9trochimie (SNEP) et le soutien de l\u2019Agence Marocaine de D\u00e9veloppement de l\u2019Investissement et des Exportations (AMDIE).<\/p>\n<p>A l\u2019occasion du lancement de ces deux manifestations sectorielles internationales de la plasturgie, sourcing local du secteur de l\u2019agroalimentaire, <strong>Monsieur Hicham EL HAID<\/strong>, pr\u00e9sident de la F\u00e9d\u00e9ration Marocaine de Plasturgie et Pr\u00e9sident du Plastexpo 2023 et du PackExpo 2023 pr\u00e9cise que <em>\u00ab\u00a0Le leitmotive des \u00e9ditions 2023 du Plastexpo et du Packexpo s\u2019inspire de cette nouvelle approche adopt\u00e9e par l\u2019ing\u00e9niosit\u00e9 de notreminist\u00e8re de tutelle d\u2019impliquer en amont les diff\u00e9rents secteurs de l\u2019\u00e9cosyst\u00e8me industriel marocain pour la fructification des synergies intersectorielles dans un objectif de renforcer la souverainet\u00e9 industrielle marocaine dans un objectif solennel d\u2019une concr\u00e9tisation des grandes orientations de Sa Majest\u00e9 le Roi Mohammed VI, qui surement va avoir un impact direct sur le secteur de la plasturgie en particulier et sur l\u2019industrie marocaine plus g\u00e9n\u00e9ralement. Une fois de plus, la plasturgie marocaine \u00e0 travers la signature de des derni\u00e8res conventions et des conventions en cours de pr\u00e9paration confirme son implication et son engagement \u00e0 accompagner le secteur de l\u2019agroalimentaire, de l\u2019automobile, du b\u00e2timent \u2026etc et ce pour plus d\u2019int\u00e9gration en faveur de produits 100% made in Morroco.\u00a0\u00bb<\/em><\/p>\n","protected":false},"excerpt":{"rendered":"<p>Sous l\u2019\u00e9gide du Minist\u00e8re de l\u2019Industrie et du Commerce et avec l\u2019Appui de l\u2019Agence Marocaine<\/p>\n","protected":false},"author":1,"featured_media":2928,"comment_status":"open","ping_status":"open","sticky":false,"template":"","format":"standard","meta":{"_acf_changed":false,"footnotes":""},"categories":[2,3],"tags":[864],"class_list":["post-2927","post","type-post","status-publish","format-standard","has-post-thumbnail","hentry","category-nouvelles","category-nouvelles-selectionnees","tag-salon-international-du-plastique"],"acf":[],"yoast_head":"<!-- This site is optimized with the Yoast SEO plugin v22.0 - https:\/\/yoast.com\/wordpress\/plugins\/seo\/ -->\n<title>La F\u00e9d\u00e9ration Marocaine de Plasturgie organise la 9\u00e8me \u00e9dition du PlastExpo - MEDIA PLATEFORME | FR<\/title>\n<meta name=\"description\" content=\"Salon International du Plastique , de Caoutchouc, des Composites et de P\u00e9trochimie- et de la 4\u00e8me Edition du PackExpo ( Salon International\" \/>\n<meta name=\"robots\" content=\"index, follow, max-snippet:-1, max-image-preview:large, max-video-preview:-1\" \/>\n<link rel=\"canonical\" href=\"https:\/\/www.mediaplateforme.com\/fr\/la-federation-marocaine-de-plasturgie-organise-la-9eme-edition-du-plastexpo\/\" \/>\n<meta property=\"og:locale\" content=\"fr_FR\" \/>\n<meta property=\"og:type\" content=\"article\" \/>\n<meta property=\"og:title\" content=\"La F\u00e9d\u00e9ration Marocaine de Plasturgie organise la 9\u00e8me \u00e9dition du PlastExpo - MEDIA PLATEFORME | FR\" \/>\n<meta property=\"og:description\" content=\"Salon International du Plastique , de Caoutchouc, des Composites et de P\u00e9trochimie- et de la 4\u00e8me Edition du PackExpo ( Salon International\" \/>\n<meta property=\"og:url\" content=\"https:\/\/www.mediaplateforme.com\/fr\/la-federation-marocaine-de-plasturgie-organise-la-9eme-edition-du-plastexpo\/\" \/>\n<meta property=\"og:site_name\" content=\"MEDIA PLATEFORME | FR\" \/>\n<meta property=\"article:published_time\" content=\"2023-05-15T10:55:31+00:00\" \/>\n<meta property=\"og:image\" content=\"https:\/\/www.mediaplateforme.com\/fr\/wp-content\/uploads\/sites\/5\/2023\/05\/expo-affiche.jpg\" \/>\n\t<meta property=\"og:image:width\" content=\"685\" \/>\n\t<meta property=\"og:image:height\" content=\"562\" \/>\n\t<meta property=\"og:image:type\" content=\"image\/jpeg\" \/>\n<meta name=\"author\" content=\"Mediaplateforme\" \/>\n<meta name=\"twitter:card\" content=\"summary_large_image\" \/>\n<meta name=\"twitter:label1\" content=\"\u00c9crit par\" \/>\n\t<meta name=\"twitter:data1\" content=\"Mediaplateforme\" \/>\n\t<meta name=\"twitter:label2\" content=\"Dur\u00e9e de lecture estim\u00e9e\" \/>\n\t<meta name=\"twitter:data2\" content=\"3 minutes\" \/>\n<script type=\"application\/ld+json\" class=\"yoast-schema-graph\">{\"@context\":\"https:\/\/schema.org\",\"@graph\":[{\"@type\":\"WebPage\",\"@id\":\"https:\/\/www.mediaplateforme.com\/fr\/la-federation-marocaine-de-plasturgie-organise-la-9eme-edition-du-plastexpo\/\",\"url\":\"https:\/\/www.mediaplateforme.com\/fr\/la-federation-marocaine-de-plasturgie-organise-la-9eme-edition-du-plastexpo\/\",\"name\":\"La F\u00e9d\u00e9ration Marocaine de Plasturgie organise la 9\u00e8me \u00e9dition du PlastExpo - MEDIA PLATEFORME | FR\",\"isPartOf\":{\"@id\":\"https:\/\/www.mediaplateforme.com\/fr\/#website\"},\"datePublished\":\"2023-05-15T10:55:31+00:00\",\"dateModified\":\"2023-05-15T10:55:31+00:00\",\"author\":{\"@id\":\"https:\/\/www.mediaplateforme.com\/fr\/#\/schema\/person\/89833db382b5db2c76b094bc902aa12a\"},\"description\":\"Salon International du Plastique , de Caoutchouc, des Composites et de P\u00e9trochimie- et de la 4\u00e8me Edition du PackExpo ( Salon International\",\"breadcrumb\":{\"@id\":\"https:\/\/www.mediaplateforme.com\/fr\/la-federation-marocaine-de-plasturgie-organise-la-9eme-edition-du-plastexpo\/#breadcrumb\"},\"inLanguage\":\"fr-FR\",\"potentialAction\":[{\"@type\":\"ReadAction\",\"target\":[\"https:\/\/www.mediaplateforme.com\/fr\/la-federation-marocaine-de-plasturgie-organise-la-9eme-edition-du-plastexpo\/\"]}]},{\"@type\":\"BreadcrumbList\",\"@id\":\"https:\/\/www.mediaplateforme.com\/fr\/la-federation-marocaine-de-plasturgie-organise-la-9eme-edition-du-plastexpo\/#breadcrumb\",\"itemListElement\":[{\"@type\":\"ListItem\",\"position\":1,\"name\":\"\u0627\u0644\u0631\u0626\u064a\u0633\u064a\u0629\",\"item\":\"https:\/\/www.mediaplateforme.com\/fr\/\"},{\"@type\":\"ListItem\",\"position\":2,\"name\":\"La F\u00e9d\u00e9ration Marocaine de Plasturgie organise la 9\u00e8me \u00e9dition du PlastExpo\"}]},{\"@type\":\"WebSite\",\"@id\":\"https:\/\/www.mediaplateforme.com\/fr\/#website\",\"url\":\"https:\/\/www.mediaplateforme.com\/fr\/\",\"name\":\"MEDIA PLATEFORME | FR\",\"description\":\"Mediaplateforme sp\u00e9cialis\u00e9 dans la communication institutions publiques et des entreprises\",\"potentialAction\":[{\"@type\":\"SearchAction\",\"target\":{\"@type\":\"EntryPoint\",\"urlTemplate\":\"https:\/\/www.mediaplateforme.com\/fr\/?s={search_term_string}\"},\"query-input\":\"required name=search_term_string\"}],\"inLanguage\":\"fr-FR\"},{\"@type\":\"Person\",\"@id\":\"https:\/\/www.mediaplateforme.com\/fr\/#\/schema\/person\/89833db382b5db2c76b094bc902aa12a\",\"name\":\"Mediaplateforme\",\"image\":{\"@type\":\"ImageObject\",\"inLanguage\":\"fr-FR\",\"@id\":\"https:\/\/www.mediaplateforme.com\/fr\/#\/schema\/person\/image\/\",\"url\":\"https:\/\/secure.gravatar.com\/avatar\/6c9c02e8928cc65d54bf75157f7b3a2d06d7ad0494ca0951f679552ff03b34c1?s=96&d=mm&r=g\",\"contentUrl\":\"https:\/\/secure.gravatar.com\/avatar\/6c9c02e8928cc65d54bf75157f7b3a2d06d7ad0494ca0951f679552ff03b34c1?s=96&d=mm&r=g\",\"caption\":\"Mediaplateforme\"},\"sameAs\":[\"https:\/\/www.mediaplateforme.com\"],\"url\":\"https:\/\/www.mediaplateforme.com\/fr\/author\/mohamedladib\/\"}]}<\/script>\n<!-- \/ Yoast SEO plugin. -->","yoast_head_json":{"title":"La F\u00e9d\u00e9ration Marocaine de Plasturgie organise la 9\u00e8me \u00e9dition du PlastExpo - MEDIA PLATEFORME | FR","description":"Salon International du Plastique , de Caoutchouc, des Composites et de P\u00e9trochimie- et de la 4\u00e8me Edition du PackExpo ( Salon International","robots":{"index":"index","follow":"follow","max-snippet":"max-snippet:-1","max-image-preview":"max-image-preview:large","max-video-preview":"max-video-preview:-1"},"canonical":"https:\/\/www.mediaplateforme.com\/fr\/la-federation-marocaine-de-plasturgie-organise-la-9eme-edition-du-plastexpo\/","og_locale":"fr_FR","og_type":"article","og_title":"La F\u00e9d\u00e9ration Marocaine de Plasturgie organise la 9\u00e8me \u00e9dition du PlastExpo - MEDIA PLATEFORME | FR","og_description":"Salon International du Plastique , de Caoutchouc, des Composites et de P\u00e9trochimie- et de la 4\u00e8me Edition du PackExpo ( Salon International","og_url":"https:\/\/www.mediaplateforme.com\/fr\/la-federation-marocaine-de-plasturgie-organise-la-9eme-edition-du-plastexpo\/","og_site_name":"MEDIA PLATEFORME | FR","article_published_time":"2023-05-15T10:55:31+00:00","og_image":[{"width":685,"height":562,"url":"https:\/\/www.mediaplateforme.com\/fr\/wp-content\/uploads\/sites\/5\/2023\/05\/expo-affiche.jpg","type":"image\/jpeg"}],"author":"Mediaplateforme","twitter_card":"summary_large_image","twitter_misc":{"\u00c9crit par":"Mediaplateforme","Dur\u00e9e de lecture estim\u00e9e":"3 minutes"},"schema":{"@context":"https:\/\/schema.org","@graph":[{"@type":"WebPage","@id":"https:\/\/www.mediaplateforme.com\/fr\/la-federation-marocaine-de-plasturgie-organise-la-9eme-edition-du-plastexpo\/","url":"https:\/\/www.mediaplateforme.com\/fr\/la-federation-marocaine-de-plasturgie-organise-la-9eme-edition-du-plastexpo\/","name":"La F\u00e9d\u00e9ration Marocaine de Plasturgie organise la 9\u00e8me \u00e9dition du PlastExpo - MEDIA PLATEFORME | FR","isPartOf":{"@id":"https:\/\/www.mediaplateforme.com\/fr\/#website"},"datePublished":"2023-05-15T10:55:31+00:00","dateModified":"2023-05-15T10:55:31+00:00","author":{"@id":"https:\/\/www.mediaplateforme.com\/fr\/#\/schema\/person\/89833db382b5db2c76b094bc902aa12a"},"description":"Salon International du Plastique , de Caoutchouc, des Composites et de P\u00e9trochimie- et de la 4\u00e8me Edition du PackExpo ( Salon International","breadcrumb":{"@id":"https:\/\/www.mediaplateforme.com\/fr\/la-federation-marocaine-de-plasturgie-organise-la-9eme-edition-du-plastexpo\/#breadcrumb"},"inLanguage":"fr-FR","potentialAction":[{"@type":"ReadAction","target":["https:\/\/www.mediaplateforme.com\/fr\/la-federation-marocaine-de-plasturgie-organise-la-9eme-edition-du-plastexpo\/"]}]},{"@type":"BreadcrumbList","@id":"https:\/\/www.mediaplateforme.com\/fr\/la-federation-marocaine-de-plasturgie-organise-la-9eme-edition-du-plastexpo\/#breadcrumb","itemListElement":[{"@type":"ListItem","position":1,"name":"\u0627\u0644\u0631\u0626\u064a\u0633\u064a\u0629","item":"https:\/\/www.mediaplateforme.com\/fr\/"},{"@type":"ListItem","position":2,"name":"La F\u00e9d\u00e9ration Marocaine de Plasturgie organise la 9\u00e8me \u00e9dition du PlastExpo"}]},{"@type":"WebSite","@id":"https:\/\/www.mediaplateforme.com\/fr\/#website","url":"https:\/\/www.mediaplateforme.com\/fr\/","name":"MEDIA PLATEFORME | FR","description":"Mediaplateforme sp\u00e9cialis\u00e9 dans la communication institutions publiques et des entreprises","potentialAction":[{"@type":"SearchAction","target":{"@type":"EntryPoint","urlTemplate":"https:\/\/www.mediaplateforme.com\/fr\/?s={search_term_string}"},"query-input":"required name=search_term_string"}],"inLanguage":"fr-FR"},{"@type":"Person","@id":"https:\/\/www.mediaplateforme.com\/fr\/#\/schema\/person\/89833db382b5db2c76b094bc902aa12a","name":"Mediaplateforme","image":{"@type":"ImageObject","inLanguage":"fr-FR","@id":"https:\/\/www.mediaplateforme.com\/fr\/#\/schema\/person\/image\/","url":"https:\/\/secure.gravatar.com\/avatar\/6c9c02e8928cc65d54bf75157f7b3a2d06d7ad0494ca0951f679552ff03b34c1?s=96&d=mm&r=g","contentUrl":"https:\/\/secure.gravatar.com\/avatar\/6c9c02e8928cc65d54bf75157f7b3a2d06d7ad0494ca0951f679552ff03b34c1?s=96&d=mm&r=g","caption":"Mediaplateforme"},"sameAs":["https:\/\/www.mediaplateforme.com"],"url":"https:\/\/www.mediaplateforme.com\/fr\/author\/mohamedladib\/"}]}},"_links":{"self":[{"href":"https:\/\/www.mediaplateforme.com\/fr\/wp-json\/wp\/v2\/posts\/2927","targetHints":{"allow":["GET"]}}],"collection":[{"href":"https:\/\/www.mediaplateforme.com\/fr\/wp-json\/wp\/v2\/posts"}],"about":[{"href":"https:\/\/www.mediaplateforme.com\/fr\/wp-json\/wp\/v2\/types\/post"}],"author":[{"embeddable":true,"href":"https:\/\/www.mediaplateforme.com\/fr\/wp-json\/wp\/v2\/users\/1"}],"replies":[{"embeddable":true,"href":"https:\/\/www.mediaplateforme.com\/fr\/wp-json\/wp\/v2\/comments?post=2927"}],"version-history":[{"count":1,"href":"https:\/\/www.mediaplateforme.com\/fr\/wp-json\/wp\/v2\/posts\/2927\/revisions"}],"predecessor-version":[{"id":2929,"href":"https:\/\/www.mediaplateforme.com\/fr\/wp-json\/wp\/v2\/posts\/2927\/revisions\/2929"}],"wp:featuredmedia":[{"embeddable":true,"href":"https:\/\/www.mediaplateforme.com\/fr\/wp-json\/wp\/v2\/media\/2928"}],"wp:attachment":[{"href":"https:\/\/www.mediaplateforme.com\/fr\/wp-json\/wp\/v2\/media?parent=2927"}],"wp:term":[{"taxonomy":"category","embeddable":true,"href":"https:\/\/www.mediaplateforme.com\/fr\/wp-json\/wp\/v2\/categories?post=2927"},{"taxonomy":"post_tag","embeddable":true,"href":"https:\/\/www.mediaplateforme.com\/fr\/wp-json\/wp\/v2\/tags?post=2927"}],"curies":[{"name":"wp","href":"https:\/\/api.w.org\/{rel}","templated":true}]}}