{"id":2915,"date":"2023-05-12T18:20:17","date_gmt":"2023-05-12T17:20:17","guid":{"rendered":"https:\/\/www.mediaplateforme.com\/fr\/?p=2915"},"modified":"2023-05-12T18:20:17","modified_gmt":"2023-05-12T17:20:17","slug":"aeroport-marrakech-menara-mise-en-service-du-guichet-unique-kech-cab-pour-la-precommande-et-la-reservation-des-taxis","status":"publish","type":"post","link":"https:\/\/www.mediaplateforme.com\/fr\/aeroport-marrakech-menara-mise-en-service-du-guichet-unique-kech-cab-pour-la-precommande-et-la-reservation-des-taxis\/","title":{"rendered":"A\u00e9roport Marrakech Menara : Mise en service du Guichet unique \u00ab kech.cab \u00bb pour la pr\u00e9commande et la r\u00e9servation des taxis"},"content":{"rendered":"<p>L\u2019ONDA annonce aux passagers de l\u2019a\u00e9roport Marrakech Menara la mise en place d\u2019un guichet unique, d\u00e9di\u00e9 \u00e0 la pr\u00e9commande et la r\u00e9servation des taxis via un syst\u00e8me informatique bas\u00e9 sur les nouvelles technologies de l\u2019information et de la communication.<\/p>\n<p>L\u2019ONDA annonce aux passagers de l\u2019a\u00e9roport Marrakech Menara la mise en place d\u2019un guichet unique, d\u00e9di\u00e9 \u00e0 la pr\u00e9commande et la r\u00e9servation des taxis via un syst\u00e8me informatique bas\u00e9 sur les nouvelles technologies de l\u2019information et de la communication.<\/p>\n<p>Cette \u00e9tape de pr\u00e9commande et pr\u00e9paiement pourra prochainement se faire en ligne sur un site d\u00e9di\u00e9 \u00ab\u00a0order.kech.cab\u00a0\u00bb ou sur l\u2019une des bornes qui seront install\u00e9es.<\/p>\n<p>Les taxis desservant la ville de Marrakech \u00e0 partir de l\u2019a\u00e9roport sont pr\u00e9alablement inscrits et r\u00e9pertori\u00e9s sur une application mise \u00e0 leur disposition par le prestataire. Ils re\u00e7oivent un tag \u00e0 coller sur leur v\u00e9hicule et un badge d\u2019identification les habilitant \u00e0 assurer ce service.<\/p>\n<p>&nbsp;<\/p>\n<p>Ce projet intervient dans le cadre des efforts d\u00e9ploy\u00e9s par l\u2019ONDA pour offrir une meilleure exp\u00e9rience aux passagers gr\u00e2ce \u00e0 la r\u00e9organisation de la connectivit\u00e9 de l\u2019a\u00e9roport \u00e0 la ville permettant d\u2019\u00e9viter la manipulation des prix et de mettre fin \u00e0 toute pratique contraire \u00e0 la loi. Ainsi, et en coordination avec les autorit\u00e9s locales, l\u2019ONDA a lanc\u00e9 un appel \u00e0 manifestation d\u2019int\u00e9r\u00eat qui a abouti \u00e0 la s\u00e9lection de la startup marocaine \u00ab\u00a0Casky\u00a0\u00bb pour l\u2019organisation, la modernisation et l\u2019automatisation de la prestation de transport par taxi, \u00e0 partir de cet a\u00e9roport.<\/p>\n<p>&nbsp;<\/p>\n<p>Ce syst\u00e8me fonctionne gr\u00e2ce \u00e0 une interface informatique multi-langues, op\u00e9rationnelle 24h\/24 et 7jours\/7, permettant la gestion des pr\u00e9commandes et \u00e9dition des tickets de r\u00e9servation des taxis, la gestion des files d&rsquo;attentes des taxis et des clients. Elle permet \u00e9galement la prise en charge du volet de paiement des courses et la gestion des r\u00e9clamations.<\/p>\n<p>&nbsp;<\/p>\n<p>La solution permet \u00e9galement de remonter les donn\u00e9es en temps r\u00e9el, pour le suivi et le contr\u00f4le par une commission institu\u00e9e par la pr\u00e9fecture \u00e0 cet effet.<\/p>\n<p>&nbsp;<\/p>\n<p>En plus des pr\u00e9paratifs pr\u00e9alables, n\u00e9cessaires pour le d\u00e9ploiement de ce nouveau service, l\u2019ONDA a accompagn\u00e9 ce projet par plusieurs autres actions structurantes\u00a0:<\/p>\n<p>&nbsp;<\/p>\n<ul>\n<li>Mise en place d\u2019une signal\u00e9tique claire \u00e0 l\u2019int\u00e9rieur et \u00e0 l\u2019ext\u00e9rieur de l\u2019a\u00e9roport\u00a0;<\/li>\n<li>R\u00e9organisation de l\u2019attente \u00e0 l\u2019arriv\u00e9e avec d\u00e9limitation du circuit menant vers le guichet taxis\u00a0; R\u00e9am\u00e9nagement des voies de circulation au niveau des voies d\u2019acc\u00e8s et de sortie de l\u2019a\u00e9roport et au niveau de la station principale des taxis (base arri\u00e8re), avec notamment la mise en place de feux tricolores.<\/li>\n<li>Octroi de conditions avantageuses au prestataire de ce service.<\/li>\n<\/ul>\n<p>&nbsp;<\/p>\n<p>Cette d\u00e9marche est appel\u00e9e \u00e0 \u00eatre g\u00e9n\u00e9ralis\u00e9e \u00e0 d\u2019autres a\u00e9roports du Maroc.<\/p>\n<p>&nbsp;<\/p>\n<p>L&rsquo;Office National Des A\u00e9roports reste soucieux d&rsquo;\u00e9lever la qualit\u00e9 des services au plus haut niveau, conform\u00e9ment aux meilleurs standards au niveau international, pour que les A\u00e9roports du Maroc puissent \u00eatre une belle vitrine du Maroc et un facteur d\u2019attractivit\u00e9 tant pour les touristes que pour les investisseurs.<\/p>\n","protected":false},"excerpt":{"rendered":"<p>L\u2019ONDA annonce aux passagers de l\u2019a\u00e9roport Marrakech Menara la mise en place d\u2019un guichet unique,<\/p>\n","protected":false},"author":1,"featured_media":2916,"comment_status":"open","ping_status":"open","sticky":false,"template":"","format":"standard","meta":{"_acf_changed":false,"footnotes":""},"categories":[2,3],"tags":[858,857],"class_list":["post-2915","post","type-post","status-publish","format-standard","has-post-thumbnail","hentry","category-nouvelles","category-nouvelles-selectionnees","tag-londa","tag-taxis"],"acf":[],"yoast_head":"<!-- This site is optimized with the Yoast SEO plugin v22.0 - https:\/\/yoast.com\/wordpress\/plugins\/seo\/ -->\n<title>A\u00e9roport Marrakech Menara : Mise en service du Guichet unique \u00ab kech.cab \u00bb pour la pr\u00e9commande et la r\u00e9servation des taxis - MEDIA PLATEFORME | FR<\/title>\n<meta name=\"description\" content=\"L\u2019ONDA annonce aux passagers de l\u2019a\u00e9roport Marrakech Menara la mise en place d\u2019un guichet unique, d\u00e9di\u00e9 \u00e0 la pr\u00e9commande et des taxis via\" \/>\n<meta name=\"robots\" content=\"index, follow, max-snippet:-1, max-image-preview:large, max-video-preview:-1\" \/>\n<link rel=\"canonical\" href=\"https:\/\/www.mediaplateforme.com\/fr\/aeroport-marrakech-menara-mise-en-service-du-guichet-unique-kech-cab-pour-la-precommande-et-la-reservation-des-taxis\/\" \/>\n<meta property=\"og:locale\" content=\"fr_FR\" \/>\n<meta property=\"og:type\" content=\"article\" \/>\n<meta property=\"og:title\" content=\"A\u00e9roport Marrakech Menara : Mise en service du Guichet unique \u00ab kech.cab \u00bb pour la pr\u00e9commande et la r\u00e9servation des taxis - MEDIA PLATEFORME | FR\" \/>\n<meta property=\"og:description\" content=\"L\u2019ONDA annonce aux passagers de l\u2019a\u00e9roport Marrakech Menara la mise en place d\u2019un guichet unique, d\u00e9di\u00e9 \u00e0 la pr\u00e9commande et des taxis via\" \/>\n<meta property=\"og:url\" content=\"https:\/\/www.mediaplateforme.com\/fr\/aeroport-marrakech-menara-mise-en-service-du-guichet-unique-kech-cab-pour-la-precommande-et-la-reservation-des-taxis\/\" \/>\n<meta property=\"og:site_name\" content=\"MEDIA PLATEFORME | FR\" \/>\n<meta property=\"article:published_time\" content=\"2023-05-12T17:20:17+00:00\" \/>\n<meta property=\"og:image\" content=\"https:\/\/www.mediaplateforme.com\/fr\/wp-content\/uploads\/sites\/5\/2023\/05\/menara-airport-taxi.jpg\" \/>\n\t<meta property=\"og:image:width\" content=\"586\" \/>\n\t<meta property=\"og:image:height\" content=\"439\" \/>\n\t<meta property=\"og:image:type\" content=\"image\/jpeg\" \/>\n<meta name=\"author\" content=\"Mediaplateforme\" \/>\n<meta name=\"twitter:card\" content=\"summary_large_image\" \/>\n<meta name=\"twitter:label1\" content=\"\u00c9crit par\" \/>\n\t<meta name=\"twitter:data1\" content=\"Mediaplateforme\" \/>\n\t<meta name=\"twitter:label2\" content=\"Dur\u00e9e de lecture estim\u00e9e\" \/>\n\t<meta name=\"twitter:data2\" content=\"3 minutes\" \/>\n<script type=\"application\/ld+json\" class=\"yoast-schema-graph\">{\"@context\":\"https:\/\/schema.org\",\"@graph\":[{\"@type\":\"WebPage\",\"@id\":\"https:\/\/www.mediaplateforme.com\/fr\/aeroport-marrakech-menara-mise-en-service-du-guichet-unique-kech-cab-pour-la-precommande-et-la-reservation-des-taxis\/\",\"url\":\"https:\/\/www.mediaplateforme.com\/fr\/aeroport-marrakech-menara-mise-en-service-du-guichet-unique-kech-cab-pour-la-precommande-et-la-reservation-des-taxis\/\",\"name\":\"A\u00e9roport Marrakech Menara : Mise en service du Guichet unique \u00ab kech.cab \u00bb pour la pr\u00e9commande et la r\u00e9servation des taxis - MEDIA PLATEFORME | FR\",\"isPartOf\":{\"@id\":\"https:\/\/www.mediaplateforme.com\/fr\/#website\"},\"datePublished\":\"2023-05-12T17:20:17+00:00\",\"dateModified\":\"2023-05-12T17:20:17+00:00\",\"author\":{\"@id\":\"https:\/\/www.mediaplateforme.com\/fr\/#\/schema\/person\/89833db382b5db2c76b094bc902aa12a\"},\"description\":\"L\u2019ONDA annonce aux passagers de l\u2019a\u00e9roport Marrakech Menara la mise en place d\u2019un guichet unique, d\u00e9di\u00e9 \u00e0 la pr\u00e9commande et des taxis via\",\"breadcrumb\":{\"@id\":\"https:\/\/www.mediaplateforme.com\/fr\/aeroport-marrakech-menara-mise-en-service-du-guichet-unique-kech-cab-pour-la-precommande-et-la-reservation-des-taxis\/#breadcrumb\"},\"inLanguage\":\"fr-FR\",\"potentialAction\":[{\"@type\":\"ReadAction\",\"target\":[\"https:\/\/www.mediaplateforme.com\/fr\/aeroport-marrakech-menara-mise-en-service-du-guichet-unique-kech-cab-pour-la-precommande-et-la-reservation-des-taxis\/\"]}]},{\"@type\":\"BreadcrumbList\",\"@id\":\"https:\/\/www.mediaplateforme.com\/fr\/aeroport-marrakech-menara-mise-en-service-du-guichet-unique-kech-cab-pour-la-precommande-et-la-reservation-des-taxis\/#breadcrumb\",\"itemListElement\":[{\"@type\":\"ListItem\",\"position\":1,\"name\":\"\u0627\u0644\u0631\u0626\u064a\u0633\u064a\u0629\",\"item\":\"https:\/\/www.mediaplateforme.com\/fr\/\"},{\"@type\":\"ListItem\",\"position\":2,\"name\":\"A\u00e9roport Marrakech Menara : Mise en service du Guichet unique \u00ab kech.cab \u00bb pour la pr\u00e9commande et la r\u00e9servation des taxis\"}]},{\"@type\":\"WebSite\",\"@id\":\"https:\/\/www.mediaplateforme.com\/fr\/#website\",\"url\":\"https:\/\/www.mediaplateforme.com\/fr\/\",\"name\":\"MEDIA PLATEFORME | FR\",\"description\":\"Mediaplateforme sp\u00e9cialis\u00e9 dans la communication institutions publiques et des entreprises\",\"potentialAction\":[{\"@type\":\"SearchAction\",\"target\":{\"@type\":\"EntryPoint\",\"urlTemplate\":\"https:\/\/www.mediaplateforme.com\/fr\/?s={search_term_string}\"},\"query-input\":\"required name=search_term_string\"}],\"inLanguage\":\"fr-FR\"},{\"@type\":\"Person\",\"@id\":\"https:\/\/www.mediaplateforme.com\/fr\/#\/schema\/person\/89833db382b5db2c76b094bc902aa12a\",\"name\":\"Mediaplateforme\",\"image\":{\"@type\":\"ImageObject\",\"inLanguage\":\"fr-FR\",\"@id\":\"https:\/\/www.mediaplateforme.com\/fr\/#\/schema\/person\/image\/\",\"url\":\"https:\/\/secure.gravatar.com\/avatar\/6c9c02e8928cc65d54bf75157f7b3a2d06d7ad0494ca0951f679552ff03b34c1?s=96&d=mm&r=g\",\"contentUrl\":\"https:\/\/secure.gravatar.com\/avatar\/6c9c02e8928cc65d54bf75157f7b3a2d06d7ad0494ca0951f679552ff03b34c1?s=96&d=mm&r=g\",\"caption\":\"Mediaplateforme\"},\"sameAs\":[\"https:\/\/www.mediaplateforme.com\"],\"url\":\"https:\/\/www.mediaplateforme.com\/fr\/author\/mohamedladib\/\"}]}<\/script>\n<!-- \/ Yoast SEO plugin. -->","yoast_head_json":{"title":"A\u00e9roport Marrakech Menara : Mise en service du Guichet unique \u00ab kech.cab \u00bb pour la pr\u00e9commande et la r\u00e9servation des taxis - MEDIA PLATEFORME | FR","description":"L\u2019ONDA annonce aux passagers de l\u2019a\u00e9roport Marrakech Menara la mise en place d\u2019un guichet unique, d\u00e9di\u00e9 \u00e0 la pr\u00e9commande et des taxis via","robots":{"index":"index","follow":"follow","max-snippet":"max-snippet:-1","max-image-preview":"max-image-preview:large","max-video-preview":"max-video-preview:-1"},"canonical":"https:\/\/www.mediaplateforme.com\/fr\/aeroport-marrakech-menara-mise-en-service-du-guichet-unique-kech-cab-pour-la-precommande-et-la-reservation-des-taxis\/","og_locale":"fr_FR","og_type":"article","og_title":"A\u00e9roport Marrakech Menara : Mise en service du Guichet unique \u00ab kech.cab \u00bb pour la pr\u00e9commande et la r\u00e9servation des taxis - MEDIA PLATEFORME | FR","og_description":"L\u2019ONDA annonce aux passagers de l\u2019a\u00e9roport Marrakech Menara la mise en place d\u2019un guichet unique, d\u00e9di\u00e9 \u00e0 la pr\u00e9commande et des taxis via","og_url":"https:\/\/www.mediaplateforme.com\/fr\/aeroport-marrakech-menara-mise-en-service-du-guichet-unique-kech-cab-pour-la-precommande-et-la-reservation-des-taxis\/","og_site_name":"MEDIA PLATEFORME | FR","article_published_time":"2023-05-12T17:20:17+00:00","og_image":[{"width":586,"height":439,"url":"https:\/\/www.mediaplateforme.com\/fr\/wp-content\/uploads\/sites\/5\/2023\/05\/menara-airport-taxi.jpg","type":"image\/jpeg"}],"author":"Mediaplateforme","twitter_card":"summary_large_image","twitter_misc":{"\u00c9crit par":"Mediaplateforme","Dur\u00e9e de lecture estim\u00e9e":"3 minutes"},"schema":{"@context":"https:\/\/schema.org","@graph":[{"@type":"WebPage","@id":"https:\/\/www.mediaplateforme.com\/fr\/aeroport-marrakech-menara-mise-en-service-du-guichet-unique-kech-cab-pour-la-precommande-et-la-reservation-des-taxis\/","url":"https:\/\/www.mediaplateforme.com\/fr\/aeroport-marrakech-menara-mise-en-service-du-guichet-unique-kech-cab-pour-la-precommande-et-la-reservation-des-taxis\/","name":"A\u00e9roport Marrakech Menara : Mise en service du Guichet unique \u00ab kech.cab \u00bb pour la pr\u00e9commande et la r\u00e9servation des taxis - MEDIA PLATEFORME | FR","isPartOf":{"@id":"https:\/\/www.mediaplateforme.com\/fr\/#website"},"datePublished":"2023-05-12T17:20:17+00:00","dateModified":"2023-05-12T17:20:17+00:00","author":{"@id":"https:\/\/www.mediaplateforme.com\/fr\/#\/schema\/person\/89833db382b5db2c76b094bc902aa12a"},"description":"L\u2019ONDA annonce aux passagers de l\u2019a\u00e9roport Marrakech Menara la mise en place d\u2019un guichet unique, d\u00e9di\u00e9 \u00e0 la pr\u00e9commande et des taxis via","breadcrumb":{"@id":"https:\/\/www.mediaplateforme.com\/fr\/aeroport-marrakech-menara-mise-en-service-du-guichet-unique-kech-cab-pour-la-precommande-et-la-reservation-des-taxis\/#breadcrumb"},"inLanguage":"fr-FR","potentialAction":[{"@type":"ReadAction","target":["https:\/\/www.mediaplateforme.com\/fr\/aeroport-marrakech-menara-mise-en-service-du-guichet-unique-kech-cab-pour-la-precommande-et-la-reservation-des-taxis\/"]}]},{"@type":"BreadcrumbList","@id":"https:\/\/www.mediaplateforme.com\/fr\/aeroport-marrakech-menara-mise-en-service-du-guichet-unique-kech-cab-pour-la-precommande-et-la-reservation-des-taxis\/#breadcrumb","itemListElement":[{"@type":"ListItem","position":1,"name":"\u0627\u0644\u0631\u0626\u064a\u0633\u064a\u0629","item":"https:\/\/www.mediaplateforme.com\/fr\/"},{"@type":"ListItem","position":2,"name":"A\u00e9roport Marrakech Menara : Mise en service du Guichet unique \u00ab kech.cab \u00bb pour la pr\u00e9commande et la r\u00e9servation des taxis"}]},{"@type":"WebSite","@id":"https:\/\/www.mediaplateforme.com\/fr\/#website","url":"https:\/\/www.mediaplateforme.com\/fr\/","name":"MEDIA PLATEFORME | FR","description":"Mediaplateforme sp\u00e9cialis\u00e9 dans la communication institutions publiques et des entreprises","potentialAction":[{"@type":"SearchAction","target":{"@type":"EntryPoint","urlTemplate":"https:\/\/www.mediaplateforme.com\/fr\/?s={search_term_string}"},"query-input":"required name=search_term_string"}],"inLanguage":"fr-FR"},{"@type":"Person","@id":"https:\/\/www.mediaplateforme.com\/fr\/#\/schema\/person\/89833db382b5db2c76b094bc902aa12a","name":"Mediaplateforme","image":{"@type":"ImageObject","inLanguage":"fr-FR","@id":"https:\/\/www.mediaplateforme.com\/fr\/#\/schema\/person\/image\/","url":"https:\/\/secure.gravatar.com\/avatar\/6c9c02e8928cc65d54bf75157f7b3a2d06d7ad0494ca0951f679552ff03b34c1?s=96&d=mm&r=g","contentUrl":"https:\/\/secure.gravatar.com\/avatar\/6c9c02e8928cc65d54bf75157f7b3a2d06d7ad0494ca0951f679552ff03b34c1?s=96&d=mm&r=g","caption":"Mediaplateforme"},"sameAs":["https:\/\/www.mediaplateforme.com"],"url":"https:\/\/www.mediaplateforme.com\/fr\/author\/mohamedladib\/"}]}},"_links":{"self":[{"href":"https:\/\/www.mediaplateforme.com\/fr\/wp-json\/wp\/v2\/posts\/2915","targetHints":{"allow":["GET"]}}],"collection":[{"href":"https:\/\/www.mediaplateforme.com\/fr\/wp-json\/wp\/v2\/posts"}],"about":[{"href":"https:\/\/www.mediaplateforme.com\/fr\/wp-json\/wp\/v2\/types\/post"}],"author":[{"embeddable":true,"href":"https:\/\/www.mediaplateforme.com\/fr\/wp-json\/wp\/v2\/users\/1"}],"replies":[{"embeddable":true,"href":"https:\/\/www.mediaplateforme.com\/fr\/wp-json\/wp\/v2\/comments?post=2915"}],"version-history":[{"count":1,"href":"https:\/\/www.mediaplateforme.com\/fr\/wp-json\/wp\/v2\/posts\/2915\/revisions"}],"predecessor-version":[{"id":2917,"href":"https:\/\/www.mediaplateforme.com\/fr\/wp-json\/wp\/v2\/posts\/2915\/revisions\/2917"}],"wp:featuredmedia":[{"embeddable":true,"href":"https:\/\/www.mediaplateforme.com\/fr\/wp-json\/wp\/v2\/media\/2916"}],"wp:attachment":[{"href":"https:\/\/www.mediaplateforme.com\/fr\/wp-json\/wp\/v2\/media?parent=2915"}],"wp:term":[{"taxonomy":"category","embeddable":true,"href":"https:\/\/www.mediaplateforme.com\/fr\/wp-json\/wp\/v2\/categories?post=2915"},{"taxonomy":"post_tag","embeddable":true,"href":"https:\/\/www.mediaplateforme.com\/fr\/wp-json\/wp\/v2\/tags?post=2915"}],"curies":[{"name":"wp","href":"https:\/\/api.w.org\/{rel}","templated":true}]}}