{"id":2826,"date":"2023-05-02T18:01:19","date_gmt":"2023-05-02T17:01:19","guid":{"rendered":"https:\/\/www.mediaplateforme.com\/fr\/?p=2826"},"modified":"2023-05-02T18:01:19","modified_gmt":"2023-05-02T17:01:19","slug":"lonmt-et-emirates-lorgnent-sur-les-marches-asiatiques","status":"publish","type":"post","link":"https:\/\/www.mediaplateforme.com\/fr\/lonmt-et-emirates-lorgnent-sur-les-marches-asiatiques\/","title":{"rendered":"L\u2019ONMT et Emirates lorgnent sur les march\u00e9s asiatiques"},"content":{"rendered":"<p>L\u2019Office National Marocain du Tourisme -ONMT- et\u00a0la compagnie a\u00e9rienne Emirates ont sign\u00e9 ce lundi 1<sup>er<\/sup> mai \u00e0 Duba\u00ef, en marge du salon Arabian Travel Market (ATM), un partenariat strat\u00e9gique dont l\u2019objectif est de stimuler les flux de visiteurs vers le Maroc.<\/p>\n<p>Cet accord in\u00e9dit vise \u00e0 renforcer l&rsquo;attractivit\u00e9 du Maroc dans plusieurs march\u00e9s cibles et \u00e0 p\u00e9n\u00e9trer de nouveaux march\u00e9s \u00e0 travers le r\u00e9seau de la compagnie a\u00e9rienne.<\/p>\n<p>&nbsp;<\/p>\n<p><strong>Adel El Fakir<\/strong>, Directeur G\u00e9n\u00e9ral de l&rsquo;Office du tourisme du Maroc s\u2019est d\u00e9plac\u00e9 \u00e0 Duba\u00ef pour l\u2019occasion. La compagnie Emirates \u00e9taient quant \u00e0 elle repr\u00e9sent\u00e9e par <strong>Adnan Kazim,<\/strong> directeur commercial et par <strong>Badr Abbas<\/strong>, premier vice-pr\u00e9sident des op\u00e9rations commerciales d&rsquo;Emirates pour l&rsquo;Afrique.<\/p>\n<p>&nbsp;<\/p>\n<p>Pour Adel El Fakir, DG de l\u2019ONMT <strong>\u00ab<em> Cet accord s\u2019inscrit dans le cadre de notre plan d\u2019action 2023-26 \u2018\u2018Light in action\u2019 dont le d\u00e9veloppement de l\u2019a\u00e9rien est l\u2019un des piliers majeurs. Ce partenariat contribuera \u00e0 concr\u00e9tiser nos objectifs de rayonnement de la destination Maroc et de mont\u00e9e en puissance des flux touristiques provenant du Moyen-Orient, du continent asiatique et \u00e9galement p\u00e9n\u00e9trer de nos nouveaux march\u00e9s cibles comme l\u2019Australie, le Japon, la Cor\u00e9e du Sud ou encore l\u2019Inde<\/em> en b\u00e9n\u00e9ficiant du r\u00e9seau d\u2019Emirates et de son expertise<\/strong> \u00bb,<\/p>\n<p>&nbsp;<\/p>\n<p>De son c\u00f4t\u00e9, Badr Abbas, vice-pr\u00e9sident des op\u00e9rations commerciales pour l&rsquo;Afrique d\u2019Emirates annonce que : \u00ab\u00a0<strong><em>Le protocole d&rsquo;accord sign\u00e9 ouvre la voie \u00e0 une plus grande coop\u00e9ration pour soutenir l&rsquo;essor du tourisme au Maroc. Afin de r\u00e9pondre \u00e0 cette demande croissante, nous avons r\u00e9cemment r\u00e9tabli nos vols r\u00e9guliers sur le Boeing A380, sur l&rsquo;ensemble de notre r\u00e9seau vers le Maroc. Emirates s&rsquo;engage \u00e9galement \u00e0 aider le Maroc \u00e0 atteindre son objectif de 17,5 millions de touristes d&rsquo;ici 2026 en jouant un r\u00f4le cl\u00e9 dans la promotion de son tourisme.<\/em><\/strong><em>\u00ab\u00a0<\/em><\/p>\n<p><em>\u00a0<\/em><\/p>\n<p>Dans le d\u00e9tail, cet accord de partenariat comprend 4 axes majeurs de coop\u00e9ration.<\/p>\n<ul>\n<li>Dans la lign\u00e9e de ces \u00ablight Tour\u00a0\u00bb, l\u2019ONMT entamera un \u00ab\u00a0Light Tour Asia\u00a0\u00bb, avec Emirates prochainement \u00e0 destination des march\u00e9s \u00e9metteurs asiatiques. La force de frappe de la compagnie a\u00e9rienne, leader sur ces march\u00e9s, sera un atout majeur pour la promotion de la destination Maroc au Moyen-Orient et sur le continent asiatique.<\/li>\n<li>Les deux partenaires ont convenu mettre en place une synergie commerciale et marketing pour organiser plusieurs roadshows et actions de prospections \u00e0 destination du march\u00e9 asiatique.<\/li>\n<li>L\u2019organisation conjointe d\u2019\u00e9v\u00e9nements de relations publiques sur les principaux march\u00e9s de la r\u00e9gion dans lesquels la compagnie Emirates op\u00e8re, avec pour objectif principal l\u2019accompagnement de l\u2019ouverture des prochaines antennes de l\u2019ONMT au niveau de ces march\u00e9s strat\u00e9giques comme le Japon, l\u2019Australie ou encore l\u2019Inde.<\/li>\n<li>L\u2019identification les bassins de croissance de la compagnie sur les diff\u00e9rentes destinations marocaines avec d\u2019\u00e9ventuelles ouvertures de lignes directes notamment vers Marrakech.<\/li>\n<\/ul>\n<p>&nbsp;<\/p>\n<p><strong>Ainsi, en s\u2019alliant \u00e0 Emirates, l\u2019ONMT s\u2019appuie sur la force de frappe commerciale et marketing de la plus grande compagnie a\u00e9rienne du Moyen-Orient et s\u2019assure une ouverture sur de nouveaux march\u00e9s pourvoyeurs de touristes pour le Maroc.<\/strong><\/p>\n<p><strong>Le plan d\u2019action de l\u2019ONMT 2023-2026 \u00ab\u00a0Light In Action\u00a0\u00bb est en marche. <\/strong><\/p>\n","protected":false},"excerpt":{"rendered":"<p>L\u2019Office National Marocain du Tourisme -ONMT- et\u00a0la compagnie a\u00e9rienne Emirates ont sign\u00e9 ce lundi 1er<\/p>\n","protected":false},"author":1,"featured_media":2827,"comment_status":"open","ping_status":"open","sticky":false,"template":"","format":"standard","meta":{"_acf_changed":false,"footnotes":""},"categories":[2,3],"tags":[179,187],"class_list":["post-2826","post","type-post","status-publish","format-standard","has-post-thumbnail","hentry","category-nouvelles","category-nouvelles-selectionnees","tag-emirates","tag-lonmt"],"acf":[],"yoast_head":"<!-- This site is optimized with the Yoast SEO plugin v22.0 - https:\/\/yoast.com\/wordpress\/plugins\/seo\/ -->\n<title>L\u2019ONMT et Emirates lorgnent sur les march\u00e9s asiatiques - MEDIA PLATEFORME | FR<\/title>\n<meta name=\"description\" content=\"L\u2019Office National Marocain du Tourisme -ONMT- et\u00a0la compagnie a\u00e9rienne Emirates ont sign\u00e9 ce lundi 1er mai \u00e0 Duba\u00ef,\" \/>\n<meta name=\"robots\" content=\"index, follow, max-snippet:-1, max-image-preview:large, max-video-preview:-1\" \/>\n<link rel=\"canonical\" href=\"https:\/\/www.mediaplateforme.com\/fr\/lonmt-et-emirates-lorgnent-sur-les-marches-asiatiques\/\" \/>\n<meta property=\"og:locale\" content=\"fr_FR\" \/>\n<meta property=\"og:type\" content=\"article\" \/>\n<meta property=\"og:title\" content=\"L\u2019ONMT et Emirates lorgnent sur les march\u00e9s asiatiques - MEDIA PLATEFORME | FR\" \/>\n<meta property=\"og:description\" content=\"L\u2019Office National Marocain du Tourisme -ONMT- et\u00a0la compagnie a\u00e9rienne Emirates ont sign\u00e9 ce lundi 1er mai \u00e0 Duba\u00ef,\" \/>\n<meta property=\"og:url\" content=\"https:\/\/www.mediaplateforme.com\/fr\/lonmt-et-emirates-lorgnent-sur-les-marches-asiatiques\/\" \/>\n<meta property=\"og:site_name\" content=\"MEDIA PLATEFORME | FR\" \/>\n<meta property=\"article:published_time\" content=\"2023-05-02T17:01:19+00:00\" \/>\n<meta property=\"og:image\" content=\"https:\/\/www.mediaplateforme.com\/fr\/wp-content\/uploads\/sites\/5\/2023\/05\/Photo-ONMT-x-EMIRATES-.jpeg\" \/>\n\t<meta property=\"og:image:width\" content=\"1280\" \/>\n\t<meta property=\"og:image:height\" content=\"815\" \/>\n\t<meta property=\"og:image:type\" content=\"image\/jpeg\" \/>\n<meta name=\"author\" content=\"Mediaplateforme\" \/>\n<meta name=\"twitter:card\" content=\"summary_large_image\" \/>\n<meta name=\"twitter:label1\" content=\"\u00c9crit par\" \/>\n\t<meta name=\"twitter:data1\" content=\"Mediaplateforme\" \/>\n\t<meta name=\"twitter:label2\" content=\"Dur\u00e9e de lecture estim\u00e9e\" \/>\n\t<meta name=\"twitter:data2\" content=\"3 minutes\" \/>\n<script type=\"application\/ld+json\" class=\"yoast-schema-graph\">{\"@context\":\"https:\/\/schema.org\",\"@graph\":[{\"@type\":\"WebPage\",\"@id\":\"https:\/\/www.mediaplateforme.com\/fr\/lonmt-et-emirates-lorgnent-sur-les-marches-asiatiques\/\",\"url\":\"https:\/\/www.mediaplateforme.com\/fr\/lonmt-et-emirates-lorgnent-sur-les-marches-asiatiques\/\",\"name\":\"L\u2019ONMT et Emirates lorgnent sur les march\u00e9s asiatiques - MEDIA PLATEFORME | FR\",\"isPartOf\":{\"@id\":\"https:\/\/www.mediaplateforme.com\/fr\/#website\"},\"datePublished\":\"2023-05-02T17:01:19+00:00\",\"dateModified\":\"2023-05-02T17:01:19+00:00\",\"author\":{\"@id\":\"https:\/\/www.mediaplateforme.com\/fr\/#\/schema\/person\/89833db382b5db2c76b094bc902aa12a\"},\"description\":\"L\u2019Office National Marocain du Tourisme -ONMT- et\u00a0la compagnie a\u00e9rienne Emirates ont sign\u00e9 ce lundi 1er mai \u00e0 Duba\u00ef,\",\"breadcrumb\":{\"@id\":\"https:\/\/www.mediaplateforme.com\/fr\/lonmt-et-emirates-lorgnent-sur-les-marches-asiatiques\/#breadcrumb\"},\"inLanguage\":\"fr-FR\",\"potentialAction\":[{\"@type\":\"ReadAction\",\"target\":[\"https:\/\/www.mediaplateforme.com\/fr\/lonmt-et-emirates-lorgnent-sur-les-marches-asiatiques\/\"]}]},{\"@type\":\"BreadcrumbList\",\"@id\":\"https:\/\/www.mediaplateforme.com\/fr\/lonmt-et-emirates-lorgnent-sur-les-marches-asiatiques\/#breadcrumb\",\"itemListElement\":[{\"@type\":\"ListItem\",\"position\":1,\"name\":\"\u0627\u0644\u0631\u0626\u064a\u0633\u064a\u0629\",\"item\":\"https:\/\/www.mediaplateforme.com\/fr\/\"},{\"@type\":\"ListItem\",\"position\":2,\"name\":\"L\u2019ONMT et Emirates lorgnent sur les march\u00e9s asiatiques\"}]},{\"@type\":\"WebSite\",\"@id\":\"https:\/\/www.mediaplateforme.com\/fr\/#website\",\"url\":\"https:\/\/www.mediaplateforme.com\/fr\/\",\"name\":\"MEDIA PLATEFORME | FR\",\"description\":\"Mediaplateforme sp\u00e9cialis\u00e9 dans la communication institutions publiques et des entreprises\",\"potentialAction\":[{\"@type\":\"SearchAction\",\"target\":{\"@type\":\"EntryPoint\",\"urlTemplate\":\"https:\/\/www.mediaplateforme.com\/fr\/?s={search_term_string}\"},\"query-input\":\"required name=search_term_string\"}],\"inLanguage\":\"fr-FR\"},{\"@type\":\"Person\",\"@id\":\"https:\/\/www.mediaplateforme.com\/fr\/#\/schema\/person\/89833db382b5db2c76b094bc902aa12a\",\"name\":\"Mediaplateforme\",\"image\":{\"@type\":\"ImageObject\",\"inLanguage\":\"fr-FR\",\"@id\":\"https:\/\/www.mediaplateforme.com\/fr\/#\/schema\/person\/image\/\",\"url\":\"https:\/\/secure.gravatar.com\/avatar\/6c9c02e8928cc65d54bf75157f7b3a2d06d7ad0494ca0951f679552ff03b34c1?s=96&d=mm&r=g\",\"contentUrl\":\"https:\/\/secure.gravatar.com\/avatar\/6c9c02e8928cc65d54bf75157f7b3a2d06d7ad0494ca0951f679552ff03b34c1?s=96&d=mm&r=g\",\"caption\":\"Mediaplateforme\"},\"sameAs\":[\"https:\/\/www.mediaplateforme.com\"],\"url\":\"https:\/\/www.mediaplateforme.com\/fr\/author\/mohamedladib\/\"}]}<\/script>\n<!-- \/ Yoast SEO plugin. -->","yoast_head_json":{"title":"L\u2019ONMT et Emirates lorgnent sur les march\u00e9s asiatiques - MEDIA PLATEFORME | FR","description":"L\u2019Office National Marocain du Tourisme -ONMT- et\u00a0la compagnie a\u00e9rienne Emirates ont sign\u00e9 ce lundi 1er mai \u00e0 Duba\u00ef,","robots":{"index":"index","follow":"follow","max-snippet":"max-snippet:-1","max-image-preview":"max-image-preview:large","max-video-preview":"max-video-preview:-1"},"canonical":"https:\/\/www.mediaplateforme.com\/fr\/lonmt-et-emirates-lorgnent-sur-les-marches-asiatiques\/","og_locale":"fr_FR","og_type":"article","og_title":"L\u2019ONMT et Emirates lorgnent sur les march\u00e9s asiatiques - MEDIA PLATEFORME | FR","og_description":"L\u2019Office National Marocain du Tourisme -ONMT- et\u00a0la compagnie a\u00e9rienne Emirates ont sign\u00e9 ce lundi 1er mai \u00e0 Duba\u00ef,","og_url":"https:\/\/www.mediaplateforme.com\/fr\/lonmt-et-emirates-lorgnent-sur-les-marches-asiatiques\/","og_site_name":"MEDIA PLATEFORME | FR","article_published_time":"2023-05-02T17:01:19+00:00","og_image":[{"width":1280,"height":815,"url":"https:\/\/www.mediaplateforme.com\/fr\/wp-content\/uploads\/sites\/5\/2023\/05\/Photo-ONMT-x-EMIRATES-.jpeg","type":"image\/jpeg"}],"author":"Mediaplateforme","twitter_card":"summary_large_image","twitter_misc":{"\u00c9crit par":"Mediaplateforme","Dur\u00e9e de lecture estim\u00e9e":"3 minutes"},"schema":{"@context":"https:\/\/schema.org","@graph":[{"@type":"WebPage","@id":"https:\/\/www.mediaplateforme.com\/fr\/lonmt-et-emirates-lorgnent-sur-les-marches-asiatiques\/","url":"https:\/\/www.mediaplateforme.com\/fr\/lonmt-et-emirates-lorgnent-sur-les-marches-asiatiques\/","name":"L\u2019ONMT et Emirates lorgnent sur les march\u00e9s asiatiques - MEDIA PLATEFORME | FR","isPartOf":{"@id":"https:\/\/www.mediaplateforme.com\/fr\/#website"},"datePublished":"2023-05-02T17:01:19+00:00","dateModified":"2023-05-02T17:01:19+00:00","author":{"@id":"https:\/\/www.mediaplateforme.com\/fr\/#\/schema\/person\/89833db382b5db2c76b094bc902aa12a"},"description":"L\u2019Office National Marocain du Tourisme -ONMT- et\u00a0la compagnie a\u00e9rienne Emirates ont sign\u00e9 ce lundi 1er mai \u00e0 Duba\u00ef,","breadcrumb":{"@id":"https:\/\/www.mediaplateforme.com\/fr\/lonmt-et-emirates-lorgnent-sur-les-marches-asiatiques\/#breadcrumb"},"inLanguage":"fr-FR","potentialAction":[{"@type":"ReadAction","target":["https:\/\/www.mediaplateforme.com\/fr\/lonmt-et-emirates-lorgnent-sur-les-marches-asiatiques\/"]}]},{"@type":"BreadcrumbList","@id":"https:\/\/www.mediaplateforme.com\/fr\/lonmt-et-emirates-lorgnent-sur-les-marches-asiatiques\/#breadcrumb","itemListElement":[{"@type":"ListItem","position":1,"name":"\u0627\u0644\u0631\u0626\u064a\u0633\u064a\u0629","item":"https:\/\/www.mediaplateforme.com\/fr\/"},{"@type":"ListItem","position":2,"name":"L\u2019ONMT et Emirates lorgnent sur les march\u00e9s asiatiques"}]},{"@type":"WebSite","@id":"https:\/\/www.mediaplateforme.com\/fr\/#website","url":"https:\/\/www.mediaplateforme.com\/fr\/","name":"MEDIA PLATEFORME | FR","description":"Mediaplateforme sp\u00e9cialis\u00e9 dans la communication institutions publiques et des entreprises","potentialAction":[{"@type":"SearchAction","target":{"@type":"EntryPoint","urlTemplate":"https:\/\/www.mediaplateforme.com\/fr\/?s={search_term_string}"},"query-input":"required name=search_term_string"}],"inLanguage":"fr-FR"},{"@type":"Person","@id":"https:\/\/www.mediaplateforme.com\/fr\/#\/schema\/person\/89833db382b5db2c76b094bc902aa12a","name":"Mediaplateforme","image":{"@type":"ImageObject","inLanguage":"fr-FR","@id":"https:\/\/www.mediaplateforme.com\/fr\/#\/schema\/person\/image\/","url":"https:\/\/secure.gravatar.com\/avatar\/6c9c02e8928cc65d54bf75157f7b3a2d06d7ad0494ca0951f679552ff03b34c1?s=96&d=mm&r=g","contentUrl":"https:\/\/secure.gravatar.com\/avatar\/6c9c02e8928cc65d54bf75157f7b3a2d06d7ad0494ca0951f679552ff03b34c1?s=96&d=mm&r=g","caption":"Mediaplateforme"},"sameAs":["https:\/\/www.mediaplateforme.com"],"url":"https:\/\/www.mediaplateforme.com\/fr\/author\/mohamedladib\/"}]}},"_links":{"self":[{"href":"https:\/\/www.mediaplateforme.com\/fr\/wp-json\/wp\/v2\/posts\/2826","targetHints":{"allow":["GET"]}}],"collection":[{"href":"https:\/\/www.mediaplateforme.com\/fr\/wp-json\/wp\/v2\/posts"}],"about":[{"href":"https:\/\/www.mediaplateforme.com\/fr\/wp-json\/wp\/v2\/types\/post"}],"author":[{"embeddable":true,"href":"https:\/\/www.mediaplateforme.com\/fr\/wp-json\/wp\/v2\/users\/1"}],"replies":[{"embeddable":true,"href":"https:\/\/www.mediaplateforme.com\/fr\/wp-json\/wp\/v2\/comments?post=2826"}],"version-history":[{"count":1,"href":"https:\/\/www.mediaplateforme.com\/fr\/wp-json\/wp\/v2\/posts\/2826\/revisions"}],"predecessor-version":[{"id":2828,"href":"https:\/\/www.mediaplateforme.com\/fr\/wp-json\/wp\/v2\/posts\/2826\/revisions\/2828"}],"wp:featuredmedia":[{"embeddable":true,"href":"https:\/\/www.mediaplateforme.com\/fr\/wp-json\/wp\/v2\/media\/2827"}],"wp:attachment":[{"href":"https:\/\/www.mediaplateforme.com\/fr\/wp-json\/wp\/v2\/media?parent=2826"}],"wp:term":[{"taxonomy":"category","embeddable":true,"href":"https:\/\/www.mediaplateforme.com\/fr\/wp-json\/wp\/v2\/categories?post=2826"},{"taxonomy":"post_tag","embeddable":true,"href":"https:\/\/www.mediaplateforme.com\/fr\/wp-json\/wp\/v2\/tags?post=2826"}],"curies":[{"name":"wp","href":"https:\/\/api.w.org\/{rel}","templated":true}]}}