{"id":2814,"date":"2023-04-28T18:07:08","date_gmt":"2023-04-28T18:07:08","guid":{"rendered":"https:\/\/www.mediaplateforme.com\/fr\/?p=2814"},"modified":"2023-04-28T19:10:35","modified_gmt":"2023-04-28T19:10:35","slug":"menara-prefa-convention","status":"publish","type":"post","link":"https:\/\/www.mediaplateforme.com\/fr\/menara-prefa-convention\/","title":{"rendered":"M\u00e9nara Pr\u00e9fa et Le CROAMS signent une convention de partenariat"},"content":{"rendered":"<p style=\"font-weight: 400;\">M\u00e9nara Pr\u00e9fa repr\u00e9sent\u00e9e par son PDG Mr Mohamed Zahid et le Conseil R\u00e9gional de l\u2019Ordre des Architectes de la r\u00e9gion Marrakech-Safi repr\u00e9sent\u00e9 par son Pr\u00e9sident Mr Jawad EL BASRI, ont sign\u00e9 une convention de partenariat pour d\u00e9velopper des projets autour d\u2019un enjeu commun : La mise en valeur architecturale, urbaine et paysag\u00e8re de la r\u00e9gion Marrakech-Safi.<\/p>\n<p style=\"font-weight: 400;\">Cette convention a pour objet d\u2019encadrer le partenariat entre les deux parties, traitant des sujets autour d\u2019une\u00a0<strong>r\u00e9flexion commune sur l\u2019avenir architectural, urbain et paysager<\/strong>\u00a0de la r\u00e9gion\u00a0: la pr\u00e9occupation de l\u2019architecture de la r\u00e9gion, la r\u00e9habilitation du patrimoine, l\u2019utilisation de mat\u00e9riaux innovants, l\u2019am\u00e9nagement des espaces publics, la favorisation du vivre ensemble.<\/p>\n<p><iframe loading=\"lazy\" title=\"YouTube video player\" src=\"https:\/\/www.youtube.com\/embed\/Uq5cvLoycGA\" width=\"560\" height=\"315\" frameborder=\"0\" allowfullscreen=\"allowfullscreen\"><\/iframe><\/p>\n<p style=\"font-weight: 400;\">\u00c0 travers cette collaboration, les deux parties s&rsquo;engagent \u00e0 se soutenir mutuellement par l\u2019apport de leurs expertises et savoir-faire pour favoriser l&rsquo;\u00e9mergence de nouveaux projets et initiatives en faveur du secteur.<\/p>\n<h4 style=\"font-weight: 400;\"><strong>A propos de M\u00e9nara Pr\u00e9fa<\/strong><\/h4>\n<p style=\"font-weight: 400;\">M\u00e9nara Pr\u00e9fa, filiale de M\u00e9nara Holding, a pour principale activit\u00e9 la production de pr\u00e9fabriqu\u00e9s en b\u00e9ton (pav\u00e9s, dalles, bordures de trottoirs, agglos, hourdis, poutrelles pr\u00e9contraintes,\u2026) et de b\u00e9ton pr\u00eat \u00e0 l\u2019emploi. Avec l\u2019innovation comme axe strat\u00e9gique, M\u00e9nara Pr\u00e9fa met en \u0153uvre son savoir-faire pour r\u00e9pondre aux attentes du secteur BTP, par le d\u00e9veloppement de nouvelles solutions constructives.<\/p>\n<p style=\"font-weight: 400;\">Site web:\u00a0<a href=\"http:\/\/www.menara-prefa.ma\/\" data-saferedirecturl=\"https:\/\/www.google.com\/url?q=http:\/\/www.menara-prefa.ma&amp;source=gmail&amp;ust=1682787467990000&amp;usg=AOvVaw1nEZIm9u6p8JS6iSmhyvQh\">www.menara-prefa.ma<\/a><\/p>\n<h4 style=\"font-weight: 400;\"><strong>A propos du CROAMS\u00a0:<\/strong><\/h4>\n<p style=\"font-weight: 400;\"><strong>\u00a0<\/strong><\/p>\n<p style=\"font-weight: 400;\">Le Conseil R\u00e9gional de l\u2019Ordre des Architectes de Marrakech-Safi (CROAMS) est l\u2019instance ordinale au niveau r\u00e9gional charg\u00e9e par les pouvoirs publics de repr\u00e9senter les int\u00e9r\u00eats sp\u00e9cifiques de la profession et d\u2019assurer sa discipline interne. Il r\u00e9unit les Architectes exer\u00e7ant sous diff\u00e9rentes formes et dans diff\u00e9rents secteurs au niveau r\u00e9gional.<\/p>\n<p style=\"font-weight: 400;\">Site web\u00a0:\u00a0<a href=\"http:\/\/www.croams.ma\/\" data-saferedirecturl=\"https:\/\/www.google.com\/url?q=http:\/\/www.croams.ma&amp;source=gmail&amp;ust=1682787467990000&amp;usg=AOvVaw0qMxFt9ky5gmYG-SU406s_\">www.croams.ma<\/a><\/p>\n","protected":false},"excerpt":{"rendered":"<p>M\u00e9nara Pr\u00e9fa repr\u00e9sent\u00e9e par son PDG Mr Mohamed Zahid et le Conseil R\u00e9gional de l\u2019Ordre<\/p>\n","protected":false},"author":1,"featured_media":2815,"comment_status":"open","ping_status":"open","sticky":false,"template":"","format":"standard","meta":{"_acf_changed":false,"footnotes":""},"categories":[2,3],"tags":[826],"class_list":["post-2814","post","type-post","status-publish","format-standard","has-post-thumbnail","hentry","category-nouvelles","category-nouvelles-selectionnees","tag-menara-prefa"],"acf":[],"yoast_head":"<!-- This site is optimized with the Yoast SEO plugin v22.0 - https:\/\/yoast.com\/wordpress\/plugins\/seo\/ -->\n<title>M\u00e9nara Pr\u00e9fa et Le CROAMS signent une convention de partenariat - MEDIA PLATEFORME | FR<\/title>\n<meta name=\"description\" content=\"M\u00e9nara Pr\u00e9fa repr\u00e9sent\u00e9e par son PDG Mr Mohamed Zahid et le Conseil R\u00e9gional de l\u2019Ordre des Architectes de la r\u00e9gion Marrakech-Safi\" \/>\n<meta name=\"robots\" content=\"index, follow, max-snippet:-1, max-image-preview:large, max-video-preview:-1\" \/>\n<link rel=\"canonical\" href=\"https:\/\/www.mediaplateforme.com\/fr\/menara-prefa-convention\/\" \/>\n<meta property=\"og:locale\" content=\"fr_FR\" \/>\n<meta property=\"og:type\" content=\"article\" \/>\n<meta property=\"og:title\" content=\"M\u00e9nara Pr\u00e9fa et Le CROAMS signent une convention de partenariat - MEDIA PLATEFORME | FR\" \/>\n<meta property=\"og:description\" content=\"M\u00e9nara Pr\u00e9fa repr\u00e9sent\u00e9e par son PDG Mr Mohamed Zahid et le Conseil R\u00e9gional de l\u2019Ordre des Architectes de la r\u00e9gion Marrakech-Safi\" \/>\n<meta property=\"og:url\" content=\"https:\/\/www.mediaplateforme.com\/fr\/menara-prefa-convention\/\" \/>\n<meta property=\"og:site_name\" content=\"MEDIA PLATEFORME | FR\" \/>\n<meta property=\"article:published_time\" content=\"2023-04-28T18:07:08+00:00\" \/>\n<meta property=\"article:modified_time\" content=\"2023-04-28T19:10:35+00:00\" \/>\n<meta property=\"og:image\" content=\"https:\/\/www.mediaplateforme.com\/fr\/wp-content\/uploads\/sites\/5\/2023\/04\/Photo-MenaraPREFA-CROAMS-.jpg\" \/>\n\t<meta property=\"og:image:width\" content=\"754\" \/>\n\t<meta property=\"og:image:height\" content=\"524\" \/>\n\t<meta property=\"og:image:type\" content=\"image\/jpeg\" \/>\n<meta name=\"author\" content=\"Mediaplateforme\" \/>\n<meta name=\"twitter:card\" content=\"summary_large_image\" \/>\n<meta name=\"twitter:label1\" content=\"\u00c9crit par\" \/>\n\t<meta name=\"twitter:data1\" content=\"Mediaplateforme\" \/>\n\t<meta name=\"twitter:label2\" content=\"Dur\u00e9e de lecture estim\u00e9e\" \/>\n\t<meta name=\"twitter:data2\" content=\"2 minutes\" \/>\n<script type=\"application\/ld+json\" class=\"yoast-schema-graph\">{\"@context\":\"https:\/\/schema.org\",\"@graph\":[{\"@type\":\"WebPage\",\"@id\":\"https:\/\/www.mediaplateforme.com\/fr\/menara-prefa-convention\/\",\"url\":\"https:\/\/www.mediaplateforme.com\/fr\/menara-prefa-convention\/\",\"name\":\"M\u00e9nara Pr\u00e9fa et Le CROAMS signent une convention de partenariat - MEDIA PLATEFORME | FR\",\"isPartOf\":{\"@id\":\"https:\/\/www.mediaplateforme.com\/fr\/#website\"},\"datePublished\":\"2023-04-28T18:07:08+00:00\",\"dateModified\":\"2023-04-28T19:10:35+00:00\",\"author\":{\"@id\":\"https:\/\/www.mediaplateforme.com\/fr\/#\/schema\/person\/89833db382b5db2c76b094bc902aa12a\"},\"description\":\"M\u00e9nara Pr\u00e9fa repr\u00e9sent\u00e9e par son PDG Mr Mohamed Zahid et le Conseil R\u00e9gional de l\u2019Ordre des Architectes de la r\u00e9gion Marrakech-Safi\",\"breadcrumb\":{\"@id\":\"https:\/\/www.mediaplateforme.com\/fr\/menara-prefa-convention\/#breadcrumb\"},\"inLanguage\":\"fr-FR\",\"potentialAction\":[{\"@type\":\"ReadAction\",\"target\":[\"https:\/\/www.mediaplateforme.com\/fr\/menara-prefa-convention\/\"]}]},{\"@type\":\"BreadcrumbList\",\"@id\":\"https:\/\/www.mediaplateforme.com\/fr\/menara-prefa-convention\/#breadcrumb\",\"itemListElement\":[{\"@type\":\"ListItem\",\"position\":1,\"name\":\"\u0627\u0644\u0631\u0626\u064a\u0633\u064a\u0629\",\"item\":\"https:\/\/www.mediaplateforme.com\/fr\/\"},{\"@type\":\"ListItem\",\"position\":2,\"name\":\"M\u00e9nara Pr\u00e9fa et Le CROAMS signent une convention de partenariat\"}]},{\"@type\":\"WebSite\",\"@id\":\"https:\/\/www.mediaplateforme.com\/fr\/#website\",\"url\":\"https:\/\/www.mediaplateforme.com\/fr\/\",\"name\":\"MEDIA PLATEFORME | FR\",\"description\":\"Mediaplateforme sp\u00e9cialis\u00e9 dans la communication institutions publiques et des entreprises\",\"potentialAction\":[{\"@type\":\"SearchAction\",\"target\":{\"@type\":\"EntryPoint\",\"urlTemplate\":\"https:\/\/www.mediaplateforme.com\/fr\/?s={search_term_string}\"},\"query-input\":\"required name=search_term_string\"}],\"inLanguage\":\"fr-FR\"},{\"@type\":\"Person\",\"@id\":\"https:\/\/www.mediaplateforme.com\/fr\/#\/schema\/person\/89833db382b5db2c76b094bc902aa12a\",\"name\":\"Mediaplateforme\",\"image\":{\"@type\":\"ImageObject\",\"inLanguage\":\"fr-FR\",\"@id\":\"https:\/\/www.mediaplateforme.com\/fr\/#\/schema\/person\/image\/\",\"url\":\"https:\/\/secure.gravatar.com\/avatar\/6c9c02e8928cc65d54bf75157f7b3a2d06d7ad0494ca0951f679552ff03b34c1?s=96&d=mm&r=g\",\"contentUrl\":\"https:\/\/secure.gravatar.com\/avatar\/6c9c02e8928cc65d54bf75157f7b3a2d06d7ad0494ca0951f679552ff03b34c1?s=96&d=mm&r=g\",\"caption\":\"Mediaplateforme\"},\"sameAs\":[\"https:\/\/www.mediaplateforme.com\"],\"url\":\"https:\/\/www.mediaplateforme.com\/fr\/author\/mohamedladib\/\"}]}<\/script>\n<!-- \/ Yoast SEO plugin. -->","yoast_head_json":{"title":"M\u00e9nara Pr\u00e9fa et Le CROAMS signent une convention de partenariat - MEDIA PLATEFORME | FR","description":"M\u00e9nara Pr\u00e9fa repr\u00e9sent\u00e9e par son PDG Mr Mohamed Zahid et le Conseil R\u00e9gional de l\u2019Ordre des Architectes de la r\u00e9gion Marrakech-Safi","robots":{"index":"index","follow":"follow","max-snippet":"max-snippet:-1","max-image-preview":"max-image-preview:large","max-video-preview":"max-video-preview:-1"},"canonical":"https:\/\/www.mediaplateforme.com\/fr\/menara-prefa-convention\/","og_locale":"fr_FR","og_type":"article","og_title":"M\u00e9nara Pr\u00e9fa et Le CROAMS signent une convention de partenariat - MEDIA PLATEFORME | FR","og_description":"M\u00e9nara Pr\u00e9fa repr\u00e9sent\u00e9e par son PDG Mr Mohamed Zahid et le Conseil R\u00e9gional de l\u2019Ordre des Architectes de la r\u00e9gion Marrakech-Safi","og_url":"https:\/\/www.mediaplateforme.com\/fr\/menara-prefa-convention\/","og_site_name":"MEDIA PLATEFORME | FR","article_published_time":"2023-04-28T18:07:08+00:00","article_modified_time":"2023-04-28T19:10:35+00:00","og_image":[{"width":754,"height":524,"url":"https:\/\/www.mediaplateforme.com\/fr\/wp-content\/uploads\/sites\/5\/2023\/04\/Photo-MenaraPREFA-CROAMS-.jpg","type":"image\/jpeg"}],"author":"Mediaplateforme","twitter_card":"summary_large_image","twitter_misc":{"\u00c9crit par":"Mediaplateforme","Dur\u00e9e de lecture estim\u00e9e":"2 minutes"},"schema":{"@context":"https:\/\/schema.org","@graph":[{"@type":"WebPage","@id":"https:\/\/www.mediaplateforme.com\/fr\/menara-prefa-convention\/","url":"https:\/\/www.mediaplateforme.com\/fr\/menara-prefa-convention\/","name":"M\u00e9nara Pr\u00e9fa et Le CROAMS signent une convention de partenariat - MEDIA PLATEFORME | FR","isPartOf":{"@id":"https:\/\/www.mediaplateforme.com\/fr\/#website"},"datePublished":"2023-04-28T18:07:08+00:00","dateModified":"2023-04-28T19:10:35+00:00","author":{"@id":"https:\/\/www.mediaplateforme.com\/fr\/#\/schema\/person\/89833db382b5db2c76b094bc902aa12a"},"description":"M\u00e9nara Pr\u00e9fa repr\u00e9sent\u00e9e par son PDG Mr Mohamed Zahid et le Conseil R\u00e9gional de l\u2019Ordre des Architectes de la r\u00e9gion Marrakech-Safi","breadcrumb":{"@id":"https:\/\/www.mediaplateforme.com\/fr\/menara-prefa-convention\/#breadcrumb"},"inLanguage":"fr-FR","potentialAction":[{"@type":"ReadAction","target":["https:\/\/www.mediaplateforme.com\/fr\/menara-prefa-convention\/"]}]},{"@type":"BreadcrumbList","@id":"https:\/\/www.mediaplateforme.com\/fr\/menara-prefa-convention\/#breadcrumb","itemListElement":[{"@type":"ListItem","position":1,"name":"\u0627\u0644\u0631\u0626\u064a\u0633\u064a\u0629","item":"https:\/\/www.mediaplateforme.com\/fr\/"},{"@type":"ListItem","position":2,"name":"M\u00e9nara Pr\u00e9fa et Le CROAMS signent une convention de partenariat"}]},{"@type":"WebSite","@id":"https:\/\/www.mediaplateforme.com\/fr\/#website","url":"https:\/\/www.mediaplateforme.com\/fr\/","name":"MEDIA PLATEFORME | FR","description":"Mediaplateforme sp\u00e9cialis\u00e9 dans la communication institutions publiques et des entreprises","potentialAction":[{"@type":"SearchAction","target":{"@type":"EntryPoint","urlTemplate":"https:\/\/www.mediaplateforme.com\/fr\/?s={search_term_string}"},"query-input":"required name=search_term_string"}],"inLanguage":"fr-FR"},{"@type":"Person","@id":"https:\/\/www.mediaplateforme.com\/fr\/#\/schema\/person\/89833db382b5db2c76b094bc902aa12a","name":"Mediaplateforme","image":{"@type":"ImageObject","inLanguage":"fr-FR","@id":"https:\/\/www.mediaplateforme.com\/fr\/#\/schema\/person\/image\/","url":"https:\/\/secure.gravatar.com\/avatar\/6c9c02e8928cc65d54bf75157f7b3a2d06d7ad0494ca0951f679552ff03b34c1?s=96&d=mm&r=g","contentUrl":"https:\/\/secure.gravatar.com\/avatar\/6c9c02e8928cc65d54bf75157f7b3a2d06d7ad0494ca0951f679552ff03b34c1?s=96&d=mm&r=g","caption":"Mediaplateforme"},"sameAs":["https:\/\/www.mediaplateforme.com"],"url":"https:\/\/www.mediaplateforme.com\/fr\/author\/mohamedladib\/"}]}},"_links":{"self":[{"href":"https:\/\/www.mediaplateforme.com\/fr\/wp-json\/wp\/v2\/posts\/2814","targetHints":{"allow":["GET"]}}],"collection":[{"href":"https:\/\/www.mediaplateforme.com\/fr\/wp-json\/wp\/v2\/posts"}],"about":[{"href":"https:\/\/www.mediaplateforme.com\/fr\/wp-json\/wp\/v2\/types\/post"}],"author":[{"embeddable":true,"href":"https:\/\/www.mediaplateforme.com\/fr\/wp-json\/wp\/v2\/users\/1"}],"replies":[{"embeddable":true,"href":"https:\/\/www.mediaplateforme.com\/fr\/wp-json\/wp\/v2\/comments?post=2814"}],"version-history":[{"count":3,"href":"https:\/\/www.mediaplateforme.com\/fr\/wp-json\/wp\/v2\/posts\/2814\/revisions"}],"predecessor-version":[{"id":2818,"href":"https:\/\/www.mediaplateforme.com\/fr\/wp-json\/wp\/v2\/posts\/2814\/revisions\/2818"}],"wp:featuredmedia":[{"embeddable":true,"href":"https:\/\/www.mediaplateforme.com\/fr\/wp-json\/wp\/v2\/media\/2815"}],"wp:attachment":[{"href":"https:\/\/www.mediaplateforme.com\/fr\/wp-json\/wp\/v2\/media?parent=2814"}],"wp:term":[{"taxonomy":"category","embeddable":true,"href":"https:\/\/www.mediaplateforme.com\/fr\/wp-json\/wp\/v2\/categories?post=2814"},{"taxonomy":"post_tag","embeddable":true,"href":"https:\/\/www.mediaplateforme.com\/fr\/wp-json\/wp\/v2\/tags?post=2814"}],"curies":[{"name":"wp","href":"https:\/\/api.w.org\/{rel}","templated":true}]}}