{"id":2810,"date":"2023-04-28T17:47:50","date_gmt":"2023-04-28T17:47:50","guid":{"rendered":"https:\/\/www.mediaplateforme.com\/fr\/?p=2810"},"modified":"2023-04-28T17:47:50","modified_gmt":"2023-04-28T17:47:50","slug":"renault-group-maroc-et-son-dg-remportent-deux-prix-aux-g2t-global-awards","status":"publish","type":"post","link":"https:\/\/www.mediaplateforme.com\/fr\/renault-group-maroc-et-son-dg-remportent-deux-prix-aux-g2t-global-awards\/","title":{"rendered":"Renault Group Maroc et son DG remportent deux prix aux \u00ab G2T Global Awards \u00bb."},"content":{"rendered":"<p><strong><a href=\"https:\/\/www.mediaplateforme.com\/fr\/renault-group-maroc-depasse-avec-un-an-davance-ses-objectifs-et-enregistre-un-taux-dintegration-locale-de-652-en-2022\/\">Renault Group<\/a> Maroc et son Directeur G\u00e9n\u00e9ral, Mohamed Bachiri, ont \u00e9t\u00e9 prim\u00e9s lors des \u00ab G2T Global Awards 2023 \u00bb organis\u00e9s \u00e0 Marrakech. <\/strong><\/p>\n<p><strong>Mohamed Bachiri, Directeur G\u00e9n\u00e9ral de Renault Group Maroc a \u00e9t\u00e9 prim\u00e9 dans la cat\u00e9gorie \u00ab 100 meilleurs Pr\u00e9sidents Ex\u00e9cutifs Arabes \u00bb o\u00f9 il figure \u00e0 la 3<\/strong><strong><sup>\u00e8me<\/sup> position, alors que Renault Group Maroc a d\u00e9croch\u00e9 le Prix de \u00ab <\/strong>l\u2019excellence industriel<strong>le <\/strong>de l\u2019ann\u00e9e 2022<\/p>\n<p><strong>\u00bb. <\/strong><\/p>\n<p><strong>Ces cons\u00e9crations r\u00e9compensent les performances industrielles du Groupe, <\/strong>fruit d\u2019u<strong>n travail de longue haleine<\/strong>. C\u2019est aussi<strong> une nouvelle cons\u00e9cration pour le \u00ab Made in Morocco \u00bb et une belle reconnaissance du travail des \u00e9quipes de Renault Group Maroc.\u00a0 <\/strong><\/p>\n<p><strong>\u00ab G2T Global Awards \u00bb r\u00e9compense chaque ann\u00e9e des entreprises et personnalit\u00e9s du monde arabe qui se sont distingu\u00e9es par leurs r\u00e9alisations et performances dans <\/strong>diff\u00e9rents secteurs d\u2019activit\u00e9.<strong>\u00a0 <\/strong><\/p>\n<p><strong>En 15 ans, Renault Group Maroc est pass\u00e9 de la fabrication de 10 000 voitures annuellement \u00e0 la SOMACA \u00e0 devenir la locomotive de la fili\u00e8re automobile du Royaume. Avec ses deux usines, \u00e0 Tanger et Casablanca, une capacit\u00e9 de production de 440.000 v\u00e9hicules par an et un \u00e9cosyst\u00e8me de fournisseurs qui a tripl\u00e9 en 5 ans, le groupe contribue activement \u00e0 la promotion de l&rsquo;industrie automobile marocaine et du \u00ab Made in Morocco \u00bb.\u00a0 La production Marocaine du Groupe a par ailleurs repr\u00e9sent\u00e9 en 2022 70% des exportations de v\u00e9hicules du royaume et plus de 17% des ventes mondiales du groupe dans plus de 70 pays en Europe, au Moyen-Orient et en Afrique. <\/strong><\/p>\n","protected":false},"excerpt":{"rendered":"<p>Renault Group Maroc et son Directeur G\u00e9n\u00e9ral, Mohamed Bachiri, ont \u00e9t\u00e9 prim\u00e9s lors des \u00ab<\/p>\n","protected":false},"author":1,"featured_media":2811,"comment_status":"open","ping_status":"open","sticky":false,"template":"","format":"standard","meta":{"_acf_changed":false,"footnotes":""},"categories":[7,3],"tags":[825,824,228],"class_list":["post-2810","post","type-post","status-publish","format-standard","has-post-thumbnail","hentry","category-articles","category-nouvelles-selectionnees","tag-g2t-global-awards-2023","tag-mohamed-bachiri","tag-renault-group-maroc"],"acf":[],"yoast_head":"<!-- This site is optimized with the Yoast SEO plugin v22.0 - https:\/\/yoast.com\/wordpress\/plugins\/seo\/ -->\n<title>Renault Group Maroc et son DG remportent deux prix aux \u00ab G2T Global Awards \u00bb. - MEDIA PLATEFORME | FR<\/title>\n<meta name=\"description\" content=\"Renault Group Maroc et son Directeur G\u00e9n\u00e9ral, Mohamed Bachiri, ont \u00e9t\u00e9 prim\u00e9s lors des \u00ab G2T Global Awards 2023 \u00bb organis\u00e9s \u00e0 Marrakech.\" \/>\n<meta name=\"robots\" content=\"index, follow, max-snippet:-1, max-image-preview:large, max-video-preview:-1\" \/>\n<link rel=\"canonical\" href=\"https:\/\/www.mediaplateforme.com\/fr\/renault-group-maroc-et-son-dg-remportent-deux-prix-aux-g2t-global-awards\/\" \/>\n<meta property=\"og:locale\" content=\"fr_FR\" \/>\n<meta property=\"og:type\" content=\"article\" \/>\n<meta property=\"og:title\" content=\"Renault Group Maroc et son DG remportent deux prix aux \u00ab G2T Global Awards \u00bb. - MEDIA PLATEFORME | FR\" \/>\n<meta property=\"og:description\" content=\"Renault Group Maroc et son Directeur G\u00e9n\u00e9ral, Mohamed Bachiri, ont \u00e9t\u00e9 prim\u00e9s lors des \u00ab G2T Global Awards 2023 \u00bb organis\u00e9s \u00e0 Marrakech.\" \/>\n<meta property=\"og:url\" content=\"https:\/\/www.mediaplateforme.com\/fr\/renault-group-maroc-et-son-dg-remportent-deux-prix-aux-g2t-global-awards\/\" \/>\n<meta property=\"og:site_name\" content=\"MEDIA PLATEFORME | FR\" \/>\n<meta property=\"article:published_time\" content=\"2023-04-28T17:47:50+00:00\" \/>\n<meta property=\"og:image\" content=\"https:\/\/www.mediaplateforme.com\/fr\/wp-content\/uploads\/sites\/5\/2023\/04\/G2T-GLOBAL-AWARDS1_2023-scaled.jpg\" \/>\n\t<meta property=\"og:image:width\" content=\"2560\" \/>\n\t<meta property=\"og:image:height\" content=\"1707\" \/>\n\t<meta property=\"og:image:type\" content=\"image\/jpeg\" \/>\n<meta name=\"author\" content=\"Mediaplateforme\" \/>\n<meta name=\"twitter:card\" content=\"summary_large_image\" \/>\n<meta name=\"twitter:label1\" content=\"\u00c9crit par\" \/>\n\t<meta name=\"twitter:data1\" content=\"Mediaplateforme\" \/>\n\t<meta name=\"twitter:label2\" content=\"Dur\u00e9e de lecture estim\u00e9e\" \/>\n\t<meta name=\"twitter:data2\" content=\"2 minutes\" \/>\n<script type=\"application\/ld+json\" class=\"yoast-schema-graph\">{\"@context\":\"https:\/\/schema.org\",\"@graph\":[{\"@type\":\"WebPage\",\"@id\":\"https:\/\/www.mediaplateforme.com\/fr\/renault-group-maroc-et-son-dg-remportent-deux-prix-aux-g2t-global-awards\/\",\"url\":\"https:\/\/www.mediaplateforme.com\/fr\/renault-group-maroc-et-son-dg-remportent-deux-prix-aux-g2t-global-awards\/\",\"name\":\"Renault Group Maroc et son DG remportent deux prix aux \u00ab G2T Global Awards \u00bb. - MEDIA PLATEFORME | FR\",\"isPartOf\":{\"@id\":\"https:\/\/www.mediaplateforme.com\/fr\/#website\"},\"datePublished\":\"2023-04-28T17:47:50+00:00\",\"dateModified\":\"2023-04-28T17:47:50+00:00\",\"author\":{\"@id\":\"https:\/\/www.mediaplateforme.com\/fr\/#\/schema\/person\/89833db382b5db2c76b094bc902aa12a\"},\"description\":\"Renault Group Maroc et son Directeur G\u00e9n\u00e9ral, Mohamed Bachiri, ont \u00e9t\u00e9 prim\u00e9s lors des \u00ab G2T Global Awards 2023 \u00bb organis\u00e9s \u00e0 Marrakech.\",\"breadcrumb\":{\"@id\":\"https:\/\/www.mediaplateforme.com\/fr\/renault-group-maroc-et-son-dg-remportent-deux-prix-aux-g2t-global-awards\/#breadcrumb\"},\"inLanguage\":\"fr-FR\",\"potentialAction\":[{\"@type\":\"ReadAction\",\"target\":[\"https:\/\/www.mediaplateforme.com\/fr\/renault-group-maroc-et-son-dg-remportent-deux-prix-aux-g2t-global-awards\/\"]}]},{\"@type\":\"BreadcrumbList\",\"@id\":\"https:\/\/www.mediaplateforme.com\/fr\/renault-group-maroc-et-son-dg-remportent-deux-prix-aux-g2t-global-awards\/#breadcrumb\",\"itemListElement\":[{\"@type\":\"ListItem\",\"position\":1,\"name\":\"\u0627\u0644\u0631\u0626\u064a\u0633\u064a\u0629\",\"item\":\"https:\/\/www.mediaplateforme.com\/fr\/\"},{\"@type\":\"ListItem\",\"position\":2,\"name\":\"Renault Group Maroc et son DG remportent deux prix aux \u00ab G2T Global Awards \u00bb.\"}]},{\"@type\":\"WebSite\",\"@id\":\"https:\/\/www.mediaplateforme.com\/fr\/#website\",\"url\":\"https:\/\/www.mediaplateforme.com\/fr\/\",\"name\":\"MEDIA PLATEFORME | FR\",\"description\":\"Mediaplateforme sp\u00e9cialis\u00e9 dans la communication institutions publiques et des entreprises\",\"potentialAction\":[{\"@type\":\"SearchAction\",\"target\":{\"@type\":\"EntryPoint\",\"urlTemplate\":\"https:\/\/www.mediaplateforme.com\/fr\/?s={search_term_string}\"},\"query-input\":\"required name=search_term_string\"}],\"inLanguage\":\"fr-FR\"},{\"@type\":\"Person\",\"@id\":\"https:\/\/www.mediaplateforme.com\/fr\/#\/schema\/person\/89833db382b5db2c76b094bc902aa12a\",\"name\":\"Mediaplateforme\",\"image\":{\"@type\":\"ImageObject\",\"inLanguage\":\"fr-FR\",\"@id\":\"https:\/\/www.mediaplateforme.com\/fr\/#\/schema\/person\/image\/\",\"url\":\"https:\/\/secure.gravatar.com\/avatar\/6c9c02e8928cc65d54bf75157f7b3a2d06d7ad0494ca0951f679552ff03b34c1?s=96&d=mm&r=g\",\"contentUrl\":\"https:\/\/secure.gravatar.com\/avatar\/6c9c02e8928cc65d54bf75157f7b3a2d06d7ad0494ca0951f679552ff03b34c1?s=96&d=mm&r=g\",\"caption\":\"Mediaplateforme\"},\"sameAs\":[\"https:\/\/www.mediaplateforme.com\"],\"url\":\"https:\/\/www.mediaplateforme.com\/fr\/author\/mohamedladib\/\"}]}<\/script>\n<!-- \/ Yoast SEO plugin. -->","yoast_head_json":{"title":"Renault Group Maroc et son DG remportent deux prix aux \u00ab G2T Global Awards \u00bb. - MEDIA PLATEFORME | FR","description":"Renault Group Maroc et son Directeur G\u00e9n\u00e9ral, Mohamed Bachiri, ont \u00e9t\u00e9 prim\u00e9s lors des \u00ab G2T Global Awards 2023 \u00bb organis\u00e9s \u00e0 Marrakech.","robots":{"index":"index","follow":"follow","max-snippet":"max-snippet:-1","max-image-preview":"max-image-preview:large","max-video-preview":"max-video-preview:-1"},"canonical":"https:\/\/www.mediaplateforme.com\/fr\/renault-group-maroc-et-son-dg-remportent-deux-prix-aux-g2t-global-awards\/","og_locale":"fr_FR","og_type":"article","og_title":"Renault Group Maroc et son DG remportent deux prix aux \u00ab G2T Global Awards \u00bb. - MEDIA PLATEFORME | FR","og_description":"Renault Group Maroc et son Directeur G\u00e9n\u00e9ral, Mohamed Bachiri, ont \u00e9t\u00e9 prim\u00e9s lors des \u00ab G2T Global Awards 2023 \u00bb organis\u00e9s \u00e0 Marrakech.","og_url":"https:\/\/www.mediaplateforme.com\/fr\/renault-group-maroc-et-son-dg-remportent-deux-prix-aux-g2t-global-awards\/","og_site_name":"MEDIA PLATEFORME | FR","article_published_time":"2023-04-28T17:47:50+00:00","og_image":[{"width":2560,"height":1707,"url":"https:\/\/www.mediaplateforme.com\/fr\/wp-content\/uploads\/sites\/5\/2023\/04\/G2T-GLOBAL-AWARDS1_2023-scaled.jpg","type":"image\/jpeg"}],"author":"Mediaplateforme","twitter_card":"summary_large_image","twitter_misc":{"\u00c9crit par":"Mediaplateforme","Dur\u00e9e de lecture estim\u00e9e":"2 minutes"},"schema":{"@context":"https:\/\/schema.org","@graph":[{"@type":"WebPage","@id":"https:\/\/www.mediaplateforme.com\/fr\/renault-group-maroc-et-son-dg-remportent-deux-prix-aux-g2t-global-awards\/","url":"https:\/\/www.mediaplateforme.com\/fr\/renault-group-maroc-et-son-dg-remportent-deux-prix-aux-g2t-global-awards\/","name":"Renault Group Maroc et son DG remportent deux prix aux \u00ab G2T Global Awards \u00bb. - MEDIA PLATEFORME | FR","isPartOf":{"@id":"https:\/\/www.mediaplateforme.com\/fr\/#website"},"datePublished":"2023-04-28T17:47:50+00:00","dateModified":"2023-04-28T17:47:50+00:00","author":{"@id":"https:\/\/www.mediaplateforme.com\/fr\/#\/schema\/person\/89833db382b5db2c76b094bc902aa12a"},"description":"Renault Group Maroc et son Directeur G\u00e9n\u00e9ral, Mohamed Bachiri, ont \u00e9t\u00e9 prim\u00e9s lors des \u00ab G2T Global Awards 2023 \u00bb organis\u00e9s \u00e0 Marrakech.","breadcrumb":{"@id":"https:\/\/www.mediaplateforme.com\/fr\/renault-group-maroc-et-son-dg-remportent-deux-prix-aux-g2t-global-awards\/#breadcrumb"},"inLanguage":"fr-FR","potentialAction":[{"@type":"ReadAction","target":["https:\/\/www.mediaplateforme.com\/fr\/renault-group-maroc-et-son-dg-remportent-deux-prix-aux-g2t-global-awards\/"]}]},{"@type":"BreadcrumbList","@id":"https:\/\/www.mediaplateforme.com\/fr\/renault-group-maroc-et-son-dg-remportent-deux-prix-aux-g2t-global-awards\/#breadcrumb","itemListElement":[{"@type":"ListItem","position":1,"name":"\u0627\u0644\u0631\u0626\u064a\u0633\u064a\u0629","item":"https:\/\/www.mediaplateforme.com\/fr\/"},{"@type":"ListItem","position":2,"name":"Renault Group Maroc et son DG remportent deux prix aux \u00ab G2T Global Awards \u00bb."}]},{"@type":"WebSite","@id":"https:\/\/www.mediaplateforme.com\/fr\/#website","url":"https:\/\/www.mediaplateforme.com\/fr\/","name":"MEDIA PLATEFORME | FR","description":"Mediaplateforme sp\u00e9cialis\u00e9 dans la communication institutions publiques et des entreprises","potentialAction":[{"@type":"SearchAction","target":{"@type":"EntryPoint","urlTemplate":"https:\/\/www.mediaplateforme.com\/fr\/?s={search_term_string}"},"query-input":"required name=search_term_string"}],"inLanguage":"fr-FR"},{"@type":"Person","@id":"https:\/\/www.mediaplateforme.com\/fr\/#\/schema\/person\/89833db382b5db2c76b094bc902aa12a","name":"Mediaplateforme","image":{"@type":"ImageObject","inLanguage":"fr-FR","@id":"https:\/\/www.mediaplateforme.com\/fr\/#\/schema\/person\/image\/","url":"https:\/\/secure.gravatar.com\/avatar\/6c9c02e8928cc65d54bf75157f7b3a2d06d7ad0494ca0951f679552ff03b34c1?s=96&d=mm&r=g","contentUrl":"https:\/\/secure.gravatar.com\/avatar\/6c9c02e8928cc65d54bf75157f7b3a2d06d7ad0494ca0951f679552ff03b34c1?s=96&d=mm&r=g","caption":"Mediaplateforme"},"sameAs":["https:\/\/www.mediaplateforme.com"],"url":"https:\/\/www.mediaplateforme.com\/fr\/author\/mohamedladib\/"}]}},"_links":{"self":[{"href":"https:\/\/www.mediaplateforme.com\/fr\/wp-json\/wp\/v2\/posts\/2810","targetHints":{"allow":["GET"]}}],"collection":[{"href":"https:\/\/www.mediaplateforme.com\/fr\/wp-json\/wp\/v2\/posts"}],"about":[{"href":"https:\/\/www.mediaplateforme.com\/fr\/wp-json\/wp\/v2\/types\/post"}],"author":[{"embeddable":true,"href":"https:\/\/www.mediaplateforme.com\/fr\/wp-json\/wp\/v2\/users\/1"}],"replies":[{"embeddable":true,"href":"https:\/\/www.mediaplateforme.com\/fr\/wp-json\/wp\/v2\/comments?post=2810"}],"version-history":[{"count":2,"href":"https:\/\/www.mediaplateforme.com\/fr\/wp-json\/wp\/v2\/posts\/2810\/revisions"}],"predecessor-version":[{"id":2813,"href":"https:\/\/www.mediaplateforme.com\/fr\/wp-json\/wp\/v2\/posts\/2810\/revisions\/2813"}],"wp:featuredmedia":[{"embeddable":true,"href":"https:\/\/www.mediaplateforme.com\/fr\/wp-json\/wp\/v2\/media\/2811"}],"wp:attachment":[{"href":"https:\/\/www.mediaplateforme.com\/fr\/wp-json\/wp\/v2\/media?parent=2810"}],"wp:term":[{"taxonomy":"category","embeddable":true,"href":"https:\/\/www.mediaplateforme.com\/fr\/wp-json\/wp\/v2\/categories?post=2810"},{"taxonomy":"post_tag","embeddable":true,"href":"https:\/\/www.mediaplateforme.com\/fr\/wp-json\/wp\/v2\/tags?post=2810"}],"curies":[{"name":"wp","href":"https:\/\/api.w.org\/{rel}","templated":true}]}}