{"id":2679,"date":"2023-04-17T13:40:36","date_gmt":"2023-04-17T13:40:36","guid":{"rendered":"https:\/\/www.mediaplateforme.com\/fr\/?p=2679"},"modified":"2023-04-17T13:40:36","modified_gmt":"2023-04-17T13:40:36","slug":"sony-lance-deux-nouveaux-produits-qui-sont-destines-aux-professionnels-du-son","status":"publish","type":"post","link":"https:\/\/www.mediaplateforme.com\/fr\/sony-lance-deux-nouveaux-produits-qui-sont-destines-aux-professionnels-du-son\/","title":{"rendered":"Sony lance deux nouveaux produits qui sont destin\u00e9s aux professionnels du son"},"content":{"rendered":"<p><span lang=\"EN-GB\">Sony vient d\u2019annoncer le lancement aujourd&rsquo;hui de deux nouveaux produits phares\u00a0dans le domaine de l\u2019industrie du son: il s\u2019agit des nouveaux \u00e9couteurs\u00a0<\/span><span lang=\"EN-GB\"><a href=\"https:\/\/www.sony-mea.com\/fr\/headphones\/products\/mdr-mv1\" target=\"_blank\" rel=\"noopener\" data-saferedirecturl=\"https:\/\/www.google.com\/url?q=https:\/\/www.sony-mea.com\/fr\/headphones\/products\/mdr-mv1&amp;source=gmail&amp;ust=1681824974493000&amp;usg=AOvVaw1qnn9wt-LZG01cVFzc3PjY\">MDR-MV1\u00a0<\/a><\/span><span lang=\"EN-GB\">et du nouveau microphone professionnel \u00e0 condensateur\u00a0<\/span><span lang=\"EN-GB\"><a href=\"https:\/\/www.sony-mea.com\/fr\/microphones\/products\/c-80\" target=\"_blank\" rel=\"noopener\" data-saferedirecturl=\"https:\/\/www.google.com\/url?q=https:\/\/www.sony-mea.com\/fr\/microphones\/products\/c-80&amp;source=gmail&amp;ust=1681824974493000&amp;usg=AOvVaw34YqLvQHqBTH7wqwLhVTPA\">C-80<\/a><\/span><span lang=\"EN-GB\">.<\/span><\/p>\n<p><img loading=\"lazy\" decoding=\"async\" class=\"alignnone size-medium wp-image-2680\" src=\"https:\/\/www.mediaplateforme.com\/fr\/wp-content\/uploads\/sites\/5\/2023\/04\/image-6-300x158.png\" alt=\"\" width=\"300\" height=\"158\" srcset=\"https:\/\/www.mediaplateforme.com\/fr\/wp-content\/uploads\/sites\/5\/2023\/04\/image-6-300x158.png 300w, https:\/\/www.mediaplateforme.com\/fr\/wp-content\/uploads\/sites\/5\/2023\/04\/image-6.png 702w\" sizes=\"auto, (max-width: 300px) 100vw, 300px\" \/><\/p>\n<p>&nbsp;<\/p>\n<p style=\"font-weight: 400;\">Les \u00e9couteurs de monitoring\u00a0<strong>MDR-MV1<\/strong>\u00a0ont \u00e9t\u00e9 con\u00e7us pour r\u00e9pondre \u00e0 tous les besoins des professionnels du son. Ces \u00e9couteurs, qui combinent capacit\u00e9s audio de premier ordre, mais aussi durabilit\u00e9 et confort, b\u00e9n\u00e9ficient d\u2019une conception esth\u00e9tique \u00ab\u00a0ouverte\u00a0\u00bb qui permet de reproduire le champ sonore de mani\u00e8re encore plus pr\u00e9cise et nettement plus \u00e9largie, mais aussi d\u2019\u00e9liminer toute r\u00e9sonance acoustique pour des sons toujours plus naturels et plus riches. Les \u00e9couteurs<strong>\u00a0MDR-MV<\/strong>1 d\u00e9livrent un son clair, nuanc\u00e9 et de haute r\u00e9solution, au sein d\u2019une large plage de fr\u00e9quences. Ils permettent une reproduction spatiale du son avec une lecture \u00e0 ultra-large bande (5 Hz &#8211; 80 kHz) et selon de hautes fr\u00e9quences naturelles. De plus, et gr\u00e2ce \u00e0 leurs capacit\u00e9s de spatialisation sonore immersive de premier ordre, mais aussi \u00e0 leurs fonctionnalit\u00e9s de pointe comme la 360 Reality Audio de Sony, ces \u00e9couteurs sont l\u2019outil id\u00e9al qui permet d\u2019accompagner efficacement les professionnels du son lors de leurs sessions de mixage et de mastering.<\/p>\n<p style=\"font-weight: 400;\">\u00a0\u00ab Afin de r\u00e9ussir \u00e0 produire de grandes exp\u00e9riences d&rsquo;\u00e9coute destin\u00e9es au streaming et \u00e0 l&rsquo;audio immersif, il \u00e9tait plus que jamais important pour les artistes et les professionnels du son de pouvoir disposer d&rsquo;\u00e9quipements de pointe qui soient parfaitement adapt\u00e9s \u00e0 leurs exigences\u00bb, a d\u00e9clar\u00e9 Mike Piacentini, ing\u00e9nieur de mastering chez Battery Studio, Sony Music Entertainment. \u00ab Les \u00e9couteurs\u00a0<a href=\"https:\/\/www.sony-mea.com\/fr\/headphones\/products\/mdr-mv1\" data-saferedirecturl=\"https:\/\/www.google.com\/url?q=https:\/\/www.sony-mea.com\/fr\/headphones\/products\/mdr-mv1&amp;source=gmail&amp;ust=1681824974493000&amp;usg=AOvVaw1qnn9wt-LZG01cVFzc3PjY\">MDR-MV1<\/a>, qui ont \u00e9t\u00e9 d\u00e9velopp\u00e9s par l&rsquo;\u00e9quipe d&rsquo;ing\u00e9nierie de Sony en collaboration avec les ing\u00e9nieurs de Sony Music, fournissent aux cr\u00e9ateurs un nouvel outil de r\u00e9f\u00e9rence extr\u00eamement fiable et qui r\u00e9pond \u00e0 tous les types de\u00a0 besoins en termes de conception sonore. \u00bb<\/p>\n<p><img loading=\"lazy\" decoding=\"async\" class=\"alignnone size-medium wp-image-2681\" src=\"https:\/\/www.mediaplateforme.com\/fr\/wp-content\/uploads\/sites\/5\/2023\/04\/image-7-300x201.png\" alt=\"\" width=\"300\" height=\"201\" srcset=\"https:\/\/www.mediaplateforme.com\/fr\/wp-content\/uploads\/sites\/5\/2023\/04\/image-7-300x201.png 300w, https:\/\/www.mediaplateforme.com\/fr\/wp-content\/uploads\/sites\/5\/2023\/04\/image-7.png 424w\" sizes=\"auto, (max-width: 300px) 100vw, 300px\" \/><img loading=\"lazy\" decoding=\"async\" class=\"alignnone size-medium wp-image-2682\" src=\"https:\/\/www.mediaplateforme.com\/fr\/wp-content\/uploads\/sites\/5\/2023\/04\/image-8-300x203.png\" alt=\"sony\" width=\"300\" height=\"203\" srcset=\"https:\/\/www.mediaplateforme.com\/fr\/wp-content\/uploads\/sites\/5\/2023\/04\/image-8-300x203.png 300w, https:\/\/www.mediaplateforme.com\/fr\/wp-content\/uploads\/sites\/5\/2023\/04\/image-8.png 420w\" sizes=\"auto, (max-width: 300px) 100vw, 300px\" \/><\/p>\n<p>En plus des \u00e9couteurs MDR-MV1, Sony vient \u00e9galement d\u2019annoncer le lancement d\u2019un nouveau microphone destin\u00e9, cette fois, aux studios domestiques : il s\u2019agit du C-80 qui est un microphone \u00e0 condensateur unidirectionnel id\u00e9al pour les enregistrements vocal\/voix, mais aussi pour les enregistrements instrumentaux, le vlogging, le webcasting et le podcasting. Accessible et performant, ce nouveau produit h\u00e9rite des technologies de premier ordre que l\u2019on retrouve sur les microphones C-800G et C-100 de Sony. Le C-80 reprend ainsi la m\u00eame capsule de microphone que l\u2019on retrouve C-100, mais aussi la fameuse structure corporelle anti-vibratoire m\u00e9tallique en deux parties qui est utilis\u00e9e sur le C-800G. Il abrite en outre une mini-chambre d&rsquo;\u00e9limination du bruit qui emp\u00eache le corps du microphone de vibrer lors des sessions d\u2019enregistrement et qui permet ainsi de d\u00e9livrer des sons toujours extr\u00eamement clairs. Enfin, la configuration \u00e0 double diaphragme du C-80 permet d&rsquo;\u00e9liminer les changements des volumes sonores \u00e0 cause de la distance (effet de proximit\u00e9), offrant ainsi aux utilisateurs une plus grande stabilit\u00e9 sonore lors des enregistrements.<\/p>\n<p>\u00ab\u00a0En plus d\u2019\u00eatre un produit tr\u00e8s abordable, le nouveau microphone C-80 int\u00e8gre plusieurs fonctionnalit\u00e9s professionnelles que l\u2019on retrouve sur les micros haut de gamme. Le C-80 est un outil tr\u00e8s innovant qui vient compl\u00e9ter la riche gamme des produits audio professionnels de Sony et qui ne manquera pas de ravir tous les grands aficionados du son\u00a0\u00bb, a d\u00e9clar\u00e9 Jobin Joejoe, directeur g\u00e9n\u00e9ral adjoint de Sony MEA.<\/p>\n<p>Les \u00e9couteurs MDR-MV1 et le microphone C-80 seront commercialis\u00e9s au Maroc, mais aussi dans le reste de l\u2019Afrique et de la r\u00e9gion ME, \u00e0 partir de mi-mai 2023. Ces deux nouveaux mod\u00e8les b\u00e9n\u00e9ficient tous deux du grand savoir-faire et de l\u2019exp\u00e9rience \u00e9tendue de Sony en mati\u00e8re de d\u00e9veloppement de produits audio professionnels de premier plan.<\/p>\n","protected":false},"excerpt":{"rendered":"<p>Sony vient d\u2019annoncer le lancement aujourd&rsquo;hui de deux nouveaux produits phares\u00a0dans le domaine de l\u2019industrie<\/p>\n","protected":false},"author":1,"featured_media":2682,"comment_status":"open","ping_status":"open","sticky":false,"template":"","format":"standard","meta":{"_acf_changed":false,"footnotes":""},"categories":[5,3],"tags":[188],"class_list":["post-2679","post","type-post","status-publish","format-standard","has-post-thumbnail","hentry","category-tech","category-nouvelles-selectionnees","tag-sony"],"acf":[],"yoast_head":"<!-- This site is optimized with the Yoast SEO plugin v22.0 - https:\/\/yoast.com\/wordpress\/plugins\/seo\/ -->\n<title>Sony lance deux nouveaux produits qui sont destin\u00e9s aux professionnels du son - MEDIA PLATEFORME | FR<\/title>\n<meta name=\"description\" content=\"Sony vient d\u2019annoncer le lancement aujourd&#039;hui de deux nouveaux produits phares\u00a0dans le domaine de l\u2019industrie du son: il s\u2019agit des\" \/>\n<meta name=\"robots\" content=\"index, follow, max-snippet:-1, max-image-preview:large, max-video-preview:-1\" \/>\n<link rel=\"canonical\" href=\"https:\/\/www.mediaplateforme.com\/fr\/sony-lance-deux-nouveaux-produits-qui-sont-destines-aux-professionnels-du-son\/\" \/>\n<meta property=\"og:locale\" content=\"fr_FR\" \/>\n<meta property=\"og:type\" content=\"article\" \/>\n<meta property=\"og:title\" content=\"Sony lance deux nouveaux produits qui sont destin\u00e9s aux professionnels du son - MEDIA PLATEFORME | FR\" \/>\n<meta property=\"og:description\" content=\"Sony vient d\u2019annoncer le lancement aujourd&#039;hui de deux nouveaux produits phares\u00a0dans le domaine de l\u2019industrie du son: il s\u2019agit des\" \/>\n<meta property=\"og:url\" content=\"https:\/\/www.mediaplateforme.com\/fr\/sony-lance-deux-nouveaux-produits-qui-sont-destines-aux-professionnels-du-son\/\" \/>\n<meta property=\"og:site_name\" content=\"MEDIA PLATEFORME | FR\" \/>\n<meta property=\"article:published_time\" content=\"2023-04-17T13:40:36+00:00\" \/>\n<meta property=\"og:image\" content=\"https:\/\/www.mediaplateforme.com\/fr\/wp-content\/uploads\/sites\/5\/2023\/04\/image-8.png\" \/>\n\t<meta property=\"og:image:width\" content=\"420\" \/>\n\t<meta property=\"og:image:height\" content=\"284\" \/>\n\t<meta property=\"og:image:type\" content=\"image\/png\" \/>\n<meta name=\"author\" content=\"Mediaplateforme\" \/>\n<meta name=\"twitter:card\" content=\"summary_large_image\" \/>\n<meta name=\"twitter:label1\" content=\"\u00c9crit par\" \/>\n\t<meta name=\"twitter:data1\" content=\"Mediaplateforme\" \/>\n\t<meta name=\"twitter:label2\" content=\"Dur\u00e9e de lecture estim\u00e9e\" \/>\n\t<meta name=\"twitter:data2\" content=\"4 minutes\" \/>\n<script type=\"application\/ld+json\" class=\"yoast-schema-graph\">{\"@context\":\"https:\/\/schema.org\",\"@graph\":[{\"@type\":\"WebPage\",\"@id\":\"https:\/\/www.mediaplateforme.com\/fr\/sony-lance-deux-nouveaux-produits-qui-sont-destines-aux-professionnels-du-son\/\",\"url\":\"https:\/\/www.mediaplateforme.com\/fr\/sony-lance-deux-nouveaux-produits-qui-sont-destines-aux-professionnels-du-son\/\",\"name\":\"Sony lance deux nouveaux produits qui sont destin\u00e9s aux professionnels du son - MEDIA PLATEFORME | FR\",\"isPartOf\":{\"@id\":\"https:\/\/www.mediaplateforme.com\/fr\/#website\"},\"datePublished\":\"2023-04-17T13:40:36+00:00\",\"dateModified\":\"2023-04-17T13:40:36+00:00\",\"author\":{\"@id\":\"https:\/\/www.mediaplateforme.com\/fr\/#\/schema\/person\/89833db382b5db2c76b094bc902aa12a\"},\"description\":\"Sony vient d\u2019annoncer le lancement aujourd'hui de deux nouveaux produits phares\u00a0dans le domaine de l\u2019industrie du son: il s\u2019agit des\",\"breadcrumb\":{\"@id\":\"https:\/\/www.mediaplateforme.com\/fr\/sony-lance-deux-nouveaux-produits-qui-sont-destines-aux-professionnels-du-son\/#breadcrumb\"},\"inLanguage\":\"fr-FR\",\"potentialAction\":[{\"@type\":\"ReadAction\",\"target\":[\"https:\/\/www.mediaplateforme.com\/fr\/sony-lance-deux-nouveaux-produits-qui-sont-destines-aux-professionnels-du-son\/\"]}]},{\"@type\":\"BreadcrumbList\",\"@id\":\"https:\/\/www.mediaplateforme.com\/fr\/sony-lance-deux-nouveaux-produits-qui-sont-destines-aux-professionnels-du-son\/#breadcrumb\",\"itemListElement\":[{\"@type\":\"ListItem\",\"position\":1,\"name\":\"\u0627\u0644\u0631\u0626\u064a\u0633\u064a\u0629\",\"item\":\"https:\/\/www.mediaplateforme.com\/fr\/\"},{\"@type\":\"ListItem\",\"position\":2,\"name\":\"Sony lance deux nouveaux produits qui sont destin\u00e9s aux professionnels du son\"}]},{\"@type\":\"WebSite\",\"@id\":\"https:\/\/www.mediaplateforme.com\/fr\/#website\",\"url\":\"https:\/\/www.mediaplateforme.com\/fr\/\",\"name\":\"MEDIA PLATEFORME | FR\",\"description\":\"Mediaplateforme sp\u00e9cialis\u00e9 dans la communication institutions publiques et des entreprises\",\"potentialAction\":[{\"@type\":\"SearchAction\",\"target\":{\"@type\":\"EntryPoint\",\"urlTemplate\":\"https:\/\/www.mediaplateforme.com\/fr\/?s={search_term_string}\"},\"query-input\":\"required name=search_term_string\"}],\"inLanguage\":\"fr-FR\"},{\"@type\":\"Person\",\"@id\":\"https:\/\/www.mediaplateforme.com\/fr\/#\/schema\/person\/89833db382b5db2c76b094bc902aa12a\",\"name\":\"Mediaplateforme\",\"image\":{\"@type\":\"ImageObject\",\"inLanguage\":\"fr-FR\",\"@id\":\"https:\/\/www.mediaplateforme.com\/fr\/#\/schema\/person\/image\/\",\"url\":\"https:\/\/secure.gravatar.com\/avatar\/6c9c02e8928cc65d54bf75157f7b3a2d06d7ad0494ca0951f679552ff03b34c1?s=96&d=mm&r=g\",\"contentUrl\":\"https:\/\/secure.gravatar.com\/avatar\/6c9c02e8928cc65d54bf75157f7b3a2d06d7ad0494ca0951f679552ff03b34c1?s=96&d=mm&r=g\",\"caption\":\"Mediaplateforme\"},\"sameAs\":[\"https:\/\/www.mediaplateforme.com\"],\"url\":\"https:\/\/www.mediaplateforme.com\/fr\/author\/mohamedladib\/\"}]}<\/script>\n<!-- \/ Yoast SEO plugin. -->","yoast_head_json":{"title":"Sony lance deux nouveaux produits qui sont destin\u00e9s aux professionnels du son - MEDIA PLATEFORME | FR","description":"Sony vient d\u2019annoncer le lancement aujourd'hui de deux nouveaux produits phares\u00a0dans le domaine de l\u2019industrie du son: il s\u2019agit des","robots":{"index":"index","follow":"follow","max-snippet":"max-snippet:-1","max-image-preview":"max-image-preview:large","max-video-preview":"max-video-preview:-1"},"canonical":"https:\/\/www.mediaplateforme.com\/fr\/sony-lance-deux-nouveaux-produits-qui-sont-destines-aux-professionnels-du-son\/","og_locale":"fr_FR","og_type":"article","og_title":"Sony lance deux nouveaux produits qui sont destin\u00e9s aux professionnels du son - MEDIA PLATEFORME | FR","og_description":"Sony vient d\u2019annoncer le lancement aujourd'hui de deux nouveaux produits phares\u00a0dans le domaine de l\u2019industrie du son: il s\u2019agit des","og_url":"https:\/\/www.mediaplateforme.com\/fr\/sony-lance-deux-nouveaux-produits-qui-sont-destines-aux-professionnels-du-son\/","og_site_name":"MEDIA PLATEFORME | FR","article_published_time":"2023-04-17T13:40:36+00:00","og_image":[{"width":420,"height":284,"url":"https:\/\/www.mediaplateforme.com\/fr\/wp-content\/uploads\/sites\/5\/2023\/04\/image-8.png","type":"image\/png"}],"author":"Mediaplateforme","twitter_card":"summary_large_image","twitter_misc":{"\u00c9crit par":"Mediaplateforme","Dur\u00e9e de lecture estim\u00e9e":"4 minutes"},"schema":{"@context":"https:\/\/schema.org","@graph":[{"@type":"WebPage","@id":"https:\/\/www.mediaplateforme.com\/fr\/sony-lance-deux-nouveaux-produits-qui-sont-destines-aux-professionnels-du-son\/","url":"https:\/\/www.mediaplateforme.com\/fr\/sony-lance-deux-nouveaux-produits-qui-sont-destines-aux-professionnels-du-son\/","name":"Sony lance deux nouveaux produits qui sont destin\u00e9s aux professionnels du son - MEDIA PLATEFORME | FR","isPartOf":{"@id":"https:\/\/www.mediaplateforme.com\/fr\/#website"},"datePublished":"2023-04-17T13:40:36+00:00","dateModified":"2023-04-17T13:40:36+00:00","author":{"@id":"https:\/\/www.mediaplateforme.com\/fr\/#\/schema\/person\/89833db382b5db2c76b094bc902aa12a"},"description":"Sony vient d\u2019annoncer le lancement aujourd'hui de deux nouveaux produits phares\u00a0dans le domaine de l\u2019industrie du son: il s\u2019agit des","breadcrumb":{"@id":"https:\/\/www.mediaplateforme.com\/fr\/sony-lance-deux-nouveaux-produits-qui-sont-destines-aux-professionnels-du-son\/#breadcrumb"},"inLanguage":"fr-FR","potentialAction":[{"@type":"ReadAction","target":["https:\/\/www.mediaplateforme.com\/fr\/sony-lance-deux-nouveaux-produits-qui-sont-destines-aux-professionnels-du-son\/"]}]},{"@type":"BreadcrumbList","@id":"https:\/\/www.mediaplateforme.com\/fr\/sony-lance-deux-nouveaux-produits-qui-sont-destines-aux-professionnels-du-son\/#breadcrumb","itemListElement":[{"@type":"ListItem","position":1,"name":"\u0627\u0644\u0631\u0626\u064a\u0633\u064a\u0629","item":"https:\/\/www.mediaplateforme.com\/fr\/"},{"@type":"ListItem","position":2,"name":"Sony lance deux nouveaux produits qui sont destin\u00e9s aux professionnels du son"}]},{"@type":"WebSite","@id":"https:\/\/www.mediaplateforme.com\/fr\/#website","url":"https:\/\/www.mediaplateforme.com\/fr\/","name":"MEDIA PLATEFORME | FR","description":"Mediaplateforme sp\u00e9cialis\u00e9 dans la communication institutions publiques et des entreprises","potentialAction":[{"@type":"SearchAction","target":{"@type":"EntryPoint","urlTemplate":"https:\/\/www.mediaplateforme.com\/fr\/?s={search_term_string}"},"query-input":"required name=search_term_string"}],"inLanguage":"fr-FR"},{"@type":"Person","@id":"https:\/\/www.mediaplateforme.com\/fr\/#\/schema\/person\/89833db382b5db2c76b094bc902aa12a","name":"Mediaplateforme","image":{"@type":"ImageObject","inLanguage":"fr-FR","@id":"https:\/\/www.mediaplateforme.com\/fr\/#\/schema\/person\/image\/","url":"https:\/\/secure.gravatar.com\/avatar\/6c9c02e8928cc65d54bf75157f7b3a2d06d7ad0494ca0951f679552ff03b34c1?s=96&d=mm&r=g","contentUrl":"https:\/\/secure.gravatar.com\/avatar\/6c9c02e8928cc65d54bf75157f7b3a2d06d7ad0494ca0951f679552ff03b34c1?s=96&d=mm&r=g","caption":"Mediaplateforme"},"sameAs":["https:\/\/www.mediaplateforme.com"],"url":"https:\/\/www.mediaplateforme.com\/fr\/author\/mohamedladib\/"}]}},"_links":{"self":[{"href":"https:\/\/www.mediaplateforme.com\/fr\/wp-json\/wp\/v2\/posts\/2679","targetHints":{"allow":["GET"]}}],"collection":[{"href":"https:\/\/www.mediaplateforme.com\/fr\/wp-json\/wp\/v2\/posts"}],"about":[{"href":"https:\/\/www.mediaplateforme.com\/fr\/wp-json\/wp\/v2\/types\/post"}],"author":[{"embeddable":true,"href":"https:\/\/www.mediaplateforme.com\/fr\/wp-json\/wp\/v2\/users\/1"}],"replies":[{"embeddable":true,"href":"https:\/\/www.mediaplateforme.com\/fr\/wp-json\/wp\/v2\/comments?post=2679"}],"version-history":[{"count":1,"href":"https:\/\/www.mediaplateforme.com\/fr\/wp-json\/wp\/v2\/posts\/2679\/revisions"}],"predecessor-version":[{"id":2683,"href":"https:\/\/www.mediaplateforme.com\/fr\/wp-json\/wp\/v2\/posts\/2679\/revisions\/2683"}],"wp:featuredmedia":[{"embeddable":true,"href":"https:\/\/www.mediaplateforme.com\/fr\/wp-json\/wp\/v2\/media\/2682"}],"wp:attachment":[{"href":"https:\/\/www.mediaplateforme.com\/fr\/wp-json\/wp\/v2\/media?parent=2679"}],"wp:term":[{"taxonomy":"category","embeddable":true,"href":"https:\/\/www.mediaplateforme.com\/fr\/wp-json\/wp\/v2\/categories?post=2679"},{"taxonomy":"post_tag","embeddable":true,"href":"https:\/\/www.mediaplateforme.com\/fr\/wp-json\/wp\/v2\/tags?post=2679"}],"curies":[{"name":"wp","href":"https:\/\/api.w.org\/{rel}","templated":true}]}}