{"id":2648,"date":"2023-04-13T23:51:45","date_gmt":"2023-04-13T23:51:45","guid":{"rendered":"https:\/\/www.mediaplateforme.com\/fr\/?p=2648"},"modified":"2023-04-13T23:51:45","modified_gmt":"2023-04-13T23:51:45","slug":"siben","status":"publish","type":"post","link":"https:\/\/www.mediaplateforme.com\/fr\/siben\/","title":{"rendered":"Le Salon International du Bien-\u00catre et de la Nutrition (SIBEN) sera organis\u00e9 les 27 et 28 mai au Garden Event \u00e0 Casablanca"},"content":{"rendered":"<p style=\"font-weight: 400;\">Apr\u00e8s le succ\u00e8s du week-end du Bien-\u00eatre et de la Nutrition organis\u00e9 en octobre dernier, le SIBEN est ravi d&rsquo;annoncer l\u2019organisation de la premi\u00e8re \u00e9dition du Salon International du Bien-\u00catre et de la Nutrition, dans un format beaucoup plus ambitieux cette fois. Le SIBEN est un \u00e9v\u00e9nement con\u00e7u pour r\u00e9unir des experts nationaux et internationaux qui partageront leur savoir et leurs conseils pour guider les visiteurs vers davantage d\u2019\u00e9quilibre physique, mental et \u00e9motionnel.<\/p>\n<p style=\"font-weight: 400;\">\n<p style=\"font-weight: 400;\">Le SIBEN aspire \u00e0 cr\u00e9er un pont entre les professionnels du bien\u00eatre et de la nutrition et le grand public. L\u2019\u00e9v\u00e9nement permettra aux visiteurs de rencontrer des sp\u00e9cialistes, de recevoir des conseils personnalis\u00e9s et de s\u2019informer sur les derni\u00e8res tendances et innovations dans le Domaine du bien-\u00eatre et de la nutrition. En effet, cette ann\u00e9e, le salon proposera des conf\u00e9rences et des ateliers sur une multitude de sujets li\u00e9s au bien-\u00eatre et \u00e0 la nutrition, allant de la gestion du stress \u00e0 l\u2019alimentation \u00e9quilibr\u00e9e, en passant par l\u2019importance du sommeil r\u00e9parateur par exemple.<\/p>\n<p style=\"font-weight: 400;\">\n<p style=\"font-weight: 400;\">Le salon accueillera cette ann\u00e9e plus de 80 exposants nationaux et internationaux, fervents du bien-\u00eatre, qui pr\u00e9senteront les derni\u00e8res techniques corporelles et \u00e9nerg\u00e9tiques, les produits naturels et biologiques, les compl\u00e9ments alimentaires, les \u00e9quipements et outils innovants pour le bien-\u00eatre et la nutrition.<\/p>\n<p style=\"font-weight: 400;\">\n<p style=\"font-weight: 400;\">Les visiteurs pourront \u00e9galement participer \u00e0 des ateliers pratiques anim\u00e9s par des praticiens sp\u00e9cialis\u00e9s, tels que des s\u00e9ances de yoga, de m\u00e9ditation, de massages, de soins \u00e9nerg\u00e9tiques et bien d\u2019autres encore.<\/p>\n<p style=\"font-weight: 400;\">\n<p style=\"font-weight: 400;\">\u00ab\u00a0<em>Nous sommes ravis d&rsquo;organiser la premi\u00e8re \u00e9dition du SIBEN<\/em>\u00a0\u00bb, a d\u00e9clar\u00e9 Fatihat El Kheir Sefrioui, l\u2019une des organisateurs du salon. \u00ab\u00a0<em>Nous avons travaill\u00e9 dur pour offrir aux visiteurs une exp\u00e9rience inoubliable, en leur donnant acc\u00e8s aux derni\u00e8res techniques et informations pour am\u00e9liorer leur sant\u00e9 et leur bien-\u00eatre<\/em>\u00a0<em>au quotidien<\/em>\u00a0\u00bb.<\/p>\n<p style=\"font-weight: 400;\">\n<p style=\"font-weight: 400;\">Le SIBEN est organis\u00e9 par une \u00e9quipe d&rsquo;experts en sant\u00e9 et en bien-\u00eatre, dont Fatihat El Kheir Sefrioui, pharmacienne, coach holistique et sp\u00e9cialiste des th\u00e9rapies compl\u00e9mentaires, Btissam Tajmouati, pharmacienne, aromath\u00e9rapie, nutrition int\u00e9grative et naturopathie, coach en Techniques \u00c9nerg\u00e9tiques (Constellations Familiales), avec le soutien d\u2018Alain Gu\u00e9guin, coach holistique et organisateur de salons de bien-\u00eatre \u00e0 travers le monde.<\/p>\n<p style=\"font-weight: 400;\">\n<p style=\"font-weight: 400;\">Une conf\u00e9rence destin\u00e9es aux entreprises et anim\u00e9e par Aldina Duarte Ramos, Wellness Activist &amp; strategist, sur le th\u00e8me \u00ab Concepts et Strat\u00e9gies Bien-\u00eatre en Entreprise, aura lieu la veille du salon, et sera suivie de la conf\u00e9rence inaugurale pr\u00e9sent\u00e9e par Guillaume Attias, Expert en Neurosciences et Sciences Cognitives appliqu\u00e9es aux processus d\u00e9cisionnels, et portera sur le th\u00e8me des neurosciences.<\/p>\n<p style=\"font-weight: 400;\">\n<p style=\"font-weight: 400;\">Nous sommes convaincus que ce nouveau format des rencontres du Bien-\u00eatre et de la Nutrition permettra aux visiteurs de rencontrer les meilleurs professionnels du bien-\u00eatre et de la nutrition, de d\u00e9couvrir les derni\u00e8res tendances et de nouer des contacts pour des collaborations futures. Nous sommes convaincus que cet \u00e9v\u00e9nement sera un succ\u00e8s pour les visiteurs, les exposants et les organisateurs.<\/p>\n<p style=\"font-weight: 400;\">\n<p style=\"font-weight: 400;\">Nous sommes ravis d&rsquo;organiser cet \u00e9v\u00e9nement et nous esp\u00e9rons vous voir nombreux au SIBEN en mai prochain.<\/p>\n","protected":false},"excerpt":{"rendered":"<p>Apr\u00e8s le succ\u00e8s du week-end du Bien-\u00eatre et de la Nutrition organis\u00e9 en octobre dernier,<\/p>\n","protected":false},"author":1,"featured_media":2649,"comment_status":"open","ping_status":"open","sticky":false,"template":"","format":"standard","meta":{"_acf_changed":false,"footnotes":""},"categories":[2,3],"tags":[795],"class_list":["post-2648","post","type-post","status-publish","format-standard","has-post-thumbnail","hentry","category-nouvelles","category-nouvelles-selectionnees","tag-le-siben"],"acf":[],"yoast_head":"<!-- This site is optimized with the Yoast SEO plugin v22.0 - https:\/\/yoast.com\/wordpress\/plugins\/seo\/ -->\n<title>Le Salon International du Bien-\u00catre et de la Nutrition (SIBEN) sera organis\u00e9 les 27 et 28 mai au Garden Event \u00e0 Casablanca - MEDIA PLATEFORME | FR<\/title>\n<meta name=\"description\" content=\"Apr\u00e8s le succ\u00e8s du week-end du Bien-\u00eatre et de la Nutrition organis\u00e9 en octobre dernier, le SIBEN est ravi d&#039;annoncer l\u2019organisation de la\" \/>\n<meta name=\"robots\" content=\"index, follow, max-snippet:-1, max-image-preview:large, max-video-preview:-1\" \/>\n<link rel=\"canonical\" href=\"https:\/\/www.mediaplateforme.com\/fr\/siben\/\" \/>\n<meta property=\"og:locale\" content=\"fr_FR\" \/>\n<meta property=\"og:type\" content=\"article\" \/>\n<meta property=\"og:title\" content=\"Le Salon International du Bien-\u00catre et de la Nutrition (SIBEN) sera organis\u00e9 les 27 et 28 mai au Garden Event \u00e0 Casablanca - MEDIA PLATEFORME | FR\" \/>\n<meta property=\"og:description\" content=\"Apr\u00e8s le succ\u00e8s du week-end du Bien-\u00eatre et de la Nutrition organis\u00e9 en octobre dernier, le SIBEN est ravi d&#039;annoncer l\u2019organisation de la\" \/>\n<meta property=\"og:url\" content=\"https:\/\/www.mediaplateforme.com\/fr\/siben\/\" \/>\n<meta property=\"og:site_name\" content=\"MEDIA PLATEFORME | FR\" \/>\n<meta property=\"article:published_time\" content=\"2023-04-13T23:51:45+00:00\" \/>\n<meta property=\"og:image\" content=\"https:\/\/www.mediaplateforme.com\/fr\/wp-content\/uploads\/sites\/5\/2023\/04\/IMG_0705-scaled.jpg\" \/>\n\t<meta property=\"og:image:width\" content=\"2560\" \/>\n\t<meta property=\"og:image:height\" content=\"1707\" \/>\n\t<meta property=\"og:image:type\" content=\"image\/jpeg\" \/>\n<meta name=\"author\" content=\"Mediaplateforme\" \/>\n<meta name=\"twitter:card\" content=\"summary_large_image\" \/>\n<meta name=\"twitter:label1\" content=\"\u00c9crit par\" \/>\n\t<meta name=\"twitter:data1\" content=\"Mediaplateforme\" \/>\n\t<meta name=\"twitter:label2\" content=\"Dur\u00e9e de lecture estim\u00e9e\" \/>\n\t<meta name=\"twitter:data2\" content=\"3 minutes\" \/>\n<script type=\"application\/ld+json\" class=\"yoast-schema-graph\">{\"@context\":\"https:\/\/schema.org\",\"@graph\":[{\"@type\":\"WebPage\",\"@id\":\"https:\/\/www.mediaplateforme.com\/fr\/siben\/\",\"url\":\"https:\/\/www.mediaplateforme.com\/fr\/siben\/\",\"name\":\"Le Salon International du Bien-\u00catre et de la Nutrition (SIBEN) sera organis\u00e9 les 27 et 28 mai au Garden Event \u00e0 Casablanca - MEDIA PLATEFORME | FR\",\"isPartOf\":{\"@id\":\"https:\/\/www.mediaplateforme.com\/fr\/#website\"},\"datePublished\":\"2023-04-13T23:51:45+00:00\",\"dateModified\":\"2023-04-13T23:51:45+00:00\",\"author\":{\"@id\":\"https:\/\/www.mediaplateforme.com\/fr\/#\/schema\/person\/89833db382b5db2c76b094bc902aa12a\"},\"description\":\"Apr\u00e8s le succ\u00e8s du week-end du Bien-\u00eatre et de la Nutrition organis\u00e9 en octobre dernier, le SIBEN est ravi d'annoncer l\u2019organisation de la\",\"breadcrumb\":{\"@id\":\"https:\/\/www.mediaplateforme.com\/fr\/siben\/#breadcrumb\"},\"inLanguage\":\"fr-FR\",\"potentialAction\":[{\"@type\":\"ReadAction\",\"target\":[\"https:\/\/www.mediaplateforme.com\/fr\/siben\/\"]}]},{\"@type\":\"BreadcrumbList\",\"@id\":\"https:\/\/www.mediaplateforme.com\/fr\/siben\/#breadcrumb\",\"itemListElement\":[{\"@type\":\"ListItem\",\"position\":1,\"name\":\"\u0627\u0644\u0631\u0626\u064a\u0633\u064a\u0629\",\"item\":\"https:\/\/www.mediaplateforme.com\/fr\/\"},{\"@type\":\"ListItem\",\"position\":2,\"name\":\"Le Salon International du Bien-\u00catre et de la Nutrition (SIBEN) sera organis\u00e9 les 27 et 28 mai au Garden Event \u00e0 Casablanca\"}]},{\"@type\":\"WebSite\",\"@id\":\"https:\/\/www.mediaplateforme.com\/fr\/#website\",\"url\":\"https:\/\/www.mediaplateforme.com\/fr\/\",\"name\":\"MEDIA PLATEFORME | FR\",\"description\":\"Mediaplateforme sp\u00e9cialis\u00e9 dans la communication institutions publiques et des entreprises\",\"potentialAction\":[{\"@type\":\"SearchAction\",\"target\":{\"@type\":\"EntryPoint\",\"urlTemplate\":\"https:\/\/www.mediaplateforme.com\/fr\/?s={search_term_string}\"},\"query-input\":\"required name=search_term_string\"}],\"inLanguage\":\"fr-FR\"},{\"@type\":\"Person\",\"@id\":\"https:\/\/www.mediaplateforme.com\/fr\/#\/schema\/person\/89833db382b5db2c76b094bc902aa12a\",\"name\":\"Mediaplateforme\",\"image\":{\"@type\":\"ImageObject\",\"inLanguage\":\"fr-FR\",\"@id\":\"https:\/\/www.mediaplateforme.com\/fr\/#\/schema\/person\/image\/\",\"url\":\"https:\/\/secure.gravatar.com\/avatar\/6c9c02e8928cc65d54bf75157f7b3a2d06d7ad0494ca0951f679552ff03b34c1?s=96&d=mm&r=g\",\"contentUrl\":\"https:\/\/secure.gravatar.com\/avatar\/6c9c02e8928cc65d54bf75157f7b3a2d06d7ad0494ca0951f679552ff03b34c1?s=96&d=mm&r=g\",\"caption\":\"Mediaplateforme\"},\"sameAs\":[\"https:\/\/www.mediaplateforme.com\"],\"url\":\"https:\/\/www.mediaplateforme.com\/fr\/author\/mohamedladib\/\"}]}<\/script>\n<!-- \/ Yoast SEO plugin. -->","yoast_head_json":{"title":"Le Salon International du Bien-\u00catre et de la Nutrition (SIBEN) sera organis\u00e9 les 27 et 28 mai au Garden Event \u00e0 Casablanca - MEDIA PLATEFORME | FR","description":"Apr\u00e8s le succ\u00e8s du week-end du Bien-\u00eatre et de la Nutrition organis\u00e9 en octobre dernier, le SIBEN est ravi d'annoncer l\u2019organisation de la","robots":{"index":"index","follow":"follow","max-snippet":"max-snippet:-1","max-image-preview":"max-image-preview:large","max-video-preview":"max-video-preview:-1"},"canonical":"https:\/\/www.mediaplateforme.com\/fr\/siben\/","og_locale":"fr_FR","og_type":"article","og_title":"Le Salon International du Bien-\u00catre et de la Nutrition (SIBEN) sera organis\u00e9 les 27 et 28 mai au Garden Event \u00e0 Casablanca - MEDIA PLATEFORME | FR","og_description":"Apr\u00e8s le succ\u00e8s du week-end du Bien-\u00eatre et de la Nutrition organis\u00e9 en octobre dernier, le SIBEN est ravi d'annoncer l\u2019organisation de la","og_url":"https:\/\/www.mediaplateforme.com\/fr\/siben\/","og_site_name":"MEDIA PLATEFORME | FR","article_published_time":"2023-04-13T23:51:45+00:00","og_image":[{"width":2560,"height":1707,"url":"https:\/\/www.mediaplateforme.com\/fr\/wp-content\/uploads\/sites\/5\/2023\/04\/IMG_0705-scaled.jpg","type":"image\/jpeg"}],"author":"Mediaplateforme","twitter_card":"summary_large_image","twitter_misc":{"\u00c9crit par":"Mediaplateforme","Dur\u00e9e de lecture estim\u00e9e":"3 minutes"},"schema":{"@context":"https:\/\/schema.org","@graph":[{"@type":"WebPage","@id":"https:\/\/www.mediaplateforme.com\/fr\/siben\/","url":"https:\/\/www.mediaplateforme.com\/fr\/siben\/","name":"Le Salon International du Bien-\u00catre et de la Nutrition (SIBEN) sera organis\u00e9 les 27 et 28 mai au Garden Event \u00e0 Casablanca - MEDIA PLATEFORME | FR","isPartOf":{"@id":"https:\/\/www.mediaplateforme.com\/fr\/#website"},"datePublished":"2023-04-13T23:51:45+00:00","dateModified":"2023-04-13T23:51:45+00:00","author":{"@id":"https:\/\/www.mediaplateforme.com\/fr\/#\/schema\/person\/89833db382b5db2c76b094bc902aa12a"},"description":"Apr\u00e8s le succ\u00e8s du week-end du Bien-\u00eatre et de la Nutrition organis\u00e9 en octobre dernier, le SIBEN est ravi d'annoncer l\u2019organisation de la","breadcrumb":{"@id":"https:\/\/www.mediaplateforme.com\/fr\/siben\/#breadcrumb"},"inLanguage":"fr-FR","potentialAction":[{"@type":"ReadAction","target":["https:\/\/www.mediaplateforme.com\/fr\/siben\/"]}]},{"@type":"BreadcrumbList","@id":"https:\/\/www.mediaplateforme.com\/fr\/siben\/#breadcrumb","itemListElement":[{"@type":"ListItem","position":1,"name":"\u0627\u0644\u0631\u0626\u064a\u0633\u064a\u0629","item":"https:\/\/www.mediaplateforme.com\/fr\/"},{"@type":"ListItem","position":2,"name":"Le Salon International du Bien-\u00catre et de la Nutrition (SIBEN) sera organis\u00e9 les 27 et 28 mai au Garden Event \u00e0 Casablanca"}]},{"@type":"WebSite","@id":"https:\/\/www.mediaplateforme.com\/fr\/#website","url":"https:\/\/www.mediaplateforme.com\/fr\/","name":"MEDIA PLATEFORME | FR","description":"Mediaplateforme sp\u00e9cialis\u00e9 dans la communication institutions publiques et des entreprises","potentialAction":[{"@type":"SearchAction","target":{"@type":"EntryPoint","urlTemplate":"https:\/\/www.mediaplateforme.com\/fr\/?s={search_term_string}"},"query-input":"required name=search_term_string"}],"inLanguage":"fr-FR"},{"@type":"Person","@id":"https:\/\/www.mediaplateforme.com\/fr\/#\/schema\/person\/89833db382b5db2c76b094bc902aa12a","name":"Mediaplateforme","image":{"@type":"ImageObject","inLanguage":"fr-FR","@id":"https:\/\/www.mediaplateforme.com\/fr\/#\/schema\/person\/image\/","url":"https:\/\/secure.gravatar.com\/avatar\/6c9c02e8928cc65d54bf75157f7b3a2d06d7ad0494ca0951f679552ff03b34c1?s=96&d=mm&r=g","contentUrl":"https:\/\/secure.gravatar.com\/avatar\/6c9c02e8928cc65d54bf75157f7b3a2d06d7ad0494ca0951f679552ff03b34c1?s=96&d=mm&r=g","caption":"Mediaplateforme"},"sameAs":["https:\/\/www.mediaplateforme.com"],"url":"https:\/\/www.mediaplateforme.com\/fr\/author\/mohamedladib\/"}]}},"_links":{"self":[{"href":"https:\/\/www.mediaplateforme.com\/fr\/wp-json\/wp\/v2\/posts\/2648","targetHints":{"allow":["GET"]}}],"collection":[{"href":"https:\/\/www.mediaplateforme.com\/fr\/wp-json\/wp\/v2\/posts"}],"about":[{"href":"https:\/\/www.mediaplateforme.com\/fr\/wp-json\/wp\/v2\/types\/post"}],"author":[{"embeddable":true,"href":"https:\/\/www.mediaplateforme.com\/fr\/wp-json\/wp\/v2\/users\/1"}],"replies":[{"embeddable":true,"href":"https:\/\/www.mediaplateforme.com\/fr\/wp-json\/wp\/v2\/comments?post=2648"}],"version-history":[{"count":1,"href":"https:\/\/www.mediaplateforme.com\/fr\/wp-json\/wp\/v2\/posts\/2648\/revisions"}],"predecessor-version":[{"id":2650,"href":"https:\/\/www.mediaplateforme.com\/fr\/wp-json\/wp\/v2\/posts\/2648\/revisions\/2650"}],"wp:featuredmedia":[{"embeddable":true,"href":"https:\/\/www.mediaplateforme.com\/fr\/wp-json\/wp\/v2\/media\/2649"}],"wp:attachment":[{"href":"https:\/\/www.mediaplateforme.com\/fr\/wp-json\/wp\/v2\/media?parent=2648"}],"wp:term":[{"taxonomy":"category","embeddable":true,"href":"https:\/\/www.mediaplateforme.com\/fr\/wp-json\/wp\/v2\/categories?post=2648"},{"taxonomy":"post_tag","embeddable":true,"href":"https:\/\/www.mediaplateforme.com\/fr\/wp-json\/wp\/v2\/tags?post=2648"}],"curies":[{"name":"wp","href":"https:\/\/api.w.org\/{rel}","templated":true}]}}