{"id":2641,"date":"2023-04-13T17:33:14","date_gmt":"2023-04-13T17:33:14","guid":{"rendered":"https:\/\/www.mediaplateforme.com\/fr\/?p=2641"},"modified":"2023-04-13T18:18:53","modified_gmt":"2023-04-13T18:18:53","slug":"ledition-2023-du-morocco-capital-markets-days-a-londres","status":"publish","type":"post","link":"https:\/\/www.mediaplateforme.com\/fr\/ledition-2023-du-morocco-capital-markets-days-a-londres\/","title":{"rendered":"L\u2019\u00e9dition 2023 du Morocco Capital Markets Days \u00e0 Londres"},"content":{"rendered":"<p><strong><em>La Bourse de Casablanca et ses partenaires seront \u00e0 Londres, les 26 et 27 avril prochain, pour l\u2019\u00e9dition 2023 du Morocco Capital Markets Days (MCMD). Objectifs\u00a0: renforcer l\u2019attractivit\u00e9 des entreprises marocaines et s\u00e9duire davantage d\u2019investisseurs internationaux.<\/em><\/strong><\/p>\n<p>Riche de ses cinq \u00e9ditions organis\u00e9es, depuis 2016, dans les principales places financi\u00e8res internationales, en l\u2019occurrence Londres, New York et Duba\u00ef<strong>, le MCMD est d\u00e9sormais reconnu comme LE rendez-vous incontournable de la Bourse de Casablanca<\/strong> <strong>et des entreprises cot\u00e9es marocaines avec les investisseurs internationaux. \u00a0<\/strong><\/p>\n<p><strong>Pour cette ann\u00e9e<\/strong> durant deux journ\u00e9es, <strong>le MCMD promet une programmation \u00e0 la fois riche et int\u00e9ressante<\/strong>, notamment une conf\u00e9rence qui permettra de <strong>pr\u00e9senter aux investisseurs internationaux l\u2019environnement macro-\u00e9conomique du Maroc, ainsi que l\u2019attractivit\u00e9 de son march\u00e9 des capitaux<\/strong> et ce, en pr\u00e9sence de Mme Nezha HAYAT, Pr\u00e9sidente de l\u2019Autorit\u00e9 Marocaine du March\u00e9 des Capitaux.<\/p>\n<p><iframe loading=\"lazy\" title=\"YouTube video player\" src=\"https:\/\/www.youtube.com\/embed\/WDoURvYCZ08\" width=\"560\" height=\"315\" frameborder=\"0\" allowfullscreen=\"allowfullscreen\"><\/iframe><br \/>\nA l\u2019instar des \u00e9ditions pr\u00e9c\u00e9dentes, <strong>le MCMD 2023 sera surtout une opportunit\u00e9 de communication financi\u00e8re intense pour les entreprises cot\u00e9es \u00e0 la <a href=\"https:\/\/www.mediaplateforme.com\/fr\/la-bourse-de-casablanca-modernise-sa-gamme-dindices-pour-accompagner-et-accelerer-le-developpement-du-marche\/\">Bourse de Casablanca<\/a><\/strong>, dont pr\u00e8s d\u2019une vingtaine participeront aux <strong>sessions en one\/one programm\u00e9es avec les investisseurs internationaux <\/strong>dans le but de pr\u00e9senter leurs r\u00e9sultats et leurs perspectives.<\/p>\n<p><strong>Cette \u00e9dition pr\u00e9sente des opportunit\u00e9s int\u00e9ressantes<\/strong> pour connecter la d\u00e9l\u00e9gation marocaine compos\u00e9e des dirigeants de soci\u00e9t\u00e9s cot\u00e9es et d\u2019op\u00e9rateurs du march\u00e9 de capitaux avec les investisseurs internationaux \u00e0 Londres et leur exposer les opportunit\u00e9s qu\u2019offre le march\u00e9 des capitaux marocain et sa place financi\u00e8re attractive.<\/p>\n<p>&nbsp;<\/p>\n<h4><strong><em>A propos de la Bourse de Casablanca <\/em><\/strong><\/h4>\n<p><em>La Bourse de Casablanca a \u00e9t\u00e9 cr\u00e9\u00e9e en 1929. Elle exerce sous la tutelle du Minist\u00e8re de l\u2019\u00c9conomie et des Finances dans le cadre d\u2019un cahier des charges et a pour mission d\u2019enrichir de mani\u00e8re continue l\u2019offre de produits et services, de d\u00e9velopper et de d\u00e9ployer une strat\u00e9gie globale commune aux diff\u00e9rentes composantes du march\u00e9 boursier, d\u2019en d\u00e9velopper l\u2019infrastructure, de contribuer \u00e0 son d\u00e9veloppement et de g\u00e9rer des entit\u00e9s cons\u00e9cutives de l\u2019infrastructure relevant de la Holding. <\/em><\/p>\n<p><em>La Bourse de Casablanca se positionne parmi les principales places en Afrique. \u00c0 fin 2022, elle comptait 76 soci\u00e9t\u00e9s cot\u00e9es et sa capitalisation boursi\u00e8re a atteint 561,1 milliards de MAD. Depuis quelques ann\u00e9es, la Bourse de Casablanca a renforc\u00e9 son ouverture sur les places financi\u00e8res africaines, ainsi que ses relations avec les op\u00e9rateurs du continent. <\/em><\/p>\n","protected":false},"excerpt":{"rendered":"<p>La Bourse de Casablanca et ses partenaires seront \u00e0 Londres, les 26 et 27 avril<\/p>\n","protected":false},"author":1,"featured_media":2642,"comment_status":"open","ping_status":"open","sticky":false,"template":"","format":"standard","meta":{"_acf_changed":false,"footnotes":""},"categories":[4,3],"tags":[793],"class_list":["post-2641","post","type-post","status-publish","format-standard","has-post-thumbnail","hentry","category-economie","category-nouvelles-selectionnees","tag-morocco-capital-markets-day"],"acf":[],"yoast_head":"<!-- This site is optimized with the Yoast SEO plugin v22.0 - https:\/\/yoast.com\/wordpress\/plugins\/seo\/ -->\n<title>L\u2019\u00e9dition 2023 du Morocco Capital Markets Days \u00e0 Londres - MEDIA PLATEFORME | FR<\/title>\n<meta name=\"description\" content=\"La Bourse de Casablanca et ses partenaires seront \u00e0 Londres, les 26 et 27 avril prochain, pour l\u2019\u00e9dition 2023 Morocco Capital Markets Day\" \/>\n<meta name=\"robots\" content=\"index, follow, max-snippet:-1, max-image-preview:large, max-video-preview:-1\" \/>\n<link rel=\"canonical\" href=\"https:\/\/www.mediaplateforme.com\/fr\/ledition-2023-du-morocco-capital-markets-days-a-londres\/\" \/>\n<meta property=\"og:locale\" content=\"fr_FR\" \/>\n<meta property=\"og:type\" content=\"article\" \/>\n<meta property=\"og:title\" content=\"L\u2019\u00e9dition 2023 du Morocco Capital Markets Days \u00e0 Londres - MEDIA PLATEFORME | FR\" \/>\n<meta property=\"og:description\" content=\"La Bourse de Casablanca et ses partenaires seront \u00e0 Londres, les 26 et 27 avril prochain, pour l\u2019\u00e9dition 2023 Morocco Capital Markets Day\" \/>\n<meta property=\"og:url\" content=\"https:\/\/www.mediaplateforme.com\/fr\/ledition-2023-du-morocco-capital-markets-days-a-londres\/\" \/>\n<meta property=\"og:site_name\" content=\"MEDIA PLATEFORME | FR\" \/>\n<meta property=\"article:published_time\" content=\"2023-04-13T17:33:14+00:00\" \/>\n<meta property=\"article:modified_time\" content=\"2023-04-13T18:18:53+00:00\" \/>\n<meta property=\"og:image\" content=\"https:\/\/www.mediaplateforme.com\/fr\/wp-content\/uploads\/sites\/5\/2023\/04\/0Bourse-de-c.jpg\" \/>\n\t<meta property=\"og:image:width\" content=\"620\" \/>\n\t<meta property=\"og:image:height\" content=\"345\" \/>\n\t<meta property=\"og:image:type\" content=\"image\/jpeg\" \/>\n<meta name=\"author\" content=\"Mediaplateforme\" \/>\n<meta name=\"twitter:card\" content=\"summary_large_image\" \/>\n<meta name=\"twitter:label1\" content=\"\u00c9crit par\" \/>\n\t<meta name=\"twitter:data1\" content=\"Mediaplateforme\" \/>\n\t<meta name=\"twitter:label2\" content=\"Dur\u00e9e de lecture estim\u00e9e\" \/>\n\t<meta name=\"twitter:data2\" content=\"2 minutes\" \/>\n<script type=\"application\/ld+json\" class=\"yoast-schema-graph\">{\"@context\":\"https:\/\/schema.org\",\"@graph\":[{\"@type\":\"WebPage\",\"@id\":\"https:\/\/www.mediaplateforme.com\/fr\/ledition-2023-du-morocco-capital-markets-days-a-londres\/\",\"url\":\"https:\/\/www.mediaplateforme.com\/fr\/ledition-2023-du-morocco-capital-markets-days-a-londres\/\",\"name\":\"L\u2019\u00e9dition 2023 du Morocco Capital Markets Days \u00e0 Londres - MEDIA PLATEFORME | FR\",\"isPartOf\":{\"@id\":\"https:\/\/www.mediaplateforme.com\/fr\/#website\"},\"datePublished\":\"2023-04-13T17:33:14+00:00\",\"dateModified\":\"2023-04-13T18:18:53+00:00\",\"author\":{\"@id\":\"https:\/\/www.mediaplateforme.com\/fr\/#\/schema\/person\/89833db382b5db2c76b094bc902aa12a\"},\"description\":\"La Bourse de Casablanca et ses partenaires seront \u00e0 Londres, les 26 et 27 avril prochain, pour l\u2019\u00e9dition 2023 Morocco Capital Markets Day\",\"breadcrumb\":{\"@id\":\"https:\/\/www.mediaplateforme.com\/fr\/ledition-2023-du-morocco-capital-markets-days-a-londres\/#breadcrumb\"},\"inLanguage\":\"fr-FR\",\"potentialAction\":[{\"@type\":\"ReadAction\",\"target\":[\"https:\/\/www.mediaplateforme.com\/fr\/ledition-2023-du-morocco-capital-markets-days-a-londres\/\"]}]},{\"@type\":\"BreadcrumbList\",\"@id\":\"https:\/\/www.mediaplateforme.com\/fr\/ledition-2023-du-morocco-capital-markets-days-a-londres\/#breadcrumb\",\"itemListElement\":[{\"@type\":\"ListItem\",\"position\":1,\"name\":\"\u0627\u0644\u0631\u0626\u064a\u0633\u064a\u0629\",\"item\":\"https:\/\/www.mediaplateforme.com\/fr\/\"},{\"@type\":\"ListItem\",\"position\":2,\"name\":\"L\u2019\u00e9dition 2023 du Morocco Capital Markets Days \u00e0 Londres\"}]},{\"@type\":\"WebSite\",\"@id\":\"https:\/\/www.mediaplateforme.com\/fr\/#website\",\"url\":\"https:\/\/www.mediaplateforme.com\/fr\/\",\"name\":\"MEDIA PLATEFORME | FR\",\"description\":\"Mediaplateforme sp\u00e9cialis\u00e9 dans la communication institutions publiques et des entreprises\",\"potentialAction\":[{\"@type\":\"SearchAction\",\"target\":{\"@type\":\"EntryPoint\",\"urlTemplate\":\"https:\/\/www.mediaplateforme.com\/fr\/?s={search_term_string}\"},\"query-input\":\"required name=search_term_string\"}],\"inLanguage\":\"fr-FR\"},{\"@type\":\"Person\",\"@id\":\"https:\/\/www.mediaplateforme.com\/fr\/#\/schema\/person\/89833db382b5db2c76b094bc902aa12a\",\"name\":\"Mediaplateforme\",\"image\":{\"@type\":\"ImageObject\",\"inLanguage\":\"fr-FR\",\"@id\":\"https:\/\/www.mediaplateforme.com\/fr\/#\/schema\/person\/image\/\",\"url\":\"https:\/\/secure.gravatar.com\/avatar\/6c9c02e8928cc65d54bf75157f7b3a2d06d7ad0494ca0951f679552ff03b34c1?s=96&d=mm&r=g\",\"contentUrl\":\"https:\/\/secure.gravatar.com\/avatar\/6c9c02e8928cc65d54bf75157f7b3a2d06d7ad0494ca0951f679552ff03b34c1?s=96&d=mm&r=g\",\"caption\":\"Mediaplateforme\"},\"sameAs\":[\"https:\/\/www.mediaplateforme.com\"],\"url\":\"https:\/\/www.mediaplateforme.com\/fr\/author\/mohamedladib\/\"}]}<\/script>\n<!-- \/ Yoast SEO plugin. -->","yoast_head_json":{"title":"L\u2019\u00e9dition 2023 du Morocco Capital Markets Days \u00e0 Londres - MEDIA PLATEFORME | FR","description":"La Bourse de Casablanca et ses partenaires seront \u00e0 Londres, les 26 et 27 avril prochain, pour l\u2019\u00e9dition 2023 Morocco Capital Markets Day","robots":{"index":"index","follow":"follow","max-snippet":"max-snippet:-1","max-image-preview":"max-image-preview:large","max-video-preview":"max-video-preview:-1"},"canonical":"https:\/\/www.mediaplateforme.com\/fr\/ledition-2023-du-morocco-capital-markets-days-a-londres\/","og_locale":"fr_FR","og_type":"article","og_title":"L\u2019\u00e9dition 2023 du Morocco Capital Markets Days \u00e0 Londres - MEDIA PLATEFORME | FR","og_description":"La Bourse de Casablanca et ses partenaires seront \u00e0 Londres, les 26 et 27 avril prochain, pour l\u2019\u00e9dition 2023 Morocco Capital Markets Day","og_url":"https:\/\/www.mediaplateforme.com\/fr\/ledition-2023-du-morocco-capital-markets-days-a-londres\/","og_site_name":"MEDIA PLATEFORME | FR","article_published_time":"2023-04-13T17:33:14+00:00","article_modified_time":"2023-04-13T18:18:53+00:00","og_image":[{"width":620,"height":345,"url":"https:\/\/www.mediaplateforme.com\/fr\/wp-content\/uploads\/sites\/5\/2023\/04\/0Bourse-de-c.jpg","type":"image\/jpeg"}],"author":"Mediaplateforme","twitter_card":"summary_large_image","twitter_misc":{"\u00c9crit par":"Mediaplateforme","Dur\u00e9e de lecture estim\u00e9e":"2 minutes"},"schema":{"@context":"https:\/\/schema.org","@graph":[{"@type":"WebPage","@id":"https:\/\/www.mediaplateforme.com\/fr\/ledition-2023-du-morocco-capital-markets-days-a-londres\/","url":"https:\/\/www.mediaplateforme.com\/fr\/ledition-2023-du-morocco-capital-markets-days-a-londres\/","name":"L\u2019\u00e9dition 2023 du Morocco Capital Markets Days \u00e0 Londres - MEDIA PLATEFORME | FR","isPartOf":{"@id":"https:\/\/www.mediaplateforme.com\/fr\/#website"},"datePublished":"2023-04-13T17:33:14+00:00","dateModified":"2023-04-13T18:18:53+00:00","author":{"@id":"https:\/\/www.mediaplateforme.com\/fr\/#\/schema\/person\/89833db382b5db2c76b094bc902aa12a"},"description":"La Bourse de Casablanca et ses partenaires seront \u00e0 Londres, les 26 et 27 avril prochain, pour l\u2019\u00e9dition 2023 Morocco Capital Markets Day","breadcrumb":{"@id":"https:\/\/www.mediaplateforme.com\/fr\/ledition-2023-du-morocco-capital-markets-days-a-londres\/#breadcrumb"},"inLanguage":"fr-FR","potentialAction":[{"@type":"ReadAction","target":["https:\/\/www.mediaplateforme.com\/fr\/ledition-2023-du-morocco-capital-markets-days-a-londres\/"]}]},{"@type":"BreadcrumbList","@id":"https:\/\/www.mediaplateforme.com\/fr\/ledition-2023-du-morocco-capital-markets-days-a-londres\/#breadcrumb","itemListElement":[{"@type":"ListItem","position":1,"name":"\u0627\u0644\u0631\u0626\u064a\u0633\u064a\u0629","item":"https:\/\/www.mediaplateforme.com\/fr\/"},{"@type":"ListItem","position":2,"name":"L\u2019\u00e9dition 2023 du Morocco Capital Markets Days \u00e0 Londres"}]},{"@type":"WebSite","@id":"https:\/\/www.mediaplateforme.com\/fr\/#website","url":"https:\/\/www.mediaplateforme.com\/fr\/","name":"MEDIA PLATEFORME | FR","description":"Mediaplateforme sp\u00e9cialis\u00e9 dans la communication institutions publiques et des entreprises","potentialAction":[{"@type":"SearchAction","target":{"@type":"EntryPoint","urlTemplate":"https:\/\/www.mediaplateforme.com\/fr\/?s={search_term_string}"},"query-input":"required name=search_term_string"}],"inLanguage":"fr-FR"},{"@type":"Person","@id":"https:\/\/www.mediaplateforme.com\/fr\/#\/schema\/person\/89833db382b5db2c76b094bc902aa12a","name":"Mediaplateforme","image":{"@type":"ImageObject","inLanguage":"fr-FR","@id":"https:\/\/www.mediaplateforme.com\/fr\/#\/schema\/person\/image\/","url":"https:\/\/secure.gravatar.com\/avatar\/6c9c02e8928cc65d54bf75157f7b3a2d06d7ad0494ca0951f679552ff03b34c1?s=96&d=mm&r=g","contentUrl":"https:\/\/secure.gravatar.com\/avatar\/6c9c02e8928cc65d54bf75157f7b3a2d06d7ad0494ca0951f679552ff03b34c1?s=96&d=mm&r=g","caption":"Mediaplateforme"},"sameAs":["https:\/\/www.mediaplateforme.com"],"url":"https:\/\/www.mediaplateforme.com\/fr\/author\/mohamedladib\/"}]}},"_links":{"self":[{"href":"https:\/\/www.mediaplateforme.com\/fr\/wp-json\/wp\/v2\/posts\/2641","targetHints":{"allow":["GET"]}}],"collection":[{"href":"https:\/\/www.mediaplateforme.com\/fr\/wp-json\/wp\/v2\/posts"}],"about":[{"href":"https:\/\/www.mediaplateforme.com\/fr\/wp-json\/wp\/v2\/types\/post"}],"author":[{"embeddable":true,"href":"https:\/\/www.mediaplateforme.com\/fr\/wp-json\/wp\/v2\/users\/1"}],"replies":[{"embeddable":true,"href":"https:\/\/www.mediaplateforme.com\/fr\/wp-json\/wp\/v2\/comments?post=2641"}],"version-history":[{"count":3,"href":"https:\/\/www.mediaplateforme.com\/fr\/wp-json\/wp\/v2\/posts\/2641\/revisions"}],"predecessor-version":[{"id":2645,"href":"https:\/\/www.mediaplateforme.com\/fr\/wp-json\/wp\/v2\/posts\/2641\/revisions\/2645"}],"wp:featuredmedia":[{"embeddable":true,"href":"https:\/\/www.mediaplateforme.com\/fr\/wp-json\/wp\/v2\/media\/2642"}],"wp:attachment":[{"href":"https:\/\/www.mediaplateforme.com\/fr\/wp-json\/wp\/v2\/media?parent=2641"}],"wp:term":[{"taxonomy":"category","embeddable":true,"href":"https:\/\/www.mediaplateforme.com\/fr\/wp-json\/wp\/v2\/categories?post=2641"},{"taxonomy":"post_tag","embeddable":true,"href":"https:\/\/www.mediaplateforme.com\/fr\/wp-json\/wp\/v2\/tags?post=2641"}],"curies":[{"name":"wp","href":"https:\/\/api.w.org\/{rel}","templated":true}]}}