{"id":2533,"date":"2023-04-05T14:59:05","date_gmt":"2023-04-05T14:59:05","guid":{"rendered":"https:\/\/www.mediaplateforme.com\/fr\/?p=2533"},"modified":"2023-04-05T14:59:05","modified_gmt":"2023-04-05T14:59:05","slug":"ford-publie-son-rapport-financier-et-de-developpement-durable-2023","status":"publish","type":"post","link":"https:\/\/www.mediaplateforme.com\/fr\/ford-publie-son-rapport-financier-et-de-developpement-durable-2023\/","title":{"rendered":"Ford publie son rapport financier et de d\u00e9veloppement durable 2023"},"content":{"rendered":"<p style=\"font-weight: 400;\">Aujourd&rsquo;hui, Ford publie son rapport int\u00e9gr\u00e9 sur le d\u00e9veloppement durable et les finances pour 2023, d\u00e9taillant les progr\u00e8s r\u00e9alis\u00e9s par l&rsquo;entreprise dans le cadre de son engagement \u00e0 faire \u00e9merger un avenir plus durable, plus inclusif et plus \u00e9quitable en mati\u00e8re de transport.<\/p>\n<p style=\"font-weight: 400;\">\n<p style=\"font-weight: 400;\">S&rsquo;appuyant sur plus de deux d\u00e9cennies de leadership en mati\u00e8re de communication sur le d\u00e9veloppement durable, le nouveau rapport partage de plus r\u00e9centes donn\u00e9es qui attestent de la bonne progression de Ford vers la neutralit\u00e9 carbone au plus tard en 2050 pour l&rsquo;ensemble de ses v\u00e9hicules, de ses op\u00e9rations et de sa cha\u00eene d&rsquo;approvisionnement. Il souligne \u00e9galement les progr\u00e8s r\u00e9alis\u00e9s dans le cadre d&rsquo;initiatives conformes \u00e0 l&rsquo;engagement de l&rsquo;entreprise de s&rsquo;approvisionner en mati\u00e8res premi\u00e8res produites de mani\u00e8re responsable et de rendre sa cha\u00eene d&rsquo;approvisionnement en v\u00e9hicules \u00e9lectriques et en batteries plus transparente.<\/p>\n<p style=\"font-weight: 400;\">\n<p style=\"font-weight: 400;\">\u00ab\u00a0Nous pensons que le succ\u00e8s \u00e0 long terme de toute entreprise est inextricablement li\u00e9 \u00e0 la cr\u00e9ation de valeur pour les clients, les employ\u00e9s et les communaut\u00e9s, tout en prenant soin de la plan\u00e8te\u00a0\u00bb, a d\u00e9clar\u00e9 le Pr\u00e9sident ex\u00e9cutif Bill Ford. \u00ab\u00a0Nous entreprenons une transformation massive pour conduire l&rsquo;\u00e8re du transport \u00e9lectrique et connect\u00e9 et nous nous engageons \u00e0 \u00eatre transparents sur nos progr\u00e8s et nos opportunit\u00e9s d&rsquo;am\u00e9lioration. Nous sommes enthousiastes et optimistes quant \u00e0 l&rsquo;avenir et nous sommes impatients de concr\u00e9tiser le transport neutre en carbone.\u00a0\u00bb<\/p>\n<p style=\"font-weight: 400;\">\n<p style=\"font-weight: 400;\">\u00ab\u00a0En 2022, nous avons fait un certain nombre de progr\u00e8s vers la neutralit\u00e9 carbone, notamment en introduisant de nouveaux v\u00e9hicules \u00e9lectriques, en modernisant nos installations, en investissant dans de l&rsquo;\u00e9lectricit\u00e9 sans carbone et renouvelable, et en utilisant notre pouvoir d&rsquo;achat pour aider \u00e0 \u00e9tendre les mat\u00e9riaux \u00e0 faible teneur en carbone\u00a0\u00bb, a d\u00e9clar\u00e9 Cynthia Williams, Directrice mondiale du d\u00e9veloppement durable, de l&rsquo;homologation et de la conformit\u00e9 chez Ford. \u00ab\u00a0Nous cr\u00e9ons \u00e9galement une nouvelle visibilit\u00e9 et une nouvelle responsabilit\u00e9 pour une cha\u00eene d&rsquo;approvisionnement mondiale de v\u00e9hicules \u00e9lectriques et de batteries qui respecte nos valeurs. C&rsquo;est ainsi que nous pouvons contribuer \u00e0 un avenir plus durable, plus \u00e9quitable et plus inclusif en mati\u00e8re de transport.\u00a0\u00bb<\/p>\n<p style=\"font-weight: 400;\">\n<p style=\"font-weight: 400;\">\n<h4 style=\"font-weight: 400;\"><strong>Sur la route du progr\u00e8s &#8211; \u201cRoad to better\u201d<\/strong><\/h4>\n<p style=\"font-weight: 400;\">\n<p style=\"font-weight: 400;\">The Road to Better est l&rsquo;engagement de Ford de construire un avenir plus durable, plus inclusif et plus \u00e9quitable en mati\u00e8re de transport, o\u00f9 chaque personne est libre de se d\u00e9placer et de poursuivre ses r\u00eaves. Alors que la soci\u00e9t\u00e9 c\u00e9l\u00e8bre cette ann\u00e9e son 120e anniversaire, elle reconna\u00eet que son succ\u00e8s \u00e0 long terme d\u00e9pendra de la cr\u00e9ation de valeur pour les clients, les employ\u00e9s et les communaut\u00e9s.<\/p>\n<p style=\"font-weight: 400;\">\n<p style=\"font-weight: 400;\">Ford lance des sites web\u00a0 \u00ab\u00a0Road to Better\u00a0\u00bb en France, en Allemagne, en Italie, en Espagne et au Royaume-Uni, et d&rsquo;autres march\u00e9s suivront bient\u00f4t. Ces sites mettront en \u00e9vidence les initiatives de Ford con\u00e7ues pour aider \u00e0 construire un avenir plus durable et montreront clairement nos progr\u00e8s vers les objectifs de d\u00e9veloppement durable d\u00e9finis.<\/p>\n<p style=\"font-weight: 400;\">\n<p style=\"font-weight: 400;\">\n<h4 style=\"font-weight: 400;\"><strong>\u00c0 la t\u00eate de la r\u00e9volution des v\u00e9hicules \u00e9lectriques<\/strong><\/h4>\n<p style=\"font-weight: 400;\">\n<p style=\"font-weight: 400;\">Dans le monde entier, Ford consacre plus de 50 milliards de dollars entre 2022 et 2026 au d\u00e9veloppement et \u00e0 la fabrication de v\u00e9hicules \u00e9lectriques et de batteries. L&rsquo;entreprise est sur la bonne voie pour atteindre son objectif de production annuelle de 600 000 v\u00e9hicules \u00e9lectriques d&rsquo;ici \u00e0 la fin de 2023 et de plus de 2 millions d&rsquo;ici \u00e0 la fin de 2026. D&rsquo;ici \u00e0 2030, la moiti\u00e9 des v\u00e9hicules vendus par Ford dans le monde devraient \u00eatre \u00e9lectriques.<\/p>\n<p style=\"font-weight: 400;\">\n<p style=\"font-weight: 400;\">Le rapport pr\u00e9sente des statistiques sur l&rsquo;impact de cette strat\u00e9gie, notamment sur les \u00e9conomies d&rsquo;\u00e9missions de dioxyde de carbone r\u00e9alis\u00e9es en conduisant un v\u00e9hicule \u00e9lectrique Ford. Les estimations montrent qu&rsquo;en fonction du mod\u00e8le, la conduite d&rsquo;un v\u00e9hicule \u00e9lectrique Ford EV peut r\u00e9duire les \u00e9missions de dioxyde de carbone sur la dur\u00e9e de vie de 60 % lorsqu&rsquo;il est charg\u00e9 avec l&rsquo;\u00e9lectricit\u00e9 moyenne du r\u00e9seau \u00e9lectrique am\u00e9ricain, par rapport \u00e0 la conduite d&rsquo;un v\u00e9hicule \u00e0 moteur \u00e0 combustion interne similaire. Pour le F-150\u00ae Lightning\u00ae, cette r\u00e9duction de dioxyde de carbone sur la dur\u00e9e de vie du v\u00e9hicule \u00e9quivaut au dioxyde de carbone \u00e9conomis\u00e9 en ne consommant pas environ 33 225 litres d&rsquo;essence. Le pick-up F-150\u00ae Lightning\u00ae est rapidement devenu le pick-up \u00e9lectrique le plus vendu aux \u00c9tats-Unis lorsqu&rsquo;il a commenc\u00e9 son premier mois complet de vente au d\u00e9tail chez les concessionnaires en juin 2022.<\/p>\n<p style=\"font-weight: 400;\">\n<p style=\"font-weight: 400;\">\n<h4 style=\"font-weight: 400;\"><strong>Acc\u00e9l\u00e9rer les progr\u00e8s vers la neutralit\u00e9 carbone<\/strong><\/h4>\n<p style=\"font-weight: 400;\">\n<p style=\"font-weight: 400;\">Au-del\u00e0 de la r\u00e9duction des \u00e9missions d&rsquo;\u00e9chappement de ses v\u00e9hicules, l&rsquo;engagement Ford en faveur de la neutralit\u00e9 carbone se focalise sur la r\u00e9duction des \u00e9missions provenant des installations, des processus et de l&rsquo;\u00e9lectricit\u00e9 qui soutiennent les op\u00e9rations de l&rsquo;entreprise et la cha\u00eene d&rsquo;approvisionnement mondiale.<\/p>\n<p style=\"font-weight: 400;\">\n<p style=\"font-weight: 400;\">Ford a r\u00e9duit les \u00e9missions des Scopes 1 et 2 de 35,4 % depuis 2017, ce qui tient compte des \u00e9missions directes de ses op\u00e9rations et des \u00e9missions indirectes provenant des achats d&rsquo;\u00e9nergie. Ford a investi plus de 26 millions de dollars dans la modernisation des installations afin d&rsquo;am\u00e9liorer l&rsquo;efficacit\u00e9 \u00e9nerg\u00e9tique et la conservation dans l&rsquo;ensemble de ses installations et processus de fabrication, ce qui a aid\u00e9 l&rsquo;entreprise \u00e0 atteindre une r\u00e9duction de 40 %t des \u00e9missions absolues de gaz \u00e0 effet de serre li\u00e9es \u00e0 la fabrication par rapport \u00e0 2017. L&rsquo;entreprise a \u00e9galement progress\u00e9 pour passer \u00e0 une utilisation d&rsquo;\u00e9lectricit\u00e9 sans carbone, en incorporant 60,6 % d&rsquo;\u00e9lectricit\u00e9 sans carbone dans ses op\u00e9rations au niveau mondial, y compris toute l&rsquo;\u00e9lectricit\u00e9 achet\u00e9e pour la fabrication en Europe et au Mexique. Au niveau mondial, 42,6 % de l&rsquo;\u00e9lectricit\u00e9 est d&rsquo;origine renouvelable.<\/p>\n<p style=\"font-weight: 400;\">\n<p style=\"font-weight: 400;\">Entre 2019 et 2022, Ford a par ailleurs r\u00e9duit ses \u00e9missions globales de Scope 3, qui comprennent les \u00e9missions des fournisseurs, des produits et d&rsquo;autres sources non li\u00e9es \u00e0 l&rsquo;usine, d&rsquo;environ 23 %. Ford a \u00e9t\u00e9 le premier constructeur automobile am\u00e9ricain \u00e0 inclure sa cha\u00eene d&rsquo;approvisionnement mondiale dans la plateforme Manufacture 2030, en invitant 3 000 sites de fournisseurs de niveau 1 \u00e0 participer au programme con\u00e7u pour les aider \u00e0 mesurer, att\u00e9nuer et r\u00e9duire les \u00e9missions. Ford pr\u00e9voit d&rsquo;inviter d&rsquo;autres fournisseurs de niveau 1 et indirects \u00e0 participer \u00e0 Manufacture 2030 en 2023.<\/p>\n<p style=\"font-weight: 400;\">\n<p style=\"font-weight: 400;\">\n<h4 style=\"font-weight: 400;\"><strong>Construire une cha\u00eene d&rsquo;approvisionnement responsable pour les v\u00e9hicules \u00e9lectriques<\/strong><\/h4>\n<p style=\"font-weight: 400;\">\n<p style=\"font-weight: 400;\">Ford veille \u00e0 ce que sa cha\u00eene d&rsquo;approvisionnement mondiale soit respectueuse de l&rsquo;environnement et des droits de l&rsquo;homme. Alors qu&rsquo;elle met en place une nouvelle cha\u00eene d&rsquo;approvisionnement pour les v\u00e9hicules \u00e9lectriques et les batteries, l&rsquo;entreprise fait un premier pas important pour s&rsquo;assurer que les mati\u00e8res premi\u00e8res proviennent directement de soci\u00e9t\u00e9s mini\u00e8res en accord avec la politique d&rsquo;entreprise de Ford. Le rapport d\u00e9taille plusieurs nouvelles initiatives visant \u00e0 accro\u00eetre la transparence, la tra\u00e7abilit\u00e9 et la diligence raisonnable.<\/p>\n<p style=\"font-weight: 400;\">\n<p style=\"font-weight: 400;\">En 2021, Ford a lanc\u00e9 un projet de cartographie et d&rsquo;audit de la cha\u00eene d&rsquo;approvisionnement des v\u00e9hicules \u00e9lectriques et des batteries afin de mieux comprendre l&rsquo;origine des mati\u00e8res premi\u00e8res, notamment le nickel, le lithium, le cobalt et le graphite. \u00c0 ce jour, le projet a permis de r\u00e9aliser 30 audits de fournisseurs le long de ces quatre cha\u00eenes d&rsquo;approvisionnement en min\u00e9raux critiques pour les batteries, \u00e0 tous les niveaux int\u00e9grant les sites miniers. Au d\u00e9but de l&rsquo;ann\u00e9e 2023, l&rsquo;entreprise a \u00e9galement fait l&rsquo;objet, avec ses fournisseurs, d&rsquo;un audit de ses syst\u00e8mes de gestion de contr\u00f4le pr\u00e9alable en mati\u00e8re de nickel, de lithium et de cobalt. En s&rsquo;appuyant sur ce processus, Ford a renforc\u00e9 ses pratiques, notamment en introduisant de nouvelles exigences environnementales, sociales et de gouvernance dans ses accords d&rsquo;approvisionnement.<\/p>\n<p style=\"font-weight: 400;\">\n<p style=\"font-weight: 400;\">Dans l&rsquo;ensemble de sa cha\u00eene d&rsquo;approvisionnement, Ford continue de travailler en \u00e9troite collaboration avec ses fournisseurs et avec des tierces parties de soci\u00e9t\u00e9s d\u2019audit telles que l&rsquo;Initiative for Responsible Mining Assurance, la Responsible Minerals Initiative et la Responsible Business Alliance pour identifier et traiter les probl\u00e8mes li\u00e9s \u00e0 l&rsquo;environnement et aux droits de l&rsquo;homme dans sa cha\u00eene d&rsquo;approvisionnement sur la base\u00a0 de crit\u00e8res exhaustifs d\u00e9crits dans le Code de conduite des fournisseurs de l&rsquo;entreprise. En 2022, Ford a form\u00e9 844 employ\u00e9s charg\u00e9s des achats, 2 647 autres employ\u00e9s de Ford et 979 fournisseurs sur des sujets li\u00e9s \u00e0 la durabilit\u00e9 de la cha\u00eene d&rsquo;approvisionnement, notamment la lutte contre la corruption, le travail \u00e9quitable et les pratiques de protection de l&rsquo;environnement.<\/p>\n<p style=\"font-weight: 400;\">\n<p style=\"font-weight: 400;\">\n<h4 style=\"font-weight: 400;\"><strong>Aider les communaut\u00e9s \u00e0 prosp\u00e9rer<\/strong><\/h4>\n<p style=\"font-weight: 400;\">\n<p style=\"font-weight: 400;\">La branche philanthropique de l&rsquo;entreprise, la Fondation Ford Motor Company, s&rsquo;associe \u00e0 des organisations \u00e0 but non lucratif et \u00e0 des dirigeants communautaires pour aider \u00e0 r\u00e9pondre aux besoins sp\u00e9cifiques dans plus de 40 pays \u00e0 travers le monde. En 2022, Ford et le Fonds Ford ont vers\u00e9 plus de 64 millions de dollars en contributions caritatives, investissant dans des partenariats et des programmes dans trois domaines : d\u00e9bloquer l&rsquo;acc\u00e8s aux biens et services essentiels ; ouvrir des voies d&rsquo;acc\u00e8s \u00e0 l&rsquo;\u00e9ducation pour l&rsquo;avenir du travail ; et diversifier le vivier d&rsquo;entrepreneurs.<\/p>\n<p style=\"font-weight: 400;\">\n<p style=\"font-weight: 400;\">Ford s&rsquo;engage \u00e0 promouvoir l&rsquo;\u00e9galit\u00e9 des genres, mais surtout la protection des femmes et des enfants. C&rsquo;est dans cet objectif que le constructeur soutient un programme pilote via le Fonds Ford en R\u00e9publique d\u00e9mocratique du Congo, visant \u00e0 encourager l&rsquo;approvisionnement responsable en minerais et \u00e0 aider les femmes travaillant dans les cha\u00eenes d&rsquo;approvisionnement en cuivre et en cobalt.<\/p>\n<p style=\"font-weight: 400;\">\n<p style=\"font-weight: 400;\">En 2022, ce projet a \u00e9quip\u00e9 et initi\u00e9 financi\u00e8rement au moins 50 femmes, en leur offrant \u00e9galement l&rsquo;acc\u00e8s \u00e0 des services bancaires. De plus, plus de 90 femmes travaillant sur des sites artisanaux de cobalt ont b\u00e9n\u00e9fici\u00e9 de plusieurs formations en entrepreneuriat, en gestion financi\u00e8re, ainsi que sur les normes environnementales et sociales de l&rsquo;exploitation mini\u00e8re artisanale et \u00e0 petite \u00e9chelle.<\/p>\n<p style=\"font-weight: 400;\">\n<p style=\"font-weight: 400;\">Le Fonds Ford a \u00e9tendu son soutien et doubl\u00e9 ses d\u00e9penses pour le projet jusqu&rsquo;en 2023.<\/p>\n<p style=\"font-weight: 400;\">\n<p style=\"font-weight: 400;\">Le rapport int\u00e9gr\u00e9 sur le d\u00e9veloppement durable et les finances offre une transparence sur les progr\u00e8s r\u00e9alis\u00e9s par l&rsquo;entreprise pour atteindre ses objectifs en mati\u00e8re de d\u00e9veloppement durable et montre comment elle progresse sur la voie de l&rsquo;am\u00e9lioration. Pour lire le rapport dans son int\u00e9gralit\u00e9 et en savoir plus sur le programme \u00ab\u00a0The Road to Better\u00a0\u00bb, visitez le site\u00a0<a href=\"http:\/\/sustainability.ford.com\/\" data-saferedirecturl=\"https:\/\/www.google.com\/url?q=http:\/\/sustainability.ford.com&amp;source=gmail&amp;ust=1680790896587000&amp;usg=AOvVaw01ksbSPoT6hl89yCuMeo8g\">sustainability.ford.com<\/a>.<\/p>\n","protected":false},"excerpt":{"rendered":"<p>Aujourd&rsquo;hui, Ford publie son rapport int\u00e9gr\u00e9 sur le d\u00e9veloppement durable et les finances pour 2023,<\/p>\n","protected":false},"author":1,"featured_media":2534,"comment_status":"open","ping_status":"open","sticky":false,"template":"","format":"standard","meta":{"_acf_changed":false,"footnotes":""},"categories":[7,3],"tags":[763,89],"class_list":["post-2533","post","type-post","status-publish","format-standard","has-post-thumbnail","hentry","category-articles","category-nouvelles-selectionnees","tag-developpement-durable","tag-ford"],"acf":[],"yoast_head":"<!-- This site is optimized with the Yoast SEO plugin v22.0 - https:\/\/yoast.com\/wordpress\/plugins\/seo\/ -->\n<title>Ford publie son rapport financier et de d\u00e9veloppement durable 2023 - MEDIA PLATEFORME | FR<\/title>\n<meta name=\"description\" content=\"Aujourd&#039;hui, Ford publie son rapport int\u00e9gr\u00e9 sur le d\u00e9veloppement durable et les finances pour 2023, d\u00e9taillant les progr\u00e8s r\u00e9alis\u00e9s par l&#039;entreprise\" \/>\n<meta name=\"robots\" content=\"index, follow, max-snippet:-1, max-image-preview:large, max-video-preview:-1\" \/>\n<link rel=\"canonical\" href=\"https:\/\/www.mediaplateforme.com\/fr\/ford-publie-son-rapport-financier-et-de-developpement-durable-2023\/\" \/>\n<meta property=\"og:locale\" content=\"fr_FR\" \/>\n<meta property=\"og:type\" content=\"article\" \/>\n<meta property=\"og:title\" content=\"Ford publie son rapport financier et de d\u00e9veloppement durable 2023 - MEDIA PLATEFORME | FR\" \/>\n<meta property=\"og:description\" content=\"Aujourd&#039;hui, Ford publie son rapport int\u00e9gr\u00e9 sur le d\u00e9veloppement durable et les finances pour 2023, d\u00e9taillant les progr\u00e8s r\u00e9alis\u00e9s par l&#039;entreprise\" \/>\n<meta property=\"og:url\" content=\"https:\/\/www.mediaplateforme.com\/fr\/ford-publie-son-rapport-financier-et-de-developpement-durable-2023\/\" \/>\n<meta property=\"og:site_name\" content=\"MEDIA PLATEFORME | FR\" \/>\n<meta property=\"article:published_time\" content=\"2023-04-05T14:59:05+00:00\" \/>\n<meta property=\"og:image\" content=\"https:\/\/www.mediaplateforme.com\/fr\/wp-content\/uploads\/sites\/5\/2023\/04\/Visuel-Ford.jpeg\" \/>\n\t<meta property=\"og:image:width\" content=\"881\" \/>\n\t<meta property=\"og:image:height\" content=\"495\" \/>\n\t<meta property=\"og:image:type\" content=\"image\/jpeg\" \/>\n<meta name=\"author\" content=\"Mediaplateforme\" \/>\n<meta name=\"twitter:card\" content=\"summary_large_image\" \/>\n<meta name=\"twitter:label1\" content=\"\u00c9crit par\" \/>\n\t<meta name=\"twitter:data1\" content=\"Mediaplateforme\" \/>\n\t<meta name=\"twitter:label2\" content=\"Dur\u00e9e de lecture estim\u00e9e\" \/>\n\t<meta name=\"twitter:data2\" content=\"9 minutes\" \/>\n<script type=\"application\/ld+json\" class=\"yoast-schema-graph\">{\"@context\":\"https:\/\/schema.org\",\"@graph\":[{\"@type\":\"WebPage\",\"@id\":\"https:\/\/www.mediaplateforme.com\/fr\/ford-publie-son-rapport-financier-et-de-developpement-durable-2023\/\",\"url\":\"https:\/\/www.mediaplateforme.com\/fr\/ford-publie-son-rapport-financier-et-de-developpement-durable-2023\/\",\"name\":\"Ford publie son rapport financier et de d\u00e9veloppement durable 2023 - MEDIA PLATEFORME | FR\",\"isPartOf\":{\"@id\":\"https:\/\/www.mediaplateforme.com\/fr\/#website\"},\"datePublished\":\"2023-04-05T14:59:05+00:00\",\"dateModified\":\"2023-04-05T14:59:05+00:00\",\"author\":{\"@id\":\"https:\/\/www.mediaplateforme.com\/fr\/#\/schema\/person\/89833db382b5db2c76b094bc902aa12a\"},\"description\":\"Aujourd'hui, Ford publie son rapport int\u00e9gr\u00e9 sur le d\u00e9veloppement durable et les finances pour 2023, d\u00e9taillant les progr\u00e8s r\u00e9alis\u00e9s par l'entreprise\",\"breadcrumb\":{\"@id\":\"https:\/\/www.mediaplateforme.com\/fr\/ford-publie-son-rapport-financier-et-de-developpement-durable-2023\/#breadcrumb\"},\"inLanguage\":\"fr-FR\",\"potentialAction\":[{\"@type\":\"ReadAction\",\"target\":[\"https:\/\/www.mediaplateforme.com\/fr\/ford-publie-son-rapport-financier-et-de-developpement-durable-2023\/\"]}]},{\"@type\":\"BreadcrumbList\",\"@id\":\"https:\/\/www.mediaplateforme.com\/fr\/ford-publie-son-rapport-financier-et-de-developpement-durable-2023\/#breadcrumb\",\"itemListElement\":[{\"@type\":\"ListItem\",\"position\":1,\"name\":\"\u0627\u0644\u0631\u0626\u064a\u0633\u064a\u0629\",\"item\":\"https:\/\/www.mediaplateforme.com\/fr\/\"},{\"@type\":\"ListItem\",\"position\":2,\"name\":\"Ford publie son rapport financier et de d\u00e9veloppement durable 2023\"}]},{\"@type\":\"WebSite\",\"@id\":\"https:\/\/www.mediaplateforme.com\/fr\/#website\",\"url\":\"https:\/\/www.mediaplateforme.com\/fr\/\",\"name\":\"MEDIA PLATEFORME | FR\",\"description\":\"Mediaplateforme sp\u00e9cialis\u00e9 dans la communication institutions publiques et des entreprises\",\"potentialAction\":[{\"@type\":\"SearchAction\",\"target\":{\"@type\":\"EntryPoint\",\"urlTemplate\":\"https:\/\/www.mediaplateforme.com\/fr\/?s={search_term_string}\"},\"query-input\":\"required name=search_term_string\"}],\"inLanguage\":\"fr-FR\"},{\"@type\":\"Person\",\"@id\":\"https:\/\/www.mediaplateforme.com\/fr\/#\/schema\/person\/89833db382b5db2c76b094bc902aa12a\",\"name\":\"Mediaplateforme\",\"image\":{\"@type\":\"ImageObject\",\"inLanguage\":\"fr-FR\",\"@id\":\"https:\/\/www.mediaplateforme.com\/fr\/#\/schema\/person\/image\/\",\"url\":\"https:\/\/secure.gravatar.com\/avatar\/6c9c02e8928cc65d54bf75157f7b3a2d06d7ad0494ca0951f679552ff03b34c1?s=96&d=mm&r=g\",\"contentUrl\":\"https:\/\/secure.gravatar.com\/avatar\/6c9c02e8928cc65d54bf75157f7b3a2d06d7ad0494ca0951f679552ff03b34c1?s=96&d=mm&r=g\",\"caption\":\"Mediaplateforme\"},\"sameAs\":[\"https:\/\/www.mediaplateforme.com\"],\"url\":\"https:\/\/www.mediaplateforme.com\/fr\/author\/mohamedladib\/\"}]}<\/script>\n<!-- \/ Yoast SEO plugin. -->","yoast_head_json":{"title":"Ford publie son rapport financier et de d\u00e9veloppement durable 2023 - MEDIA PLATEFORME | FR","description":"Aujourd'hui, Ford publie son rapport int\u00e9gr\u00e9 sur le d\u00e9veloppement durable et les finances pour 2023, d\u00e9taillant les progr\u00e8s r\u00e9alis\u00e9s par l'entreprise","robots":{"index":"index","follow":"follow","max-snippet":"max-snippet:-1","max-image-preview":"max-image-preview:large","max-video-preview":"max-video-preview:-1"},"canonical":"https:\/\/www.mediaplateforme.com\/fr\/ford-publie-son-rapport-financier-et-de-developpement-durable-2023\/","og_locale":"fr_FR","og_type":"article","og_title":"Ford publie son rapport financier et de d\u00e9veloppement durable 2023 - MEDIA PLATEFORME | FR","og_description":"Aujourd'hui, Ford publie son rapport int\u00e9gr\u00e9 sur le d\u00e9veloppement durable et les finances pour 2023, d\u00e9taillant les progr\u00e8s r\u00e9alis\u00e9s par l'entreprise","og_url":"https:\/\/www.mediaplateforme.com\/fr\/ford-publie-son-rapport-financier-et-de-developpement-durable-2023\/","og_site_name":"MEDIA PLATEFORME | FR","article_published_time":"2023-04-05T14:59:05+00:00","og_image":[{"width":881,"height":495,"url":"https:\/\/www.mediaplateforme.com\/fr\/wp-content\/uploads\/sites\/5\/2023\/04\/Visuel-Ford.jpeg","type":"image\/jpeg"}],"author":"Mediaplateforme","twitter_card":"summary_large_image","twitter_misc":{"\u00c9crit par":"Mediaplateforme","Dur\u00e9e de lecture estim\u00e9e":"9 minutes"},"schema":{"@context":"https:\/\/schema.org","@graph":[{"@type":"WebPage","@id":"https:\/\/www.mediaplateforme.com\/fr\/ford-publie-son-rapport-financier-et-de-developpement-durable-2023\/","url":"https:\/\/www.mediaplateforme.com\/fr\/ford-publie-son-rapport-financier-et-de-developpement-durable-2023\/","name":"Ford publie son rapport financier et de d\u00e9veloppement durable 2023 - MEDIA PLATEFORME | FR","isPartOf":{"@id":"https:\/\/www.mediaplateforme.com\/fr\/#website"},"datePublished":"2023-04-05T14:59:05+00:00","dateModified":"2023-04-05T14:59:05+00:00","author":{"@id":"https:\/\/www.mediaplateforme.com\/fr\/#\/schema\/person\/89833db382b5db2c76b094bc902aa12a"},"description":"Aujourd'hui, Ford publie son rapport int\u00e9gr\u00e9 sur le d\u00e9veloppement durable et les finances pour 2023, d\u00e9taillant les progr\u00e8s r\u00e9alis\u00e9s par l'entreprise","breadcrumb":{"@id":"https:\/\/www.mediaplateforme.com\/fr\/ford-publie-son-rapport-financier-et-de-developpement-durable-2023\/#breadcrumb"},"inLanguage":"fr-FR","potentialAction":[{"@type":"ReadAction","target":["https:\/\/www.mediaplateforme.com\/fr\/ford-publie-son-rapport-financier-et-de-developpement-durable-2023\/"]}]},{"@type":"BreadcrumbList","@id":"https:\/\/www.mediaplateforme.com\/fr\/ford-publie-son-rapport-financier-et-de-developpement-durable-2023\/#breadcrumb","itemListElement":[{"@type":"ListItem","position":1,"name":"\u0627\u0644\u0631\u0626\u064a\u0633\u064a\u0629","item":"https:\/\/www.mediaplateforme.com\/fr\/"},{"@type":"ListItem","position":2,"name":"Ford publie son rapport financier et de d\u00e9veloppement durable 2023"}]},{"@type":"WebSite","@id":"https:\/\/www.mediaplateforme.com\/fr\/#website","url":"https:\/\/www.mediaplateforme.com\/fr\/","name":"MEDIA PLATEFORME | FR","description":"Mediaplateforme sp\u00e9cialis\u00e9 dans la communication institutions publiques et des entreprises","potentialAction":[{"@type":"SearchAction","target":{"@type":"EntryPoint","urlTemplate":"https:\/\/www.mediaplateforme.com\/fr\/?s={search_term_string}"},"query-input":"required name=search_term_string"}],"inLanguage":"fr-FR"},{"@type":"Person","@id":"https:\/\/www.mediaplateforme.com\/fr\/#\/schema\/person\/89833db382b5db2c76b094bc902aa12a","name":"Mediaplateforme","image":{"@type":"ImageObject","inLanguage":"fr-FR","@id":"https:\/\/www.mediaplateforme.com\/fr\/#\/schema\/person\/image\/","url":"https:\/\/secure.gravatar.com\/avatar\/6c9c02e8928cc65d54bf75157f7b3a2d06d7ad0494ca0951f679552ff03b34c1?s=96&d=mm&r=g","contentUrl":"https:\/\/secure.gravatar.com\/avatar\/6c9c02e8928cc65d54bf75157f7b3a2d06d7ad0494ca0951f679552ff03b34c1?s=96&d=mm&r=g","caption":"Mediaplateforme"},"sameAs":["https:\/\/www.mediaplateforme.com"],"url":"https:\/\/www.mediaplateforme.com\/fr\/author\/mohamedladib\/"}]}},"_links":{"self":[{"href":"https:\/\/www.mediaplateforme.com\/fr\/wp-json\/wp\/v2\/posts\/2533","targetHints":{"allow":["GET"]}}],"collection":[{"href":"https:\/\/www.mediaplateforme.com\/fr\/wp-json\/wp\/v2\/posts"}],"about":[{"href":"https:\/\/www.mediaplateforme.com\/fr\/wp-json\/wp\/v2\/types\/post"}],"author":[{"embeddable":true,"href":"https:\/\/www.mediaplateforme.com\/fr\/wp-json\/wp\/v2\/users\/1"}],"replies":[{"embeddable":true,"href":"https:\/\/www.mediaplateforme.com\/fr\/wp-json\/wp\/v2\/comments?post=2533"}],"version-history":[{"count":1,"href":"https:\/\/www.mediaplateforme.com\/fr\/wp-json\/wp\/v2\/posts\/2533\/revisions"}],"predecessor-version":[{"id":2535,"href":"https:\/\/www.mediaplateforme.com\/fr\/wp-json\/wp\/v2\/posts\/2533\/revisions\/2535"}],"wp:featuredmedia":[{"embeddable":true,"href":"https:\/\/www.mediaplateforme.com\/fr\/wp-json\/wp\/v2\/media\/2534"}],"wp:attachment":[{"href":"https:\/\/www.mediaplateforme.com\/fr\/wp-json\/wp\/v2\/media?parent=2533"}],"wp:term":[{"taxonomy":"category","embeddable":true,"href":"https:\/\/www.mediaplateforme.com\/fr\/wp-json\/wp\/v2\/categories?post=2533"},{"taxonomy":"post_tag","embeddable":true,"href":"https:\/\/www.mediaplateforme.com\/fr\/wp-json\/wp\/v2\/tags?post=2533"}],"curies":[{"name":"wp","href":"https:\/\/api.w.org\/{rel}","templated":true}]}}