{"id":2517,"date":"2023-03-31T16:24:29","date_gmt":"2023-03-31T16:24:29","guid":{"rendered":"https:\/\/www.mediaplateforme.com\/fr\/?p=2517"},"modified":"2023-03-31T16:24:29","modified_gmt":"2023-03-31T16:24:29","slug":"le-conseil-dadministration-de-la-cgem-valide-la-candidature-de-mm-chakib-alj-et-mehdi-pour-un-deuxieme-mandat-a-la-presidence-de-la-cgem","status":"publish","type":"post","link":"https:\/\/www.mediaplateforme.com\/fr\/le-conseil-dadministration-de-la-cgem-valide-la-candidature-de-mm-chakib-alj-et-mehdi-pour-un-deuxieme-mandat-a-la-presidence-de-la-cgem\/","title":{"rendered":"Le Conseil d\u2019Administration de la CGEM valide la candidature de MM. Chakib ALJ et Mehdi pour un deuxi\u00e8me mandat \u00e0 la Pr\u00e9sidence de la CGEM"},"content":{"rendered":"<div>\n<p><span lang=\"FR-FR\">La Conf\u00e9d\u00e9ration G\u00e9n\u00e9rale des Entreprises du Maroc\u00a0(<a href=\"https:\/\/www.mediaplateforme.com\/fr\/la-cgem-et-lunpm-organisent-le-forum-economique-maroc-mauritanie-le-20-septembre-a-casablanca\/\">CGEM<\/a>)\u00a0a tenu, le\u00a031 mars\u00a02023, son Conseil d\u2019Administration, sous la pr\u00e9sidence de M. Chakib ALJ, \u00e0 l\u2019effet de statuer, entre autres, sur la\u00a0candidature\u00a0unique re\u00e7ue\u00a0aux\u00a0Postes de Pr\u00e9sident et Vice-Pr\u00e9sident G\u00e9n\u00e9ral de la CGEM.<\/span><\/p>\n<\/div>\n<div>\n<p><span lang=\"FR-FR\">Apr\u00e8s avoir pris connaissance du\u00a0rapport du\u00a0Comit\u00e9 de Suivi \u00e9lectoral, institu\u00e9 selon l\u2019article 7.2 du R\u00e8glement Int\u00e9rieur de la Conf\u00e9d\u00e9ration, le Conseil d\u2019Administration a valid\u00e9\u00a0la candidature\u00a0du\u00a0bin\u00f4me, MM. Chakib ALJ et Mehdi TAZI, candidats respectivement aux postes de Pr\u00e9sident et Vice-Pr\u00e9sident G\u00e9n\u00e9ral,\u00a0qui r\u00e9pond\u00a0\u00e0 toutes les conditions d\u2019\u00e9ligibilit\u00e9 pr\u00e9vues par les Statuts et le R\u00e8glement Int\u00e9rieur de la CGEM.<\/span><\/p>\n<\/div>\n<div>\n<p lang=\"FR-FR\"><span lang=\"FR-FR\">Ce Conseil d\u2019Administration a \u00e9galement \u00e9t\u00e9 l\u2019occasion, pour le Pr\u00e9sident de la CGEM et M. Mehdi TAZI, Vice-Pr\u00e9sident G\u00e9n\u00e9ral, de pr\u00e9senter le bilan du mandat 2020-2023,\u00a0qui \u00e9tait marqu\u00e9 par\u00a0une\u00a0conjoncture \u00e9conomique mondiale\u00a0in\u00e9dite engendrant des d\u00e9fis de taille pour les entreprises.\u00a0<\/span><\/p>\n<\/div>\n<div>\n<p lang=\"FR-FR\"><span lang=\"FR-FR\">La Pr\u00e9sidence de la CGEM\u00a0en a profit\u00e9 pour\u00a0remercier toutes\u00a0les parties prenantes de la CGEM &#8211; F\u00e9d\u00e9rations, CGEM R\u00e9gions, Commissions, Groupe Parlementaire et\u00a0\u00c9quipe interne\u00a0\u2013 pour leur mobilisation et engagement sans faille tout au long de ce mandat riche en r\u00e9alisations.\u00a0Les Administrateurs ont, \u00e0 leur tour,\u00a0f\u00e9licit\u00e9 et\u00a0remerci\u00e9 la Pr\u00e9sidence de la CGEM pour la qualit\u00e9 du travail men\u00e9,\u00a0son\u00a0\u00e9coute, son pragmatisme\u00a0et\u00a0sa\u00a0proximit\u00e9 des op\u00e9rateurs \u00e9conomiques.\u00a0<\/span><\/p>\n<\/div>\n<div>\n<p lang=\"FR-FR\"><span lang=\"FR-FR\">Enfin, lors de ce Conseil, M. ALJ a annonc\u00e9 que la CGEM a re\u00e7u la d\u00e9mission de M. Abdelilah HIFDI, Administrateur\u00a0de la Conf\u00e9d\u00e9ration, du Conseil Sup\u00e9rieur\u00a0de l&rsquo;Education, de la Formation et de la Recherche Scientifique.<\/span><\/p>\n<\/div>\n","protected":false},"excerpt":{"rendered":"<p>La Conf\u00e9d\u00e9ration G\u00e9n\u00e9rale des Entreprises du Maroc\u00a0(CGEM)\u00a0a tenu, le\u00a031 mars\u00a02023, son Conseil d\u2019Administration, sous la<\/p>\n","protected":false},"author":1,"featured_media":2518,"comment_status":"open","ping_status":"open","sticky":false,"template":"","format":"standard","meta":{"_acf_changed":false,"footnotes":""},"categories":[2,3],"tags":[340,761],"class_list":["post-2517","post","type-post","status-publish","format-standard","has-post-thumbnail","hentry","category-nouvelles","category-nouvelles-selectionnees","tag-cgem","tag-chakib-alj"],"acf":[],"yoast_head":"<!-- This site is optimized with the Yoast SEO plugin v22.0 - https:\/\/yoast.com\/wordpress\/plugins\/seo\/ -->\n<title>Le Conseil d\u2019Administration de la CGEM valide la candidature de MM. Chakib ALJ et Mehdi pour un deuxi\u00e8me mandat \u00e0 la Pr\u00e9sidence de la CGEM - MEDIA PLATEFORME | FR<\/title>\n<meta name=\"description\" content=\"\u00a0(CGEM)\u00a0a tenu, le\u00a031 mars\u00a02023, son Conseil d\u2019Administration, sous la pr\u00e9sidence de M. Chakib ALJ, \u00e0 l\u2019effet de statuer, entre autres,\" \/>\n<meta name=\"robots\" content=\"index, follow, max-snippet:-1, max-image-preview:large, max-video-preview:-1\" \/>\n<link rel=\"canonical\" href=\"https:\/\/www.mediaplateforme.com\/fr\/le-conseil-dadministration-de-la-cgem-valide-la-candidature-de-mm-chakib-alj-et-mehdi-pour-un-deuxieme-mandat-a-la-presidence-de-la-cgem\/\" \/>\n<meta property=\"og:locale\" content=\"fr_FR\" \/>\n<meta property=\"og:type\" content=\"article\" \/>\n<meta property=\"og:title\" content=\"Le Conseil d\u2019Administration de la CGEM valide la candidature de MM. Chakib ALJ et Mehdi pour un deuxi\u00e8me mandat \u00e0 la Pr\u00e9sidence de la CGEM - MEDIA PLATEFORME | FR\" \/>\n<meta property=\"og:description\" content=\"\u00a0(CGEM)\u00a0a tenu, le\u00a031 mars\u00a02023, son Conseil d\u2019Administration, sous la pr\u00e9sidence de M. Chakib ALJ, \u00e0 l\u2019effet de statuer, entre autres,\" \/>\n<meta property=\"og:url\" content=\"https:\/\/www.mediaplateforme.com\/fr\/le-conseil-dadministration-de-la-cgem-valide-la-candidature-de-mm-chakib-alj-et-mehdi-pour-un-deuxieme-mandat-a-la-presidence-de-la-cgem\/\" \/>\n<meta property=\"og:site_name\" content=\"MEDIA PLATEFORME | FR\" \/>\n<meta property=\"article:published_time\" content=\"2023-03-31T16:24:29+00:00\" \/>\n<meta property=\"og:image\" content=\"https:\/\/www.mediaplateforme.com\/fr\/wp-content\/uploads\/sites\/5\/2023\/03\/CHAKIB-MEHDI.jpg\" \/>\n\t<meta property=\"og:image:width\" content=\"1280\" \/>\n\t<meta property=\"og:image:height\" content=\"720\" \/>\n\t<meta property=\"og:image:type\" content=\"image\/jpeg\" \/>\n<meta name=\"author\" content=\"Mediaplateforme\" \/>\n<meta name=\"twitter:card\" content=\"summary_large_image\" \/>\n<meta name=\"twitter:label1\" content=\"\u00c9crit par\" \/>\n\t<meta name=\"twitter:data1\" content=\"Mediaplateforme\" \/>\n\t<meta name=\"twitter:label2\" content=\"Dur\u00e9e de lecture estim\u00e9e\" \/>\n\t<meta name=\"twitter:data2\" content=\"2 minutes\" \/>\n<script type=\"application\/ld+json\" class=\"yoast-schema-graph\">{\"@context\":\"https:\/\/schema.org\",\"@graph\":[{\"@type\":\"WebPage\",\"@id\":\"https:\/\/www.mediaplateforme.com\/fr\/le-conseil-dadministration-de-la-cgem-valide-la-candidature-de-mm-chakib-alj-et-mehdi-pour-un-deuxieme-mandat-a-la-presidence-de-la-cgem\/\",\"url\":\"https:\/\/www.mediaplateforme.com\/fr\/le-conseil-dadministration-de-la-cgem-valide-la-candidature-de-mm-chakib-alj-et-mehdi-pour-un-deuxieme-mandat-a-la-presidence-de-la-cgem\/\",\"name\":\"Le Conseil d\u2019Administration de la CGEM valide la candidature de MM. Chakib ALJ et Mehdi pour un deuxi\u00e8me mandat \u00e0 la Pr\u00e9sidence de la CGEM - MEDIA PLATEFORME | FR\",\"isPartOf\":{\"@id\":\"https:\/\/www.mediaplateforme.com\/fr\/#website\"},\"datePublished\":\"2023-03-31T16:24:29+00:00\",\"dateModified\":\"2023-03-31T16:24:29+00:00\",\"author\":{\"@id\":\"https:\/\/www.mediaplateforme.com\/fr\/#\/schema\/person\/89833db382b5db2c76b094bc902aa12a\"},\"description\":\"\u00a0(CGEM)\u00a0a tenu, le\u00a031 mars\u00a02023, son Conseil d\u2019Administration, sous la pr\u00e9sidence de M. Chakib ALJ, \u00e0 l\u2019effet de statuer, entre autres,\",\"breadcrumb\":{\"@id\":\"https:\/\/www.mediaplateforme.com\/fr\/le-conseil-dadministration-de-la-cgem-valide-la-candidature-de-mm-chakib-alj-et-mehdi-pour-un-deuxieme-mandat-a-la-presidence-de-la-cgem\/#breadcrumb\"},\"inLanguage\":\"fr-FR\",\"potentialAction\":[{\"@type\":\"ReadAction\",\"target\":[\"https:\/\/www.mediaplateforme.com\/fr\/le-conseil-dadministration-de-la-cgem-valide-la-candidature-de-mm-chakib-alj-et-mehdi-pour-un-deuxieme-mandat-a-la-presidence-de-la-cgem\/\"]}]},{\"@type\":\"BreadcrumbList\",\"@id\":\"https:\/\/www.mediaplateforme.com\/fr\/le-conseil-dadministration-de-la-cgem-valide-la-candidature-de-mm-chakib-alj-et-mehdi-pour-un-deuxieme-mandat-a-la-presidence-de-la-cgem\/#breadcrumb\",\"itemListElement\":[{\"@type\":\"ListItem\",\"position\":1,\"name\":\"\u0627\u0644\u0631\u0626\u064a\u0633\u064a\u0629\",\"item\":\"https:\/\/www.mediaplateforme.com\/fr\/\"},{\"@type\":\"ListItem\",\"position\":2,\"name\":\"Le Conseil d\u2019Administration de la CGEM valide la candidature de MM. Chakib ALJ et Mehdi pour un deuxi\u00e8me mandat \u00e0 la Pr\u00e9sidence de la CGEM\"}]},{\"@type\":\"WebSite\",\"@id\":\"https:\/\/www.mediaplateforme.com\/fr\/#website\",\"url\":\"https:\/\/www.mediaplateforme.com\/fr\/\",\"name\":\"MEDIA PLATEFORME | FR\",\"description\":\"Mediaplateforme sp\u00e9cialis\u00e9 dans la communication institutions publiques et des entreprises\",\"potentialAction\":[{\"@type\":\"SearchAction\",\"target\":{\"@type\":\"EntryPoint\",\"urlTemplate\":\"https:\/\/www.mediaplateforme.com\/fr\/?s={search_term_string}\"},\"query-input\":\"required name=search_term_string\"}],\"inLanguage\":\"fr-FR\"},{\"@type\":\"Person\",\"@id\":\"https:\/\/www.mediaplateforme.com\/fr\/#\/schema\/person\/89833db382b5db2c76b094bc902aa12a\",\"name\":\"Mediaplateforme\",\"image\":{\"@type\":\"ImageObject\",\"inLanguage\":\"fr-FR\",\"@id\":\"https:\/\/www.mediaplateforme.com\/fr\/#\/schema\/person\/image\/\",\"url\":\"https:\/\/secure.gravatar.com\/avatar\/6c9c02e8928cc65d54bf75157f7b3a2d06d7ad0494ca0951f679552ff03b34c1?s=96&d=mm&r=g\",\"contentUrl\":\"https:\/\/secure.gravatar.com\/avatar\/6c9c02e8928cc65d54bf75157f7b3a2d06d7ad0494ca0951f679552ff03b34c1?s=96&d=mm&r=g\",\"caption\":\"Mediaplateforme\"},\"sameAs\":[\"https:\/\/www.mediaplateforme.com\"],\"url\":\"https:\/\/www.mediaplateforme.com\/fr\/author\/mohamedladib\/\"}]}<\/script>\n<!-- \/ Yoast SEO plugin. -->","yoast_head_json":{"title":"Le Conseil d\u2019Administration de la CGEM valide la candidature de MM. Chakib ALJ et Mehdi pour un deuxi\u00e8me mandat \u00e0 la Pr\u00e9sidence de la CGEM - MEDIA PLATEFORME | FR","description":"\u00a0(CGEM)\u00a0a tenu, le\u00a031 mars\u00a02023, son Conseil d\u2019Administration, sous la pr\u00e9sidence de M. Chakib ALJ, \u00e0 l\u2019effet de statuer, entre autres,","robots":{"index":"index","follow":"follow","max-snippet":"max-snippet:-1","max-image-preview":"max-image-preview:large","max-video-preview":"max-video-preview:-1"},"canonical":"https:\/\/www.mediaplateforme.com\/fr\/le-conseil-dadministration-de-la-cgem-valide-la-candidature-de-mm-chakib-alj-et-mehdi-pour-un-deuxieme-mandat-a-la-presidence-de-la-cgem\/","og_locale":"fr_FR","og_type":"article","og_title":"Le Conseil d\u2019Administration de la CGEM valide la candidature de MM. Chakib ALJ et Mehdi pour un deuxi\u00e8me mandat \u00e0 la Pr\u00e9sidence de la CGEM - MEDIA PLATEFORME | FR","og_description":"\u00a0(CGEM)\u00a0a tenu, le\u00a031 mars\u00a02023, son Conseil d\u2019Administration, sous la pr\u00e9sidence de M. Chakib ALJ, \u00e0 l\u2019effet de statuer, entre autres,","og_url":"https:\/\/www.mediaplateforme.com\/fr\/le-conseil-dadministration-de-la-cgem-valide-la-candidature-de-mm-chakib-alj-et-mehdi-pour-un-deuxieme-mandat-a-la-presidence-de-la-cgem\/","og_site_name":"MEDIA PLATEFORME | FR","article_published_time":"2023-03-31T16:24:29+00:00","og_image":[{"width":1280,"height":720,"url":"https:\/\/www.mediaplateforme.com\/fr\/wp-content\/uploads\/sites\/5\/2023\/03\/CHAKIB-MEHDI.jpg","type":"image\/jpeg"}],"author":"Mediaplateforme","twitter_card":"summary_large_image","twitter_misc":{"\u00c9crit par":"Mediaplateforme","Dur\u00e9e de lecture estim\u00e9e":"2 minutes"},"schema":{"@context":"https:\/\/schema.org","@graph":[{"@type":"WebPage","@id":"https:\/\/www.mediaplateforme.com\/fr\/le-conseil-dadministration-de-la-cgem-valide-la-candidature-de-mm-chakib-alj-et-mehdi-pour-un-deuxieme-mandat-a-la-presidence-de-la-cgem\/","url":"https:\/\/www.mediaplateforme.com\/fr\/le-conseil-dadministration-de-la-cgem-valide-la-candidature-de-mm-chakib-alj-et-mehdi-pour-un-deuxieme-mandat-a-la-presidence-de-la-cgem\/","name":"Le Conseil d\u2019Administration de la CGEM valide la candidature de MM. Chakib ALJ et Mehdi pour un deuxi\u00e8me mandat \u00e0 la Pr\u00e9sidence de la CGEM - MEDIA PLATEFORME | FR","isPartOf":{"@id":"https:\/\/www.mediaplateforme.com\/fr\/#website"},"datePublished":"2023-03-31T16:24:29+00:00","dateModified":"2023-03-31T16:24:29+00:00","author":{"@id":"https:\/\/www.mediaplateforme.com\/fr\/#\/schema\/person\/89833db382b5db2c76b094bc902aa12a"},"description":"\u00a0(CGEM)\u00a0a tenu, le\u00a031 mars\u00a02023, son Conseil d\u2019Administration, sous la pr\u00e9sidence de M. Chakib ALJ, \u00e0 l\u2019effet de statuer, entre autres,","breadcrumb":{"@id":"https:\/\/www.mediaplateforme.com\/fr\/le-conseil-dadministration-de-la-cgem-valide-la-candidature-de-mm-chakib-alj-et-mehdi-pour-un-deuxieme-mandat-a-la-presidence-de-la-cgem\/#breadcrumb"},"inLanguage":"fr-FR","potentialAction":[{"@type":"ReadAction","target":["https:\/\/www.mediaplateforme.com\/fr\/le-conseil-dadministration-de-la-cgem-valide-la-candidature-de-mm-chakib-alj-et-mehdi-pour-un-deuxieme-mandat-a-la-presidence-de-la-cgem\/"]}]},{"@type":"BreadcrumbList","@id":"https:\/\/www.mediaplateforme.com\/fr\/le-conseil-dadministration-de-la-cgem-valide-la-candidature-de-mm-chakib-alj-et-mehdi-pour-un-deuxieme-mandat-a-la-presidence-de-la-cgem\/#breadcrumb","itemListElement":[{"@type":"ListItem","position":1,"name":"\u0627\u0644\u0631\u0626\u064a\u0633\u064a\u0629","item":"https:\/\/www.mediaplateforme.com\/fr\/"},{"@type":"ListItem","position":2,"name":"Le Conseil d\u2019Administration de la CGEM valide la candidature de MM. Chakib ALJ et Mehdi pour un deuxi\u00e8me mandat \u00e0 la Pr\u00e9sidence de la CGEM"}]},{"@type":"WebSite","@id":"https:\/\/www.mediaplateforme.com\/fr\/#website","url":"https:\/\/www.mediaplateforme.com\/fr\/","name":"MEDIA PLATEFORME | FR","description":"Mediaplateforme sp\u00e9cialis\u00e9 dans la communication institutions publiques et des entreprises","potentialAction":[{"@type":"SearchAction","target":{"@type":"EntryPoint","urlTemplate":"https:\/\/www.mediaplateforme.com\/fr\/?s={search_term_string}"},"query-input":"required name=search_term_string"}],"inLanguage":"fr-FR"},{"@type":"Person","@id":"https:\/\/www.mediaplateforme.com\/fr\/#\/schema\/person\/89833db382b5db2c76b094bc902aa12a","name":"Mediaplateforme","image":{"@type":"ImageObject","inLanguage":"fr-FR","@id":"https:\/\/www.mediaplateforme.com\/fr\/#\/schema\/person\/image\/","url":"https:\/\/secure.gravatar.com\/avatar\/6c9c02e8928cc65d54bf75157f7b3a2d06d7ad0494ca0951f679552ff03b34c1?s=96&d=mm&r=g","contentUrl":"https:\/\/secure.gravatar.com\/avatar\/6c9c02e8928cc65d54bf75157f7b3a2d06d7ad0494ca0951f679552ff03b34c1?s=96&d=mm&r=g","caption":"Mediaplateforme"},"sameAs":["https:\/\/www.mediaplateforme.com"],"url":"https:\/\/www.mediaplateforme.com\/fr\/author\/mohamedladib\/"}]}},"_links":{"self":[{"href":"https:\/\/www.mediaplateforme.com\/fr\/wp-json\/wp\/v2\/posts\/2517","targetHints":{"allow":["GET"]}}],"collection":[{"href":"https:\/\/www.mediaplateforme.com\/fr\/wp-json\/wp\/v2\/posts"}],"about":[{"href":"https:\/\/www.mediaplateforme.com\/fr\/wp-json\/wp\/v2\/types\/post"}],"author":[{"embeddable":true,"href":"https:\/\/www.mediaplateforme.com\/fr\/wp-json\/wp\/v2\/users\/1"}],"replies":[{"embeddable":true,"href":"https:\/\/www.mediaplateforme.com\/fr\/wp-json\/wp\/v2\/comments?post=2517"}],"version-history":[{"count":1,"href":"https:\/\/www.mediaplateforme.com\/fr\/wp-json\/wp\/v2\/posts\/2517\/revisions"}],"predecessor-version":[{"id":2519,"href":"https:\/\/www.mediaplateforme.com\/fr\/wp-json\/wp\/v2\/posts\/2517\/revisions\/2519"}],"wp:featuredmedia":[{"embeddable":true,"href":"https:\/\/www.mediaplateforme.com\/fr\/wp-json\/wp\/v2\/media\/2518"}],"wp:attachment":[{"href":"https:\/\/www.mediaplateforme.com\/fr\/wp-json\/wp\/v2\/media?parent=2517"}],"wp:term":[{"taxonomy":"category","embeddable":true,"href":"https:\/\/www.mediaplateforme.com\/fr\/wp-json\/wp\/v2\/categories?post=2517"},{"taxonomy":"post_tag","embeddable":true,"href":"https:\/\/www.mediaplateforme.com\/fr\/wp-json\/wp\/v2\/tags?post=2517"}],"curies":[{"name":"wp","href":"https:\/\/api.w.org\/{rel}","templated":true}]}}