{"id":2511,"date":"2023-03-30T12:30:32","date_gmt":"2023-03-30T12:30:32","guid":{"rendered":"https:\/\/www.mediaplateforme.com\/fr\/?p=2511"},"modified":"2023-03-30T22:36:32","modified_gmt":"2023-03-30T22:36:32","slug":"seville-dr-leila-mezian-benjelloun-recoit-le-prix-de-la-mediterranee","status":"publish","type":"post","link":"https:\/\/www.mediaplateforme.com\/fr\/seville-dr-leila-mezian-benjelloun-recoit-le-prix-de-la-mediterranee\/","title":{"rendered":"S\u00e9ville. Dr Le\u00efla Mezian Benjelloun re\u00e7oit le Prix de la M\u00e9diterran\u00e9e"},"content":{"rendered":"<p>La Fondation des Trois cultures de la M\u00e9diterran\u00e9e a d\u00e9cern\u00e9, mercredi 29 mars \u00e0 son si\u00e8ge \u00e0 S\u00e9ville, le Prix de la M\u00e9diterran\u00e9e \u00e0 Dr Leila Mezian Benjelloun, pr\u00e9sidente de la Fondation BMCE Bank.<\/p>\n<p>\u00abC\u2019est un immense honneur pour moi d\u2019\u00eatre ainsi distingu\u00e9e par ce prestigieux Prix qui m\u2019est d\u00e9cern\u00e9 par la Fondation des Trois Cultures de la M\u00e9diterran\u00e9e. Cette distinction repr\u00e9sente un grand hommage \u00e0 ma personne et \u00e0 tous mes collaborateurs\u00bb. C\u2019est par ces mots que Dr Le\u00efla Mezian Benjelloun a entam\u00e9 ses remerciements \u00e0 la Fondation des Trois cultures de la M\u00e9diterran\u00e9e en s\u2019adressant \u00e0 ses co-fondateurs et co-pr\u00e9sidents Andr\u00e9 Azoulay et Juan Manuel Moreno.<\/p>\n<p>&nbsp;<\/p>\n<p>En pr\u00e9sence du pr\u00e9sident du Groupe Bank of Africa, Othman Benjelloun, et d\u2019autres personnalit\u00e9s marocaines et espagnoles, Dr Leila Mezian Benjelloun s\u2019est f\u00e9licit\u00e9e d\u2019\u00eatre n\u00e9e \u00e0 la confluence des cultures amazighe, arabe et ib\u00e9rique.<\/p>\n<p>&nbsp;<\/p>\n<p>\u00abDepuis plus de 30 ans, nous agissons pour l&rsquo;avenir des jeunes g\u00e9n\u00e9rations dans le but de r\u00e9duire les br\u00e8ches \u00e9ducatives gr\u00e2ce \u00e0 notre programme d&rsquo;\u00e9ducation num\u00e9rique et notre approche multilingue\u00bb, a rappel\u00e9 la pr\u00e9sidente de la pr\u00e9sidente de la Fondation BMCE Bank.<\/p>\n<p>&nbsp;<\/p>\n<p>\u00abDe tous les divers investissements r\u00e9alis\u00e9s par nos Fondations, c&rsquo;est notre investissement dans l&rsquo;\u00e9ducation dont nous sommes le plus fiers\u00bb, a-t-elle affirm\u00e9.<\/p>\n<p>&nbsp;<\/p>\n<p>Pour Dr Leila Mezian Benjelloun, le retour sur cet investissement se voit chaque jour dans le visage des enfants -et particuli\u00e8rement des filles- qui fr\u00e9quentent les \u00e9coles de la Fondation ainsi que dans leur d\u00e9veloppement personnel et dans leur joyeuse innocence.<\/p>\n<p>&nbsp;<\/p>\n<p>\u00abL\u2019action multidimensionnelle que nous avons men\u00e9e sous diff\u00e9rentes \u00e9gides &#8211; Fondation BMCE BANK ou Fondation de famille MEZIAN BENJELLOUN &#8211; a refl\u00e9t\u00e9 cette diversit\u00e9 et cette richesse qui forgent notre identit\u00e9\u00bb, a-t-elle ajout\u00e9.<\/p>\n<p>&nbsp;<\/p>\n<p>Dr Leila Mezian Benjelloun a cit\u00e9 comme exemple d\u2019actions de terrain men\u00e9es la pr\u00e9servation du patrimoine artisanal marocain et du patrimoine immat\u00e9riel, li\u00e9 notamment aux langues maternelles et \u00e0 l\u2019Amazigh en particulier ; la r\u00e9habilitation de monuments multis\u00e9culaires comme \u00e0 F\u00e8s- la M\u00e9dersa Bouanania o\u00f9 \u00e0 Marrakech &#8211; les Tombeaux Saadiens &#8211; ou encore la Kasbah Ait Hammou dans L\u2019Atlas ; la cr\u00e9ation d\u2019espace mus\u00e9al \u00e0 Casablanca, \u00e0 Nador, d\u2019espaces d\u2019exposition comme \u00e0 Grenad en plus de la promotion de l\u2019\u00e9ducation primaire en milieu rural, au Maroc et ailleurs en Afrique, en faveur de populations marginalis\u00e9es et au b\u00e9n\u00e9fice ultime de la jeune fille, de la femme en g\u00e9n\u00e9ral et de son autonomisation.<\/p>\n<p>&nbsp;<\/p>\n<p>Par ailleurs, la laur\u00e9ate du Prix de la M\u00e9diterran\u00e9e a d\u00e9clar\u00e9 que ce sont des moments comme celui d\u2019aujourd\u2019hui qui viennent souligner qu\u2019est multidimensionnelle &#8211; \u00e9conomique et sociale, culturelle et humaine -, la relation entre le Royaume d\u2019Espagne et le Royaume du Maroc. \u00abIls viennent \u00e9galement souligner que la relation maroco- espagnole est ind\u00e9fectible parce que forg\u00e9e par une Histoire multis\u00e9culaire et qu\u2019elle sait constamment se r\u00e9inventer, se tournant r\u00e9solument vers un avenir plein de promesses et d\u2019une commune destin\u00e9e\u00bb, a-t-elle conclu.<\/p>\n<p>&nbsp;<\/p>\n<p>Cr\u00e9\u00e9e en 1998, sous le haut patronage de Sa Majest\u00e9 le Roi du Maroc et de Sa Majest\u00e9 le Roi de l\u2019Espagne, la Fondation trois cultures de la M\u00e9diterran\u00e9e vise \u00e0 promouvoir le dialogue, la paix et la tol\u00e9rance entre les peuples et les cultures de la M\u00e9diterran\u00e9e. C\u2019est dans cet esprit qu\u2019ont \u00e9t\u00e9 cr\u00e9\u00e9s et sont d\u00e9cern\u00e9s les Prix de la M\u00e9diterran\u00e9e.<\/p>\n","protected":false},"excerpt":{"rendered":"<p>La Fondation des Trois cultures de la M\u00e9diterran\u00e9e a d\u00e9cern\u00e9, mercredi 29 mars \u00e0 son<\/p>\n","protected":false},"author":1,"featured_media":2512,"comment_status":"open","ping_status":"open","sticky":false,"template":"","format":"standard","meta":{"_acf_changed":false,"footnotes":""},"categories":[7,3],"tags":[757,758],"class_list":["post-2511","post","type-post","status-publish","format-standard","has-post-thumbnail","hentry","category-articles","category-nouvelles-selectionnees","tag-dr-leila-mezian-benjelloun","tag-fondation-bmce-bank"],"acf":[],"yoast_head":"<!-- This site is optimized with the Yoast SEO plugin v22.0 - https:\/\/yoast.com\/wordpress\/plugins\/seo\/ -->\n<title>S\u00e9ville. Dr Le\u00efla Mezian Benjelloun re\u00e7oit le Prix de la M\u00e9diterran\u00e9e - MEDIA PLATEFORME | FR<\/title>\n<meta name=\"description\" content=\"La Fondation des Trois cultures de la M\u00e9diterran\u00e9e le Prix de la M\u00e9diterran\u00e9e \u00e0 Dr Leila Mezian Benjelloun, la Fondation BMCE Bank.\" \/>\n<meta name=\"robots\" content=\"index, follow, max-snippet:-1, max-image-preview:large, max-video-preview:-1\" \/>\n<link rel=\"canonical\" href=\"https:\/\/www.mediaplateforme.com\/fr\/seville-dr-leila-mezian-benjelloun-recoit-le-prix-de-la-mediterranee\/\" \/>\n<meta property=\"og:locale\" content=\"fr_FR\" \/>\n<meta property=\"og:type\" content=\"article\" \/>\n<meta property=\"og:title\" content=\"S\u00e9ville. Dr Le\u00efla Mezian Benjelloun re\u00e7oit le Prix de la M\u00e9diterran\u00e9e - MEDIA PLATEFORME | FR\" \/>\n<meta property=\"og:description\" content=\"La Fondation des Trois cultures de la M\u00e9diterran\u00e9e le Prix de la M\u00e9diterran\u00e9e \u00e0 Dr Leila Mezian Benjelloun, la Fondation BMCE Bank.\" \/>\n<meta property=\"og:url\" content=\"https:\/\/www.mediaplateforme.com\/fr\/seville-dr-leila-mezian-benjelloun-recoit-le-prix-de-la-mediterranee\/\" \/>\n<meta property=\"og:site_name\" content=\"MEDIA PLATEFORME | FR\" \/>\n<meta property=\"article:published_time\" content=\"2023-03-30T12:30:32+00:00\" \/>\n<meta property=\"article:modified_time\" content=\"2023-03-30T22:36:32+00:00\" \/>\n<meta property=\"og:image\" content=\"https:\/\/www.mediaplateforme.com\/fr\/wp-content\/uploads\/sites\/5\/2023\/03\/Photo-LMB.jpg\" \/>\n\t<meta property=\"og:image:width\" content=\"1024\" \/>\n\t<meta property=\"og:image:height\" content=\"638\" \/>\n\t<meta property=\"og:image:type\" content=\"image\/jpeg\" \/>\n<meta name=\"author\" content=\"Mediaplateforme\" \/>\n<meta name=\"twitter:card\" content=\"summary_large_image\" \/>\n<meta name=\"twitter:label1\" content=\"\u00c9crit par\" \/>\n\t<meta name=\"twitter:data1\" content=\"Mediaplateforme\" \/>\n\t<meta name=\"twitter:label2\" content=\"Dur\u00e9e de lecture estim\u00e9e\" \/>\n\t<meta name=\"twitter:data2\" content=\"3 minutes\" \/>\n<script type=\"application\/ld+json\" class=\"yoast-schema-graph\">{\"@context\":\"https:\/\/schema.org\",\"@graph\":[{\"@type\":\"WebPage\",\"@id\":\"https:\/\/www.mediaplateforme.com\/fr\/seville-dr-leila-mezian-benjelloun-recoit-le-prix-de-la-mediterranee\/\",\"url\":\"https:\/\/www.mediaplateforme.com\/fr\/seville-dr-leila-mezian-benjelloun-recoit-le-prix-de-la-mediterranee\/\",\"name\":\"S\u00e9ville. Dr Le\u00efla Mezian Benjelloun re\u00e7oit le Prix de la M\u00e9diterran\u00e9e - MEDIA PLATEFORME | FR\",\"isPartOf\":{\"@id\":\"https:\/\/www.mediaplateforme.com\/fr\/#website\"},\"datePublished\":\"2023-03-30T12:30:32+00:00\",\"dateModified\":\"2023-03-30T22:36:32+00:00\",\"author\":{\"@id\":\"https:\/\/www.mediaplateforme.com\/fr\/#\/schema\/person\/89833db382b5db2c76b094bc902aa12a\"},\"description\":\"La Fondation des Trois cultures de la M\u00e9diterran\u00e9e le Prix de la M\u00e9diterran\u00e9e \u00e0 Dr Leila Mezian Benjelloun, la Fondation BMCE Bank.\",\"breadcrumb\":{\"@id\":\"https:\/\/www.mediaplateforme.com\/fr\/seville-dr-leila-mezian-benjelloun-recoit-le-prix-de-la-mediterranee\/#breadcrumb\"},\"inLanguage\":\"fr-FR\",\"potentialAction\":[{\"@type\":\"ReadAction\",\"target\":[\"https:\/\/www.mediaplateforme.com\/fr\/seville-dr-leila-mezian-benjelloun-recoit-le-prix-de-la-mediterranee\/\"]}]},{\"@type\":\"BreadcrumbList\",\"@id\":\"https:\/\/www.mediaplateforme.com\/fr\/seville-dr-leila-mezian-benjelloun-recoit-le-prix-de-la-mediterranee\/#breadcrumb\",\"itemListElement\":[{\"@type\":\"ListItem\",\"position\":1,\"name\":\"\u0627\u0644\u0631\u0626\u064a\u0633\u064a\u0629\",\"item\":\"https:\/\/www.mediaplateforme.com\/fr\/\"},{\"@type\":\"ListItem\",\"position\":2,\"name\":\"S\u00e9ville. Dr Le\u00efla Mezian Benjelloun re\u00e7oit le Prix de la M\u00e9diterran\u00e9e\"}]},{\"@type\":\"WebSite\",\"@id\":\"https:\/\/www.mediaplateforme.com\/fr\/#website\",\"url\":\"https:\/\/www.mediaplateforme.com\/fr\/\",\"name\":\"MEDIA PLATEFORME | FR\",\"description\":\"Mediaplateforme sp\u00e9cialis\u00e9 dans la communication institutions publiques et des entreprises\",\"potentialAction\":[{\"@type\":\"SearchAction\",\"target\":{\"@type\":\"EntryPoint\",\"urlTemplate\":\"https:\/\/www.mediaplateforme.com\/fr\/?s={search_term_string}\"},\"query-input\":\"required name=search_term_string\"}],\"inLanguage\":\"fr-FR\"},{\"@type\":\"Person\",\"@id\":\"https:\/\/www.mediaplateforme.com\/fr\/#\/schema\/person\/89833db382b5db2c76b094bc902aa12a\",\"name\":\"Mediaplateforme\",\"image\":{\"@type\":\"ImageObject\",\"inLanguage\":\"fr-FR\",\"@id\":\"https:\/\/www.mediaplateforme.com\/fr\/#\/schema\/person\/image\/\",\"url\":\"https:\/\/secure.gravatar.com\/avatar\/6c9c02e8928cc65d54bf75157f7b3a2d06d7ad0494ca0951f679552ff03b34c1?s=96&d=mm&r=g\",\"contentUrl\":\"https:\/\/secure.gravatar.com\/avatar\/6c9c02e8928cc65d54bf75157f7b3a2d06d7ad0494ca0951f679552ff03b34c1?s=96&d=mm&r=g\",\"caption\":\"Mediaplateforme\"},\"sameAs\":[\"https:\/\/www.mediaplateforme.com\"],\"url\":\"https:\/\/www.mediaplateforme.com\/fr\/author\/mohamedladib\/\"}]}<\/script>\n<!-- \/ Yoast SEO plugin. -->","yoast_head_json":{"title":"S\u00e9ville. Dr Le\u00efla Mezian Benjelloun re\u00e7oit le Prix de la M\u00e9diterran\u00e9e - MEDIA PLATEFORME | FR","description":"La Fondation des Trois cultures de la M\u00e9diterran\u00e9e le Prix de la M\u00e9diterran\u00e9e \u00e0 Dr Leila Mezian Benjelloun, la Fondation BMCE Bank.","robots":{"index":"index","follow":"follow","max-snippet":"max-snippet:-1","max-image-preview":"max-image-preview:large","max-video-preview":"max-video-preview:-1"},"canonical":"https:\/\/www.mediaplateforme.com\/fr\/seville-dr-leila-mezian-benjelloun-recoit-le-prix-de-la-mediterranee\/","og_locale":"fr_FR","og_type":"article","og_title":"S\u00e9ville. Dr Le\u00efla Mezian Benjelloun re\u00e7oit le Prix de la M\u00e9diterran\u00e9e - MEDIA PLATEFORME | FR","og_description":"La Fondation des Trois cultures de la M\u00e9diterran\u00e9e le Prix de la M\u00e9diterran\u00e9e \u00e0 Dr Leila Mezian Benjelloun, la Fondation BMCE Bank.","og_url":"https:\/\/www.mediaplateforme.com\/fr\/seville-dr-leila-mezian-benjelloun-recoit-le-prix-de-la-mediterranee\/","og_site_name":"MEDIA PLATEFORME | FR","article_published_time":"2023-03-30T12:30:32+00:00","article_modified_time":"2023-03-30T22:36:32+00:00","og_image":[{"width":1024,"height":638,"url":"https:\/\/www.mediaplateforme.com\/fr\/wp-content\/uploads\/sites\/5\/2023\/03\/Photo-LMB.jpg","type":"image\/jpeg"}],"author":"Mediaplateforme","twitter_card":"summary_large_image","twitter_misc":{"\u00c9crit par":"Mediaplateforme","Dur\u00e9e de lecture estim\u00e9e":"3 minutes"},"schema":{"@context":"https:\/\/schema.org","@graph":[{"@type":"WebPage","@id":"https:\/\/www.mediaplateforme.com\/fr\/seville-dr-leila-mezian-benjelloun-recoit-le-prix-de-la-mediterranee\/","url":"https:\/\/www.mediaplateforme.com\/fr\/seville-dr-leila-mezian-benjelloun-recoit-le-prix-de-la-mediterranee\/","name":"S\u00e9ville. Dr Le\u00efla Mezian Benjelloun re\u00e7oit le Prix de la M\u00e9diterran\u00e9e - MEDIA PLATEFORME | FR","isPartOf":{"@id":"https:\/\/www.mediaplateforme.com\/fr\/#website"},"datePublished":"2023-03-30T12:30:32+00:00","dateModified":"2023-03-30T22:36:32+00:00","author":{"@id":"https:\/\/www.mediaplateforme.com\/fr\/#\/schema\/person\/89833db382b5db2c76b094bc902aa12a"},"description":"La Fondation des Trois cultures de la M\u00e9diterran\u00e9e le Prix de la M\u00e9diterran\u00e9e \u00e0 Dr Leila Mezian Benjelloun, la Fondation BMCE Bank.","breadcrumb":{"@id":"https:\/\/www.mediaplateforme.com\/fr\/seville-dr-leila-mezian-benjelloun-recoit-le-prix-de-la-mediterranee\/#breadcrumb"},"inLanguage":"fr-FR","potentialAction":[{"@type":"ReadAction","target":["https:\/\/www.mediaplateforme.com\/fr\/seville-dr-leila-mezian-benjelloun-recoit-le-prix-de-la-mediterranee\/"]}]},{"@type":"BreadcrumbList","@id":"https:\/\/www.mediaplateforme.com\/fr\/seville-dr-leila-mezian-benjelloun-recoit-le-prix-de-la-mediterranee\/#breadcrumb","itemListElement":[{"@type":"ListItem","position":1,"name":"\u0627\u0644\u0631\u0626\u064a\u0633\u064a\u0629","item":"https:\/\/www.mediaplateforme.com\/fr\/"},{"@type":"ListItem","position":2,"name":"S\u00e9ville. Dr Le\u00efla Mezian Benjelloun re\u00e7oit le Prix de la M\u00e9diterran\u00e9e"}]},{"@type":"WebSite","@id":"https:\/\/www.mediaplateforme.com\/fr\/#website","url":"https:\/\/www.mediaplateforme.com\/fr\/","name":"MEDIA PLATEFORME | FR","description":"Mediaplateforme sp\u00e9cialis\u00e9 dans la communication institutions publiques et des entreprises","potentialAction":[{"@type":"SearchAction","target":{"@type":"EntryPoint","urlTemplate":"https:\/\/www.mediaplateforme.com\/fr\/?s={search_term_string}"},"query-input":"required name=search_term_string"}],"inLanguage":"fr-FR"},{"@type":"Person","@id":"https:\/\/www.mediaplateforme.com\/fr\/#\/schema\/person\/89833db382b5db2c76b094bc902aa12a","name":"Mediaplateforme","image":{"@type":"ImageObject","inLanguage":"fr-FR","@id":"https:\/\/www.mediaplateforme.com\/fr\/#\/schema\/person\/image\/","url":"https:\/\/secure.gravatar.com\/avatar\/6c9c02e8928cc65d54bf75157f7b3a2d06d7ad0494ca0951f679552ff03b34c1?s=96&d=mm&r=g","contentUrl":"https:\/\/secure.gravatar.com\/avatar\/6c9c02e8928cc65d54bf75157f7b3a2d06d7ad0494ca0951f679552ff03b34c1?s=96&d=mm&r=g","caption":"Mediaplateforme"},"sameAs":["https:\/\/www.mediaplateforme.com"],"url":"https:\/\/www.mediaplateforme.com\/fr\/author\/mohamedladib\/"}]}},"_links":{"self":[{"href":"https:\/\/www.mediaplateforme.com\/fr\/wp-json\/wp\/v2\/posts\/2511","targetHints":{"allow":["GET"]}}],"collection":[{"href":"https:\/\/www.mediaplateforme.com\/fr\/wp-json\/wp\/v2\/posts"}],"about":[{"href":"https:\/\/www.mediaplateforme.com\/fr\/wp-json\/wp\/v2\/types\/post"}],"author":[{"embeddable":true,"href":"https:\/\/www.mediaplateforme.com\/fr\/wp-json\/wp\/v2\/users\/1"}],"replies":[{"embeddable":true,"href":"https:\/\/www.mediaplateforme.com\/fr\/wp-json\/wp\/v2\/comments?post=2511"}],"version-history":[{"count":1,"href":"https:\/\/www.mediaplateforme.com\/fr\/wp-json\/wp\/v2\/posts\/2511\/revisions"}],"predecessor-version":[{"id":2513,"href":"https:\/\/www.mediaplateforme.com\/fr\/wp-json\/wp\/v2\/posts\/2511\/revisions\/2513"}],"wp:featuredmedia":[{"embeddable":true,"href":"https:\/\/www.mediaplateforme.com\/fr\/wp-json\/wp\/v2\/media\/2512"}],"wp:attachment":[{"href":"https:\/\/www.mediaplateforme.com\/fr\/wp-json\/wp\/v2\/media?parent=2511"}],"wp:term":[{"taxonomy":"category","embeddable":true,"href":"https:\/\/www.mediaplateforme.com\/fr\/wp-json\/wp\/v2\/categories?post=2511"},{"taxonomy":"post_tag","embeddable":true,"href":"https:\/\/www.mediaplateforme.com\/fr\/wp-json\/wp\/v2\/tags?post=2511"}],"curies":[{"name":"wp","href":"https:\/\/api.w.org\/{rel}","templated":true}]}}