{"id":2508,"date":"2023-03-29T23:30:14","date_gmt":"2023-03-29T23:30:14","guid":{"rendered":"https:\/\/www.mediaplateforme.com\/fr\/?p=2508"},"modified":"2023-03-30T00:31:02","modified_gmt":"2023-03-30T00:31:02","slug":"coup-denvoi-de-la-1ere-edition-de-la-journee-nationale-de-lindustrie","status":"publish","type":"post","link":"https:\/\/www.mediaplateforme.com\/fr\/coup-denvoi-de-la-1ere-edition-de-la-journee-nationale-de-lindustrie\/","title":{"rendered":"Coup d\u2019envoi de la 1\u00e8re \u00e9dition de la Journ\u00e9e Nationale de l\u2019Industrie"},"content":{"rendered":"<p>Sous le Haut Patronage de Sa Majest\u00e9 le Roi Mohammed VI, que Dieu L\u2019assiste, le coup d\u2019envoi de la 1\u00e8re \u00ab Journ\u00e9e Nationale de l\u2019Industrie \u00bb est donn\u00e9 aujourd\u2019hui 29 mars 2023, \u00e0 Casablanca.<\/p>\n<p>Coorganis\u00e9e par le Minist\u00e8re de l\u2019Industrie et du Commerce et la Conf\u00e9d\u00e9ration G\u00e9n\u00e9rale des Entreprises du Maroc (CGEM), cet \u00e9v\u00e9nement national, r\u00e9unissant acteurs publics et priv\u00e9s, minist\u00e8res, institutionnels et f\u00e9d\u00e9rations professionnelles, se veut \u00eatre la plateforme d\u2019un \u00e9change constructif autour du d\u00e9veloppement de l\u2019industrie, de la promotion de l\u2019investissement productif et du label Maroc.<\/p>\n<p>&nbsp;<\/p>\n<h4><strong>L\u2019essor de l\u2019industrie nationale, fruit d\u2019une Vision Royale <\/strong><\/h4>\n<p>Fond\u00e9e sur le principe de l\u2019ouverture \u00e9conomique mondiale et sur des strat\u00e9gies successives compl\u00e9mentaires (Plan Emergence 2005-2009, Pacte National pour l\u2019Emergence Industrielle 2009-2014, Plan d\u2019Acc\u00e9l\u00e9ration Industrielle 2014-2020 et Plan de relance Industrielle 2021-2023), men\u00e9es sous la Conduite Eclair\u00e9e de Sa Majest\u00e9 Le Roi Mohammed VI, que Dieu L\u2019assiste, <a href=\"https:\/\/www.mediaplateforme.com\/fr\/inauguration-du-nouveau-site-de-special-acier-et-traitements-thermiques-a-la-zone-dacceleration-industrielle-de-kenitra\/\">l\u2019industrie marocaine<\/a> s\u2019est \u00e9rig\u00e9e sur une base solide alliant savoir-faire et technologies.<\/p>\n<p>Con\u00e7ues pour faire de l\u2019industrie un levier axial du d\u00e9veloppement \u00e9conomique du Maroc, un pourvoyeur majeur de l\u2019emploi et un catalyseur de l\u2019investissement productif et de l\u2019export, ces strat\u00e9gies, d\u00e9ploy\u00e9es dans le cadre d\u2019une vision territoriale globale, ont \u00e9t\u00e9 accompagn\u00e9es de la r\u00e9alisation d\u2019un important r\u00e9seau d\u2019infrastructures industrielles, logistiques et \u00e9nerg\u00e9tiques et de r\u00e9formes structurelles pour am\u00e9liorer le climat des affaires, la formation des comp\u00e9tences et la comp\u00e9titivit\u00e9 de l\u2019industrie marocaine.<\/p>\n<p>L\u2019industrie marocaine s\u2019est inscrite dans une dynamique sans pr\u00e9c\u00e9dent autour d\u2019\u00e9cosyst\u00e8mes industriels performants. Des plateformes industrielles de classe mondiale sont n\u00e9es, avec des acteurs de premier plan, de nouvelles entreprises et des cha\u00eenes de valeur qui se sont fortement enrichies et consolid\u00e9es, \u00e9rigeant des p\u00f4les r\u00e9gionaux attractifs et comp\u00e9titifs.<\/p>\n<p>Ces atouts, appuy\u00e9s par la stabilit\u00e9 politique et macro-\u00e9conomique du Royaume, son savoir-faire industriel et sa proximit\u00e9 g\u00e9ographique avec des march\u00e9s porteurs, ont permis \u00e0 notre industrie de se positionner sur des m\u00e9tiers et sp\u00e9cialisations hautement technologiques et d\u2019\u00eatre un moteur de la croissance, de la production et de l\u2019export.<\/p>\n<p>Ainsi, les exportations industrielles du Royaume ont plus que doubl\u00e9 en moins de 10 ans (370 milliards de dirhams \u00e0 fin 2022 contre 159 milliards de dirhams \u00e0 fin 2013) et repr\u00e9sentent, d\u00e9sormais, 86,8% du total des exportations de marchandises du Maroc.<\/p>\n<p><strong>\u00a0<\/strong><\/p>\n<h5><strong>Le Maroc, une base industrielle comp\u00e9titive et un leader continental <\/strong><\/h5>\n<p>Aujourd\u2019hui, le Maroc est devenu une destination mondiale incontournable dans les secteurs de pointe que sont l\u2019a\u00e9ronautique et l\u2019automobile. Le secteur de l\u2019automobile a vu son d\u00e9veloppement s\u2019acc\u00e9l\u00e9rer, durant les derni\u00e8res ann\u00e9es, permettant au Royaume de devenir leader continental. En effet, notre pays est le 1er producteur de voitures en Afrique, avec une capacit\u00e9 de production qui sera port\u00e9e \u00e0 plus de 900.000 v\u00e9hicules\/an et un taux d\u2019int\u00e9gration local de 64%. L&rsquo;industrie automobile contribue aux exportations avec plus de 110 milliards de Dhs \u00e0 destination de plus de 70 pays, \u00e0 fin 2022.<\/p>\n<p>Dans le secteur a\u00e9ronautique, le Maroc est devenu, en vingt ans, le principal exportateur de mat\u00e9riels, pi\u00e8ces et composants a\u00e9ronautiques du continent africain, g\u00e9n\u00e9rant, en 2022, un chiffre d\u2019affaire \u00e0 l\u2019export d\u00e9passant 21 milliards de Dhs. Il a d\u00e9montr\u00e9 sa capacit\u00e9 \u00e0 accueillir et \u00e0 d\u00e9velopper un secteur a\u00e9ronautique de qualit\u00e9, contribuant \u00e0 la mont\u00e9e en gamme de notre \u00e9conomie. La pr\u00e9sence de grands acteurs a\u00e9ronautiques mondiaux a largement contribu\u00e9 \u00e0 asseoir la cr\u00e9dibilit\u00e9 de la plateforme a\u00e9ronautique marocaine et illustre parfaitement la place du Royaume sur l\u2019\u00e9chiquier r\u00e9gional et international.<\/p>\n<p>L\u2019industrie agro-alimentaire nationale contribue, pour sa part, davantage \u00e0 la valorisation des ressources halieutiques et agricoles des territoires du Maroc et concourt au renforcement de la souverainet\u00e9 alimentaire. Ce secteur qui emploie plus de 194\u00a0000 personnes a pour sa part atteint les 44 milliards de Dhs d\u2019exportations en 2022.<\/p>\n<p>Le secteur du textile et du cuir, pourvoyeur majeur d\u2019emplois industriels (22% de l\u2019effectif industriel), a \u00e9galement su tirer profit des mutations des chaines de valeurs mondiales et des nouvelles tendances de consommation en se positionnant sur des segments durables et \u00e0 plus forte valeur ajout\u00e9e.<\/p>\n<p>Ces acquis ont forg\u00e9 la r\u00e9silience de notre industrie. Ils lui ont permis de juguler l\u2019impact de la crise de la Covid-19 et de jouer un r\u00f4le vital dans la souverainet\u00e9 industrielle, sanitaire et alimentaire de notre pays. Et gr\u00e2ce au plan ambitieux de relance \u00e9conomique qui a \u00e9t\u00e9 lanc\u00e9 par Sa Majest\u00e9 Le Roi Mohammed VI, que Dieu L\u2019assiste, pour permettre aux secteurs de production de se remettre d\u2019aplomb, d\u2019accro\u00eetre leur capacit\u00e9 \u00e0 cr\u00e9er des emplois et \u00e0 pr\u00e9server les sources de revenus (Discours Royal-F\u00eate du Tr\u00f4ne-29 juillet 2020), le secteur a r\u00e9ussi la reprise des emplois post-crise (+106% d\u2019emplois r\u00e9cup\u00e9r\u00e9s \u00e0 fin janvier 2023) et les fili\u00e8res industrielles tirent les exportations de notre pays.<\/p>\n<p>&nbsp;<\/p>\n<h5>L<strong>a plateforme industrielle marocaine face aux nouveaux enjeux <\/strong><\/h5>\n<p>La conjoncture \u00e9conomique mondiale difficile, marqu\u00e9e par les conflits g\u00e9opolitiques et les changements climatiques qui s&rsquo;intensifient, engendre des zones de turbulences.<\/p>\n<p>Face aux vuln\u00e9rabilit\u00e9s des chaines de valeurs mondiales et la forte d\u00e9pendance aux importations pour s\u00e9curiser les approvisionnements vitaux, la souverainet\u00e9 de notre pays se place au c\u0153ur des priorit\u00e9s. Sa Majest\u00e9 le Roi Mohammed VI, que Dieu L\u2019assiste d\u00e9clarait \u00e0 son Discours d\u2019ouverture de la 1<sup>\u00e8re<\/sup> session de la 1<sup>\u00e8re<\/sup> ann\u00e9e l\u00e9gislative de la 11<sup>\u00e8me<\/sup> l\u00e9gislature en octobre 2021 \u00ab Qu\u2019elle soit sanitaire, \u00e9nerg\u00e9tique, industrielle, alimentaire ou autres, sa pr\u00e9servation est devenue l\u2019enjeu d\u2019une v\u00e9ritable comp\u00e9tition qui suscite des r\u00e9actions f\u00e9briles chez certains \u00bb.<\/p>\n<p>La souverainet\u00e9 est la cl\u00e9 pour assurer l\u2019int\u00e9grit\u00e9 du march\u00e9 int\u00e9rieur et p\u00e9renniser les emplois. Elle est tributaire du d\u00e9veloppement de notre tissu productif. Notre industrie est ainsi appel\u00e9e, aujourd\u2019hui plus que jamais, \u00e0 renforcer son r\u00f4le dans l\u2019\u00e9conomie nationale.<\/p>\n<p>Il est donc imp\u00e9ratif de capitaliser sur nos acquis pour renforcer davantage notre r\u00e9silience et notre comp\u00e9titivit\u00e9, acc\u00e9l\u00e9rer notre relance de l\u2019\u00e9conomie nationale et l\u2019ancrage du Maroc dans les secteurs prometteurs. Le Maroc a besoin, pour cela, d\u2019une industrie encore plus concurrentielle et productive, int\u00e9grant de nouvelles activit\u00e9s, de nouveaux savoir-faire et offrant plus d\u2019opportunit\u00e9s d\u2019emploi.<\/p>\n<p>&nbsp;<\/p>\n<h5><strong>Deux conventions ont \u00e9t\u00e9 sign\u00e9es aujourd&rsquo;hui en marge de la Journ\u00e9e Nationale de l&rsquo;industrie<\/strong>.<\/h5>\n<p>La premi\u00e8re convention sign\u00e9e entre le Minist\u00e8re de l\u2019Industrie et du Commerce et la CGEM a pour objet de d\u00e9finir les modalit\u00e9s du partenariat entre les deux parties pour reconduire l&rsquo;organisation de cette journ\u00e9e chaque ann\u00e9e.<\/p>\n<p>La seconde convention sign\u00e9e entre le Minist\u00e8re, la CGEM et l&rsquo;OMPIC a pour objet d\u2019\u00e9tablir un cadre g\u00e9n\u00e9ral de collaboration qui vise \u00e0 promouvoir l\u2019utilisation efficace des outils de la propri\u00e9t\u00e9 industrielle et commerciale, notamment \u00e0 travers des actions de sensibilisation et de formation.<\/p>\n","protected":false},"excerpt":{"rendered":"<p>Sous le Haut Patronage de Sa Majest\u00e9 le Roi Mohammed VI, que Dieu L\u2019assiste, le<\/p>\n","protected":false},"author":1,"featured_media":2509,"comment_status":"open","ping_status":"open","sticky":false,"template":"","format":"standard","meta":{"_acf_changed":false,"footnotes":""},"categories":[4,3],"tags":[756,59],"class_list":["post-2508","post","type-post","status-publish","format-standard","has-post-thumbnail","hentry","category-economie","category-nouvelles-selectionnees","tag-journee-nationale-de-lindustrie","tag-ryad-mezzour"],"acf":[],"yoast_head":"<!-- This site is optimized with the Yoast SEO plugin v22.0 - https:\/\/yoast.com\/wordpress\/plugins\/seo\/ -->\n<title>Coup d\u2019envoi de la 1\u00e8re \u00e9dition de la Journ\u00e9e Nationale de l\u2019Industrie - MEDIA PLATEFORME | FR<\/title>\n<meta name=\"description\" content=\"Sous le Haut Patronage de Sa Majest\u00e9 le Roi Mohammed VI, que Dieu L\u2019assiste, le coup d\u2019envoi de la 1\u00e8re \u00ab Journ\u00e9e Nationale de l\u2019Industrie \u00bb\" \/>\n<meta name=\"robots\" content=\"index, follow, max-snippet:-1, max-image-preview:large, max-video-preview:-1\" \/>\n<link rel=\"canonical\" href=\"https:\/\/www.mediaplateforme.com\/fr\/coup-denvoi-de-la-1ere-edition-de-la-journee-nationale-de-lindustrie\/\" \/>\n<meta property=\"og:locale\" content=\"fr_FR\" \/>\n<meta property=\"og:type\" content=\"article\" \/>\n<meta property=\"og:title\" content=\"Coup d\u2019envoi de la 1\u00e8re \u00e9dition de la Journ\u00e9e Nationale de l\u2019Industrie - MEDIA PLATEFORME | FR\" \/>\n<meta property=\"og:description\" content=\"Sous le Haut Patronage de Sa Majest\u00e9 le Roi Mohammed VI, que Dieu L\u2019assiste, le coup d\u2019envoi de la 1\u00e8re \u00ab Journ\u00e9e Nationale de l\u2019Industrie \u00bb\" \/>\n<meta property=\"og:url\" content=\"https:\/\/www.mediaplateforme.com\/fr\/coup-denvoi-de-la-1ere-edition-de-la-journee-nationale-de-lindustrie\/\" \/>\n<meta property=\"og:site_name\" content=\"MEDIA PLATEFORME | FR\" \/>\n<meta property=\"article:published_time\" content=\"2023-03-29T23:30:14+00:00\" \/>\n<meta property=\"article:modified_time\" content=\"2023-03-30T00:31:02+00:00\" \/>\n<meta property=\"og:image\" content=\"https:\/\/www.mediaplateforme.com\/fr\/wp-content\/uploads\/sites\/5\/2023\/03\/JNI.jpg\" \/>\n\t<meta property=\"og:image:width\" content=\"1200\" \/>\n\t<meta property=\"og:image:height\" content=\"600\" \/>\n\t<meta property=\"og:image:type\" content=\"image\/jpeg\" \/>\n<meta name=\"author\" content=\"Mediaplateforme\" \/>\n<meta name=\"twitter:card\" content=\"summary_large_image\" \/>\n<meta name=\"twitter:label1\" content=\"\u00c9crit par\" \/>\n\t<meta name=\"twitter:data1\" content=\"Mediaplateforme\" \/>\n\t<meta name=\"twitter:label2\" content=\"Dur\u00e9e de lecture estim\u00e9e\" \/>\n\t<meta name=\"twitter:data2\" content=\"6 minutes\" \/>\n<script type=\"application\/ld+json\" class=\"yoast-schema-graph\">{\"@context\":\"https:\/\/schema.org\",\"@graph\":[{\"@type\":\"WebPage\",\"@id\":\"https:\/\/www.mediaplateforme.com\/fr\/coup-denvoi-de-la-1ere-edition-de-la-journee-nationale-de-lindustrie\/\",\"url\":\"https:\/\/www.mediaplateforme.com\/fr\/coup-denvoi-de-la-1ere-edition-de-la-journee-nationale-de-lindustrie\/\",\"name\":\"Coup d\u2019envoi de la 1\u00e8re \u00e9dition de la Journ\u00e9e Nationale de l\u2019Industrie - MEDIA PLATEFORME | FR\",\"isPartOf\":{\"@id\":\"https:\/\/www.mediaplateforme.com\/fr\/#website\"},\"datePublished\":\"2023-03-29T23:30:14+00:00\",\"dateModified\":\"2023-03-30T00:31:02+00:00\",\"author\":{\"@id\":\"https:\/\/www.mediaplateforme.com\/fr\/#\/schema\/person\/89833db382b5db2c76b094bc902aa12a\"},\"description\":\"Sous le Haut Patronage de Sa Majest\u00e9 le Roi Mohammed VI, que Dieu L\u2019assiste, le coup d\u2019envoi de la 1\u00e8re \u00ab Journ\u00e9e Nationale de l\u2019Industrie \u00bb\",\"breadcrumb\":{\"@id\":\"https:\/\/www.mediaplateforme.com\/fr\/coup-denvoi-de-la-1ere-edition-de-la-journee-nationale-de-lindustrie\/#breadcrumb\"},\"inLanguage\":\"fr-FR\",\"potentialAction\":[{\"@type\":\"ReadAction\",\"target\":[\"https:\/\/www.mediaplateforme.com\/fr\/coup-denvoi-de-la-1ere-edition-de-la-journee-nationale-de-lindustrie\/\"]}]},{\"@type\":\"BreadcrumbList\",\"@id\":\"https:\/\/www.mediaplateforme.com\/fr\/coup-denvoi-de-la-1ere-edition-de-la-journee-nationale-de-lindustrie\/#breadcrumb\",\"itemListElement\":[{\"@type\":\"ListItem\",\"position\":1,\"name\":\"\u0627\u0644\u0631\u0626\u064a\u0633\u064a\u0629\",\"item\":\"https:\/\/www.mediaplateforme.com\/fr\/\"},{\"@type\":\"ListItem\",\"position\":2,\"name\":\"Coup d\u2019envoi de la 1\u00e8re \u00e9dition de la Journ\u00e9e Nationale de l\u2019Industrie\"}]},{\"@type\":\"WebSite\",\"@id\":\"https:\/\/www.mediaplateforme.com\/fr\/#website\",\"url\":\"https:\/\/www.mediaplateforme.com\/fr\/\",\"name\":\"MEDIA PLATEFORME | FR\",\"description\":\"Mediaplateforme sp\u00e9cialis\u00e9 dans la communication institutions publiques et des entreprises\",\"potentialAction\":[{\"@type\":\"SearchAction\",\"target\":{\"@type\":\"EntryPoint\",\"urlTemplate\":\"https:\/\/www.mediaplateforme.com\/fr\/?s={search_term_string}\"},\"query-input\":\"required name=search_term_string\"}],\"inLanguage\":\"fr-FR\"},{\"@type\":\"Person\",\"@id\":\"https:\/\/www.mediaplateforme.com\/fr\/#\/schema\/person\/89833db382b5db2c76b094bc902aa12a\",\"name\":\"Mediaplateforme\",\"image\":{\"@type\":\"ImageObject\",\"inLanguage\":\"fr-FR\",\"@id\":\"https:\/\/www.mediaplateforme.com\/fr\/#\/schema\/person\/image\/\",\"url\":\"https:\/\/secure.gravatar.com\/avatar\/6c9c02e8928cc65d54bf75157f7b3a2d06d7ad0494ca0951f679552ff03b34c1?s=96&d=mm&r=g\",\"contentUrl\":\"https:\/\/secure.gravatar.com\/avatar\/6c9c02e8928cc65d54bf75157f7b3a2d06d7ad0494ca0951f679552ff03b34c1?s=96&d=mm&r=g\",\"caption\":\"Mediaplateforme\"},\"sameAs\":[\"https:\/\/www.mediaplateforme.com\"],\"url\":\"https:\/\/www.mediaplateforme.com\/fr\/author\/mohamedladib\/\"}]}<\/script>\n<!-- \/ Yoast SEO plugin. -->","yoast_head_json":{"title":"Coup d\u2019envoi de la 1\u00e8re \u00e9dition de la Journ\u00e9e Nationale de l\u2019Industrie - MEDIA PLATEFORME | FR","description":"Sous le Haut Patronage de Sa Majest\u00e9 le Roi Mohammed VI, que Dieu L\u2019assiste, le coup d\u2019envoi de la 1\u00e8re \u00ab Journ\u00e9e Nationale de l\u2019Industrie \u00bb","robots":{"index":"index","follow":"follow","max-snippet":"max-snippet:-1","max-image-preview":"max-image-preview:large","max-video-preview":"max-video-preview:-1"},"canonical":"https:\/\/www.mediaplateforme.com\/fr\/coup-denvoi-de-la-1ere-edition-de-la-journee-nationale-de-lindustrie\/","og_locale":"fr_FR","og_type":"article","og_title":"Coup d\u2019envoi de la 1\u00e8re \u00e9dition de la Journ\u00e9e Nationale de l\u2019Industrie - MEDIA PLATEFORME | FR","og_description":"Sous le Haut Patronage de Sa Majest\u00e9 le Roi Mohammed VI, que Dieu L\u2019assiste, le coup d\u2019envoi de la 1\u00e8re \u00ab Journ\u00e9e Nationale de l\u2019Industrie \u00bb","og_url":"https:\/\/www.mediaplateforme.com\/fr\/coup-denvoi-de-la-1ere-edition-de-la-journee-nationale-de-lindustrie\/","og_site_name":"MEDIA PLATEFORME | FR","article_published_time":"2023-03-29T23:30:14+00:00","article_modified_time":"2023-03-30T00:31:02+00:00","og_image":[{"width":1200,"height":600,"url":"https:\/\/www.mediaplateforme.com\/fr\/wp-content\/uploads\/sites\/5\/2023\/03\/JNI.jpg","type":"image\/jpeg"}],"author":"Mediaplateforme","twitter_card":"summary_large_image","twitter_misc":{"\u00c9crit par":"Mediaplateforme","Dur\u00e9e de lecture estim\u00e9e":"6 minutes"},"schema":{"@context":"https:\/\/schema.org","@graph":[{"@type":"WebPage","@id":"https:\/\/www.mediaplateforme.com\/fr\/coup-denvoi-de-la-1ere-edition-de-la-journee-nationale-de-lindustrie\/","url":"https:\/\/www.mediaplateforme.com\/fr\/coup-denvoi-de-la-1ere-edition-de-la-journee-nationale-de-lindustrie\/","name":"Coup d\u2019envoi de la 1\u00e8re \u00e9dition de la Journ\u00e9e Nationale de l\u2019Industrie - MEDIA PLATEFORME | FR","isPartOf":{"@id":"https:\/\/www.mediaplateforme.com\/fr\/#website"},"datePublished":"2023-03-29T23:30:14+00:00","dateModified":"2023-03-30T00:31:02+00:00","author":{"@id":"https:\/\/www.mediaplateforme.com\/fr\/#\/schema\/person\/89833db382b5db2c76b094bc902aa12a"},"description":"Sous le Haut Patronage de Sa Majest\u00e9 le Roi Mohammed VI, que Dieu L\u2019assiste, le coup d\u2019envoi de la 1\u00e8re \u00ab Journ\u00e9e Nationale de l\u2019Industrie \u00bb","breadcrumb":{"@id":"https:\/\/www.mediaplateforme.com\/fr\/coup-denvoi-de-la-1ere-edition-de-la-journee-nationale-de-lindustrie\/#breadcrumb"},"inLanguage":"fr-FR","potentialAction":[{"@type":"ReadAction","target":["https:\/\/www.mediaplateforme.com\/fr\/coup-denvoi-de-la-1ere-edition-de-la-journee-nationale-de-lindustrie\/"]}]},{"@type":"BreadcrumbList","@id":"https:\/\/www.mediaplateforme.com\/fr\/coup-denvoi-de-la-1ere-edition-de-la-journee-nationale-de-lindustrie\/#breadcrumb","itemListElement":[{"@type":"ListItem","position":1,"name":"\u0627\u0644\u0631\u0626\u064a\u0633\u064a\u0629","item":"https:\/\/www.mediaplateforme.com\/fr\/"},{"@type":"ListItem","position":2,"name":"Coup d\u2019envoi de la 1\u00e8re \u00e9dition de la Journ\u00e9e Nationale de l\u2019Industrie"}]},{"@type":"WebSite","@id":"https:\/\/www.mediaplateforme.com\/fr\/#website","url":"https:\/\/www.mediaplateforme.com\/fr\/","name":"MEDIA PLATEFORME | FR","description":"Mediaplateforme sp\u00e9cialis\u00e9 dans la communication institutions publiques et des entreprises","potentialAction":[{"@type":"SearchAction","target":{"@type":"EntryPoint","urlTemplate":"https:\/\/www.mediaplateforme.com\/fr\/?s={search_term_string}"},"query-input":"required name=search_term_string"}],"inLanguage":"fr-FR"},{"@type":"Person","@id":"https:\/\/www.mediaplateforme.com\/fr\/#\/schema\/person\/89833db382b5db2c76b094bc902aa12a","name":"Mediaplateforme","image":{"@type":"ImageObject","inLanguage":"fr-FR","@id":"https:\/\/www.mediaplateforme.com\/fr\/#\/schema\/person\/image\/","url":"https:\/\/secure.gravatar.com\/avatar\/6c9c02e8928cc65d54bf75157f7b3a2d06d7ad0494ca0951f679552ff03b34c1?s=96&d=mm&r=g","contentUrl":"https:\/\/secure.gravatar.com\/avatar\/6c9c02e8928cc65d54bf75157f7b3a2d06d7ad0494ca0951f679552ff03b34c1?s=96&d=mm&r=g","caption":"Mediaplateforme"},"sameAs":["https:\/\/www.mediaplateforme.com"],"url":"https:\/\/www.mediaplateforme.com\/fr\/author\/mohamedladib\/"}]}},"_links":{"self":[{"href":"https:\/\/www.mediaplateforme.com\/fr\/wp-json\/wp\/v2\/posts\/2508","targetHints":{"allow":["GET"]}}],"collection":[{"href":"https:\/\/www.mediaplateforme.com\/fr\/wp-json\/wp\/v2\/posts"}],"about":[{"href":"https:\/\/www.mediaplateforme.com\/fr\/wp-json\/wp\/v2\/types\/post"}],"author":[{"embeddable":true,"href":"https:\/\/www.mediaplateforme.com\/fr\/wp-json\/wp\/v2\/users\/1"}],"replies":[{"embeddable":true,"href":"https:\/\/www.mediaplateforme.com\/fr\/wp-json\/wp\/v2\/comments?post=2508"}],"version-history":[{"count":1,"href":"https:\/\/www.mediaplateforme.com\/fr\/wp-json\/wp\/v2\/posts\/2508\/revisions"}],"predecessor-version":[{"id":2510,"href":"https:\/\/www.mediaplateforme.com\/fr\/wp-json\/wp\/v2\/posts\/2508\/revisions\/2510"}],"wp:featuredmedia":[{"embeddable":true,"href":"https:\/\/www.mediaplateforme.com\/fr\/wp-json\/wp\/v2\/media\/2509"}],"wp:attachment":[{"href":"https:\/\/www.mediaplateforme.com\/fr\/wp-json\/wp\/v2\/media?parent=2508"}],"wp:term":[{"taxonomy":"category","embeddable":true,"href":"https:\/\/www.mediaplateforme.com\/fr\/wp-json\/wp\/v2\/categories?post=2508"},{"taxonomy":"post_tag","embeddable":true,"href":"https:\/\/www.mediaplateforme.com\/fr\/wp-json\/wp\/v2\/tags?post=2508"}],"curies":[{"name":"wp","href":"https:\/\/api.w.org\/{rel}","templated":true}]}}