{"id":2492,"date":"2023-03-27T14:42:05","date_gmt":"2023-03-27T14:42:05","guid":{"rendered":"https:\/\/www.mediaplateforme.com\/fr\/?p=2492"},"modified":"2023-03-27T14:42:05","modified_gmt":"2023-03-27T14:42:05","slug":"volvo-livre-le-premier-poids-lourd-electrique-en-afrique-a-arma","status":"publish","type":"post","link":"https:\/\/www.mediaplateforme.com\/fr\/volvo-livre-le-premier-poids-lourd-electrique-en-afrique-a-arma\/","title":{"rendered":"Volvo livre le premier poids lourd \u00e9lectrique en Afrique \u00e0 ARMA"},"content":{"rendered":"<p>Volvo Trucks livre son premier poids lourd \u00e9lectrique au Maroc. Achet\u00e9 par l\u2019entreprise de collecte d\u2019ordures m\u00e9nag\u00e8res Arma, ce camion est le premier poids lourd \u00e9lectrique \u00e0 batteries d\u2019un constructeur mondial \u00e0 \u00eatre exploit\u00e9 en Afrique.<\/p>\n<p>&nbsp;<\/p>\n<p>L\u2019utilisation des poids lourds \u00e9lectriques se r\u00e9pand d\u00e9sormais dans le monde entier. L\u2019Europe et les \u00c9tats-Unis comptent parmi les chefs de file, mais la transition vers un transport plus durable d\u00e9marre \u00e9galement dans d\u2019autres r\u00e9gions du monde. En Afrique, le premier poids lourd \u00e9lectrique arrive dans la ville de Rabat, au Maroc.<\/p>\n<p>&nbsp;<\/p>\n<p>\u00ab\u00a0<em>Quelle fiert\u00e9 de faire le premier pas vers un transport \u00e9lectrique plus durable au Maroc et en Afrique avec notre client Arma et la ville de Rabat\u00a0! Cela montre clairement que les camions z\u00e9ro \u00e9mission ont un r\u00f4le \u00e0 jouer dans de nombreuses r\u00e9gions du monde. Volvo est la premi\u00e8re marque mondiale de poids lourds \u00e9lectriques commerciaux en Afrique. Nous poss\u00e9dons la plus large gamme de camions \u00e9lectriques du march\u00e9, qui permet d\u2019\u00e9lectrifier une grande partie des v\u00e9hicules de fort tonnage d\u00e8s aujourd\u2019hui<\/em>\u00a0\u00bb, d\u00e9clare Martin Nilsson, directeur g\u00e9n\u00e9ral de Volvo Trucks Maroc.<\/p>\n<p>&nbsp;<\/p>\n<p>Le camion produit en s\u00e9rie et n\u2019\u00e9mettant aucun gaz d\u2019\u00e9chappement sera utilis\u00e9 par la soci\u00e9t\u00e9 Arma pour collecter les ordures \u00e0 Rabat. Le remplacement du camion diesel Volvo FE existant par un Volvo FE \u00e9lectrique sur une route classique \u00e9viterait le rejet d\u2019environ 30 tonnes de CO2 chaque ann\u00e9e.<\/p>\n<p>&nbsp;<\/p>\n<p>Le Maroc a des objectifs climatiques ambitieux, fond\u00e9s sur des investissements importants dans les \u00e9nergies renouvelables. Le pays est un leader de l\u2019\u00e9nergie solaire et abrite la plus grande centrale solaire thermodynamique du monde, Noor Ouarzazate, situ\u00e9e \u00e0 200\u00a0km au sud-est de Marrakech.<\/p>\n<p>&nbsp;<\/p>\n<p>\u00ab\u00a0<em>Nous sommes fiers d\u2019\u00eatre la premi\u00e8re entreprise du secteur de la gestion des d\u00e9chets au Maroc et en Afrique \u00e0 avoir choisi d\u2019investir dans la mobilit\u00e9 durable en collaboration avec Volvo Trucks. En faisant un pas vers l\u2019\u00e9lectrification de son parc de camions, Arma r\u00e9duit son empreinte carbone et montre une fois de plus son engagement envers l\u2019environnement. Nos intentions sont claires\u00a0: nous continuerons \u00e0 investir dans des innovations qui contribuent \u00e0 r\u00e9duire les \u00e9missions et b\u00e9n\u00e9ficient \u00e0 l\u2019environnement, tout en aidant nos clients \u00e0 atteindre leurs propres objectifs de d\u00e9veloppement durable<\/em>\u00a0\u00bb, d\u00e9clare Youssef Ahizoune, PDG d\u2019Arma Group.<\/p>\n<p>&nbsp;<\/p>\n<p>Le camion est un Volvo FE Electric, l\u2019un des six mod\u00e8les enti\u00e8rement \u00e9lectriques de Volvo, d\u00e9j\u00e0 produit en s\u00e9rie. Volvo Trucks dispose de la plus large gamme de camions \u00e9lectriques pour les transports commerciaux. L\u2019objectif mondial de l\u2019entreprise est qu\u2019en 2030, 50\u00a0% de ses ventes de camions neufs concernent des mod\u00e8les \u00e9lectriques.<\/p>\n<p>&nbsp;<\/p>\n<h4>Remarque\u00a0:<br \/>\nL\u2019empreinte \u00e9cologique est \u00e9tablie \u00e0 l\u2019aide de l\u2019outil de calcul <a href=\"https:\/\/www.volvotrucks.com\/en-en\/trucks\/renewable-fuels\/environmental-footprint.html\">Volvo Environmental Footprint Calculator<\/a> (en comparant l\u2019utilisation urbaine sur un kilom\u00e9trage annuel de 50\u00a0000\u00a0km).<\/h4>\n","protected":false},"excerpt":{"rendered":"<p>Volvo Trucks livre son premier poids lourd \u00e9lectrique au Maroc. Achet\u00e9 par l\u2019entreprise de collecte<\/p>\n","protected":false},"author":1,"featured_media":2493,"comment_status":"open","ping_status":"open","sticky":false,"template":"","format":"standard","meta":{"_acf_changed":false,"footnotes":""},"categories":[2,3],"tags":[175,749],"class_list":["post-2492","post","type-post","status-publish","format-standard","has-post-thumbnail","hentry","category-nouvelles","category-nouvelles-selectionnees","tag-arma","tag-volvo"],"acf":[],"yoast_head":"<!-- This site is optimized with the Yoast SEO plugin v22.0 - https:\/\/yoast.com\/wordpress\/plugins\/seo\/ -->\n<title>Volvo livre le premier poids lourd \u00e9lectrique en Afrique \u00e0 ARMA - MEDIA PLATEFORME | FR<\/title>\n<meta name=\"description\" content=\"Volvo Trucks livre son premier poids lourd \u00e9lectrique au Maroc. Achet\u00e9 par l\u2019entreprise de collecte d\u2019ordures m\u00e9nag\u00e8res Arma, ce camion est\" \/>\n<meta name=\"robots\" content=\"index, follow, max-snippet:-1, max-image-preview:large, max-video-preview:-1\" \/>\n<link rel=\"canonical\" href=\"https:\/\/www.mediaplateforme.com\/fr\/volvo-livre-le-premier-poids-lourd-electrique-en-afrique-a-arma\/\" \/>\n<meta property=\"og:locale\" content=\"fr_FR\" \/>\n<meta property=\"og:type\" content=\"article\" \/>\n<meta property=\"og:title\" content=\"Volvo livre le premier poids lourd \u00e9lectrique en Afrique \u00e0 ARMA - MEDIA PLATEFORME | FR\" \/>\n<meta property=\"og:description\" content=\"Volvo Trucks livre son premier poids lourd \u00e9lectrique au Maroc. Achet\u00e9 par l\u2019entreprise de collecte d\u2019ordures m\u00e9nag\u00e8res Arma, ce camion est\" \/>\n<meta property=\"og:url\" content=\"https:\/\/www.mediaplateforme.com\/fr\/volvo-livre-le-premier-poids-lourd-electrique-en-afrique-a-arma\/\" \/>\n<meta property=\"og:site_name\" content=\"MEDIA PLATEFORME | FR\" \/>\n<meta property=\"article:published_time\" content=\"2023-03-27T14:42:05+00:00\" \/>\n<meta property=\"og:image\" content=\"https:\/\/www.mediaplateforme.com\/fr\/wp-content\/uploads\/sites\/5\/2023\/03\/Photo-1.jpg\" \/>\n\t<meta property=\"og:image:width\" content=\"800\" \/>\n\t<meta property=\"og:image:height\" content=\"511\" \/>\n\t<meta property=\"og:image:type\" content=\"image\/jpeg\" \/>\n<meta name=\"author\" content=\"Mediaplateforme\" \/>\n<meta name=\"twitter:card\" content=\"summary_large_image\" \/>\n<meta name=\"twitter:label1\" content=\"\u00c9crit par\" \/>\n\t<meta name=\"twitter:data1\" content=\"Mediaplateforme\" \/>\n\t<meta name=\"twitter:label2\" content=\"Dur\u00e9e de lecture estim\u00e9e\" \/>\n\t<meta name=\"twitter:data2\" content=\"3 minutes\" \/>\n<script type=\"application\/ld+json\" class=\"yoast-schema-graph\">{\"@context\":\"https:\/\/schema.org\",\"@graph\":[{\"@type\":\"WebPage\",\"@id\":\"https:\/\/www.mediaplateforme.com\/fr\/volvo-livre-le-premier-poids-lourd-electrique-en-afrique-a-arma\/\",\"url\":\"https:\/\/www.mediaplateforme.com\/fr\/volvo-livre-le-premier-poids-lourd-electrique-en-afrique-a-arma\/\",\"name\":\"Volvo livre le premier poids lourd \u00e9lectrique en Afrique \u00e0 ARMA - MEDIA PLATEFORME | FR\",\"isPartOf\":{\"@id\":\"https:\/\/www.mediaplateforme.com\/fr\/#website\"},\"datePublished\":\"2023-03-27T14:42:05+00:00\",\"dateModified\":\"2023-03-27T14:42:05+00:00\",\"author\":{\"@id\":\"https:\/\/www.mediaplateforme.com\/fr\/#\/schema\/person\/89833db382b5db2c76b094bc902aa12a\"},\"description\":\"Volvo Trucks livre son premier poids lourd \u00e9lectrique au Maroc. Achet\u00e9 par l\u2019entreprise de collecte d\u2019ordures m\u00e9nag\u00e8res Arma, ce camion est\",\"breadcrumb\":{\"@id\":\"https:\/\/www.mediaplateforme.com\/fr\/volvo-livre-le-premier-poids-lourd-electrique-en-afrique-a-arma\/#breadcrumb\"},\"inLanguage\":\"fr-FR\",\"potentialAction\":[{\"@type\":\"ReadAction\",\"target\":[\"https:\/\/www.mediaplateforme.com\/fr\/volvo-livre-le-premier-poids-lourd-electrique-en-afrique-a-arma\/\"]}]},{\"@type\":\"BreadcrumbList\",\"@id\":\"https:\/\/www.mediaplateforme.com\/fr\/volvo-livre-le-premier-poids-lourd-electrique-en-afrique-a-arma\/#breadcrumb\",\"itemListElement\":[{\"@type\":\"ListItem\",\"position\":1,\"name\":\"\u0627\u0644\u0631\u0626\u064a\u0633\u064a\u0629\",\"item\":\"https:\/\/www.mediaplateforme.com\/fr\/\"},{\"@type\":\"ListItem\",\"position\":2,\"name\":\"Volvo livre le premier poids lourd \u00e9lectrique en Afrique \u00e0 ARMA\"}]},{\"@type\":\"WebSite\",\"@id\":\"https:\/\/www.mediaplateforme.com\/fr\/#website\",\"url\":\"https:\/\/www.mediaplateforme.com\/fr\/\",\"name\":\"MEDIA PLATEFORME | FR\",\"description\":\"Mediaplateforme sp\u00e9cialis\u00e9 dans la communication institutions publiques et des entreprises\",\"potentialAction\":[{\"@type\":\"SearchAction\",\"target\":{\"@type\":\"EntryPoint\",\"urlTemplate\":\"https:\/\/www.mediaplateforme.com\/fr\/?s={search_term_string}\"},\"query-input\":\"required name=search_term_string\"}],\"inLanguage\":\"fr-FR\"},{\"@type\":\"Person\",\"@id\":\"https:\/\/www.mediaplateforme.com\/fr\/#\/schema\/person\/89833db382b5db2c76b094bc902aa12a\",\"name\":\"Mediaplateforme\",\"image\":{\"@type\":\"ImageObject\",\"inLanguage\":\"fr-FR\",\"@id\":\"https:\/\/www.mediaplateforme.com\/fr\/#\/schema\/person\/image\/\",\"url\":\"https:\/\/secure.gravatar.com\/avatar\/6c9c02e8928cc65d54bf75157f7b3a2d06d7ad0494ca0951f679552ff03b34c1?s=96&d=mm&r=g\",\"contentUrl\":\"https:\/\/secure.gravatar.com\/avatar\/6c9c02e8928cc65d54bf75157f7b3a2d06d7ad0494ca0951f679552ff03b34c1?s=96&d=mm&r=g\",\"caption\":\"Mediaplateforme\"},\"sameAs\":[\"https:\/\/www.mediaplateforme.com\"],\"url\":\"https:\/\/www.mediaplateforme.com\/fr\/author\/mohamedladib\/\"}]}<\/script>\n<!-- \/ Yoast SEO plugin. -->","yoast_head_json":{"title":"Volvo livre le premier poids lourd \u00e9lectrique en Afrique \u00e0 ARMA - MEDIA PLATEFORME | FR","description":"Volvo Trucks livre son premier poids lourd \u00e9lectrique au Maroc. Achet\u00e9 par l\u2019entreprise de collecte d\u2019ordures m\u00e9nag\u00e8res Arma, ce camion est","robots":{"index":"index","follow":"follow","max-snippet":"max-snippet:-1","max-image-preview":"max-image-preview:large","max-video-preview":"max-video-preview:-1"},"canonical":"https:\/\/www.mediaplateforme.com\/fr\/volvo-livre-le-premier-poids-lourd-electrique-en-afrique-a-arma\/","og_locale":"fr_FR","og_type":"article","og_title":"Volvo livre le premier poids lourd \u00e9lectrique en Afrique \u00e0 ARMA - MEDIA PLATEFORME | FR","og_description":"Volvo Trucks livre son premier poids lourd \u00e9lectrique au Maroc. Achet\u00e9 par l\u2019entreprise de collecte d\u2019ordures m\u00e9nag\u00e8res Arma, ce camion est","og_url":"https:\/\/www.mediaplateforme.com\/fr\/volvo-livre-le-premier-poids-lourd-electrique-en-afrique-a-arma\/","og_site_name":"MEDIA PLATEFORME | FR","article_published_time":"2023-03-27T14:42:05+00:00","og_image":[{"width":800,"height":511,"url":"https:\/\/www.mediaplateforme.com\/fr\/wp-content\/uploads\/sites\/5\/2023\/03\/Photo-1.jpg","type":"image\/jpeg"}],"author":"Mediaplateforme","twitter_card":"summary_large_image","twitter_misc":{"\u00c9crit par":"Mediaplateforme","Dur\u00e9e de lecture estim\u00e9e":"3 minutes"},"schema":{"@context":"https:\/\/schema.org","@graph":[{"@type":"WebPage","@id":"https:\/\/www.mediaplateforme.com\/fr\/volvo-livre-le-premier-poids-lourd-electrique-en-afrique-a-arma\/","url":"https:\/\/www.mediaplateforme.com\/fr\/volvo-livre-le-premier-poids-lourd-electrique-en-afrique-a-arma\/","name":"Volvo livre le premier poids lourd \u00e9lectrique en Afrique \u00e0 ARMA - MEDIA PLATEFORME | FR","isPartOf":{"@id":"https:\/\/www.mediaplateforme.com\/fr\/#website"},"datePublished":"2023-03-27T14:42:05+00:00","dateModified":"2023-03-27T14:42:05+00:00","author":{"@id":"https:\/\/www.mediaplateforme.com\/fr\/#\/schema\/person\/89833db382b5db2c76b094bc902aa12a"},"description":"Volvo Trucks livre son premier poids lourd \u00e9lectrique au Maroc. Achet\u00e9 par l\u2019entreprise de collecte d\u2019ordures m\u00e9nag\u00e8res Arma, ce camion est","breadcrumb":{"@id":"https:\/\/www.mediaplateforme.com\/fr\/volvo-livre-le-premier-poids-lourd-electrique-en-afrique-a-arma\/#breadcrumb"},"inLanguage":"fr-FR","potentialAction":[{"@type":"ReadAction","target":["https:\/\/www.mediaplateforme.com\/fr\/volvo-livre-le-premier-poids-lourd-electrique-en-afrique-a-arma\/"]}]},{"@type":"BreadcrumbList","@id":"https:\/\/www.mediaplateforme.com\/fr\/volvo-livre-le-premier-poids-lourd-electrique-en-afrique-a-arma\/#breadcrumb","itemListElement":[{"@type":"ListItem","position":1,"name":"\u0627\u0644\u0631\u0626\u064a\u0633\u064a\u0629","item":"https:\/\/www.mediaplateforme.com\/fr\/"},{"@type":"ListItem","position":2,"name":"Volvo livre le premier poids lourd \u00e9lectrique en Afrique \u00e0 ARMA"}]},{"@type":"WebSite","@id":"https:\/\/www.mediaplateforme.com\/fr\/#website","url":"https:\/\/www.mediaplateforme.com\/fr\/","name":"MEDIA PLATEFORME | FR","description":"Mediaplateforme sp\u00e9cialis\u00e9 dans la communication institutions publiques et des entreprises","potentialAction":[{"@type":"SearchAction","target":{"@type":"EntryPoint","urlTemplate":"https:\/\/www.mediaplateforme.com\/fr\/?s={search_term_string}"},"query-input":"required name=search_term_string"}],"inLanguage":"fr-FR"},{"@type":"Person","@id":"https:\/\/www.mediaplateforme.com\/fr\/#\/schema\/person\/89833db382b5db2c76b094bc902aa12a","name":"Mediaplateforme","image":{"@type":"ImageObject","inLanguage":"fr-FR","@id":"https:\/\/www.mediaplateforme.com\/fr\/#\/schema\/person\/image\/","url":"https:\/\/secure.gravatar.com\/avatar\/6c9c02e8928cc65d54bf75157f7b3a2d06d7ad0494ca0951f679552ff03b34c1?s=96&d=mm&r=g","contentUrl":"https:\/\/secure.gravatar.com\/avatar\/6c9c02e8928cc65d54bf75157f7b3a2d06d7ad0494ca0951f679552ff03b34c1?s=96&d=mm&r=g","caption":"Mediaplateforme"},"sameAs":["https:\/\/www.mediaplateforme.com"],"url":"https:\/\/www.mediaplateforme.com\/fr\/author\/mohamedladib\/"}]}},"_links":{"self":[{"href":"https:\/\/www.mediaplateforme.com\/fr\/wp-json\/wp\/v2\/posts\/2492","targetHints":{"allow":["GET"]}}],"collection":[{"href":"https:\/\/www.mediaplateforme.com\/fr\/wp-json\/wp\/v2\/posts"}],"about":[{"href":"https:\/\/www.mediaplateforme.com\/fr\/wp-json\/wp\/v2\/types\/post"}],"author":[{"embeddable":true,"href":"https:\/\/www.mediaplateforme.com\/fr\/wp-json\/wp\/v2\/users\/1"}],"replies":[{"embeddable":true,"href":"https:\/\/www.mediaplateforme.com\/fr\/wp-json\/wp\/v2\/comments?post=2492"}],"version-history":[{"count":1,"href":"https:\/\/www.mediaplateforme.com\/fr\/wp-json\/wp\/v2\/posts\/2492\/revisions"}],"predecessor-version":[{"id":2494,"href":"https:\/\/www.mediaplateforme.com\/fr\/wp-json\/wp\/v2\/posts\/2492\/revisions\/2494"}],"wp:featuredmedia":[{"embeddable":true,"href":"https:\/\/www.mediaplateforme.com\/fr\/wp-json\/wp\/v2\/media\/2493"}],"wp:attachment":[{"href":"https:\/\/www.mediaplateforme.com\/fr\/wp-json\/wp\/v2\/media?parent=2492"}],"wp:term":[{"taxonomy":"category","embeddable":true,"href":"https:\/\/www.mediaplateforme.com\/fr\/wp-json\/wp\/v2\/categories?post=2492"},{"taxonomy":"post_tag","embeddable":true,"href":"https:\/\/www.mediaplateforme.com\/fr\/wp-json\/wp\/v2\/tags?post=2492"}],"curies":[{"name":"wp","href":"https:\/\/api.w.org\/{rel}","templated":true}]}}