{"id":2489,"date":"2023-03-27T14:13:47","date_gmt":"2023-03-27T14:13:47","guid":{"rendered":"https:\/\/www.mediaplateforme.com\/fr\/?p=2489"},"modified":"2023-03-27T14:13:47","modified_gmt":"2023-03-27T14:13:47","slug":"la-visite-de-sm-la-reine-maxima-des-pays-bas-au-siege-de-bank-of-africa","status":"publish","type":"post","link":"https:\/\/www.mediaplateforme.com\/fr\/la-visite-de-sm-la-reine-maxima-des-pays-bas-au-siege-de-bank-of-africa\/","title":{"rendered":"LA VISITE DE SM LA REINE MAXIMA  DES PAYS-BAS AU SI\u00c8GE DE BANK OF AFRICA"},"content":{"rendered":"<p>Dans le cadre de sa visite au Maroc, la Reine M\u00e1xima des Pays-Bas, mandataire sp\u00e9ciale du Secr\u00e9taire G\u00e9n\u00e9ral des Nations Unies pour la finance inclusive pour le d\u00e9veloppement, a \u00e9t\u00e9 re\u00e7ue le lundi 20 Mars 2023 au si\u00e8ge de BANK OF AFRICA \u00e0 Casablanca par le Pr\u00e9sident du Groupe M. Othman Benjelloun.<\/p>\n<p>&nbsp;<\/p>\n<p>La rencontre fut l\u2019occasion de mettre en avant l&rsquo;exp\u00e9rience de BANK OF AFRICA, au Maroc et en Afrique, dans le domaine de l\u2019Inclusion Financi\u00e8re, \u00e0 travers la mise en place, en partenariat avec des organismes nationaux et internationaux, d\u2019offres de financement, de paiement, notamment de paiement mobile, de digitalisation des services financiers ainsi que d\u2019assurance inclusive, d\u00e9di\u00e9s aux populations les plus vuln\u00e9rables, \u00e0 faibles revenus tels que les jeunes ou les femmes.<\/p>\n<p>&nbsp;<\/p>\n<p>La rencontre fut \u00e9galement l\u2019occasion d\u2019\u00e9voquer les initiatives entreprises pour la <u>promotion de l&rsquo;entrepreneuriat<\/u>, \u00e0 travers l\u2019accompagnement extra financier\u00a0\u00a0\u00a0\u00a0\u00a0\u00a0\u00a0\u00a0\u00a0\u00a0\u00a0\u00a0\u00a0\u00a0 \u2014 formation, mentorat et Coaching \u2014 notamment en faveur des auto entrepreneurs ou des coop\u00e9ratives, la cr\u00e9ation d\u2019incubateurs Blue Space au sein d\u2019Universit\u00e9s, d\u2019\u00e9coles de gestion ou d\u2019ing\u00e9nierie, la mise en place d\u2019un vaste \u00e9co syst\u00e8me entreprenarial r\u00e9unissant plus de 200 parties prenantes,\u00a0 la promotion de la parit\u00e9 du genre ainsi qu\u2019en faveur des personnes en situation de Handicap.<\/p>\n<p>&nbsp;<\/p>\n<p>Les \u00e9changes ont \u00e9galement port\u00e9 sur l&rsquo;importance du partenariat qui doit \u00eatre scell\u00e9 entre les diff\u00e9rents acteurs <u>de cette inclusion financi\u00e8re et sur le r\u00f4le pr\u00e9pond\u00e9rant des<\/u> <u>Fintech <\/u>et la n\u00e9cessit\u00e9 de renforcer l&rsquo;implication des institutions financi\u00e8res et des autres acteurs \u00e0 travers notamment des partenariats priv\u00e9-priv\u00e9.<\/p>\n","protected":false},"excerpt":{"rendered":"<p>Dans le cadre de sa visite au Maroc, la Reine M\u00e1xima des Pays-Bas, mandataire sp\u00e9ciale<\/p>\n","protected":false},"author":1,"featured_media":2490,"comment_status":"open","ping_status":"open","sticky":false,"template":"","format":"standard","meta":{"_acf_changed":false,"footnotes":""},"categories":[7,3],"tags":[748,747],"class_list":["post-2489","post","type-post","status-publish","format-standard","has-post-thumbnail","hentry","category-articles","category-nouvelles-selectionnees","tag-la-reine-maxima","tag-othman-benjelloun"],"acf":[],"yoast_head":"<!-- This site is optimized with the Yoast SEO plugin v22.0 - https:\/\/yoast.com\/wordpress\/plugins\/seo\/ -->\n<title>LA VISITE DE SM LA REINE MAXIMA DES PAYS-BAS AU SI\u00c8GE DE BANK OF AFRICA - MEDIA PLATEFORME | FR<\/title>\n<meta name=\"description\" content=\"la Reine M\u00e1xima des Pays-Bas, mandataire sp\u00e9ciale du Secr\u00e9taire G\u00e9n\u00e9ral des Nations Unies la finance a \u00e9t\u00e9 re\u00e7ue par M. Othman Benjelloun.\" \/>\n<meta name=\"robots\" content=\"index, follow, max-snippet:-1, max-image-preview:large, max-video-preview:-1\" \/>\n<link rel=\"canonical\" href=\"https:\/\/www.mediaplateforme.com\/fr\/la-visite-de-sm-la-reine-maxima-des-pays-bas-au-siege-de-bank-of-africa\/\" \/>\n<meta property=\"og:locale\" content=\"fr_FR\" \/>\n<meta property=\"og:type\" content=\"article\" \/>\n<meta property=\"og:title\" content=\"LA VISITE DE SM LA REINE MAXIMA DES PAYS-BAS AU SI\u00c8GE DE BANK OF AFRICA - MEDIA PLATEFORME | FR\" \/>\n<meta property=\"og:description\" content=\"la Reine M\u00e1xima des Pays-Bas, mandataire sp\u00e9ciale du Secr\u00e9taire G\u00e9n\u00e9ral des Nations Unies la finance a \u00e9t\u00e9 re\u00e7ue par M. Othman Benjelloun.\" \/>\n<meta property=\"og:url\" content=\"https:\/\/www.mediaplateforme.com\/fr\/la-visite-de-sm-la-reine-maxima-des-pays-bas-au-siege-de-bank-of-africa\/\" \/>\n<meta property=\"og:site_name\" content=\"MEDIA PLATEFORME | FR\" \/>\n<meta property=\"article:published_time\" content=\"2023-03-27T14:13:47+00:00\" \/>\n<meta property=\"og:image\" content=\"https:\/\/www.mediaplateforme.com\/fr\/wp-content\/uploads\/sites\/5\/2023\/03\/photo-president.jpg\" \/>\n\t<meta property=\"og:image:width\" content=\"2466\" \/>\n\t<meta property=\"og:image:height\" content=\"1785\" \/>\n\t<meta property=\"og:image:type\" content=\"image\/jpeg\" \/>\n<meta name=\"author\" content=\"Mediaplateforme\" \/>\n<meta name=\"twitter:card\" content=\"summary_large_image\" \/>\n<meta name=\"twitter:label1\" content=\"\u00c9crit par\" \/>\n\t<meta name=\"twitter:data1\" content=\"Mediaplateforme\" \/>\n\t<meta name=\"twitter:label2\" content=\"Dur\u00e9e de lecture estim\u00e9e\" \/>\n\t<meta name=\"twitter:data2\" content=\"2 minutes\" \/>\n<script type=\"application\/ld+json\" class=\"yoast-schema-graph\">{\"@context\":\"https:\/\/schema.org\",\"@graph\":[{\"@type\":\"WebPage\",\"@id\":\"https:\/\/www.mediaplateforme.com\/fr\/la-visite-de-sm-la-reine-maxima-des-pays-bas-au-siege-de-bank-of-africa\/\",\"url\":\"https:\/\/www.mediaplateforme.com\/fr\/la-visite-de-sm-la-reine-maxima-des-pays-bas-au-siege-de-bank-of-africa\/\",\"name\":\"LA VISITE DE SM LA REINE MAXIMA DES PAYS-BAS AU SI\u00c8GE DE BANK OF AFRICA - MEDIA PLATEFORME | FR\",\"isPartOf\":{\"@id\":\"https:\/\/www.mediaplateforme.com\/fr\/#website\"},\"datePublished\":\"2023-03-27T14:13:47+00:00\",\"dateModified\":\"2023-03-27T14:13:47+00:00\",\"author\":{\"@id\":\"https:\/\/www.mediaplateforme.com\/fr\/#\/schema\/person\/89833db382b5db2c76b094bc902aa12a\"},\"description\":\"la Reine M\u00e1xima des Pays-Bas, mandataire sp\u00e9ciale du Secr\u00e9taire G\u00e9n\u00e9ral des Nations Unies la finance a \u00e9t\u00e9 re\u00e7ue par M. Othman Benjelloun.\",\"breadcrumb\":{\"@id\":\"https:\/\/www.mediaplateforme.com\/fr\/la-visite-de-sm-la-reine-maxima-des-pays-bas-au-siege-de-bank-of-africa\/#breadcrumb\"},\"inLanguage\":\"fr-FR\",\"potentialAction\":[{\"@type\":\"ReadAction\",\"target\":[\"https:\/\/www.mediaplateforme.com\/fr\/la-visite-de-sm-la-reine-maxima-des-pays-bas-au-siege-de-bank-of-africa\/\"]}]},{\"@type\":\"BreadcrumbList\",\"@id\":\"https:\/\/www.mediaplateforme.com\/fr\/la-visite-de-sm-la-reine-maxima-des-pays-bas-au-siege-de-bank-of-africa\/#breadcrumb\",\"itemListElement\":[{\"@type\":\"ListItem\",\"position\":1,\"name\":\"\u0627\u0644\u0631\u0626\u064a\u0633\u064a\u0629\",\"item\":\"https:\/\/www.mediaplateforme.com\/fr\/\"},{\"@type\":\"ListItem\",\"position\":2,\"name\":\"LA VISITE DE SM LA REINE MAXIMA DES PAYS-BAS AU SI\u00c8GE DE BANK OF AFRICA\"}]},{\"@type\":\"WebSite\",\"@id\":\"https:\/\/www.mediaplateforme.com\/fr\/#website\",\"url\":\"https:\/\/www.mediaplateforme.com\/fr\/\",\"name\":\"MEDIA PLATEFORME | FR\",\"description\":\"Mediaplateforme sp\u00e9cialis\u00e9 dans la communication institutions publiques et des entreprises\",\"potentialAction\":[{\"@type\":\"SearchAction\",\"target\":{\"@type\":\"EntryPoint\",\"urlTemplate\":\"https:\/\/www.mediaplateforme.com\/fr\/?s={search_term_string}\"},\"query-input\":\"required name=search_term_string\"}],\"inLanguage\":\"fr-FR\"},{\"@type\":\"Person\",\"@id\":\"https:\/\/www.mediaplateforme.com\/fr\/#\/schema\/person\/89833db382b5db2c76b094bc902aa12a\",\"name\":\"Mediaplateforme\",\"image\":{\"@type\":\"ImageObject\",\"inLanguage\":\"fr-FR\",\"@id\":\"https:\/\/www.mediaplateforme.com\/fr\/#\/schema\/person\/image\/\",\"url\":\"https:\/\/secure.gravatar.com\/avatar\/6c9c02e8928cc65d54bf75157f7b3a2d06d7ad0494ca0951f679552ff03b34c1?s=96&d=mm&r=g\",\"contentUrl\":\"https:\/\/secure.gravatar.com\/avatar\/6c9c02e8928cc65d54bf75157f7b3a2d06d7ad0494ca0951f679552ff03b34c1?s=96&d=mm&r=g\",\"caption\":\"Mediaplateforme\"},\"sameAs\":[\"https:\/\/www.mediaplateforme.com\"],\"url\":\"https:\/\/www.mediaplateforme.com\/fr\/author\/mohamedladib\/\"}]}<\/script>\n<!-- \/ Yoast SEO plugin. -->","yoast_head_json":{"title":"LA VISITE DE SM LA REINE MAXIMA DES PAYS-BAS AU SI\u00c8GE DE BANK OF AFRICA - MEDIA PLATEFORME | FR","description":"la Reine M\u00e1xima des Pays-Bas, mandataire sp\u00e9ciale du Secr\u00e9taire G\u00e9n\u00e9ral des Nations Unies la finance a \u00e9t\u00e9 re\u00e7ue par M. Othman Benjelloun.","robots":{"index":"index","follow":"follow","max-snippet":"max-snippet:-1","max-image-preview":"max-image-preview:large","max-video-preview":"max-video-preview:-1"},"canonical":"https:\/\/www.mediaplateforme.com\/fr\/la-visite-de-sm-la-reine-maxima-des-pays-bas-au-siege-de-bank-of-africa\/","og_locale":"fr_FR","og_type":"article","og_title":"LA VISITE DE SM LA REINE MAXIMA DES PAYS-BAS AU SI\u00c8GE DE BANK OF AFRICA - MEDIA PLATEFORME | FR","og_description":"la Reine M\u00e1xima des Pays-Bas, mandataire sp\u00e9ciale du Secr\u00e9taire G\u00e9n\u00e9ral des Nations Unies la finance a \u00e9t\u00e9 re\u00e7ue par M. Othman Benjelloun.","og_url":"https:\/\/www.mediaplateforme.com\/fr\/la-visite-de-sm-la-reine-maxima-des-pays-bas-au-siege-de-bank-of-africa\/","og_site_name":"MEDIA PLATEFORME | FR","article_published_time":"2023-03-27T14:13:47+00:00","og_image":[{"width":2466,"height":1785,"url":"https:\/\/www.mediaplateforme.com\/fr\/wp-content\/uploads\/sites\/5\/2023\/03\/photo-president.jpg","type":"image\/jpeg"}],"author":"Mediaplateforme","twitter_card":"summary_large_image","twitter_misc":{"\u00c9crit par":"Mediaplateforme","Dur\u00e9e de lecture estim\u00e9e":"2 minutes"},"schema":{"@context":"https:\/\/schema.org","@graph":[{"@type":"WebPage","@id":"https:\/\/www.mediaplateforme.com\/fr\/la-visite-de-sm-la-reine-maxima-des-pays-bas-au-siege-de-bank-of-africa\/","url":"https:\/\/www.mediaplateforme.com\/fr\/la-visite-de-sm-la-reine-maxima-des-pays-bas-au-siege-de-bank-of-africa\/","name":"LA VISITE DE SM LA REINE MAXIMA DES PAYS-BAS AU SI\u00c8GE DE BANK OF AFRICA - MEDIA PLATEFORME | FR","isPartOf":{"@id":"https:\/\/www.mediaplateforme.com\/fr\/#website"},"datePublished":"2023-03-27T14:13:47+00:00","dateModified":"2023-03-27T14:13:47+00:00","author":{"@id":"https:\/\/www.mediaplateforme.com\/fr\/#\/schema\/person\/89833db382b5db2c76b094bc902aa12a"},"description":"la Reine M\u00e1xima des Pays-Bas, mandataire sp\u00e9ciale du Secr\u00e9taire G\u00e9n\u00e9ral des Nations Unies la finance a \u00e9t\u00e9 re\u00e7ue par M. Othman Benjelloun.","breadcrumb":{"@id":"https:\/\/www.mediaplateforme.com\/fr\/la-visite-de-sm-la-reine-maxima-des-pays-bas-au-siege-de-bank-of-africa\/#breadcrumb"},"inLanguage":"fr-FR","potentialAction":[{"@type":"ReadAction","target":["https:\/\/www.mediaplateforme.com\/fr\/la-visite-de-sm-la-reine-maxima-des-pays-bas-au-siege-de-bank-of-africa\/"]}]},{"@type":"BreadcrumbList","@id":"https:\/\/www.mediaplateforme.com\/fr\/la-visite-de-sm-la-reine-maxima-des-pays-bas-au-siege-de-bank-of-africa\/#breadcrumb","itemListElement":[{"@type":"ListItem","position":1,"name":"\u0627\u0644\u0631\u0626\u064a\u0633\u064a\u0629","item":"https:\/\/www.mediaplateforme.com\/fr\/"},{"@type":"ListItem","position":2,"name":"LA VISITE DE SM LA REINE MAXIMA DES PAYS-BAS AU SI\u00c8GE DE BANK OF AFRICA"}]},{"@type":"WebSite","@id":"https:\/\/www.mediaplateforme.com\/fr\/#website","url":"https:\/\/www.mediaplateforme.com\/fr\/","name":"MEDIA PLATEFORME | FR","description":"Mediaplateforme sp\u00e9cialis\u00e9 dans la communication institutions publiques et des entreprises","potentialAction":[{"@type":"SearchAction","target":{"@type":"EntryPoint","urlTemplate":"https:\/\/www.mediaplateforme.com\/fr\/?s={search_term_string}"},"query-input":"required name=search_term_string"}],"inLanguage":"fr-FR"},{"@type":"Person","@id":"https:\/\/www.mediaplateforme.com\/fr\/#\/schema\/person\/89833db382b5db2c76b094bc902aa12a","name":"Mediaplateforme","image":{"@type":"ImageObject","inLanguage":"fr-FR","@id":"https:\/\/www.mediaplateforme.com\/fr\/#\/schema\/person\/image\/","url":"https:\/\/secure.gravatar.com\/avatar\/6c9c02e8928cc65d54bf75157f7b3a2d06d7ad0494ca0951f679552ff03b34c1?s=96&d=mm&r=g","contentUrl":"https:\/\/secure.gravatar.com\/avatar\/6c9c02e8928cc65d54bf75157f7b3a2d06d7ad0494ca0951f679552ff03b34c1?s=96&d=mm&r=g","caption":"Mediaplateforme"},"sameAs":["https:\/\/www.mediaplateforme.com"],"url":"https:\/\/www.mediaplateforme.com\/fr\/author\/mohamedladib\/"}]}},"_links":{"self":[{"href":"https:\/\/www.mediaplateforme.com\/fr\/wp-json\/wp\/v2\/posts\/2489","targetHints":{"allow":["GET"]}}],"collection":[{"href":"https:\/\/www.mediaplateforme.com\/fr\/wp-json\/wp\/v2\/posts"}],"about":[{"href":"https:\/\/www.mediaplateforme.com\/fr\/wp-json\/wp\/v2\/types\/post"}],"author":[{"embeddable":true,"href":"https:\/\/www.mediaplateforme.com\/fr\/wp-json\/wp\/v2\/users\/1"}],"replies":[{"embeddable":true,"href":"https:\/\/www.mediaplateforme.com\/fr\/wp-json\/wp\/v2\/comments?post=2489"}],"version-history":[{"count":1,"href":"https:\/\/www.mediaplateforme.com\/fr\/wp-json\/wp\/v2\/posts\/2489\/revisions"}],"predecessor-version":[{"id":2491,"href":"https:\/\/www.mediaplateforme.com\/fr\/wp-json\/wp\/v2\/posts\/2489\/revisions\/2491"}],"wp:featuredmedia":[{"embeddable":true,"href":"https:\/\/www.mediaplateforme.com\/fr\/wp-json\/wp\/v2\/media\/2490"}],"wp:attachment":[{"href":"https:\/\/www.mediaplateforme.com\/fr\/wp-json\/wp\/v2\/media?parent=2489"}],"wp:term":[{"taxonomy":"category","embeddable":true,"href":"https:\/\/www.mediaplateforme.com\/fr\/wp-json\/wp\/v2\/categories?post=2489"},{"taxonomy":"post_tag","embeddable":true,"href":"https:\/\/www.mediaplateforme.com\/fr\/wp-json\/wp\/v2\/tags?post=2489"}],"curies":[{"name":"wp","href":"https:\/\/api.w.org\/{rel}","templated":true}]}}