{"id":2487,"date":"2023-03-27T13:18:25","date_gmt":"2023-03-27T13:18:25","guid":{"rendered":"https:\/\/www.mediaplateforme.com\/fr\/?p=2487"},"modified":"2023-03-27T13:18:25","modified_gmt":"2023-03-27T13:18:25","slug":"royal-air-maroc-deploie-un-programme-de-vols-exceptionnel-pour-mieux-accompagner-la-forte-demande-estivale","status":"publish","type":"post","link":"https:\/\/www.mediaplateforme.com\/fr\/royal-air-maroc-deploie-un-programme-de-vols-exceptionnel-pour-mieux-accompagner-la-forte-demande-estivale\/","title":{"rendered":"Royal Air Maroc d\u00e9ploie un programme de vols exceptionnel pour mieux accompagner la forte demande estivale"},"content":{"rendered":"<p style=\"font-weight: 400;\">A la veille d\u2019une saison d\u2019\u00e9t\u00e9 qui s\u2019annonce exceptionnelle, Royal Air Maroc d\u00e9ploie un programme de vols renforc\u00e9 sur la plupart de ses destinations.<\/p>\n<p style=\"font-weight: 400;\">Ainsi, la Compagnie Nationale se pr\u00e9pare \u00e0 accompagner une forte demande sur ses vols, dans un contexte porteur marqu\u00e9 par une bonne reprise des voyages d\u2019affaires et de tourisme.\u00a0Royal Air Maroc mettra en place une offre de 6,2 millions de si\u00e8ges sur plus de 90 destinations \u00e0 travers les quatre continents.<\/p>\n<p style=\"font-weight: 400;\">Cette augmentation de l\u2019offre fait suite au r\u00e9tablissement de la quasi-totalit\u00e9 des routes qui avaient \u00e9t\u00e9 suspendues pendant la crise sanitaire et \u00e0 l\u2019ouverture de nouvelles lignes en 2022 telles que Tel Aviv, Duba\u00ef, S\u00e9ville, Porto\u2026 Aujourd\u2019hui, Royal Air Maroc a recouvert pr\u00e8s de 95% de son r\u00e9seau de 2019. La Compagnie d\u00e9ploie ainsi ses nouvelles capacit\u00e9s pour faciliter le d\u00e9placement de ses clients en p\u00e9riode estivale notamment les Marocains du monde.<\/p>\n<p style=\"font-weight: 400;\">Ainsi, plus de 2,3\u00a0millions de si\u00e8ges seront d\u00e9ploy\u00e9s sur le continent europ\u00e9en et quelque 902 vols par semaine relieront 11 a\u00e9roports marocains \u00e0 34 a\u00e9roports europ\u00e9ens. Sur l\u2019Am\u00e9rique du Nord, la compagnie proposera pr\u00e8s de 500.000 si\u00e8ges, soit 6% de plus que l\u2019offre propos\u00e9e en \u00e9t\u00e9 2019. Transporteur panafricain au service des diasporas d\u2019Afrique, Royal Air Maroc renforce son r\u00e9seau continental qui passera \u00e0 26 routes a\u00e9riennes avec une offre de 901.800 si\u00e8ges. Royal Air Maroc proposera aussi 200.000 si\u00e8ges sur ses routes du Moyen Orient, soit une hausse de 25% par rapport \u00e0 l\u2019offre de l\u2019\u00e9t\u00e9 2019.<\/p>\n<p style=\"font-weight: 400;\"><em>\u00ab\u00a0R\u00e9ussir cette saison estivale 2023 dans des conditions d\u2019efficacit\u00e9 op\u00e9rationnelle et de qualit\u00e9 de service est un enjeu majeur pour l\u2019ensemble des forces vives de Royal Air Maroc, \u00e0 l\u2019heure o\u00f9 notre secteur d\u2019activit\u00e9 retrouve une dynamique tr\u00e8s positive. Et nous nous donnons les moyens de r\u00e9pondre aux attentes de toutes nos cat\u00e9gories de clients sur l\u2019ensemble de nos march\u00e9s aussi bien au niveau quantitatif, par une augmentation massive des capacit\u00e9s inject\u00e9es, que qualitatif \u00e0 travers une exp\u00e9rience client toujours am\u00e9lior\u00e9e\u00a0\u00bb,\u00a0<\/em>souligne M. Hamid ADDOU, Pr\u00e9sident Directeur G\u00e9n\u00e9ral de Royal Air Maroc.<\/p>\n<h4 style=\"font-weight: 400;\"><strong>Six lignes suppl\u00e9mentaires entre le Nord du Maroc et l\u2019Europe<\/strong><\/h4>\n<p style=\"font-weight: 400;\">Par ailleurs, les routes reliant l\u2019Europe au Nord du Maroc et \u00e0 l\u2019Oriental b\u00e9n\u00e9ficieront \u00e9galement d\u2019un programme exceptionnel. Ainsi, Royal Air Maroc renforcera la dizaine de routes a\u00e9riennes r\u00e9guli\u00e8res reliant Tanger, Nador et Oujda aux villes europ\u00e9ennes. En p\u00e9riode estivale, la Compagnie Nationale proposera six nouvelles lignes a\u00e9riennes directes reliant ces trois villes \u00e0 l\u2019Europe, notamment sur les m\u00e9tropoles abritant une grande communaut\u00e9 des Marocains du monde.<\/p>\n<p style=\"font-weight: 400;\">En effet, la compagnie programmera trois lignes directes suppl\u00e9mentaires reliant Tanger \u00e0 Madrid, Barcelone et Londres. Elle mettra en place aussi deux liaisons directes reliant Nador \u00e0 Madrid et \u00e0 Barcelone. Une route a\u00e9rienne directe suppl\u00e9mentaire reliera Oujda \u00e0 D\u00fcsseldorf.<\/p>\n<p style=\"font-weight: 400;\">Par ailleurs, un renforcement particulier sera assur\u00e9 sur les march\u00e9s abritant d\u2019importantes communaut\u00e9s de Marocains du monde et qui connaissent une forte demande en \u00e9t\u00e9. Les lignes reliant Casablanca \u00e0 Barcelone, Bologne, Malaga, Madrid, Bruxelles et Milan, passeront ainsi \u00e0 deux vols quotidiens.<\/p>\n<h4 style=\"font-weight: 400;\"><strong>Affr\u00e9tement de six avions pour la saison d\u2019\u00e9t\u00e9<\/strong><\/h4>\n<p style=\"font-weight: 400;\">Pour renforcer ses moyens propres et assurer le lancement de ce programme dans les meilleures conditions, Royal Air Maroc proc\u00e9dera \u00e0 l\u2019affr\u00e8tement de six appareils aupr\u00e8s de compagnies de renomm\u00e9e internationale.<\/p>\n<p style=\"font-weight: 400;\">Ces appareils de derni\u00e8re g\u00e9n\u00e9ration sont s\u00e9lectionn\u00e9s selon les crit\u00e8res de s\u00e9curit\u00e9 et de confort impos\u00e9s par Royal Air Maroc. Leur mise \u00e0 disposition r\u00e9pond \u00e0 un processus rigoureux respectueux des r\u00e9glementations et normes approuv\u00e9s par les autorit\u00e9s d\u2019aviation\u00a0civile des pays o\u00f9 ils op\u00e8rent.<\/p>\n<p style=\"font-weight: 400;\">L\u2019ensemble de ces offres est d\u00e9j\u00e0 accessible \u00e0 la vente sur le site Internet de la Compagnie Nationale\u00a0<a href=\"http:\/\/www.royalairmaroc.com\/\" data-saferedirecturl=\"https:\/\/www.google.com\/url?q=http:\/\/www.royalairmaroc.com&amp;source=gmail&amp;ust=1680004834682000&amp;usg=AOvVaw2idYUF2SpToYtD062i8l8p\">www.royalairmaroc.com<\/a>, via ses centres d\u2019appel ainsi que dans ses agences commerciales et sur le r\u00e9seau national des agences de voyage.<\/p>\n","protected":false},"excerpt":{"rendered":"<p>A la veille d\u2019une saison d\u2019\u00e9t\u00e9 qui s\u2019annonce exceptionnelle, Royal Air Maroc d\u00e9ploie un programme<\/p>\n","protected":false},"author":1,"featured_media":421,"comment_status":"open","ping_status":"open","sticky":false,"template":"","format":"standard","meta":{"_acf_changed":false,"footnotes":""},"categories":[7,3],"tags":[183],"class_list":["post-2487","post","type-post","status-publish","format-standard","has-post-thumbnail","hentry","category-articles","category-nouvelles-selectionnees","tag-royal-air-maroc"],"acf":[],"yoast_head":"<!-- This site is optimized with the Yoast SEO plugin v22.0 - https:\/\/yoast.com\/wordpress\/plugins\/seo\/ -->\n<title>Royal Air Maroc d\u00e9ploie un programme de vols exceptionnel pour mieux accompagner la forte demande estivale - MEDIA PLATEFORME | FR<\/title>\n<meta name=\"description\" content=\"A la veille d\u2019une saison d\u2019\u00e9t\u00e9 qui s\u2019annonce exceptionnelle, Royal Air Maroc d\u00e9ploie un programme de vols renforc\u00e9 sur la plupart de\" \/>\n<meta name=\"robots\" content=\"index, follow, max-snippet:-1, max-image-preview:large, max-video-preview:-1\" \/>\n<link rel=\"canonical\" href=\"https:\/\/www.mediaplateforme.com\/fr\/royal-air-maroc-deploie-un-programme-de-vols-exceptionnel-pour-mieux-accompagner-la-forte-demande-estivale\/\" \/>\n<meta property=\"og:locale\" content=\"fr_FR\" \/>\n<meta property=\"og:type\" content=\"article\" \/>\n<meta property=\"og:title\" content=\"Royal Air Maroc d\u00e9ploie un programme de vols exceptionnel pour mieux accompagner la forte demande estivale - MEDIA PLATEFORME | FR\" \/>\n<meta property=\"og:description\" content=\"A la veille d\u2019une saison d\u2019\u00e9t\u00e9 qui s\u2019annonce exceptionnelle, Royal Air Maroc d\u00e9ploie un programme de vols renforc\u00e9 sur la plupart de\" \/>\n<meta property=\"og:url\" content=\"https:\/\/www.mediaplateforme.com\/fr\/royal-air-maroc-deploie-un-programme-de-vols-exceptionnel-pour-mieux-accompagner-la-forte-demande-estivale\/\" \/>\n<meta property=\"og:site_name\" content=\"MEDIA PLATEFORME | FR\" \/>\n<meta property=\"article:published_time\" content=\"2023-03-27T13:18:25+00:00\" \/>\n<meta property=\"og:image\" content=\"https:\/\/www.mediaplateforme.com\/fr\/wp-content\/uploads\/sites\/5\/2022\/07\/Royal-Air-Maroc.jpg\" \/>\n\t<meta property=\"og:image:width\" content=\"640\" \/>\n\t<meta property=\"og:image:height\" content=\"480\" \/>\n\t<meta property=\"og:image:type\" content=\"image\/jpeg\" \/>\n<meta name=\"author\" content=\"Mediaplateforme\" \/>\n<meta name=\"twitter:card\" content=\"summary_large_image\" \/>\n<meta name=\"twitter:label1\" content=\"\u00c9crit par\" \/>\n\t<meta name=\"twitter:data1\" content=\"Mediaplateforme\" \/>\n\t<meta name=\"twitter:label2\" content=\"Dur\u00e9e de lecture estim\u00e9e\" \/>\n\t<meta name=\"twitter:data2\" content=\"4 minutes\" \/>\n<script type=\"application\/ld+json\" class=\"yoast-schema-graph\">{\"@context\":\"https:\/\/schema.org\",\"@graph\":[{\"@type\":\"WebPage\",\"@id\":\"https:\/\/www.mediaplateforme.com\/fr\/royal-air-maroc-deploie-un-programme-de-vols-exceptionnel-pour-mieux-accompagner-la-forte-demande-estivale\/\",\"url\":\"https:\/\/www.mediaplateforme.com\/fr\/royal-air-maroc-deploie-un-programme-de-vols-exceptionnel-pour-mieux-accompagner-la-forte-demande-estivale\/\",\"name\":\"Royal Air Maroc d\u00e9ploie un programme de vols exceptionnel pour mieux accompagner la forte demande estivale - MEDIA PLATEFORME | FR\",\"isPartOf\":{\"@id\":\"https:\/\/www.mediaplateforme.com\/fr\/#website\"},\"datePublished\":\"2023-03-27T13:18:25+00:00\",\"dateModified\":\"2023-03-27T13:18:25+00:00\",\"author\":{\"@id\":\"https:\/\/www.mediaplateforme.com\/fr\/#\/schema\/person\/89833db382b5db2c76b094bc902aa12a\"},\"description\":\"A la veille d\u2019une saison d\u2019\u00e9t\u00e9 qui s\u2019annonce exceptionnelle, Royal Air Maroc d\u00e9ploie un programme de vols renforc\u00e9 sur la plupart de\",\"breadcrumb\":{\"@id\":\"https:\/\/www.mediaplateforme.com\/fr\/royal-air-maroc-deploie-un-programme-de-vols-exceptionnel-pour-mieux-accompagner-la-forte-demande-estivale\/#breadcrumb\"},\"inLanguage\":\"fr-FR\",\"potentialAction\":[{\"@type\":\"ReadAction\",\"target\":[\"https:\/\/www.mediaplateforme.com\/fr\/royal-air-maroc-deploie-un-programme-de-vols-exceptionnel-pour-mieux-accompagner-la-forte-demande-estivale\/\"]}]},{\"@type\":\"BreadcrumbList\",\"@id\":\"https:\/\/www.mediaplateforme.com\/fr\/royal-air-maroc-deploie-un-programme-de-vols-exceptionnel-pour-mieux-accompagner-la-forte-demande-estivale\/#breadcrumb\",\"itemListElement\":[{\"@type\":\"ListItem\",\"position\":1,\"name\":\"\u0627\u0644\u0631\u0626\u064a\u0633\u064a\u0629\",\"item\":\"https:\/\/www.mediaplateforme.com\/fr\/\"},{\"@type\":\"ListItem\",\"position\":2,\"name\":\"Royal Air Maroc d\u00e9ploie un programme de vols exceptionnel pour mieux accompagner la forte demande estivale\"}]},{\"@type\":\"WebSite\",\"@id\":\"https:\/\/www.mediaplateforme.com\/fr\/#website\",\"url\":\"https:\/\/www.mediaplateforme.com\/fr\/\",\"name\":\"MEDIA PLATEFORME | FR\",\"description\":\"Mediaplateforme sp\u00e9cialis\u00e9 dans la communication institutions publiques et des entreprises\",\"potentialAction\":[{\"@type\":\"SearchAction\",\"target\":{\"@type\":\"EntryPoint\",\"urlTemplate\":\"https:\/\/www.mediaplateforme.com\/fr\/?s={search_term_string}\"},\"query-input\":\"required name=search_term_string\"}],\"inLanguage\":\"fr-FR\"},{\"@type\":\"Person\",\"@id\":\"https:\/\/www.mediaplateforme.com\/fr\/#\/schema\/person\/89833db382b5db2c76b094bc902aa12a\",\"name\":\"Mediaplateforme\",\"image\":{\"@type\":\"ImageObject\",\"inLanguage\":\"fr-FR\",\"@id\":\"https:\/\/www.mediaplateforme.com\/fr\/#\/schema\/person\/image\/\",\"url\":\"https:\/\/secure.gravatar.com\/avatar\/6c9c02e8928cc65d54bf75157f7b3a2d06d7ad0494ca0951f679552ff03b34c1?s=96&d=mm&r=g\",\"contentUrl\":\"https:\/\/secure.gravatar.com\/avatar\/6c9c02e8928cc65d54bf75157f7b3a2d06d7ad0494ca0951f679552ff03b34c1?s=96&d=mm&r=g\",\"caption\":\"Mediaplateforme\"},\"sameAs\":[\"https:\/\/www.mediaplateforme.com\"],\"url\":\"https:\/\/www.mediaplateforme.com\/fr\/author\/mohamedladib\/\"}]}<\/script>\n<!-- \/ Yoast SEO plugin. -->","yoast_head_json":{"title":"Royal Air Maroc d\u00e9ploie un programme de vols exceptionnel pour mieux accompagner la forte demande estivale - MEDIA PLATEFORME | FR","description":"A la veille d\u2019une saison d\u2019\u00e9t\u00e9 qui s\u2019annonce exceptionnelle, Royal Air Maroc d\u00e9ploie un programme de vols renforc\u00e9 sur la plupart de","robots":{"index":"index","follow":"follow","max-snippet":"max-snippet:-1","max-image-preview":"max-image-preview:large","max-video-preview":"max-video-preview:-1"},"canonical":"https:\/\/www.mediaplateforme.com\/fr\/royal-air-maroc-deploie-un-programme-de-vols-exceptionnel-pour-mieux-accompagner-la-forte-demande-estivale\/","og_locale":"fr_FR","og_type":"article","og_title":"Royal Air Maroc d\u00e9ploie un programme de vols exceptionnel pour mieux accompagner la forte demande estivale - MEDIA PLATEFORME | FR","og_description":"A la veille d\u2019une saison d\u2019\u00e9t\u00e9 qui s\u2019annonce exceptionnelle, Royal Air Maroc d\u00e9ploie un programme de vols renforc\u00e9 sur la plupart de","og_url":"https:\/\/www.mediaplateforme.com\/fr\/royal-air-maroc-deploie-un-programme-de-vols-exceptionnel-pour-mieux-accompagner-la-forte-demande-estivale\/","og_site_name":"MEDIA PLATEFORME | FR","article_published_time":"2023-03-27T13:18:25+00:00","og_image":[{"width":640,"height":480,"url":"https:\/\/www.mediaplateforme.com\/fr\/wp-content\/uploads\/sites\/5\/2022\/07\/Royal-Air-Maroc.jpg","type":"image\/jpeg"}],"author":"Mediaplateforme","twitter_card":"summary_large_image","twitter_misc":{"\u00c9crit par":"Mediaplateforme","Dur\u00e9e de lecture estim\u00e9e":"4 minutes"},"schema":{"@context":"https:\/\/schema.org","@graph":[{"@type":"WebPage","@id":"https:\/\/www.mediaplateforme.com\/fr\/royal-air-maroc-deploie-un-programme-de-vols-exceptionnel-pour-mieux-accompagner-la-forte-demande-estivale\/","url":"https:\/\/www.mediaplateforme.com\/fr\/royal-air-maroc-deploie-un-programme-de-vols-exceptionnel-pour-mieux-accompagner-la-forte-demande-estivale\/","name":"Royal Air Maroc d\u00e9ploie un programme de vols exceptionnel pour mieux accompagner la forte demande estivale - MEDIA PLATEFORME | FR","isPartOf":{"@id":"https:\/\/www.mediaplateforme.com\/fr\/#website"},"datePublished":"2023-03-27T13:18:25+00:00","dateModified":"2023-03-27T13:18:25+00:00","author":{"@id":"https:\/\/www.mediaplateforme.com\/fr\/#\/schema\/person\/89833db382b5db2c76b094bc902aa12a"},"description":"A la veille d\u2019une saison d\u2019\u00e9t\u00e9 qui s\u2019annonce exceptionnelle, Royal Air Maroc d\u00e9ploie un programme de vols renforc\u00e9 sur la plupart de","breadcrumb":{"@id":"https:\/\/www.mediaplateforme.com\/fr\/royal-air-maroc-deploie-un-programme-de-vols-exceptionnel-pour-mieux-accompagner-la-forte-demande-estivale\/#breadcrumb"},"inLanguage":"fr-FR","potentialAction":[{"@type":"ReadAction","target":["https:\/\/www.mediaplateforme.com\/fr\/royal-air-maroc-deploie-un-programme-de-vols-exceptionnel-pour-mieux-accompagner-la-forte-demande-estivale\/"]}]},{"@type":"BreadcrumbList","@id":"https:\/\/www.mediaplateforme.com\/fr\/royal-air-maroc-deploie-un-programme-de-vols-exceptionnel-pour-mieux-accompagner-la-forte-demande-estivale\/#breadcrumb","itemListElement":[{"@type":"ListItem","position":1,"name":"\u0627\u0644\u0631\u0626\u064a\u0633\u064a\u0629","item":"https:\/\/www.mediaplateforme.com\/fr\/"},{"@type":"ListItem","position":2,"name":"Royal Air Maroc d\u00e9ploie un programme de vols exceptionnel pour mieux accompagner la forte demande estivale"}]},{"@type":"WebSite","@id":"https:\/\/www.mediaplateforme.com\/fr\/#website","url":"https:\/\/www.mediaplateforme.com\/fr\/","name":"MEDIA PLATEFORME | FR","description":"Mediaplateforme sp\u00e9cialis\u00e9 dans la communication institutions publiques et des entreprises","potentialAction":[{"@type":"SearchAction","target":{"@type":"EntryPoint","urlTemplate":"https:\/\/www.mediaplateforme.com\/fr\/?s={search_term_string}"},"query-input":"required name=search_term_string"}],"inLanguage":"fr-FR"},{"@type":"Person","@id":"https:\/\/www.mediaplateforme.com\/fr\/#\/schema\/person\/89833db382b5db2c76b094bc902aa12a","name":"Mediaplateforme","image":{"@type":"ImageObject","inLanguage":"fr-FR","@id":"https:\/\/www.mediaplateforme.com\/fr\/#\/schema\/person\/image\/","url":"https:\/\/secure.gravatar.com\/avatar\/6c9c02e8928cc65d54bf75157f7b3a2d06d7ad0494ca0951f679552ff03b34c1?s=96&d=mm&r=g","contentUrl":"https:\/\/secure.gravatar.com\/avatar\/6c9c02e8928cc65d54bf75157f7b3a2d06d7ad0494ca0951f679552ff03b34c1?s=96&d=mm&r=g","caption":"Mediaplateforme"},"sameAs":["https:\/\/www.mediaplateforme.com"],"url":"https:\/\/www.mediaplateforme.com\/fr\/author\/mohamedladib\/"}]}},"_links":{"self":[{"href":"https:\/\/www.mediaplateforme.com\/fr\/wp-json\/wp\/v2\/posts\/2487","targetHints":{"allow":["GET"]}}],"collection":[{"href":"https:\/\/www.mediaplateforme.com\/fr\/wp-json\/wp\/v2\/posts"}],"about":[{"href":"https:\/\/www.mediaplateforme.com\/fr\/wp-json\/wp\/v2\/types\/post"}],"author":[{"embeddable":true,"href":"https:\/\/www.mediaplateforme.com\/fr\/wp-json\/wp\/v2\/users\/1"}],"replies":[{"embeddable":true,"href":"https:\/\/www.mediaplateforme.com\/fr\/wp-json\/wp\/v2\/comments?post=2487"}],"version-history":[{"count":1,"href":"https:\/\/www.mediaplateforme.com\/fr\/wp-json\/wp\/v2\/posts\/2487\/revisions"}],"predecessor-version":[{"id":2488,"href":"https:\/\/www.mediaplateforme.com\/fr\/wp-json\/wp\/v2\/posts\/2487\/revisions\/2488"}],"wp:featuredmedia":[{"embeddable":true,"href":"https:\/\/www.mediaplateforme.com\/fr\/wp-json\/wp\/v2\/media\/421"}],"wp:attachment":[{"href":"https:\/\/www.mediaplateforme.com\/fr\/wp-json\/wp\/v2\/media?parent=2487"}],"wp:term":[{"taxonomy":"category","embeddable":true,"href":"https:\/\/www.mediaplateforme.com\/fr\/wp-json\/wp\/v2\/categories?post=2487"},{"taxonomy":"post_tag","embeddable":true,"href":"https:\/\/www.mediaplateforme.com\/fr\/wp-json\/wp\/v2\/tags?post=2487"}],"curies":[{"name":"wp","href":"https:\/\/api.w.org\/{rel}","templated":true}]}}