{"id":2467,"date":"2023-03-22T22:04:15","date_gmt":"2023-03-22T22:04:15","guid":{"rendered":"https:\/\/www.mediaplateforme.com\/fr\/?p=2467"},"modified":"2023-03-22T22:04:15","modified_gmt":"2023-03-22T22:04:15","slug":"le-groupe-labelvie-lance-linitiative-labelsolidaire","status":"publish","type":"post","link":"https:\/\/www.mediaplateforme.com\/fr\/le-groupe-labelvie-lance-linitiative-labelsolidaire\/","title":{"rendered":"Le Groupe LabelVie lance l&rsquo;initiative LabelSolidaire"},"content":{"rendered":"<p><strong>Le Groupe LabelVie lance LabelSolidaire, une initiative citoyenne port\u00e9e par son enseigne Carrefour et men\u00e9e avec l\u2019implication effective de ses collaborateurs b\u00e9n\u00e9voles, en partenariat avec l\u2019association Tadamoun Al Amal.<\/strong><\/p>\n<p>&nbsp;<\/p>\n<p>A la veille du mois sacr\u00e9 de Ramadan, le Groupe LabelVie a men\u00e9, du jeudi 16 au dimanche 19 mars, une campagne de solidarit\u00e9 \u00e0 travers la distribution de 6000 produits alimentaires essentiels, destin\u00e9s aux familles en situation vuln\u00e9rable des douars enclav\u00e9s de la r\u00e9gion Zerkten \u00e0 El Haouz ainsi qu&rsquo;\u00e0 Immouzer Kandar.<\/p>\n<p>&nbsp;<\/p>\n<p>Afin d\u2019impliquer ses collaborateurs dans l\u2019initiative LabelSolidaire, le Groupe a lanc\u00e9 un appel \u00e0 b\u00e9n\u00e9volat aupr\u00e8s de l\u2019ensemble de ses salari\u00e9s.\u00a0 Les collaborateurs b\u00e9n\u00e9voles se sont ainsi mobilis\u00e9s \u00e0 l\u2019hypermarch\u00e9 Carrefour de Sidi Ma\u00e2rouf \u00e0 Casablanca, pour la pr\u00e9paration des paniers alimentaires et leur distribution durant le weekend vers les r\u00e9gions cibles.<\/p>\n<p>Les collaborateurs du Groupe LabelVie ont ainsi consacr\u00e9 plus de 30 heures de travail b\u00e9n\u00e9vole durant cette op\u00e9ration.<\/p>\n<p>&nbsp;<\/p>\n<p>D\u00e9ploy\u00e9e avant l\u2019av\u00e8nement du mois sacr\u00e9, LabelSolidaire est une initiative qui ambitionne, en plus des donations mat\u00e9rielles, d\u2019apporter un r\u00e9confort psychologique aux familles, en leur assurant les courses de premi\u00e8re n\u00e9cessit\u00e9, avant le d\u00e9but du mois sacr\u00e9.<\/p>\n<p>&nbsp;<\/p>\n<h4><strong><u>A propos du Groupe LabelVie<\/u><\/strong><u>\u00a0: <\/u><\/h4>\n<p>Cr\u00e9\u00e9 en\u00a01986, par des entrepreneurs\u00a0marocains,\u00a0le Groupe\u00a0LabelVie\u00a0est\u00a0aujourd\u2019hui le leader du secteur de\u00a0la\u00a0grande distribution\u00a0multiformats\u00a0au Maroc, o\u00f9 il exploite les enseignes Carrefour,\u00a0Carrefour\u00a0Market, Carrefour Express et\u00a0Atacadao, \u00e0 travers un r\u00e9seau de 149 magasins implant\u00e9s dans 28 villes.<\/p>\n<p>Le Groupe\u00a0LabelVie qui est cot\u00e9 \u00e0 la Bourse de Casablanca (LBV), est un des plus grands employeurs priv\u00e9s au Maroc avec plus de\u00a08500\u00a0collaborateurs dont certains sont devenus r\u00e9cemment salari\u00e9s &#8211; actionnaires.<\/p>\n<p>Acteur \u00e9conomique engag\u00e9, le Groupe LabelVie d\u00e9ploie sa strat\u00e9gie de responsabilit\u00e9 soci\u00e9tale \u00e0 travers diff\u00e9rentes politiques notamment Sociale, Environnementale et de Gouvernance.<\/p>\n<p>Plus d\u2019informations sur <a href=\"http:\/\/www.labelvie.ma\">www.labelvie.ma<\/a><\/p>\n","protected":false},"excerpt":{"rendered":"<p>Le Groupe LabelVie lance LabelSolidaire, une initiative citoyenne port\u00e9e par son enseigne Carrefour et men\u00e9e<\/p>\n","protected":false},"author":1,"featured_media":2468,"comment_status":"open","ping_status":"open","sticky":false,"template":"","format":"standard","meta":{"_acf_changed":false,"footnotes":""},"categories":[2,3],"tags":[741,742],"class_list":["post-2467","post","type-post","status-publish","format-standard","has-post-thumbnail","hentry","category-nouvelles","category-nouvelles-selectionnees","tag-groupe-labelvie","tag-labelsolidaire"],"acf":[],"yoast_head":"<!-- This site is optimized with the Yoast SEO plugin v22.0 - https:\/\/yoast.com\/wordpress\/plugins\/seo\/ -->\n<title>Le Groupe LabelVie lance l&#039;initiative LabelSolidaire - MEDIA PLATEFORME | FR<\/title>\n<meta name=\"description\" content=\"Le Groupe LabelVie lance LabelSolidaire, une initiative citoyenne port\u00e9e par son enseigne Carrefour et men\u00e9e avec Tadamoun Al Amal.\" \/>\n<meta name=\"robots\" content=\"index, follow, max-snippet:-1, max-image-preview:large, max-video-preview:-1\" \/>\n<link rel=\"canonical\" href=\"https:\/\/www.mediaplateforme.com\/fr\/le-groupe-labelvie-lance-linitiative-labelsolidaire\/\" \/>\n<meta property=\"og:locale\" content=\"fr_FR\" \/>\n<meta property=\"og:type\" content=\"article\" \/>\n<meta property=\"og:title\" content=\"Le Groupe LabelVie lance l&#039;initiative LabelSolidaire - MEDIA PLATEFORME | FR\" \/>\n<meta property=\"og:description\" content=\"Le Groupe LabelVie lance LabelSolidaire, une initiative citoyenne port\u00e9e par son enseigne Carrefour et men\u00e9e avec Tadamoun Al Amal.\" \/>\n<meta property=\"og:url\" content=\"https:\/\/www.mediaplateforme.com\/fr\/le-groupe-labelvie-lance-linitiative-labelsolidaire\/\" \/>\n<meta property=\"og:site_name\" content=\"MEDIA PLATEFORME | FR\" \/>\n<meta property=\"article:published_time\" content=\"2023-03-22T22:04:15+00:00\" \/>\n<meta property=\"og:image\" content=\"https:\/\/www.mediaplateforme.com\/fr\/wp-content\/uploads\/sites\/5\/2023\/03\/DSC00343.jpg\" \/>\n\t<meta property=\"og:image:width\" content=\"1773\" \/>\n\t<meta property=\"og:image:height\" content=\"1182\" \/>\n\t<meta property=\"og:image:type\" content=\"image\/jpeg\" \/>\n<meta name=\"author\" content=\"Mediaplateforme\" \/>\n<meta name=\"twitter:card\" content=\"summary_large_image\" \/>\n<meta name=\"twitter:label1\" content=\"\u00c9crit par\" \/>\n\t<meta name=\"twitter:data1\" content=\"Mediaplateforme\" \/>\n\t<meta name=\"twitter:label2\" content=\"Dur\u00e9e de lecture estim\u00e9e\" \/>\n\t<meta name=\"twitter:data2\" content=\"2 minutes\" \/>\n<script type=\"application\/ld+json\" class=\"yoast-schema-graph\">{\"@context\":\"https:\/\/schema.org\",\"@graph\":[{\"@type\":\"WebPage\",\"@id\":\"https:\/\/www.mediaplateforme.com\/fr\/le-groupe-labelvie-lance-linitiative-labelsolidaire\/\",\"url\":\"https:\/\/www.mediaplateforme.com\/fr\/le-groupe-labelvie-lance-linitiative-labelsolidaire\/\",\"name\":\"Le Groupe LabelVie lance l'initiative LabelSolidaire - MEDIA PLATEFORME | FR\",\"isPartOf\":{\"@id\":\"https:\/\/www.mediaplateforme.com\/fr\/#website\"},\"datePublished\":\"2023-03-22T22:04:15+00:00\",\"dateModified\":\"2023-03-22T22:04:15+00:00\",\"author\":{\"@id\":\"https:\/\/www.mediaplateforme.com\/fr\/#\/schema\/person\/89833db382b5db2c76b094bc902aa12a\"},\"description\":\"Le Groupe LabelVie lance LabelSolidaire, une initiative citoyenne port\u00e9e par son enseigne Carrefour et men\u00e9e avec Tadamoun Al Amal.\",\"breadcrumb\":{\"@id\":\"https:\/\/www.mediaplateforme.com\/fr\/le-groupe-labelvie-lance-linitiative-labelsolidaire\/#breadcrumb\"},\"inLanguage\":\"fr-FR\",\"potentialAction\":[{\"@type\":\"ReadAction\",\"target\":[\"https:\/\/www.mediaplateforme.com\/fr\/le-groupe-labelvie-lance-linitiative-labelsolidaire\/\"]}]},{\"@type\":\"BreadcrumbList\",\"@id\":\"https:\/\/www.mediaplateforme.com\/fr\/le-groupe-labelvie-lance-linitiative-labelsolidaire\/#breadcrumb\",\"itemListElement\":[{\"@type\":\"ListItem\",\"position\":1,\"name\":\"\u0627\u0644\u0631\u0626\u064a\u0633\u064a\u0629\",\"item\":\"https:\/\/www.mediaplateforme.com\/fr\/\"},{\"@type\":\"ListItem\",\"position\":2,\"name\":\"Le Groupe LabelVie lance l&#8217;initiative LabelSolidaire\"}]},{\"@type\":\"WebSite\",\"@id\":\"https:\/\/www.mediaplateforme.com\/fr\/#website\",\"url\":\"https:\/\/www.mediaplateforme.com\/fr\/\",\"name\":\"MEDIA PLATEFORME | FR\",\"description\":\"Mediaplateforme sp\u00e9cialis\u00e9 dans la communication institutions publiques et des entreprises\",\"potentialAction\":[{\"@type\":\"SearchAction\",\"target\":{\"@type\":\"EntryPoint\",\"urlTemplate\":\"https:\/\/www.mediaplateforme.com\/fr\/?s={search_term_string}\"},\"query-input\":\"required name=search_term_string\"}],\"inLanguage\":\"fr-FR\"},{\"@type\":\"Person\",\"@id\":\"https:\/\/www.mediaplateforme.com\/fr\/#\/schema\/person\/89833db382b5db2c76b094bc902aa12a\",\"name\":\"Mediaplateforme\",\"image\":{\"@type\":\"ImageObject\",\"inLanguage\":\"fr-FR\",\"@id\":\"https:\/\/www.mediaplateforme.com\/fr\/#\/schema\/person\/image\/\",\"url\":\"https:\/\/secure.gravatar.com\/avatar\/6c9c02e8928cc65d54bf75157f7b3a2d06d7ad0494ca0951f679552ff03b34c1?s=96&d=mm&r=g\",\"contentUrl\":\"https:\/\/secure.gravatar.com\/avatar\/6c9c02e8928cc65d54bf75157f7b3a2d06d7ad0494ca0951f679552ff03b34c1?s=96&d=mm&r=g\",\"caption\":\"Mediaplateforme\"},\"sameAs\":[\"https:\/\/www.mediaplateforme.com\"],\"url\":\"https:\/\/www.mediaplateforme.com\/fr\/author\/mohamedladib\/\"}]}<\/script>\n<!-- \/ Yoast SEO plugin. -->","yoast_head_json":{"title":"Le Groupe LabelVie lance l'initiative LabelSolidaire - MEDIA PLATEFORME | FR","description":"Le Groupe LabelVie lance LabelSolidaire, une initiative citoyenne port\u00e9e par son enseigne Carrefour et men\u00e9e avec Tadamoun Al Amal.","robots":{"index":"index","follow":"follow","max-snippet":"max-snippet:-1","max-image-preview":"max-image-preview:large","max-video-preview":"max-video-preview:-1"},"canonical":"https:\/\/www.mediaplateforme.com\/fr\/le-groupe-labelvie-lance-linitiative-labelsolidaire\/","og_locale":"fr_FR","og_type":"article","og_title":"Le Groupe LabelVie lance l'initiative LabelSolidaire - MEDIA PLATEFORME | FR","og_description":"Le Groupe LabelVie lance LabelSolidaire, une initiative citoyenne port\u00e9e par son enseigne Carrefour et men\u00e9e avec Tadamoun Al Amal.","og_url":"https:\/\/www.mediaplateforme.com\/fr\/le-groupe-labelvie-lance-linitiative-labelsolidaire\/","og_site_name":"MEDIA PLATEFORME | FR","article_published_time":"2023-03-22T22:04:15+00:00","og_image":[{"width":1773,"height":1182,"url":"https:\/\/www.mediaplateforme.com\/fr\/wp-content\/uploads\/sites\/5\/2023\/03\/DSC00343.jpg","type":"image\/jpeg"}],"author":"Mediaplateforme","twitter_card":"summary_large_image","twitter_misc":{"\u00c9crit par":"Mediaplateforme","Dur\u00e9e de lecture estim\u00e9e":"2 minutes"},"schema":{"@context":"https:\/\/schema.org","@graph":[{"@type":"WebPage","@id":"https:\/\/www.mediaplateforme.com\/fr\/le-groupe-labelvie-lance-linitiative-labelsolidaire\/","url":"https:\/\/www.mediaplateforme.com\/fr\/le-groupe-labelvie-lance-linitiative-labelsolidaire\/","name":"Le Groupe LabelVie lance l'initiative LabelSolidaire - MEDIA PLATEFORME | FR","isPartOf":{"@id":"https:\/\/www.mediaplateforme.com\/fr\/#website"},"datePublished":"2023-03-22T22:04:15+00:00","dateModified":"2023-03-22T22:04:15+00:00","author":{"@id":"https:\/\/www.mediaplateforme.com\/fr\/#\/schema\/person\/89833db382b5db2c76b094bc902aa12a"},"description":"Le Groupe LabelVie lance LabelSolidaire, une initiative citoyenne port\u00e9e par son enseigne Carrefour et men\u00e9e avec Tadamoun Al Amal.","breadcrumb":{"@id":"https:\/\/www.mediaplateforme.com\/fr\/le-groupe-labelvie-lance-linitiative-labelsolidaire\/#breadcrumb"},"inLanguage":"fr-FR","potentialAction":[{"@type":"ReadAction","target":["https:\/\/www.mediaplateforme.com\/fr\/le-groupe-labelvie-lance-linitiative-labelsolidaire\/"]}]},{"@type":"BreadcrumbList","@id":"https:\/\/www.mediaplateforme.com\/fr\/le-groupe-labelvie-lance-linitiative-labelsolidaire\/#breadcrumb","itemListElement":[{"@type":"ListItem","position":1,"name":"\u0627\u0644\u0631\u0626\u064a\u0633\u064a\u0629","item":"https:\/\/www.mediaplateforme.com\/fr\/"},{"@type":"ListItem","position":2,"name":"Le Groupe LabelVie lance l&#8217;initiative LabelSolidaire"}]},{"@type":"WebSite","@id":"https:\/\/www.mediaplateforme.com\/fr\/#website","url":"https:\/\/www.mediaplateforme.com\/fr\/","name":"MEDIA PLATEFORME | FR","description":"Mediaplateforme sp\u00e9cialis\u00e9 dans la communication institutions publiques et des entreprises","potentialAction":[{"@type":"SearchAction","target":{"@type":"EntryPoint","urlTemplate":"https:\/\/www.mediaplateforme.com\/fr\/?s={search_term_string}"},"query-input":"required name=search_term_string"}],"inLanguage":"fr-FR"},{"@type":"Person","@id":"https:\/\/www.mediaplateforme.com\/fr\/#\/schema\/person\/89833db382b5db2c76b094bc902aa12a","name":"Mediaplateforme","image":{"@type":"ImageObject","inLanguage":"fr-FR","@id":"https:\/\/www.mediaplateforme.com\/fr\/#\/schema\/person\/image\/","url":"https:\/\/secure.gravatar.com\/avatar\/6c9c02e8928cc65d54bf75157f7b3a2d06d7ad0494ca0951f679552ff03b34c1?s=96&d=mm&r=g","contentUrl":"https:\/\/secure.gravatar.com\/avatar\/6c9c02e8928cc65d54bf75157f7b3a2d06d7ad0494ca0951f679552ff03b34c1?s=96&d=mm&r=g","caption":"Mediaplateforme"},"sameAs":["https:\/\/www.mediaplateforme.com"],"url":"https:\/\/www.mediaplateforme.com\/fr\/author\/mohamedladib\/"}]}},"_links":{"self":[{"href":"https:\/\/www.mediaplateforme.com\/fr\/wp-json\/wp\/v2\/posts\/2467","targetHints":{"allow":["GET"]}}],"collection":[{"href":"https:\/\/www.mediaplateforme.com\/fr\/wp-json\/wp\/v2\/posts"}],"about":[{"href":"https:\/\/www.mediaplateforme.com\/fr\/wp-json\/wp\/v2\/types\/post"}],"author":[{"embeddable":true,"href":"https:\/\/www.mediaplateforme.com\/fr\/wp-json\/wp\/v2\/users\/1"}],"replies":[{"embeddable":true,"href":"https:\/\/www.mediaplateforme.com\/fr\/wp-json\/wp\/v2\/comments?post=2467"}],"version-history":[{"count":1,"href":"https:\/\/www.mediaplateforme.com\/fr\/wp-json\/wp\/v2\/posts\/2467\/revisions"}],"predecessor-version":[{"id":2469,"href":"https:\/\/www.mediaplateforme.com\/fr\/wp-json\/wp\/v2\/posts\/2467\/revisions\/2469"}],"wp:featuredmedia":[{"embeddable":true,"href":"https:\/\/www.mediaplateforme.com\/fr\/wp-json\/wp\/v2\/media\/2468"}],"wp:attachment":[{"href":"https:\/\/www.mediaplateforme.com\/fr\/wp-json\/wp\/v2\/media?parent=2467"}],"wp:term":[{"taxonomy":"category","embeddable":true,"href":"https:\/\/www.mediaplateforme.com\/fr\/wp-json\/wp\/v2\/categories?post=2467"},{"taxonomy":"post_tag","embeddable":true,"href":"https:\/\/www.mediaplateforme.com\/fr\/wp-json\/wp\/v2\/tags?post=2467"}],"curies":[{"name":"wp","href":"https:\/\/api.w.org\/{rel}","templated":true}]}}