{"id":2459,"date":"2023-03-17T15:34:00","date_gmt":"2023-03-17T14:34:00","guid":{"rendered":"https:\/\/www.mediaplateforme.com\/fr\/?p=2459"},"modified":"2023-03-17T15:34:00","modified_gmt":"2023-03-17T14:34:00","slug":"la-galerie-banque-populaire-celebre-la-nature","status":"publish","type":"post","link":"https:\/\/www.mediaplateforme.com\/fr\/la-galerie-banque-populaire-celebre-la-nature\/","title":{"rendered":"LA GALERIE BANQUE POPULAIRE CELEBRE LA NATURE"},"content":{"rendered":"<p>La Galerie Banque Populaire a accueilli, le mardi 14 mars, le vernissage de l\u2019exposition \u00ab HYMNE A LA NATURE \u00bb qui s\u2019y tient du 15 mars au 15 septembre 2023. Cet \u00e9v\u00e9nement a connu la pr\u00e9sence de Jalil SEBTI, Directeur G\u00e9n\u00e9ral de la Banque Commerciale du groupe BCP, Bouchra BERRADA, Pr\u00e9sidente du Directoire de la Banque Populaire Rabat-K\u00e9nitra, ainsi que plusieurs personnalit\u00e9s du monde de l\u2019art, de l\u2019\u00e9conomie, de la politique et bien d\u2019autres.<\/p>\n<p>Dans un monde o\u00f9 l\u2019environnement devient une pr\u00e9occupation br\u00fblante, l\u2019Art vient interpeller le spectateur et interroger son rapport au monde. C\u2019est ainsi qu\u2019est n\u00e9e l\u2019exposition \u00ab Hymne \u00e0 la nature \u00bb, qui inaugure la saison artistique 2023 de la Galerie Banque Populaire. Trois artistes d\u2019exception, Lamia BELLOUL, Fatima BOUSSAID et Imane FERIANI, donnent \u00e0 voir leur vision du monde, entre beaut\u00e9 et inqui\u00e9tude, et replacent la question environnementale au c\u0153ur du processus de cr\u00e9ation artistique.<\/p>\n<p>Artiste prot\u00e9iforme, Lamia BELLOUL convoque la nature \u00e0 chaque \u00e9tape de sa cr\u00e9ation, qu\u2019il s\u2019agisse des mati\u00e8res choisies (glaise, terre cuite, henn\u00e9, la poudre de marbre, sable, terre), des supports (bois, toile) ou encore de ses couleurs de pr\u00e9dilection (pr\u00e9dominance de l\u2019ocre et du marron, illumin\u00e9s part des touches de vert qui font \u00e9merger le v\u00e9g\u00e9tal). Son attrait pour l\u2019aquarelle t\u00e9moigne quant \u00e0 lui de sa volont\u00e9 d\u2019associer l\u2019\u00e9l\u00e9ment eau \u00e0 son \u0153uvre.<\/p>\n<p>Fatima BOUSAID s\u2019est pour sa part sp\u00e9cialis\u00e9e dans les cr\u00e9ations en papier v\u00e9g\u00e9tal, d\u00e9clin\u00e9es en objets, mobiles et installations. Feuilles d\u2019olivier, de palmier, mais aussi d\u2019oignon ou d\u2019algues forment la p\u00e2te qui donnera vie \u00e0 des cr\u00e9ations marines, univers qui fascine l\u2019artiste.<\/p>\n<p>Peintre de la Femme, Imane FERIANI fait c\u00f4toyer cette derni\u00e8re avec des animaux et installe par l\u00e0 m\u00eame un \u00ab effet miroir \u00bb entre les deux cr\u00e9atures sur le plan \u00e9motionnel et du ressenti. La beaut\u00e9 de l\u2019humanit\u00e9, repr\u00e9sent\u00e9e par la Femme, tranche avec la nature tourment\u00e9e de l\u2019animal qui l\u2019accompagne. En r\u00e9sulte une \u0153uvre faite de mati\u00e8res naturelles, qui rappelle au spectateur la fragilit\u00e9 de la faune et questionne l\u2019impact des \u00eatres humains sur leur environnement.<\/p>\n<p>Selon Bouchra BERRADA, Pr\u00e9sidente du Directoire de la Banque Populaire Rabat-K\u00e9nitra, \u00ab <em>force est de reconna\u00eetre que les d\u00e9r\u00e8glements environnementaux et les avanies faites \u00e0 la nature ont servi d\u2019acc\u00e9l\u00e9rateur pour conforter l\u2019artiste dans ce qui doit inspirer son travail et motiver son engagement : alerter, d\u00e9ranger, r\u00e9parer, \u00e9veiller les consciences\u2026 Toutes ces probl\u00e9matiques sont pr\u00e9cis\u00e9ment au c\u0153ur de l\u2019exposition \u00ab Hymne \u00e0 la Nature \u00bb que la Galerie Banque Populaire Rabat- K\u00e9nitra a le privil\u00e8ge d\u2019abriter en ouverture de la saison artistique 2023.<\/em> \u00bb<\/p>\n<p>Le groupe BCP, \u00e0 travers la Galerie Banque Populaire, s\u2019est assign\u00e9 la mission d\u2019accompagner et de soutenir la dynamique culturelle et artistique locale en accueillant des expositions d\u2019artistes et d\u2019artisans confirm\u00e9s ou en devenir.<\/p>\n","protected":false},"excerpt":{"rendered":"<p>La Galerie Banque Populaire a accueilli, le mardi 14 mars, le vernissage de l\u2019exposition \u00ab<\/p>\n","protected":false},"author":1,"featured_media":2460,"comment_status":"open","ping_status":"open","sticky":false,"template":"","format":"standard","meta":{"_acf_changed":false,"footnotes":""},"categories":[2,3],"tags":[739],"class_list":["post-2459","post","type-post","status-publish","format-standard","has-post-thumbnail","hentry","category-nouvelles","category-nouvelles-selectionnees","tag-galerie-banque-populaire"],"acf":[],"yoast_head":"<!-- This site is optimized with the Yoast SEO plugin v22.0 - https:\/\/yoast.com\/wordpress\/plugins\/seo\/ -->\n<title>LA GALERIE BANQUE POPULAIRE CELEBRE LA NATURE - MEDIA PLATEFORME | FR<\/title>\n<meta name=\"description\" content=\"La Galerie Banque Populaire a accueilli, le mardi 14 mars, le vernissage de l\u2019exposition \u00ab HYMNE A LA NATURE \u00bb qui s\u2019y tient du 15 mars .\" \/>\n<meta name=\"robots\" content=\"index, follow, max-snippet:-1, max-image-preview:large, max-video-preview:-1\" \/>\n<link rel=\"canonical\" href=\"https:\/\/www.mediaplateforme.com\/fr\/la-galerie-banque-populaire-celebre-la-nature\/\" \/>\n<meta property=\"og:locale\" content=\"fr_FR\" \/>\n<meta property=\"og:type\" content=\"article\" \/>\n<meta property=\"og:title\" content=\"LA GALERIE BANQUE POPULAIRE CELEBRE LA NATURE - MEDIA PLATEFORME | FR\" \/>\n<meta property=\"og:description\" content=\"La Galerie Banque Populaire a accueilli, le mardi 14 mars, le vernissage de l\u2019exposition \u00ab HYMNE A LA NATURE \u00bb qui s\u2019y tient du 15 mars .\" \/>\n<meta property=\"og:url\" content=\"https:\/\/www.mediaplateforme.com\/fr\/la-galerie-banque-populaire-celebre-la-nature\/\" \/>\n<meta property=\"og:site_name\" content=\"MEDIA PLATEFORME | FR\" \/>\n<meta property=\"article:published_time\" content=\"2023-03-17T14:34:00+00:00\" \/>\n<meta property=\"og:image\" content=\"https:\/\/www.mediaplateforme.com\/fr\/wp-content\/uploads\/sites\/5\/2023\/03\/M.-Jalil-Sebti-DG-de-la-Banque-Commerciale-du-groupe-BCP-.jpeg\" \/>\n\t<meta property=\"og:image:width\" content=\"1024\" \/>\n\t<meta property=\"og:image:height\" content=\"682\" \/>\n\t<meta property=\"og:image:type\" content=\"image\/jpeg\" \/>\n<meta name=\"author\" content=\"Mediaplateforme\" \/>\n<meta name=\"twitter:card\" content=\"summary_large_image\" \/>\n<meta name=\"twitter:label1\" content=\"\u00c9crit par\" \/>\n\t<meta name=\"twitter:data1\" content=\"Mediaplateforme\" \/>\n\t<meta name=\"twitter:label2\" content=\"Dur\u00e9e de lecture estim\u00e9e\" \/>\n\t<meta name=\"twitter:data2\" content=\"3 minutes\" \/>\n<script type=\"application\/ld+json\" class=\"yoast-schema-graph\">{\"@context\":\"https:\/\/schema.org\",\"@graph\":[{\"@type\":\"WebPage\",\"@id\":\"https:\/\/www.mediaplateforme.com\/fr\/la-galerie-banque-populaire-celebre-la-nature\/\",\"url\":\"https:\/\/www.mediaplateforme.com\/fr\/la-galerie-banque-populaire-celebre-la-nature\/\",\"name\":\"LA GALERIE BANQUE POPULAIRE CELEBRE LA NATURE - MEDIA PLATEFORME | FR\",\"isPartOf\":{\"@id\":\"https:\/\/www.mediaplateforme.com\/fr\/#website\"},\"datePublished\":\"2023-03-17T14:34:00+00:00\",\"dateModified\":\"2023-03-17T14:34:00+00:00\",\"author\":{\"@id\":\"https:\/\/www.mediaplateforme.com\/fr\/#\/schema\/person\/89833db382b5db2c76b094bc902aa12a\"},\"description\":\"La Galerie Banque Populaire a accueilli, le mardi 14 mars, le vernissage de l\u2019exposition \u00ab HYMNE A LA NATURE \u00bb qui s\u2019y tient du 15 mars .\",\"breadcrumb\":{\"@id\":\"https:\/\/www.mediaplateforme.com\/fr\/la-galerie-banque-populaire-celebre-la-nature\/#breadcrumb\"},\"inLanguage\":\"fr-FR\",\"potentialAction\":[{\"@type\":\"ReadAction\",\"target\":[\"https:\/\/www.mediaplateforme.com\/fr\/la-galerie-banque-populaire-celebre-la-nature\/\"]}]},{\"@type\":\"BreadcrumbList\",\"@id\":\"https:\/\/www.mediaplateforme.com\/fr\/la-galerie-banque-populaire-celebre-la-nature\/#breadcrumb\",\"itemListElement\":[{\"@type\":\"ListItem\",\"position\":1,\"name\":\"\u0627\u0644\u0631\u0626\u064a\u0633\u064a\u0629\",\"item\":\"https:\/\/www.mediaplateforme.com\/fr\/\"},{\"@type\":\"ListItem\",\"position\":2,\"name\":\"LA GALERIE BANQUE POPULAIRE CELEBRE LA NATURE\"}]},{\"@type\":\"WebSite\",\"@id\":\"https:\/\/www.mediaplateforme.com\/fr\/#website\",\"url\":\"https:\/\/www.mediaplateforme.com\/fr\/\",\"name\":\"MEDIA PLATEFORME | FR\",\"description\":\"Mediaplateforme sp\u00e9cialis\u00e9 dans la communication institutions publiques et des entreprises\",\"potentialAction\":[{\"@type\":\"SearchAction\",\"target\":{\"@type\":\"EntryPoint\",\"urlTemplate\":\"https:\/\/www.mediaplateforme.com\/fr\/?s={search_term_string}\"},\"query-input\":\"required name=search_term_string\"}],\"inLanguage\":\"fr-FR\"},{\"@type\":\"Person\",\"@id\":\"https:\/\/www.mediaplateforme.com\/fr\/#\/schema\/person\/89833db382b5db2c76b094bc902aa12a\",\"name\":\"Mediaplateforme\",\"image\":{\"@type\":\"ImageObject\",\"inLanguage\":\"fr-FR\",\"@id\":\"https:\/\/www.mediaplateforme.com\/fr\/#\/schema\/person\/image\/\",\"url\":\"https:\/\/secure.gravatar.com\/avatar\/6c9c02e8928cc65d54bf75157f7b3a2d06d7ad0494ca0951f679552ff03b34c1?s=96&d=mm&r=g\",\"contentUrl\":\"https:\/\/secure.gravatar.com\/avatar\/6c9c02e8928cc65d54bf75157f7b3a2d06d7ad0494ca0951f679552ff03b34c1?s=96&d=mm&r=g\",\"caption\":\"Mediaplateforme\"},\"sameAs\":[\"https:\/\/www.mediaplateforme.com\"],\"url\":\"https:\/\/www.mediaplateforme.com\/fr\/author\/mohamedladib\/\"}]}<\/script>\n<!-- \/ Yoast SEO plugin. -->","yoast_head_json":{"title":"LA GALERIE BANQUE POPULAIRE CELEBRE LA NATURE - MEDIA PLATEFORME | FR","description":"La Galerie Banque Populaire a accueilli, le mardi 14 mars, le vernissage de l\u2019exposition \u00ab HYMNE A LA NATURE \u00bb qui s\u2019y tient du 15 mars .","robots":{"index":"index","follow":"follow","max-snippet":"max-snippet:-1","max-image-preview":"max-image-preview:large","max-video-preview":"max-video-preview:-1"},"canonical":"https:\/\/www.mediaplateforme.com\/fr\/la-galerie-banque-populaire-celebre-la-nature\/","og_locale":"fr_FR","og_type":"article","og_title":"LA GALERIE BANQUE POPULAIRE CELEBRE LA NATURE - MEDIA PLATEFORME | FR","og_description":"La Galerie Banque Populaire a accueilli, le mardi 14 mars, le vernissage de l\u2019exposition \u00ab HYMNE A LA NATURE \u00bb qui s\u2019y tient du 15 mars .","og_url":"https:\/\/www.mediaplateforme.com\/fr\/la-galerie-banque-populaire-celebre-la-nature\/","og_site_name":"MEDIA PLATEFORME | FR","article_published_time":"2023-03-17T14:34:00+00:00","og_image":[{"width":1024,"height":682,"url":"https:\/\/www.mediaplateforme.com\/fr\/wp-content\/uploads\/sites\/5\/2023\/03\/M.-Jalil-Sebti-DG-de-la-Banque-Commerciale-du-groupe-BCP-.jpeg","type":"image\/jpeg"}],"author":"Mediaplateforme","twitter_card":"summary_large_image","twitter_misc":{"\u00c9crit par":"Mediaplateforme","Dur\u00e9e de lecture estim\u00e9e":"3 minutes"},"schema":{"@context":"https:\/\/schema.org","@graph":[{"@type":"WebPage","@id":"https:\/\/www.mediaplateforme.com\/fr\/la-galerie-banque-populaire-celebre-la-nature\/","url":"https:\/\/www.mediaplateforme.com\/fr\/la-galerie-banque-populaire-celebre-la-nature\/","name":"LA GALERIE BANQUE POPULAIRE CELEBRE LA NATURE - MEDIA PLATEFORME | FR","isPartOf":{"@id":"https:\/\/www.mediaplateforme.com\/fr\/#website"},"datePublished":"2023-03-17T14:34:00+00:00","dateModified":"2023-03-17T14:34:00+00:00","author":{"@id":"https:\/\/www.mediaplateforme.com\/fr\/#\/schema\/person\/89833db382b5db2c76b094bc902aa12a"},"description":"La Galerie Banque Populaire a accueilli, le mardi 14 mars, le vernissage de l\u2019exposition \u00ab HYMNE A LA NATURE \u00bb qui s\u2019y tient du 15 mars .","breadcrumb":{"@id":"https:\/\/www.mediaplateforme.com\/fr\/la-galerie-banque-populaire-celebre-la-nature\/#breadcrumb"},"inLanguage":"fr-FR","potentialAction":[{"@type":"ReadAction","target":["https:\/\/www.mediaplateforme.com\/fr\/la-galerie-banque-populaire-celebre-la-nature\/"]}]},{"@type":"BreadcrumbList","@id":"https:\/\/www.mediaplateforme.com\/fr\/la-galerie-banque-populaire-celebre-la-nature\/#breadcrumb","itemListElement":[{"@type":"ListItem","position":1,"name":"\u0627\u0644\u0631\u0626\u064a\u0633\u064a\u0629","item":"https:\/\/www.mediaplateforme.com\/fr\/"},{"@type":"ListItem","position":2,"name":"LA GALERIE BANQUE POPULAIRE CELEBRE LA NATURE"}]},{"@type":"WebSite","@id":"https:\/\/www.mediaplateforme.com\/fr\/#website","url":"https:\/\/www.mediaplateforme.com\/fr\/","name":"MEDIA PLATEFORME | FR","description":"Mediaplateforme sp\u00e9cialis\u00e9 dans la communication institutions publiques et des entreprises","potentialAction":[{"@type":"SearchAction","target":{"@type":"EntryPoint","urlTemplate":"https:\/\/www.mediaplateforme.com\/fr\/?s={search_term_string}"},"query-input":"required name=search_term_string"}],"inLanguage":"fr-FR"},{"@type":"Person","@id":"https:\/\/www.mediaplateforme.com\/fr\/#\/schema\/person\/89833db382b5db2c76b094bc902aa12a","name":"Mediaplateforme","image":{"@type":"ImageObject","inLanguage":"fr-FR","@id":"https:\/\/www.mediaplateforme.com\/fr\/#\/schema\/person\/image\/","url":"https:\/\/secure.gravatar.com\/avatar\/6c9c02e8928cc65d54bf75157f7b3a2d06d7ad0494ca0951f679552ff03b34c1?s=96&d=mm&r=g","contentUrl":"https:\/\/secure.gravatar.com\/avatar\/6c9c02e8928cc65d54bf75157f7b3a2d06d7ad0494ca0951f679552ff03b34c1?s=96&d=mm&r=g","caption":"Mediaplateforme"},"sameAs":["https:\/\/www.mediaplateforme.com"],"url":"https:\/\/www.mediaplateforme.com\/fr\/author\/mohamedladib\/"}]}},"_links":{"self":[{"href":"https:\/\/www.mediaplateforme.com\/fr\/wp-json\/wp\/v2\/posts\/2459","targetHints":{"allow":["GET"]}}],"collection":[{"href":"https:\/\/www.mediaplateforme.com\/fr\/wp-json\/wp\/v2\/posts"}],"about":[{"href":"https:\/\/www.mediaplateforme.com\/fr\/wp-json\/wp\/v2\/types\/post"}],"author":[{"embeddable":true,"href":"https:\/\/www.mediaplateforme.com\/fr\/wp-json\/wp\/v2\/users\/1"}],"replies":[{"embeddable":true,"href":"https:\/\/www.mediaplateforme.com\/fr\/wp-json\/wp\/v2\/comments?post=2459"}],"version-history":[{"count":1,"href":"https:\/\/www.mediaplateforme.com\/fr\/wp-json\/wp\/v2\/posts\/2459\/revisions"}],"predecessor-version":[{"id":2461,"href":"https:\/\/www.mediaplateforme.com\/fr\/wp-json\/wp\/v2\/posts\/2459\/revisions\/2461"}],"wp:featuredmedia":[{"embeddable":true,"href":"https:\/\/www.mediaplateforme.com\/fr\/wp-json\/wp\/v2\/media\/2460"}],"wp:attachment":[{"href":"https:\/\/www.mediaplateforme.com\/fr\/wp-json\/wp\/v2\/media?parent=2459"}],"wp:term":[{"taxonomy":"category","embeddable":true,"href":"https:\/\/www.mediaplateforme.com\/fr\/wp-json\/wp\/v2\/categories?post=2459"},{"taxonomy":"post_tag","embeddable":true,"href":"https:\/\/www.mediaplateforme.com\/fr\/wp-json\/wp\/v2\/tags?post=2459"}],"curies":[{"name":"wp","href":"https:\/\/api.w.org\/{rel}","templated":true}]}}