{"id":2456,"date":"2023-03-17T15:28:29","date_gmt":"2023-03-17T14:28:29","guid":{"rendered":"https:\/\/www.mediaplateforme.com\/fr\/?p=2456"},"modified":"2023-03-17T15:28:29","modified_gmt":"2023-03-17T14:28:29","slug":"securite-routiere-alsa-sinvestit-dans-la-sensibilisation-et-la-formation-des-plus-jeunes","status":"publish","type":"post","link":"https:\/\/www.mediaplateforme.com\/fr\/securite-routiere-alsa-sinvestit-dans-la-sensibilisation-et-la-formation-des-plus-jeunes\/","title":{"rendered":"S\u00e9curit\u00e9 routi\u00e8re. Alsa s\u2019investit dans la sensibilisation et la formation des plus jeunes"},"content":{"rendered":"<p>Alsa consolide son engagement envers sa communaut\u00e9 et s\u2019investit dans la sensibilisation et l\u2019\u00e9ducation routi\u00e8re des jeunes. Ainsi, le groupe a convi\u00e9 la presse, le 15 mars, \u00e0 une visite de son circuit d&rsquo;\u00e9ducation \u00e0 la s\u00e9curit\u00e9 routi\u00e8re destin\u00e9 aux jeunes enfants \u00e0 Marrakech.<\/p>\n<p>L\u2019objectif de ce projet, en partenariat avec NARSA et l\u2019\u00e9cole Abdelmalek Essadi, est de contribuer \u00e0 l\u2019animation et \u00e0 la gestion des projets de sensibilisation et de formation dans le domaine de la s\u00e9curit\u00e9 routi\u00e8re et de la pr\u00e9servation des accidents de la circulation. Op\u00e9rationnelle toute l\u2019ann\u00e9e, l\u2019\u00e9cole de s\u00e9curit\u00e9 routi\u00e8re de Marrakech est destin\u00e9e aux enfants de toutes les \u00e9coles de la ville et les institutions int\u00e9ress\u00e9es telles que les orphelinats. Il s\u2019agit pour Alsa de participer \u00e0 la cr\u00e9ation des bonnes habitudes et de faire acqu\u00e9rir aux plus jeunes les bons comportements adapt\u00e9s \u00e0 la vie quotidienne des usagers de la route.<\/p>\n<p>Les formations sont organis\u00e9es en trois \u00e9tapes : des cours th\u00e9oriques dispens\u00e9s par des professionnels, une formation appliqu\u00e9e et un test final afin d\u2019\u00e9valuer le degr\u00e9 d\u2019assimilation.<\/p>\n<p>&nbsp;<\/p>\n<p>A ce propos, <strong>Alberto Perez Directeur G\u00e9n\u00e9ral de Alsa Maroc<\/strong> a d\u00e9clar\u00e9 : <em>\u201cLa s\u00e9curit\u00e9 a toujours fait partie de nos priorit\u00e9s chez Alsa. C\u2019est pourquoi nous investissons beaucoup aussi bien dans la formation de nos collaborateurs et collaboratrices que dans celle des citoyen.ne.s. D\u2019ailleurs, nous avons r\u00e9cemment consacr\u00e9 plusieurs semaines notamment \u00e0 la sensibilisation et la formation des jeunes. Nous aidons ainsi les enfants \u00e0 d\u00e9velopper des comp\u00e9tences et des attitudes d\u2019observation et du respect des r\u00e8gles de base de la circulation. L&rsquo;objectif est de cr\u00e9er une prise de conscience chez eux. En tant qu\u2019entreprise responsable, nous avons<\/em> <em>un r\u00f4le important \u00e0 jouer dans l\u2019\u00e9ducation routi\u00e8re des enfants\u201d. <\/em><\/p>\n<p>&nbsp;<\/p>\n<h4><strong>Conduire l\u2019enfant vers ses responsabilit\u00e9s<\/strong><\/h4>\n<p>&nbsp;<\/p>\n<p>Par ailleurs, rappelons que dans le cadre des semaines consacr\u00e9es \u00e0 la s\u00e9curit\u00e9 durant le mois le mois de f\u00e9vrier, Alsa a mis en place plusieurs actions au niveau des 6 villes o\u00f9 l\u2019entreprise est pr\u00e9sente. Il s\u2018agit de Marrakech, Rabat, Casablanca, Khouribga, Agadir et Tanger. Gr\u00e2ce \u00e0 ces actions de sensibilisation et d\u2019apprentissage, Alsa s\u2019est fix\u00e9 comme objectif de conduire l\u2019enfant vers ses responsabilit\u00e9s pour vivre sa citoyennet\u00e9.<\/p>\n<p>A Marrakech, plusieurs activit\u00e9s de sensibilisation et d\u2019animation ont eu lieu au niveau de l\u2019\u00e9cole de s\u00e9curit\u00e9 de Alsa, qui a permis de former plus de 8000 enfants et adolescents depuis 2019. Cette action a \u00e9galement permis de constater les r\u00e9sultats de cette \u00e9cole et discuter notamment des actions \u00e0 entreprendre sur le terrain.<\/p>\n<p>&nbsp;<\/p>\n<h4><strong>Agadir et Rabat sensibilis\u00e9es <\/strong><\/h4>\n<p>A Agadir, le service de s\u00e9curit\u00e9 de Alsa a organis\u00e9 des campagnes de sensibilisation sur le respect des normes de s\u00e9curit\u00e9 et du code de la route. Sans oublier la pr\u00e9vention aux risques d\u2019accident et aux m\u00e9faits du vandalisme des bus. Ces campagnes ont b\u00e9n\u00e9fici\u00e9 aux \u00e9l\u00e8ves des \u00e9coles primaires de la r\u00e9gion du grand Agadir.<\/p>\n<p>Ainsi, une campagne de sensibilisation a eu lieu \u00e0 la Place Inezgane et d\u2019autres \u00e0 l\u2019\u00e9cole primaire de SALAM AGADIR avec 60 b\u00e9n\u00e9ficiaires, \u00e0 l\u2019\u00e9cole primaire SOUKAINA BENT ALHOUSSAIN AGADIR avec 40 b\u00e9n\u00e9ficiaires et au coll\u00e8ge AHMED CHAWKI AGADIR avec 60 b\u00e9n\u00e9ficiaires.<\/p>\n<p>&nbsp;<\/p>\n<p>Dans la ville de Rabat, une soixantaine d\u2019\u00e9l\u00e8ves de l&rsquo;\u00e9cole priv\u00e9 \u00ab\u00a0Ibn Al bannae\u00a0\u00bb et leurs encadrants ont \u00e9t\u00e9 re\u00e7us au d\u00e9p\u00f4t de T\u00e9mara \u00e0 l\u2019occasion de la journ\u00e9e de la s\u00e9curit\u00e9 routi\u00e8re. Lors de la visite qui s\u2019est tenue en pr\u00e9sence de Mustapha Ladiki, directeur r\u00e9gional de NARSA Rabat Sal\u00e9 K\u00e9nitra, les \u00e9l\u00e8ves ont eu l\u2019occasion de d\u00e9couvrir le processus de production des diff\u00e9rents services avec des explications sur les d\u00e9marches, l\u2019exploitation, la maintenance, la formation, etc.<\/p>\n<p>Toujours dans ce m\u00eame cadre, Alsa a \u00e9galement organis\u00e9 une journ\u00e9e de sensibilisation sur la s\u00e9curit\u00e9 routi\u00e8re au profit des \u00e9l\u00e8ves de l\u2019\u00e9cole public IMAM TABARI a sal\u00e9 au profit de 40 \u00e9l\u00e8ves.<\/p>\n<p><strong>\u00a0<\/strong><\/p>\n<h4><strong>Etre le transporteur urbain le plus s\u00fbr et le plus s\u00e9curis\u00e9<\/strong><\/h4>\n<p>&nbsp;<\/p>\n<p>Dans le cadre de la gestion de proximit\u00e9 et le contact permanent avec ses collaborateurs, Alsa Al Baida a organis\u00e9 hebdomadairement \u00e0 Casablanca, les mercredis des focus groupes par m\u00e9tier. Les focus groupes sont une occasion pour discuter des difficult\u00e9s \u00e9ventuelles du m\u00e9tier, poser des questions, proposer des solutions, des am\u00e9liorations ou des id\u00e9es. Des formations ont \u00e9galement \u00e9t\u00e9 donn\u00e9es aux \u00e9l\u00e8ves des 14 \u00e9coles faisant partie du circuit de 7afilat Al Ma3rifa, l\u2019initiative pour encourager la lecture, r\u00e9alis\u00e9e en partenariat avec Association des B\u00e9n\u00e9voles Al Amal.<\/p>\n<p>&nbsp;<\/p>\n<p>Pour sa part, Alsa \u00e0 Tanger a organis\u00e9 des s\u00e9ances de sensibilisation de la s\u00e9curit\u00e9 routi\u00e8re dans des \u00e9coles du cycle primaire et coll\u00e9gial. L\u2019occasion de sensibiliser les jeunes sur la valeur de la s\u00e9curit\u00e9 gr\u00e2ce \u00e0 une campagne de sensibilisation. Pour ce qui est de Khouribga, Alsa a \u00e9largi cette m\u00eame campagne aux enfants du primaire.<\/p>\n<p>&nbsp;<\/p>\n<p>Rappelons que Alsa a toujours plac\u00e9 la s\u00e9curit\u00e9 de ses clients et clientes ainsi que de ses \u00a0collaborateurs et collaboratrices parmi ses plus grandes priorit\u00e9s. Pour preuve\u00a0: la contribution active \u00e0 la \u00ab Semaine de la S\u00e9curit\u00e9 routi\u00e8re \u00bb qui t\u00e9moigne de la volont\u00e9 du groupe d\u2019\u00eatre le transporteur urbain le plus s\u00fbr et s\u00e9curis\u00e9 pour ses conducteur.trice.s et ses client.e.s et d\u2019atteindre son ambition d\u2019obtenir \u00ab Z\u00e9ro accident sur les trajets \u00bb.<\/p>\n<p>&nbsp;<\/p>\n<h4><strong><em>\u00c0 propos d\u2019Alsa Al baida<\/em><\/strong><\/h4>\n<p>Alsa Al Baida est, depuis novembre 2019, le d\u00e9l\u00e9gataire de la gestion des bus dans le territoire de l&rsquo;\u00c9tablissement de Coop\u00e9ration Intercommunale (ECI) Al Baida, qui repr\u00e9sente 18 communes. L\u2019entreprise est le fruit de la signature d\u2019un contrat de gestion d\u00e9l\u00e9gu\u00e9e de 10 ans entre l\u2019ECI et Alsa Maroc, filiale du Groupe Alsa Transport SA et de Alsa Grupo.<\/p>\n<p>Alsa (Autom\u00f3viles Luarca SA), du groupe National express, est l\u2019op\u00e9rateur leader dans le secteur du transport de voyageurs en Espagne, d\u00e9tenant plus de 100 ans d\u2019exp\u00e9rience. L\u2019op\u00e9rateur de transport public international par autobus, autocars et chemins de fer est pr\u00e9sent au Royaume-Uni, en Europe Continental, en Am\u00e9rique du Nord, au Maroc et au Moyen-Orient.<\/p>\n<p>Au Maroc, ALSA est pr\u00e9sente dans le transport urbain, touristique, personnel et scolaire, dans 6 grandes villes du Maroc : Marrakech, Agadir, Tanger, Khouribga, Rabat et Casablanca.<\/p>\n","protected":false},"excerpt":{"rendered":"<p>Alsa consolide son engagement envers sa communaut\u00e9 et s\u2019investit dans la sensibilisation et l\u2019\u00e9ducation routi\u00e8re<\/p>\n","protected":false},"author":1,"featured_media":2457,"comment_status":"open","ping_status":"open","sticky":false,"template":"","format":"standard","meta":{"_acf_changed":false,"footnotes":""},"categories":[1,3],"tags":[15],"class_list":["post-2456","post","type-post","status-publish","format-standard","has-post-thumbnail","hentry","category-non-classe","category-nouvelles-selectionnees","tag-alsa"],"acf":[],"yoast_head":"<!-- This site is optimized with the Yoast SEO plugin v22.0 - https:\/\/yoast.com\/wordpress\/plugins\/seo\/ -->\n<title>S\u00e9curit\u00e9 routi\u00e8re. Alsa s\u2019investit dans la sensibilisation et la formation des plus jeunes - MEDIA PLATEFORME | FR<\/title>\n<meta name=\"description\" content=\"Alsa consolide son engagement envers sa communaut\u00e9 et s\u2019investit dans la sensibilisation et l\u2019\u00e9ducation routi\u00e8re des jeunes. Ainsi,\" \/>\n<meta name=\"robots\" content=\"index, follow, max-snippet:-1, max-image-preview:large, max-video-preview:-1\" \/>\n<link rel=\"canonical\" href=\"https:\/\/www.mediaplateforme.com\/fr\/securite-routiere-alsa-sinvestit-dans-la-sensibilisation-et-la-formation-des-plus-jeunes\/\" \/>\n<meta property=\"og:locale\" content=\"fr_FR\" \/>\n<meta property=\"og:type\" content=\"article\" \/>\n<meta property=\"og:title\" content=\"S\u00e9curit\u00e9 routi\u00e8re. Alsa s\u2019investit dans la sensibilisation et la formation des plus jeunes - MEDIA PLATEFORME | FR\" \/>\n<meta property=\"og:description\" content=\"Alsa consolide son engagement envers sa communaut\u00e9 et s\u2019investit dans la sensibilisation et l\u2019\u00e9ducation routi\u00e8re des jeunes. Ainsi,\" \/>\n<meta property=\"og:url\" content=\"https:\/\/www.mediaplateforme.com\/fr\/securite-routiere-alsa-sinvestit-dans-la-sensibilisation-et-la-formation-des-plus-jeunes\/\" \/>\n<meta property=\"og:site_name\" content=\"MEDIA PLATEFORME | FR\" \/>\n<meta property=\"article:published_time\" content=\"2023-03-17T14:28:29+00:00\" \/>\n<meta property=\"og:image\" content=\"https:\/\/www.mediaplateforme.com\/fr\/wp-content\/uploads\/sites\/5\/2023\/03\/Ecole-de-la-securite-routiere-Alsa-2.jpeg\" \/>\n\t<meta property=\"og:image:width\" content=\"1600\" \/>\n\t<meta property=\"og:image:height\" content=\"901\" \/>\n\t<meta property=\"og:image:type\" content=\"image\/jpeg\" \/>\n<meta name=\"author\" content=\"Mediaplateforme\" \/>\n<meta name=\"twitter:card\" content=\"summary_large_image\" \/>\n<meta name=\"twitter:label1\" content=\"\u00c9crit par\" \/>\n\t<meta name=\"twitter:data1\" content=\"Mediaplateforme\" \/>\n\t<meta name=\"twitter:label2\" content=\"Dur\u00e9e de lecture estim\u00e9e\" \/>\n\t<meta name=\"twitter:data2\" content=\"6 minutes\" \/>\n<script type=\"application\/ld+json\" class=\"yoast-schema-graph\">{\"@context\":\"https:\/\/schema.org\",\"@graph\":[{\"@type\":\"WebPage\",\"@id\":\"https:\/\/www.mediaplateforme.com\/fr\/securite-routiere-alsa-sinvestit-dans-la-sensibilisation-et-la-formation-des-plus-jeunes\/\",\"url\":\"https:\/\/www.mediaplateforme.com\/fr\/securite-routiere-alsa-sinvestit-dans-la-sensibilisation-et-la-formation-des-plus-jeunes\/\",\"name\":\"S\u00e9curit\u00e9 routi\u00e8re. Alsa s\u2019investit dans la sensibilisation et la formation des plus jeunes - MEDIA PLATEFORME | FR\",\"isPartOf\":{\"@id\":\"https:\/\/www.mediaplateforme.com\/fr\/#website\"},\"datePublished\":\"2023-03-17T14:28:29+00:00\",\"dateModified\":\"2023-03-17T14:28:29+00:00\",\"author\":{\"@id\":\"https:\/\/www.mediaplateforme.com\/fr\/#\/schema\/person\/89833db382b5db2c76b094bc902aa12a\"},\"description\":\"Alsa consolide son engagement envers sa communaut\u00e9 et s\u2019investit dans la sensibilisation et l\u2019\u00e9ducation routi\u00e8re des jeunes. Ainsi,\",\"breadcrumb\":{\"@id\":\"https:\/\/www.mediaplateforme.com\/fr\/securite-routiere-alsa-sinvestit-dans-la-sensibilisation-et-la-formation-des-plus-jeunes\/#breadcrumb\"},\"inLanguage\":\"fr-FR\",\"potentialAction\":[{\"@type\":\"ReadAction\",\"target\":[\"https:\/\/www.mediaplateforme.com\/fr\/securite-routiere-alsa-sinvestit-dans-la-sensibilisation-et-la-formation-des-plus-jeunes\/\"]}]},{\"@type\":\"BreadcrumbList\",\"@id\":\"https:\/\/www.mediaplateforme.com\/fr\/securite-routiere-alsa-sinvestit-dans-la-sensibilisation-et-la-formation-des-plus-jeunes\/#breadcrumb\",\"itemListElement\":[{\"@type\":\"ListItem\",\"position\":1,\"name\":\"\u0627\u0644\u0631\u0626\u064a\u0633\u064a\u0629\",\"item\":\"https:\/\/www.mediaplateforme.com\/fr\/\"},{\"@type\":\"ListItem\",\"position\":2,\"name\":\"S\u00e9curit\u00e9 routi\u00e8re. Alsa s\u2019investit dans la sensibilisation et la formation des plus jeunes\"}]},{\"@type\":\"WebSite\",\"@id\":\"https:\/\/www.mediaplateforme.com\/fr\/#website\",\"url\":\"https:\/\/www.mediaplateforme.com\/fr\/\",\"name\":\"MEDIA PLATEFORME | FR\",\"description\":\"Mediaplateforme sp\u00e9cialis\u00e9 dans la communication institutions publiques et des entreprises\",\"potentialAction\":[{\"@type\":\"SearchAction\",\"target\":{\"@type\":\"EntryPoint\",\"urlTemplate\":\"https:\/\/www.mediaplateforme.com\/fr\/?s={search_term_string}\"},\"query-input\":\"required name=search_term_string\"}],\"inLanguage\":\"fr-FR\"},{\"@type\":\"Person\",\"@id\":\"https:\/\/www.mediaplateforme.com\/fr\/#\/schema\/person\/89833db382b5db2c76b094bc902aa12a\",\"name\":\"Mediaplateforme\",\"image\":{\"@type\":\"ImageObject\",\"inLanguage\":\"fr-FR\",\"@id\":\"https:\/\/www.mediaplateforme.com\/fr\/#\/schema\/person\/image\/\",\"url\":\"https:\/\/secure.gravatar.com\/avatar\/6c9c02e8928cc65d54bf75157f7b3a2d06d7ad0494ca0951f679552ff03b34c1?s=96&d=mm&r=g\",\"contentUrl\":\"https:\/\/secure.gravatar.com\/avatar\/6c9c02e8928cc65d54bf75157f7b3a2d06d7ad0494ca0951f679552ff03b34c1?s=96&d=mm&r=g\",\"caption\":\"Mediaplateforme\"},\"sameAs\":[\"https:\/\/www.mediaplateforme.com\"],\"url\":\"https:\/\/www.mediaplateforme.com\/fr\/author\/mohamedladib\/\"}]}<\/script>\n<!-- \/ Yoast SEO plugin. -->","yoast_head_json":{"title":"S\u00e9curit\u00e9 routi\u00e8re. Alsa s\u2019investit dans la sensibilisation et la formation des plus jeunes - MEDIA PLATEFORME | FR","description":"Alsa consolide son engagement envers sa communaut\u00e9 et s\u2019investit dans la sensibilisation et l\u2019\u00e9ducation routi\u00e8re des jeunes. Ainsi,","robots":{"index":"index","follow":"follow","max-snippet":"max-snippet:-1","max-image-preview":"max-image-preview:large","max-video-preview":"max-video-preview:-1"},"canonical":"https:\/\/www.mediaplateforme.com\/fr\/securite-routiere-alsa-sinvestit-dans-la-sensibilisation-et-la-formation-des-plus-jeunes\/","og_locale":"fr_FR","og_type":"article","og_title":"S\u00e9curit\u00e9 routi\u00e8re. Alsa s\u2019investit dans la sensibilisation et la formation des plus jeunes - MEDIA PLATEFORME | FR","og_description":"Alsa consolide son engagement envers sa communaut\u00e9 et s\u2019investit dans la sensibilisation et l\u2019\u00e9ducation routi\u00e8re des jeunes. Ainsi,","og_url":"https:\/\/www.mediaplateforme.com\/fr\/securite-routiere-alsa-sinvestit-dans-la-sensibilisation-et-la-formation-des-plus-jeunes\/","og_site_name":"MEDIA PLATEFORME | FR","article_published_time":"2023-03-17T14:28:29+00:00","og_image":[{"width":1600,"height":901,"url":"https:\/\/www.mediaplateforme.com\/fr\/wp-content\/uploads\/sites\/5\/2023\/03\/Ecole-de-la-securite-routiere-Alsa-2.jpeg","type":"image\/jpeg"}],"author":"Mediaplateforme","twitter_card":"summary_large_image","twitter_misc":{"\u00c9crit par":"Mediaplateforme","Dur\u00e9e de lecture estim\u00e9e":"6 minutes"},"schema":{"@context":"https:\/\/schema.org","@graph":[{"@type":"WebPage","@id":"https:\/\/www.mediaplateforme.com\/fr\/securite-routiere-alsa-sinvestit-dans-la-sensibilisation-et-la-formation-des-plus-jeunes\/","url":"https:\/\/www.mediaplateforme.com\/fr\/securite-routiere-alsa-sinvestit-dans-la-sensibilisation-et-la-formation-des-plus-jeunes\/","name":"S\u00e9curit\u00e9 routi\u00e8re. Alsa s\u2019investit dans la sensibilisation et la formation des plus jeunes - MEDIA PLATEFORME | FR","isPartOf":{"@id":"https:\/\/www.mediaplateforme.com\/fr\/#website"},"datePublished":"2023-03-17T14:28:29+00:00","dateModified":"2023-03-17T14:28:29+00:00","author":{"@id":"https:\/\/www.mediaplateforme.com\/fr\/#\/schema\/person\/89833db382b5db2c76b094bc902aa12a"},"description":"Alsa consolide son engagement envers sa communaut\u00e9 et s\u2019investit dans la sensibilisation et l\u2019\u00e9ducation routi\u00e8re des jeunes. Ainsi,","breadcrumb":{"@id":"https:\/\/www.mediaplateforme.com\/fr\/securite-routiere-alsa-sinvestit-dans-la-sensibilisation-et-la-formation-des-plus-jeunes\/#breadcrumb"},"inLanguage":"fr-FR","potentialAction":[{"@type":"ReadAction","target":["https:\/\/www.mediaplateforme.com\/fr\/securite-routiere-alsa-sinvestit-dans-la-sensibilisation-et-la-formation-des-plus-jeunes\/"]}]},{"@type":"BreadcrumbList","@id":"https:\/\/www.mediaplateforme.com\/fr\/securite-routiere-alsa-sinvestit-dans-la-sensibilisation-et-la-formation-des-plus-jeunes\/#breadcrumb","itemListElement":[{"@type":"ListItem","position":1,"name":"\u0627\u0644\u0631\u0626\u064a\u0633\u064a\u0629","item":"https:\/\/www.mediaplateforme.com\/fr\/"},{"@type":"ListItem","position":2,"name":"S\u00e9curit\u00e9 routi\u00e8re. Alsa s\u2019investit dans la sensibilisation et la formation des plus jeunes"}]},{"@type":"WebSite","@id":"https:\/\/www.mediaplateforme.com\/fr\/#website","url":"https:\/\/www.mediaplateforme.com\/fr\/","name":"MEDIA PLATEFORME | FR","description":"Mediaplateforme sp\u00e9cialis\u00e9 dans la communication institutions publiques et des entreprises","potentialAction":[{"@type":"SearchAction","target":{"@type":"EntryPoint","urlTemplate":"https:\/\/www.mediaplateforme.com\/fr\/?s={search_term_string}"},"query-input":"required name=search_term_string"}],"inLanguage":"fr-FR"},{"@type":"Person","@id":"https:\/\/www.mediaplateforme.com\/fr\/#\/schema\/person\/89833db382b5db2c76b094bc902aa12a","name":"Mediaplateforme","image":{"@type":"ImageObject","inLanguage":"fr-FR","@id":"https:\/\/www.mediaplateforme.com\/fr\/#\/schema\/person\/image\/","url":"https:\/\/secure.gravatar.com\/avatar\/6c9c02e8928cc65d54bf75157f7b3a2d06d7ad0494ca0951f679552ff03b34c1?s=96&d=mm&r=g","contentUrl":"https:\/\/secure.gravatar.com\/avatar\/6c9c02e8928cc65d54bf75157f7b3a2d06d7ad0494ca0951f679552ff03b34c1?s=96&d=mm&r=g","caption":"Mediaplateforme"},"sameAs":["https:\/\/www.mediaplateforme.com"],"url":"https:\/\/www.mediaplateforme.com\/fr\/author\/mohamedladib\/"}]}},"_links":{"self":[{"href":"https:\/\/www.mediaplateforme.com\/fr\/wp-json\/wp\/v2\/posts\/2456","targetHints":{"allow":["GET"]}}],"collection":[{"href":"https:\/\/www.mediaplateforme.com\/fr\/wp-json\/wp\/v2\/posts"}],"about":[{"href":"https:\/\/www.mediaplateforme.com\/fr\/wp-json\/wp\/v2\/types\/post"}],"author":[{"embeddable":true,"href":"https:\/\/www.mediaplateforme.com\/fr\/wp-json\/wp\/v2\/users\/1"}],"replies":[{"embeddable":true,"href":"https:\/\/www.mediaplateforme.com\/fr\/wp-json\/wp\/v2\/comments?post=2456"}],"version-history":[{"count":1,"href":"https:\/\/www.mediaplateforme.com\/fr\/wp-json\/wp\/v2\/posts\/2456\/revisions"}],"predecessor-version":[{"id":2458,"href":"https:\/\/www.mediaplateforme.com\/fr\/wp-json\/wp\/v2\/posts\/2456\/revisions\/2458"}],"wp:featuredmedia":[{"embeddable":true,"href":"https:\/\/www.mediaplateforme.com\/fr\/wp-json\/wp\/v2\/media\/2457"}],"wp:attachment":[{"href":"https:\/\/www.mediaplateforme.com\/fr\/wp-json\/wp\/v2\/media?parent=2456"}],"wp:term":[{"taxonomy":"category","embeddable":true,"href":"https:\/\/www.mediaplateforme.com\/fr\/wp-json\/wp\/v2\/categories?post=2456"},{"taxonomy":"post_tag","embeddable":true,"href":"https:\/\/www.mediaplateforme.com\/fr\/wp-json\/wp\/v2\/tags?post=2456"}],"curies":[{"name":"wp","href":"https:\/\/api.w.org\/{rel}","templated":true}]}}