{"id":2450,"date":"2023-03-16T17:20:29","date_gmt":"2023-03-16T16:20:29","guid":{"rendered":"https:\/\/www.mediaplateforme.com\/fr\/?p=2450"},"modified":"2023-03-16T17:20:29","modified_gmt":"2023-03-16T16:20:29","slug":"la-ram-deploie-des-vols-exceptionnels-pour-les-operations-du-hajj-et-omra-2023","status":"publish","type":"post","link":"https:\/\/www.mediaplateforme.com\/fr\/la-ram-deploie-des-vols-exceptionnels-pour-les-operations-du-hajj-et-omra-2023\/","title":{"rendered":"La RAM d\u00e9ploie des vols exceptionnels pour les op\u00e9rations du Hajj et Omra 2023"},"content":{"rendered":"<p>Pour couvrir les demandes des p\u00e8lerins pour le Hajj et Omra, Royal Air Maroc annonce une programmation de plus de 61 000 si\u00e8ges et un renforcement de la flotte par l\u2019affr\u00e9tement de 3 avions.<\/p>\n<p>Pour assurer la demande pour la saison Omra et Hajj 2023, Royal Air Maroc mobilise ses ressources humaines et mat\u00e9rielles pour r\u00e9ussir le d\u00e9placement des p\u00e8lerins vers les Lieux Saints.<\/p>\n<p>La Compagnie Nationale met en place un programme de vols offrant plus de 61.000 si\u00e8ges sur une centaine de vols reliant plusieurs villes marocaines \u00e0 Jeddah et M\u00e9dine.<\/p>\n<p>Pour l\u2019op\u00e9ration Omra du Ramadan qui s\u2019\u00e9tend du 18 mars au 04 mai, Royal Air Maroc programmera 28.000 si\u00e8ges sur des vols op\u00e9r\u00e9s par ses avions ainsi que par un appareil gros porteur affr\u00e9t\u00e9, d\u2019une capacit\u00e9 de 436 si\u00e8ges.<\/p>\n<p>Les vols directs seront programm\u00e9s au d\u00e9part des a\u00e9roports marocains suivants : Casablanca, Rabat, Tanger, Oujda, Fez, Marrakech et Agadir \u00e0 destination de Jeddah et M\u00e9dine.<\/p>\n<p>De m\u00eame pour l\u2019op\u00e9ration Hajj 2023, qui durera du 02 juin au 22 juillet (phase aller du 02 juin au 22 juin et phase retour du 02 juillet au 22 juillet), Royal Air Maroc a programm\u00e9 une capacit\u00e9 de 33.000 si\u00e8ges sur 54 vols op\u00e9r\u00e9s par les avions de la Compagnie ainsi que par deux appareils gros porteurs affr\u00e9t\u00e9s, d\u2019une capacit\u00e9 moyenne de 350 si\u00e8ges chacun. Les trois avions gros porteurs suppl\u00e9mentaires ont \u00e9t\u00e9 affr\u00e9t\u00e9s aupr\u00e8s de compagnies de renomm\u00e9e internationale.<\/p>\n<p>Ces appareils de derni\u00e8re g\u00e9n\u00e9ration sont s\u00e9lectionn\u00e9s selon les crit\u00e8res de s\u00e9curit\u00e9 et de confort impos\u00e9s par Royal Air Maroc. \u00ab\u00a0Leur mise \u00e0 disposition r\u00e9pond \u00e0 un processus rigoureux respectueux des r\u00e9glementations et normes approuv\u00e9s par les autorit\u00e9s d\u2019aviation civile des pays o\u00f9 ils op\u00e8rent\u00a0\u00bb, indique RAM dans son communiqu\u00e9.<\/p>\n<p>Outre le renforcement de la flotte, et afin de r\u00e9ussir ces op\u00e9rations qui rev\u00eatent un caract\u00e8re religieux d\u2019une grande importance pour les Marocains, Royal Air Maroc a mis en place un dispositif de renfort sp\u00e9cial pour permettre aux p\u00e8lerins de se d\u00e9placer dans les meilleures conditions.<\/p>\n<p>La compagnie a ainsi renforc\u00e9 les ressources humaines notamment au niveau des a\u00e9roports marocains ainsi que sur Mekka, Jeddah et M\u00e9dine (au niveau des a\u00e9roports et des h\u00f4tels entre autres) pour assister les p\u00e8lerins marocains et leur faciliter les d\u00e9marches et proc\u00e9dures relatives au transport.<\/p>\n","protected":false},"excerpt":{"rendered":"<p>Pour couvrir les demandes des p\u00e8lerins pour le Hajj et Omra, Royal Air Maroc annonce<\/p>\n","protected":false},"author":1,"featured_media":2451,"comment_status":"open","ping_status":"open","sticky":false,"template":"","format":"standard","meta":{"_acf_changed":false,"footnotes":""},"categories":[2,3],"tags":[738,183],"class_list":["post-2450","post","type-post","status-publish","format-standard","has-post-thumbnail","hentry","category-nouvelles","category-nouvelles-selectionnees","tag-hajj-et-omra","tag-royal-air-maroc"],"acf":[],"yoast_head":"<!-- This site is optimized with the Yoast SEO plugin v22.0 - https:\/\/yoast.com\/wordpress\/plugins\/seo\/ -->\n<title>La RAM d\u00e9ploie des vols exceptionnels pour les op\u00e9rations du Hajj et Omra 2023 - MEDIA PLATEFORME | FR<\/title>\n<meta name=\"description\" content=\"Pour couvrir les demandes des p\u00e8lerins pour le Hajj et Omra, Royal Air Maroc annonce une programmation de plus de 61 000 si\u00e8ges et un\" \/>\n<meta name=\"robots\" content=\"index, follow, max-snippet:-1, max-image-preview:large, max-video-preview:-1\" \/>\n<link rel=\"canonical\" href=\"https:\/\/www.mediaplateforme.com\/fr\/la-ram-deploie-des-vols-exceptionnels-pour-les-operations-du-hajj-et-omra-2023\/\" \/>\n<meta property=\"og:locale\" content=\"fr_FR\" \/>\n<meta property=\"og:type\" content=\"article\" \/>\n<meta property=\"og:title\" content=\"La RAM d\u00e9ploie des vols exceptionnels pour les op\u00e9rations du Hajj et Omra 2023 - MEDIA PLATEFORME | FR\" \/>\n<meta property=\"og:description\" content=\"Pour couvrir les demandes des p\u00e8lerins pour le Hajj et Omra, Royal Air Maroc annonce une programmation de plus de 61 000 si\u00e8ges et un\" \/>\n<meta property=\"og:url\" content=\"https:\/\/www.mediaplateforme.com\/fr\/la-ram-deploie-des-vols-exceptionnels-pour-les-operations-du-hajj-et-omra-2023\/\" \/>\n<meta property=\"og:site_name\" content=\"MEDIA PLATEFORME | FR\" \/>\n<meta property=\"article:published_time\" content=\"2023-03-16T16:20:29+00:00\" \/>\n<meta property=\"og:image\" content=\"https:\/\/www.mediaplateforme.com\/fr\/wp-content\/uploads\/sites\/5\/2023\/03\/ram-hajj.jpg\" \/>\n\t<meta property=\"og:image:width\" content=\"780\" \/>\n\t<meta property=\"og:image:height\" content=\"468\" \/>\n\t<meta property=\"og:image:type\" content=\"image\/jpeg\" \/>\n<meta name=\"author\" content=\"Mediaplateforme\" \/>\n<meta name=\"twitter:card\" content=\"summary_large_image\" \/>\n<meta name=\"twitter:label1\" content=\"\u00c9crit par\" \/>\n\t<meta name=\"twitter:data1\" content=\"Mediaplateforme\" \/>\n\t<meta name=\"twitter:label2\" content=\"Dur\u00e9e de lecture estim\u00e9e\" \/>\n\t<meta name=\"twitter:data2\" content=\"2 minutes\" \/>\n<script type=\"application\/ld+json\" class=\"yoast-schema-graph\">{\"@context\":\"https:\/\/schema.org\",\"@graph\":[{\"@type\":\"WebPage\",\"@id\":\"https:\/\/www.mediaplateforme.com\/fr\/la-ram-deploie-des-vols-exceptionnels-pour-les-operations-du-hajj-et-omra-2023\/\",\"url\":\"https:\/\/www.mediaplateforme.com\/fr\/la-ram-deploie-des-vols-exceptionnels-pour-les-operations-du-hajj-et-omra-2023\/\",\"name\":\"La RAM d\u00e9ploie des vols exceptionnels pour les op\u00e9rations du Hajj et Omra 2023 - MEDIA PLATEFORME | FR\",\"isPartOf\":{\"@id\":\"https:\/\/www.mediaplateforme.com\/fr\/#website\"},\"datePublished\":\"2023-03-16T16:20:29+00:00\",\"dateModified\":\"2023-03-16T16:20:29+00:00\",\"author\":{\"@id\":\"https:\/\/www.mediaplateforme.com\/fr\/#\/schema\/person\/89833db382b5db2c76b094bc902aa12a\"},\"description\":\"Pour couvrir les demandes des p\u00e8lerins pour le Hajj et Omra, Royal Air Maroc annonce une programmation de plus de 61 000 si\u00e8ges et un\",\"breadcrumb\":{\"@id\":\"https:\/\/www.mediaplateforme.com\/fr\/la-ram-deploie-des-vols-exceptionnels-pour-les-operations-du-hajj-et-omra-2023\/#breadcrumb\"},\"inLanguage\":\"fr-FR\",\"potentialAction\":[{\"@type\":\"ReadAction\",\"target\":[\"https:\/\/www.mediaplateforme.com\/fr\/la-ram-deploie-des-vols-exceptionnels-pour-les-operations-du-hajj-et-omra-2023\/\"]}]},{\"@type\":\"BreadcrumbList\",\"@id\":\"https:\/\/www.mediaplateforme.com\/fr\/la-ram-deploie-des-vols-exceptionnels-pour-les-operations-du-hajj-et-omra-2023\/#breadcrumb\",\"itemListElement\":[{\"@type\":\"ListItem\",\"position\":1,\"name\":\"\u0627\u0644\u0631\u0626\u064a\u0633\u064a\u0629\",\"item\":\"https:\/\/www.mediaplateforme.com\/fr\/\"},{\"@type\":\"ListItem\",\"position\":2,\"name\":\"La RAM d\u00e9ploie des vols exceptionnels pour les op\u00e9rations du Hajj et Omra 2023\"}]},{\"@type\":\"WebSite\",\"@id\":\"https:\/\/www.mediaplateforme.com\/fr\/#website\",\"url\":\"https:\/\/www.mediaplateforme.com\/fr\/\",\"name\":\"MEDIA PLATEFORME | FR\",\"description\":\"Mediaplateforme sp\u00e9cialis\u00e9 dans la communication institutions publiques et des entreprises\",\"potentialAction\":[{\"@type\":\"SearchAction\",\"target\":{\"@type\":\"EntryPoint\",\"urlTemplate\":\"https:\/\/www.mediaplateforme.com\/fr\/?s={search_term_string}\"},\"query-input\":\"required name=search_term_string\"}],\"inLanguage\":\"fr-FR\"},{\"@type\":\"Person\",\"@id\":\"https:\/\/www.mediaplateforme.com\/fr\/#\/schema\/person\/89833db382b5db2c76b094bc902aa12a\",\"name\":\"Mediaplateforme\",\"image\":{\"@type\":\"ImageObject\",\"inLanguage\":\"fr-FR\",\"@id\":\"https:\/\/www.mediaplateforme.com\/fr\/#\/schema\/person\/image\/\",\"url\":\"https:\/\/secure.gravatar.com\/avatar\/6c9c02e8928cc65d54bf75157f7b3a2d06d7ad0494ca0951f679552ff03b34c1?s=96&d=mm&r=g\",\"contentUrl\":\"https:\/\/secure.gravatar.com\/avatar\/6c9c02e8928cc65d54bf75157f7b3a2d06d7ad0494ca0951f679552ff03b34c1?s=96&d=mm&r=g\",\"caption\":\"Mediaplateforme\"},\"sameAs\":[\"https:\/\/www.mediaplateforme.com\"],\"url\":\"https:\/\/www.mediaplateforme.com\/fr\/author\/mohamedladib\/\"}]}<\/script>\n<!-- \/ Yoast SEO plugin. -->","yoast_head_json":{"title":"La RAM d\u00e9ploie des vols exceptionnels pour les op\u00e9rations du Hajj et Omra 2023 - MEDIA PLATEFORME | FR","description":"Pour couvrir les demandes des p\u00e8lerins pour le Hajj et Omra, Royal Air Maroc annonce une programmation de plus de 61 000 si\u00e8ges et un","robots":{"index":"index","follow":"follow","max-snippet":"max-snippet:-1","max-image-preview":"max-image-preview:large","max-video-preview":"max-video-preview:-1"},"canonical":"https:\/\/www.mediaplateforme.com\/fr\/la-ram-deploie-des-vols-exceptionnels-pour-les-operations-du-hajj-et-omra-2023\/","og_locale":"fr_FR","og_type":"article","og_title":"La RAM d\u00e9ploie des vols exceptionnels pour les op\u00e9rations du Hajj et Omra 2023 - MEDIA PLATEFORME | FR","og_description":"Pour couvrir les demandes des p\u00e8lerins pour le Hajj et Omra, Royal Air Maroc annonce une programmation de plus de 61 000 si\u00e8ges et un","og_url":"https:\/\/www.mediaplateforme.com\/fr\/la-ram-deploie-des-vols-exceptionnels-pour-les-operations-du-hajj-et-omra-2023\/","og_site_name":"MEDIA PLATEFORME | FR","article_published_time":"2023-03-16T16:20:29+00:00","og_image":[{"width":780,"height":468,"url":"https:\/\/www.mediaplateforme.com\/fr\/wp-content\/uploads\/sites\/5\/2023\/03\/ram-hajj.jpg","type":"image\/jpeg"}],"author":"Mediaplateforme","twitter_card":"summary_large_image","twitter_misc":{"\u00c9crit par":"Mediaplateforme","Dur\u00e9e de lecture estim\u00e9e":"2 minutes"},"schema":{"@context":"https:\/\/schema.org","@graph":[{"@type":"WebPage","@id":"https:\/\/www.mediaplateforme.com\/fr\/la-ram-deploie-des-vols-exceptionnels-pour-les-operations-du-hajj-et-omra-2023\/","url":"https:\/\/www.mediaplateforme.com\/fr\/la-ram-deploie-des-vols-exceptionnels-pour-les-operations-du-hajj-et-omra-2023\/","name":"La RAM d\u00e9ploie des vols exceptionnels pour les op\u00e9rations du Hajj et Omra 2023 - MEDIA PLATEFORME | FR","isPartOf":{"@id":"https:\/\/www.mediaplateforme.com\/fr\/#website"},"datePublished":"2023-03-16T16:20:29+00:00","dateModified":"2023-03-16T16:20:29+00:00","author":{"@id":"https:\/\/www.mediaplateforme.com\/fr\/#\/schema\/person\/89833db382b5db2c76b094bc902aa12a"},"description":"Pour couvrir les demandes des p\u00e8lerins pour le Hajj et Omra, Royal Air Maroc annonce une programmation de plus de 61 000 si\u00e8ges et un","breadcrumb":{"@id":"https:\/\/www.mediaplateforme.com\/fr\/la-ram-deploie-des-vols-exceptionnels-pour-les-operations-du-hajj-et-omra-2023\/#breadcrumb"},"inLanguage":"fr-FR","potentialAction":[{"@type":"ReadAction","target":["https:\/\/www.mediaplateforme.com\/fr\/la-ram-deploie-des-vols-exceptionnels-pour-les-operations-du-hajj-et-omra-2023\/"]}]},{"@type":"BreadcrumbList","@id":"https:\/\/www.mediaplateforme.com\/fr\/la-ram-deploie-des-vols-exceptionnels-pour-les-operations-du-hajj-et-omra-2023\/#breadcrumb","itemListElement":[{"@type":"ListItem","position":1,"name":"\u0627\u0644\u0631\u0626\u064a\u0633\u064a\u0629","item":"https:\/\/www.mediaplateforme.com\/fr\/"},{"@type":"ListItem","position":2,"name":"La RAM d\u00e9ploie des vols exceptionnels pour les op\u00e9rations du Hajj et Omra 2023"}]},{"@type":"WebSite","@id":"https:\/\/www.mediaplateforme.com\/fr\/#website","url":"https:\/\/www.mediaplateforme.com\/fr\/","name":"MEDIA PLATEFORME | FR","description":"Mediaplateforme sp\u00e9cialis\u00e9 dans la communication institutions publiques et des entreprises","potentialAction":[{"@type":"SearchAction","target":{"@type":"EntryPoint","urlTemplate":"https:\/\/www.mediaplateforme.com\/fr\/?s={search_term_string}"},"query-input":"required name=search_term_string"}],"inLanguage":"fr-FR"},{"@type":"Person","@id":"https:\/\/www.mediaplateforme.com\/fr\/#\/schema\/person\/89833db382b5db2c76b094bc902aa12a","name":"Mediaplateforme","image":{"@type":"ImageObject","inLanguage":"fr-FR","@id":"https:\/\/www.mediaplateforme.com\/fr\/#\/schema\/person\/image\/","url":"https:\/\/secure.gravatar.com\/avatar\/6c9c02e8928cc65d54bf75157f7b3a2d06d7ad0494ca0951f679552ff03b34c1?s=96&d=mm&r=g","contentUrl":"https:\/\/secure.gravatar.com\/avatar\/6c9c02e8928cc65d54bf75157f7b3a2d06d7ad0494ca0951f679552ff03b34c1?s=96&d=mm&r=g","caption":"Mediaplateforme"},"sameAs":["https:\/\/www.mediaplateforme.com"],"url":"https:\/\/www.mediaplateforme.com\/fr\/author\/mohamedladib\/"}]}},"_links":{"self":[{"href":"https:\/\/www.mediaplateforme.com\/fr\/wp-json\/wp\/v2\/posts\/2450","targetHints":{"allow":["GET"]}}],"collection":[{"href":"https:\/\/www.mediaplateforme.com\/fr\/wp-json\/wp\/v2\/posts"}],"about":[{"href":"https:\/\/www.mediaplateforme.com\/fr\/wp-json\/wp\/v2\/types\/post"}],"author":[{"embeddable":true,"href":"https:\/\/www.mediaplateforme.com\/fr\/wp-json\/wp\/v2\/users\/1"}],"replies":[{"embeddable":true,"href":"https:\/\/www.mediaplateforme.com\/fr\/wp-json\/wp\/v2\/comments?post=2450"}],"version-history":[{"count":1,"href":"https:\/\/www.mediaplateforme.com\/fr\/wp-json\/wp\/v2\/posts\/2450\/revisions"}],"predecessor-version":[{"id":2452,"href":"https:\/\/www.mediaplateforme.com\/fr\/wp-json\/wp\/v2\/posts\/2450\/revisions\/2452"}],"wp:featuredmedia":[{"embeddable":true,"href":"https:\/\/www.mediaplateforme.com\/fr\/wp-json\/wp\/v2\/media\/2451"}],"wp:attachment":[{"href":"https:\/\/www.mediaplateforme.com\/fr\/wp-json\/wp\/v2\/media?parent=2450"}],"wp:term":[{"taxonomy":"category","embeddable":true,"href":"https:\/\/www.mediaplateforme.com\/fr\/wp-json\/wp\/v2\/categories?post=2450"},{"taxonomy":"post_tag","embeddable":true,"href":"https:\/\/www.mediaplateforme.com\/fr\/wp-json\/wp\/v2\/tags?post=2450"}],"curies":[{"name":"wp","href":"https:\/\/api.w.org\/{rel}","templated":true}]}}