{"id":2442,"date":"2023-03-15T23:13:07","date_gmt":"2023-03-15T22:13:07","guid":{"rendered":"https:\/\/www.mediaplateforme.com\/fr\/?p=2442"},"modified":"2023-03-15T23:13:55","modified_gmt":"2023-03-15T22:13:55","slug":"condoleances-aux-familles-et-proches-des-victimes-suite-a-laccident-mortel-a-larret-de-tramway-bachkou","status":"publish","type":"post","link":"https:\/\/www.mediaplateforme.com\/fr\/condoleances-aux-familles-et-proches-des-victimes-suite-a-laccident-mortel-a-larret-de-tramway-bachkou\/","title":{"rendered":"Condol\u00e9ances aux familles et proches des victimes suite \u00e0 l\u2019accident mortel \u00e0 l\u2019arr\u00eat de tramway Bachkou"},"content":{"rendered":"<p>Nous avons le profond regret d&rsquo;annoncer qu&rsquo;un tragique accident de la circulation s&rsquo;est produit hier soir, lundi 13 mars 2023, \u00e0 proximit\u00e9 de l&rsquo;arr\u00eat de tramway Bachkou, entra\u00eenant la perte de deux jeunes vies. Dans ces circonstances douloureuses, nous souhaitons exprimer notre plus grande peine et notre profonde tristesse \u00e0 la famille et aux proches des victimes, ainsi qu&rsquo;\u00e0 tous les voyageurs, membres du personnel et leurs familles touch\u00e9s par ce drame.<br \/>\n\u00ab Dans ces circonstances, nous tenons \u00e0 exprimer \u00e0 la famille et aux proches des victimes nos plus grandes condol\u00e9ances et notre profonde tristesse. Nous compatissons \u00e9galement avec les voyageurs du tramway, les membres du personnel et leur famille, encore sous le choc de leurs \u00e9motions \u00bb, a d\u00e9clar\u00e9 Christophe Tenthorey, Directeur G\u00e9n\u00e9ral de RATP Dev Casablanca, op\u00e9rateur de Casatramway.<br \/>\nSelon les premiers \u00e9l\u00e9ments recueillis, un motard aurait perdu le contr\u00f4le de son v\u00e9hicule et aurait chut\u00e9 avec son passager sur les voies de la ligne 1 du tramway. Malheureusement, le tramway en mouvement n&rsquo;a pas pu \u00e9viter l&rsquo;accident. Le conducteur du tramway a imm\u00e9diatement alert\u00e9 les secours et les autorit\u00e9s, qui sont intervenus rapidement sur les lieux. Le conducteur a \u00e9t\u00e9 entendu par la police et a re\u00e7u une assistance psychologique.<br \/>\nNous tenons \u00e0 assurer les familles des victimes, ainsi que l&rsquo;ensemble des Casablancais, de notre engagement total pour comprendre les causes de ce drame et prendre toutes les mesures n\u00e9cessaires pour pr\u00e9venir de tels accidents \u00e0 l&rsquo;avenir. Toutes nos \u00e9quipes restent mobilis\u00e9es pour fournir des informations pr\u00e9cises et \u00e0 jour sur la situation.<br \/>\nEnfin, nous souhaitons remercier chaleureusement les services de secours et d&rsquo;urgence pour leur r\u00e9activit\u00e9 et leur r\u00e9ponse efficace dans cette situation difficile. Nous esp\u00e9rons que les familles et les proches des victimes trouveront du r\u00e9confort et du soutien dans ces moments extr\u00eamement difficiles.<\/p>\n","protected":false},"excerpt":{"rendered":"<p>Nous avons le profond regret d&rsquo;annoncer qu&rsquo;un tragique accident de la circulation s&rsquo;est produit hier<\/p>\n","protected":false},"author":1,"featured_media":1926,"comment_status":"open","ping_status":"open","sticky":false,"template":"","format":"standard","meta":{"_acf_changed":false,"footnotes":""},"categories":[1,2],"tags":[96,735],"class_list":["post-2442","post","type-post","status-publish","format-standard","has-post-thumbnail","hentry","category-non-classe","category-nouvelles","tag-casatramway","tag-ratp-dev-casablanca"],"acf":[],"yoast_head":"<!-- This site is optimized with the Yoast SEO plugin v22.0 - https:\/\/yoast.com\/wordpress\/plugins\/seo\/ -->\n<title>Condol\u00e9ances aux familles et proches des victimes suite \u00e0 l\u2019accident mortel \u00e0 l\u2019arr\u00eat de tramway Bachkou - MEDIA PLATEFORME | FR<\/title>\n<meta name=\"description\" content=\"Nous avons le profond regret d&#039;annoncer qu&#039;un tragique accident de la circulation s&#039;est \u00e0 proximit\u00e9 de l&#039;arr\u00eat de RATP Dev Casablanca\" \/>\n<meta name=\"robots\" content=\"index, follow, max-snippet:-1, max-image-preview:large, max-video-preview:-1\" \/>\n<link rel=\"canonical\" href=\"https:\/\/www.mediaplateforme.com\/fr\/condoleances-aux-familles-et-proches-des-victimes-suite-a-laccident-mortel-a-larret-de-tramway-bachkou\/\" \/>\n<meta property=\"og:locale\" content=\"fr_FR\" \/>\n<meta property=\"og:type\" content=\"article\" \/>\n<meta property=\"og:title\" content=\"Condol\u00e9ances aux familles et proches des victimes suite \u00e0 l\u2019accident mortel \u00e0 l\u2019arr\u00eat de tramway Bachkou - MEDIA PLATEFORME | FR\" \/>\n<meta property=\"og:description\" content=\"Nous avons le profond regret d&#039;annoncer qu&#039;un tragique accident de la circulation s&#039;est \u00e0 proximit\u00e9 de l&#039;arr\u00eat de RATP Dev Casablanca\" \/>\n<meta property=\"og:url\" content=\"https:\/\/www.mediaplateforme.com\/fr\/condoleances-aux-familles-et-proches-des-victimes-suite-a-laccident-mortel-a-larret-de-tramway-bachkou\/\" \/>\n<meta property=\"og:site_name\" content=\"MEDIA PLATEFORME | FR\" \/>\n<meta property=\"article:published_time\" content=\"2023-03-15T22:13:07+00:00\" \/>\n<meta property=\"article:modified_time\" content=\"2023-03-15T22:13:55+00:00\" \/>\n<meta property=\"og:image\" content=\"https:\/\/www.mediaplateforme.com\/fr\/wp-content\/uploads\/sites\/5\/2022\/12\/tramway-de-Casablanca.jpeg\" \/>\n\t<meta property=\"og:image:width\" content=\"750\" \/>\n\t<meta property=\"og:image:height\" content=\"501\" \/>\n\t<meta property=\"og:image:type\" content=\"image\/jpeg\" \/>\n<meta name=\"author\" content=\"Mediaplateforme\" \/>\n<meta name=\"twitter:card\" content=\"summary_large_image\" \/>\n<meta name=\"twitter:label1\" content=\"\u00c9crit par\" \/>\n\t<meta name=\"twitter:data1\" content=\"Mediaplateforme\" \/>\n\t<meta name=\"twitter:label2\" content=\"Dur\u00e9e de lecture estim\u00e9e\" \/>\n\t<meta name=\"twitter:data2\" content=\"2 minutes\" \/>\n<script type=\"application\/ld+json\" class=\"yoast-schema-graph\">{\"@context\":\"https:\/\/schema.org\",\"@graph\":[{\"@type\":\"WebPage\",\"@id\":\"https:\/\/www.mediaplateforme.com\/fr\/condoleances-aux-familles-et-proches-des-victimes-suite-a-laccident-mortel-a-larret-de-tramway-bachkou\/\",\"url\":\"https:\/\/www.mediaplateforme.com\/fr\/condoleances-aux-familles-et-proches-des-victimes-suite-a-laccident-mortel-a-larret-de-tramway-bachkou\/\",\"name\":\"Condol\u00e9ances aux familles et proches des victimes suite \u00e0 l\u2019accident mortel \u00e0 l\u2019arr\u00eat de tramway Bachkou - MEDIA PLATEFORME | FR\",\"isPartOf\":{\"@id\":\"https:\/\/www.mediaplateforme.com\/fr\/#website\"},\"datePublished\":\"2023-03-15T22:13:07+00:00\",\"dateModified\":\"2023-03-15T22:13:55+00:00\",\"author\":{\"@id\":\"https:\/\/www.mediaplateforme.com\/fr\/#\/schema\/person\/89833db382b5db2c76b094bc902aa12a\"},\"description\":\"Nous avons le profond regret d'annoncer qu'un tragique accident de la circulation s'est \u00e0 proximit\u00e9 de l'arr\u00eat de RATP Dev Casablanca\",\"breadcrumb\":{\"@id\":\"https:\/\/www.mediaplateforme.com\/fr\/condoleances-aux-familles-et-proches-des-victimes-suite-a-laccident-mortel-a-larret-de-tramway-bachkou\/#breadcrumb\"},\"inLanguage\":\"fr-FR\",\"potentialAction\":[{\"@type\":\"ReadAction\",\"target\":[\"https:\/\/www.mediaplateforme.com\/fr\/condoleances-aux-familles-et-proches-des-victimes-suite-a-laccident-mortel-a-larret-de-tramway-bachkou\/\"]}]},{\"@type\":\"BreadcrumbList\",\"@id\":\"https:\/\/www.mediaplateforme.com\/fr\/condoleances-aux-familles-et-proches-des-victimes-suite-a-laccident-mortel-a-larret-de-tramway-bachkou\/#breadcrumb\",\"itemListElement\":[{\"@type\":\"ListItem\",\"position\":1,\"name\":\"\u0627\u0644\u0631\u0626\u064a\u0633\u064a\u0629\",\"item\":\"https:\/\/www.mediaplateforme.com\/fr\/\"},{\"@type\":\"ListItem\",\"position\":2,\"name\":\"Condol\u00e9ances aux familles et proches des victimes suite \u00e0 l\u2019accident mortel \u00e0 l\u2019arr\u00eat de tramway Bachkou\"}]},{\"@type\":\"WebSite\",\"@id\":\"https:\/\/www.mediaplateforme.com\/fr\/#website\",\"url\":\"https:\/\/www.mediaplateforme.com\/fr\/\",\"name\":\"MEDIA PLATEFORME | FR\",\"description\":\"Mediaplateforme sp\u00e9cialis\u00e9 dans la communication institutions publiques et des entreprises\",\"potentialAction\":[{\"@type\":\"SearchAction\",\"target\":{\"@type\":\"EntryPoint\",\"urlTemplate\":\"https:\/\/www.mediaplateforme.com\/fr\/?s={search_term_string}\"},\"query-input\":\"required name=search_term_string\"}],\"inLanguage\":\"fr-FR\"},{\"@type\":\"Person\",\"@id\":\"https:\/\/www.mediaplateforme.com\/fr\/#\/schema\/person\/89833db382b5db2c76b094bc902aa12a\",\"name\":\"Mediaplateforme\",\"image\":{\"@type\":\"ImageObject\",\"inLanguage\":\"fr-FR\",\"@id\":\"https:\/\/www.mediaplateforme.com\/fr\/#\/schema\/person\/image\/\",\"url\":\"https:\/\/secure.gravatar.com\/avatar\/6c9c02e8928cc65d54bf75157f7b3a2d06d7ad0494ca0951f679552ff03b34c1?s=96&d=mm&r=g\",\"contentUrl\":\"https:\/\/secure.gravatar.com\/avatar\/6c9c02e8928cc65d54bf75157f7b3a2d06d7ad0494ca0951f679552ff03b34c1?s=96&d=mm&r=g\",\"caption\":\"Mediaplateforme\"},\"sameAs\":[\"https:\/\/www.mediaplateforme.com\"],\"url\":\"https:\/\/www.mediaplateforme.com\/fr\/author\/mohamedladib\/\"}]}<\/script>\n<!-- \/ Yoast SEO plugin. -->","yoast_head_json":{"title":"Condol\u00e9ances aux familles et proches des victimes suite \u00e0 l\u2019accident mortel \u00e0 l\u2019arr\u00eat de tramway Bachkou - MEDIA PLATEFORME | FR","description":"Nous avons le profond regret d'annoncer qu'un tragique accident de la circulation s'est \u00e0 proximit\u00e9 de l'arr\u00eat de RATP Dev Casablanca","robots":{"index":"index","follow":"follow","max-snippet":"max-snippet:-1","max-image-preview":"max-image-preview:large","max-video-preview":"max-video-preview:-1"},"canonical":"https:\/\/www.mediaplateforme.com\/fr\/condoleances-aux-familles-et-proches-des-victimes-suite-a-laccident-mortel-a-larret-de-tramway-bachkou\/","og_locale":"fr_FR","og_type":"article","og_title":"Condol\u00e9ances aux familles et proches des victimes suite \u00e0 l\u2019accident mortel \u00e0 l\u2019arr\u00eat de tramway Bachkou - MEDIA PLATEFORME | FR","og_description":"Nous avons le profond regret d'annoncer qu'un tragique accident de la circulation s'est \u00e0 proximit\u00e9 de l'arr\u00eat de RATP Dev Casablanca","og_url":"https:\/\/www.mediaplateforme.com\/fr\/condoleances-aux-familles-et-proches-des-victimes-suite-a-laccident-mortel-a-larret-de-tramway-bachkou\/","og_site_name":"MEDIA PLATEFORME | FR","article_published_time":"2023-03-15T22:13:07+00:00","article_modified_time":"2023-03-15T22:13:55+00:00","og_image":[{"width":750,"height":501,"url":"https:\/\/www.mediaplateforme.com\/fr\/wp-content\/uploads\/sites\/5\/2022\/12\/tramway-de-Casablanca.jpeg","type":"image\/jpeg"}],"author":"Mediaplateforme","twitter_card":"summary_large_image","twitter_misc":{"\u00c9crit par":"Mediaplateforme","Dur\u00e9e de lecture estim\u00e9e":"2 minutes"},"schema":{"@context":"https:\/\/schema.org","@graph":[{"@type":"WebPage","@id":"https:\/\/www.mediaplateforme.com\/fr\/condoleances-aux-familles-et-proches-des-victimes-suite-a-laccident-mortel-a-larret-de-tramway-bachkou\/","url":"https:\/\/www.mediaplateforme.com\/fr\/condoleances-aux-familles-et-proches-des-victimes-suite-a-laccident-mortel-a-larret-de-tramway-bachkou\/","name":"Condol\u00e9ances aux familles et proches des victimes suite \u00e0 l\u2019accident mortel \u00e0 l\u2019arr\u00eat de tramway Bachkou - MEDIA PLATEFORME | FR","isPartOf":{"@id":"https:\/\/www.mediaplateforme.com\/fr\/#website"},"datePublished":"2023-03-15T22:13:07+00:00","dateModified":"2023-03-15T22:13:55+00:00","author":{"@id":"https:\/\/www.mediaplateforme.com\/fr\/#\/schema\/person\/89833db382b5db2c76b094bc902aa12a"},"description":"Nous avons le profond regret d'annoncer qu'un tragique accident de la circulation s'est \u00e0 proximit\u00e9 de l'arr\u00eat de RATP Dev Casablanca","breadcrumb":{"@id":"https:\/\/www.mediaplateforme.com\/fr\/condoleances-aux-familles-et-proches-des-victimes-suite-a-laccident-mortel-a-larret-de-tramway-bachkou\/#breadcrumb"},"inLanguage":"fr-FR","potentialAction":[{"@type":"ReadAction","target":["https:\/\/www.mediaplateforme.com\/fr\/condoleances-aux-familles-et-proches-des-victimes-suite-a-laccident-mortel-a-larret-de-tramway-bachkou\/"]}]},{"@type":"BreadcrumbList","@id":"https:\/\/www.mediaplateforme.com\/fr\/condoleances-aux-familles-et-proches-des-victimes-suite-a-laccident-mortel-a-larret-de-tramway-bachkou\/#breadcrumb","itemListElement":[{"@type":"ListItem","position":1,"name":"\u0627\u0644\u0631\u0626\u064a\u0633\u064a\u0629","item":"https:\/\/www.mediaplateforme.com\/fr\/"},{"@type":"ListItem","position":2,"name":"Condol\u00e9ances aux familles et proches des victimes suite \u00e0 l\u2019accident mortel \u00e0 l\u2019arr\u00eat de tramway Bachkou"}]},{"@type":"WebSite","@id":"https:\/\/www.mediaplateforme.com\/fr\/#website","url":"https:\/\/www.mediaplateforme.com\/fr\/","name":"MEDIA PLATEFORME | FR","description":"Mediaplateforme sp\u00e9cialis\u00e9 dans la communication institutions publiques et des entreprises","potentialAction":[{"@type":"SearchAction","target":{"@type":"EntryPoint","urlTemplate":"https:\/\/www.mediaplateforme.com\/fr\/?s={search_term_string}"},"query-input":"required name=search_term_string"}],"inLanguage":"fr-FR"},{"@type":"Person","@id":"https:\/\/www.mediaplateforme.com\/fr\/#\/schema\/person\/89833db382b5db2c76b094bc902aa12a","name":"Mediaplateforme","image":{"@type":"ImageObject","inLanguage":"fr-FR","@id":"https:\/\/www.mediaplateforme.com\/fr\/#\/schema\/person\/image\/","url":"https:\/\/secure.gravatar.com\/avatar\/6c9c02e8928cc65d54bf75157f7b3a2d06d7ad0494ca0951f679552ff03b34c1?s=96&d=mm&r=g","contentUrl":"https:\/\/secure.gravatar.com\/avatar\/6c9c02e8928cc65d54bf75157f7b3a2d06d7ad0494ca0951f679552ff03b34c1?s=96&d=mm&r=g","caption":"Mediaplateforme"},"sameAs":["https:\/\/www.mediaplateforme.com"],"url":"https:\/\/www.mediaplateforme.com\/fr\/author\/mohamedladib\/"}]}},"_links":{"self":[{"href":"https:\/\/www.mediaplateforme.com\/fr\/wp-json\/wp\/v2\/posts\/2442","targetHints":{"allow":["GET"]}}],"collection":[{"href":"https:\/\/www.mediaplateforme.com\/fr\/wp-json\/wp\/v2\/posts"}],"about":[{"href":"https:\/\/www.mediaplateforme.com\/fr\/wp-json\/wp\/v2\/types\/post"}],"author":[{"embeddable":true,"href":"https:\/\/www.mediaplateforme.com\/fr\/wp-json\/wp\/v2\/users\/1"}],"replies":[{"embeddable":true,"href":"https:\/\/www.mediaplateforme.com\/fr\/wp-json\/wp\/v2\/comments?post=2442"}],"version-history":[{"count":1,"href":"https:\/\/www.mediaplateforme.com\/fr\/wp-json\/wp\/v2\/posts\/2442\/revisions"}],"predecessor-version":[{"id":2443,"href":"https:\/\/www.mediaplateforme.com\/fr\/wp-json\/wp\/v2\/posts\/2442\/revisions\/2443"}],"wp:featuredmedia":[{"embeddable":true,"href":"https:\/\/www.mediaplateforme.com\/fr\/wp-json\/wp\/v2\/media\/1926"}],"wp:attachment":[{"href":"https:\/\/www.mediaplateforme.com\/fr\/wp-json\/wp\/v2\/media?parent=2442"}],"wp:term":[{"taxonomy":"category","embeddable":true,"href":"https:\/\/www.mediaplateforme.com\/fr\/wp-json\/wp\/v2\/categories?post=2442"},{"taxonomy":"post_tag","embeddable":true,"href":"https:\/\/www.mediaplateforme.com\/fr\/wp-json\/wp\/v2\/tags?post=2442"}],"curies":[{"name":"wp","href":"https:\/\/api.w.org\/{rel}","templated":true}]}}