{"id":2436,"date":"2023-03-14T15:37:31","date_gmt":"2023-03-14T14:37:31","guid":{"rendered":"https:\/\/www.mediaplateforme.com\/fr\/?p=2436"},"modified":"2023-03-14T15:37:31","modified_gmt":"2023-03-14T14:37:31","slug":"latelier-skin-art-lalliance-parfaite-entre-la-medecine-esthetique-et-la-technologie-de-pointe","status":"publish","type":"post","link":"https:\/\/www.mediaplateforme.com\/fr\/latelier-skin-art-lalliance-parfaite-entre-la-medecine-esthetique-et-la-technologie-de-pointe\/","title":{"rendered":"L&rsquo;Atelier Skin Art: l&rsquo;alliance parfaite entre la m\u00e9decine esth\u00e9tique et la technologie de pointe"},"content":{"rendered":"<p style=\"font-weight: 400;\">Dr Maria Kahhak, sp\u00e9cialiste en radiologie et directrice de la Neuroclinique de Casablanca, annonce avec fiert\u00e9 l&rsquo;ouverture de son premier centre d&rsquo;esth\u00e9tique, l&rsquo;Atelier Skin Art, qui propose une large gamme de soins esth\u00e9tiques personnalis\u00e9s pour r\u00e9pondre aux besoins de chaque client, qu&rsquo;il s&rsquo;agisse de femmes ou d&rsquo;hommes.<\/p>\n<p style=\"font-weight: 400;\">\n<p style=\"font-weight: 400;\">La fondatrice de l&rsquo;Atelier Skin Art, la Dr Kahhak, est une professionnelle qualifi\u00e9e et exp\u00e9riment\u00e9e, sp\u00e9cialis\u00e9e dans la m\u00e9decine esth\u00e9tique. Ses certifications par l&rsquo;American Aesthetic Association et par l&rsquo;American Board of Aesthetic Medicine, sont autant de garanties de la qualit\u00e9 sup\u00e9rieure de nos services et du respect des normes m\u00e9dicales les plus \u00e9lev\u00e9es.<\/p>\n<p style=\"font-weight: 400;\">\n<p style=\"font-weight: 400;\">L&rsquo;Atelier Skin Art propose une solution non invasive pour obtenir un corps ferme et tonique. Nos services incluent des soins du corps et du visage qui utilisent des techniques de rajeunissement et de r\u00e9duction de la graisse pour aider \u00e0 obtenir un ventre plat et un corps ferme.<\/p>\n<p style=\"font-weight: 400;\">\n<p style=\"font-weight: 400;\">En plus de proposer des soins pour le visage et le corps, l&rsquo;Atelier Skin Art est \u00e9galement sp\u00e9cialis\u00e9 dans la m\u00e9decine intime et la gyn\u00e9cologie, offrant ainsi une solution s\u00fbre et discr\u00e8te pour les besoins sp\u00e9cifiques de ses clients. En \u00e9troite collaboration avec chaque client, l&rsquo;\u00e9quipe professionnelle de l&rsquo;Atelier Skin Art comprend leurs besoins individuels pour leur fournir des soins esth\u00e9tiques personnalis\u00e9s, adapt\u00e9s \u00e0 leurs objectifs de beaut\u00e9.<\/p>\n<p style=\"font-weight: 400;\">\n<p style=\"font-weight: 400;\">Le centre de beaut\u00e9 l&rsquo;Atelier Skin Art est un lieu qui dispose d&rsquo;une vari\u00e9t\u00e9 de machines et de technologies de pointe pour r\u00e9pondre aux besoins particuliers de chaque client. Cependant, il convient de noter que le centre distingue clairement les actes m\u00e9dicalis\u00e9s et les traitements esth\u00e9tiques purs. Les actes m\u00e9dicalis\u00e9s sont r\u00e9alis\u00e9s dans la clinique pour assurer la s\u00e9curit\u00e9 des patients et le respect des normes m\u00e9dicales, tandis que les traitements esth\u00e9tiques purs sont dispens\u00e9s dans l&rsquo;atelier, qui est sp\u00e9cialement con\u00e7u pour offrir une atmosph\u00e8re d\u00e9tendue et agr\u00e9able \u00e0 ses clients.<\/p>\n<p style=\"font-weight: 400;\">\n<p style=\"font-weight: 400;\">Chez l\u2019Atelier Skin Art, les clients peuvent \u00eatre assur\u00e9s que nos esth\u00e9ticiennes comp\u00e9tentes et qualifi\u00e9es travaillent en \u00e9troite collaboration avec eux pour comprendre leurs besoins individuels et leur fournir des soins personnalis\u00e9s pour atteindre leurs objectifs de beaut\u00e9. Gr\u00e2ce \u00e0 la combinaison de machines et de technologies de pointe ainsi que d&rsquo;un personnel qualifi\u00e9 et attentif, l&rsquo;Atelier Skin Art est un choix id\u00e9al pour toute personne cherchant \u00e0 am\u00e9liorer son apparence et son bien-\u00eatre.<\/p>\n<p style=\"font-weight: 400;\">\n<p style=\"font-weight: 400;\">Nous sommes convaincus que chaque personne est unique et que ses besoins en mati\u00e8re de soins esth\u00e9tiques le sont \u00e9galement. C&rsquo;est pourquoi, nous sommes tr\u00e8s enthousiastes \u00e0 l&rsquo;id\u00e9e de vous accueillir dans nos locaux et de vous aider \u00e0 atteindre vos objectifs de beaut\u00e9.<\/p>\n","protected":false},"excerpt":{"rendered":"<p>Dr Maria Kahhak, sp\u00e9cialiste en radiologie et directrice de la Neuroclinique de Casablanca, annonce avec<\/p>\n","protected":false},"author":1,"featured_media":2437,"comment_status":"open","ping_status":"open","sticky":false,"template":"","format":"standard","meta":{"_acf_changed":false,"footnotes":""},"categories":[1,3],"tags":[734],"class_list":["post-2436","post","type-post","status-publish","format-standard","has-post-thumbnail","hentry","category-non-classe","category-nouvelles-selectionnees","tag-skin-art"],"acf":[],"yoast_head":"<!-- This site is optimized with the Yoast SEO plugin v22.0 - https:\/\/yoast.com\/wordpress\/plugins\/seo\/ -->\n<title>L&#039;Atelier Skin Art: l&#039;alliance parfaite entre la m\u00e9decine esth\u00e9tique et la technologie de pointe - MEDIA PLATEFORME | FR<\/title>\n<meta name=\"description\" content=\"Dr Maria Kahhak, sp\u00e9cialiste en radiologie et directrice de la Neuroclinique de , annonce avec fiert\u00e9 l&#039;ouverture de son premier Skin Art\" \/>\n<meta name=\"robots\" content=\"index, follow, max-snippet:-1, max-image-preview:large, max-video-preview:-1\" \/>\n<link rel=\"canonical\" href=\"https:\/\/www.mediaplateforme.com\/fr\/latelier-skin-art-lalliance-parfaite-entre-la-medecine-esthetique-et-la-technologie-de-pointe\/\" \/>\n<meta property=\"og:locale\" content=\"fr_FR\" \/>\n<meta property=\"og:type\" content=\"article\" \/>\n<meta property=\"og:title\" content=\"L&#039;Atelier Skin Art: l&#039;alliance parfaite entre la m\u00e9decine esth\u00e9tique et la technologie de pointe - MEDIA PLATEFORME | FR\" \/>\n<meta property=\"og:description\" content=\"Dr Maria Kahhak, sp\u00e9cialiste en radiologie et directrice de la Neuroclinique de , annonce avec fiert\u00e9 l&#039;ouverture de son premier Skin Art\" \/>\n<meta property=\"og:url\" content=\"https:\/\/www.mediaplateforme.com\/fr\/latelier-skin-art-lalliance-parfaite-entre-la-medecine-esthetique-et-la-technologie-de-pointe\/\" \/>\n<meta property=\"og:site_name\" content=\"MEDIA PLATEFORME | FR\" \/>\n<meta property=\"article:published_time\" content=\"2023-03-14T14:37:31+00:00\" \/>\n<meta property=\"og:image\" content=\"https:\/\/www.mediaplateforme.com\/fr\/wp-content\/uploads\/sites\/5\/2023\/03\/Atelier-Skin-Art-.jpeg\" \/>\n\t<meta property=\"og:image:width\" content=\"1194\" \/>\n\t<meta property=\"og:image:height\" content=\"798\" \/>\n\t<meta property=\"og:image:type\" content=\"image\/jpeg\" \/>\n<meta name=\"author\" content=\"Mediaplateforme\" \/>\n<meta name=\"twitter:card\" content=\"summary_large_image\" \/>\n<meta name=\"twitter:label1\" content=\"\u00c9crit par\" \/>\n\t<meta name=\"twitter:data1\" content=\"Mediaplateforme\" \/>\n\t<meta name=\"twitter:label2\" content=\"Dur\u00e9e de lecture estim\u00e9e\" \/>\n\t<meta name=\"twitter:data2\" content=\"3 minutes\" \/>\n<script type=\"application\/ld+json\" class=\"yoast-schema-graph\">{\"@context\":\"https:\/\/schema.org\",\"@graph\":[{\"@type\":\"WebPage\",\"@id\":\"https:\/\/www.mediaplateforme.com\/fr\/latelier-skin-art-lalliance-parfaite-entre-la-medecine-esthetique-et-la-technologie-de-pointe\/\",\"url\":\"https:\/\/www.mediaplateforme.com\/fr\/latelier-skin-art-lalliance-parfaite-entre-la-medecine-esthetique-et-la-technologie-de-pointe\/\",\"name\":\"L'Atelier Skin Art: l'alliance parfaite entre la m\u00e9decine esth\u00e9tique et la technologie de pointe - MEDIA PLATEFORME | FR\",\"isPartOf\":{\"@id\":\"https:\/\/www.mediaplateforme.com\/fr\/#website\"},\"datePublished\":\"2023-03-14T14:37:31+00:00\",\"dateModified\":\"2023-03-14T14:37:31+00:00\",\"author\":{\"@id\":\"https:\/\/www.mediaplateforme.com\/fr\/#\/schema\/person\/89833db382b5db2c76b094bc902aa12a\"},\"description\":\"Dr Maria Kahhak, sp\u00e9cialiste en radiologie et directrice de la Neuroclinique de , annonce avec fiert\u00e9 l'ouverture de son premier Skin Art\",\"breadcrumb\":{\"@id\":\"https:\/\/www.mediaplateforme.com\/fr\/latelier-skin-art-lalliance-parfaite-entre-la-medecine-esthetique-et-la-technologie-de-pointe\/#breadcrumb\"},\"inLanguage\":\"fr-FR\",\"potentialAction\":[{\"@type\":\"ReadAction\",\"target\":[\"https:\/\/www.mediaplateforme.com\/fr\/latelier-skin-art-lalliance-parfaite-entre-la-medecine-esthetique-et-la-technologie-de-pointe\/\"]}]},{\"@type\":\"BreadcrumbList\",\"@id\":\"https:\/\/www.mediaplateforme.com\/fr\/latelier-skin-art-lalliance-parfaite-entre-la-medecine-esthetique-et-la-technologie-de-pointe\/#breadcrumb\",\"itemListElement\":[{\"@type\":\"ListItem\",\"position\":1,\"name\":\"\u0627\u0644\u0631\u0626\u064a\u0633\u064a\u0629\",\"item\":\"https:\/\/www.mediaplateforme.com\/fr\/\"},{\"@type\":\"ListItem\",\"position\":2,\"name\":\"L&#8217;Atelier Skin Art: l&#8217;alliance parfaite entre la m\u00e9decine esth\u00e9tique et la technologie de pointe\"}]},{\"@type\":\"WebSite\",\"@id\":\"https:\/\/www.mediaplateforme.com\/fr\/#website\",\"url\":\"https:\/\/www.mediaplateforme.com\/fr\/\",\"name\":\"MEDIA PLATEFORME | FR\",\"description\":\"Mediaplateforme sp\u00e9cialis\u00e9 dans la communication institutions publiques et des entreprises\",\"potentialAction\":[{\"@type\":\"SearchAction\",\"target\":{\"@type\":\"EntryPoint\",\"urlTemplate\":\"https:\/\/www.mediaplateforme.com\/fr\/?s={search_term_string}\"},\"query-input\":\"required name=search_term_string\"}],\"inLanguage\":\"fr-FR\"},{\"@type\":\"Person\",\"@id\":\"https:\/\/www.mediaplateforme.com\/fr\/#\/schema\/person\/89833db382b5db2c76b094bc902aa12a\",\"name\":\"Mediaplateforme\",\"image\":{\"@type\":\"ImageObject\",\"inLanguage\":\"fr-FR\",\"@id\":\"https:\/\/www.mediaplateforme.com\/fr\/#\/schema\/person\/image\/\",\"url\":\"https:\/\/secure.gravatar.com\/avatar\/6c9c02e8928cc65d54bf75157f7b3a2d06d7ad0494ca0951f679552ff03b34c1?s=96&d=mm&r=g\",\"contentUrl\":\"https:\/\/secure.gravatar.com\/avatar\/6c9c02e8928cc65d54bf75157f7b3a2d06d7ad0494ca0951f679552ff03b34c1?s=96&d=mm&r=g\",\"caption\":\"Mediaplateforme\"},\"sameAs\":[\"https:\/\/www.mediaplateforme.com\"],\"url\":\"https:\/\/www.mediaplateforme.com\/fr\/author\/mohamedladib\/\"}]}<\/script>\n<!-- \/ Yoast SEO plugin. -->","yoast_head_json":{"title":"L'Atelier Skin Art: l'alliance parfaite entre la m\u00e9decine esth\u00e9tique et la technologie de pointe - MEDIA PLATEFORME | FR","description":"Dr Maria Kahhak, sp\u00e9cialiste en radiologie et directrice de la Neuroclinique de , annonce avec fiert\u00e9 l'ouverture de son premier Skin Art","robots":{"index":"index","follow":"follow","max-snippet":"max-snippet:-1","max-image-preview":"max-image-preview:large","max-video-preview":"max-video-preview:-1"},"canonical":"https:\/\/www.mediaplateforme.com\/fr\/latelier-skin-art-lalliance-parfaite-entre-la-medecine-esthetique-et-la-technologie-de-pointe\/","og_locale":"fr_FR","og_type":"article","og_title":"L'Atelier Skin Art: l'alliance parfaite entre la m\u00e9decine esth\u00e9tique et la technologie de pointe - MEDIA PLATEFORME | FR","og_description":"Dr Maria Kahhak, sp\u00e9cialiste en radiologie et directrice de la Neuroclinique de , annonce avec fiert\u00e9 l'ouverture de son premier Skin Art","og_url":"https:\/\/www.mediaplateforme.com\/fr\/latelier-skin-art-lalliance-parfaite-entre-la-medecine-esthetique-et-la-technologie-de-pointe\/","og_site_name":"MEDIA PLATEFORME | FR","article_published_time":"2023-03-14T14:37:31+00:00","og_image":[{"width":1194,"height":798,"url":"https:\/\/www.mediaplateforme.com\/fr\/wp-content\/uploads\/sites\/5\/2023\/03\/Atelier-Skin-Art-.jpeg","type":"image\/jpeg"}],"author":"Mediaplateforme","twitter_card":"summary_large_image","twitter_misc":{"\u00c9crit par":"Mediaplateforme","Dur\u00e9e de lecture estim\u00e9e":"3 minutes"},"schema":{"@context":"https:\/\/schema.org","@graph":[{"@type":"WebPage","@id":"https:\/\/www.mediaplateforme.com\/fr\/latelier-skin-art-lalliance-parfaite-entre-la-medecine-esthetique-et-la-technologie-de-pointe\/","url":"https:\/\/www.mediaplateforme.com\/fr\/latelier-skin-art-lalliance-parfaite-entre-la-medecine-esthetique-et-la-technologie-de-pointe\/","name":"L'Atelier Skin Art: l'alliance parfaite entre la m\u00e9decine esth\u00e9tique et la technologie de pointe - MEDIA PLATEFORME | FR","isPartOf":{"@id":"https:\/\/www.mediaplateforme.com\/fr\/#website"},"datePublished":"2023-03-14T14:37:31+00:00","dateModified":"2023-03-14T14:37:31+00:00","author":{"@id":"https:\/\/www.mediaplateforme.com\/fr\/#\/schema\/person\/89833db382b5db2c76b094bc902aa12a"},"description":"Dr Maria Kahhak, sp\u00e9cialiste en radiologie et directrice de la Neuroclinique de , annonce avec fiert\u00e9 l'ouverture de son premier Skin Art","breadcrumb":{"@id":"https:\/\/www.mediaplateforme.com\/fr\/latelier-skin-art-lalliance-parfaite-entre-la-medecine-esthetique-et-la-technologie-de-pointe\/#breadcrumb"},"inLanguage":"fr-FR","potentialAction":[{"@type":"ReadAction","target":["https:\/\/www.mediaplateforme.com\/fr\/latelier-skin-art-lalliance-parfaite-entre-la-medecine-esthetique-et-la-technologie-de-pointe\/"]}]},{"@type":"BreadcrumbList","@id":"https:\/\/www.mediaplateforme.com\/fr\/latelier-skin-art-lalliance-parfaite-entre-la-medecine-esthetique-et-la-technologie-de-pointe\/#breadcrumb","itemListElement":[{"@type":"ListItem","position":1,"name":"\u0627\u0644\u0631\u0626\u064a\u0633\u064a\u0629","item":"https:\/\/www.mediaplateforme.com\/fr\/"},{"@type":"ListItem","position":2,"name":"L&#8217;Atelier Skin Art: l&#8217;alliance parfaite entre la m\u00e9decine esth\u00e9tique et la technologie de pointe"}]},{"@type":"WebSite","@id":"https:\/\/www.mediaplateforme.com\/fr\/#website","url":"https:\/\/www.mediaplateforme.com\/fr\/","name":"MEDIA PLATEFORME | FR","description":"Mediaplateforme sp\u00e9cialis\u00e9 dans la communication institutions publiques et des entreprises","potentialAction":[{"@type":"SearchAction","target":{"@type":"EntryPoint","urlTemplate":"https:\/\/www.mediaplateforme.com\/fr\/?s={search_term_string}"},"query-input":"required name=search_term_string"}],"inLanguage":"fr-FR"},{"@type":"Person","@id":"https:\/\/www.mediaplateforme.com\/fr\/#\/schema\/person\/89833db382b5db2c76b094bc902aa12a","name":"Mediaplateforme","image":{"@type":"ImageObject","inLanguage":"fr-FR","@id":"https:\/\/www.mediaplateforme.com\/fr\/#\/schema\/person\/image\/","url":"https:\/\/secure.gravatar.com\/avatar\/6c9c02e8928cc65d54bf75157f7b3a2d06d7ad0494ca0951f679552ff03b34c1?s=96&d=mm&r=g","contentUrl":"https:\/\/secure.gravatar.com\/avatar\/6c9c02e8928cc65d54bf75157f7b3a2d06d7ad0494ca0951f679552ff03b34c1?s=96&d=mm&r=g","caption":"Mediaplateforme"},"sameAs":["https:\/\/www.mediaplateforme.com"],"url":"https:\/\/www.mediaplateforme.com\/fr\/author\/mohamedladib\/"}]}},"_links":{"self":[{"href":"https:\/\/www.mediaplateforme.com\/fr\/wp-json\/wp\/v2\/posts\/2436","targetHints":{"allow":["GET"]}}],"collection":[{"href":"https:\/\/www.mediaplateforme.com\/fr\/wp-json\/wp\/v2\/posts"}],"about":[{"href":"https:\/\/www.mediaplateforme.com\/fr\/wp-json\/wp\/v2\/types\/post"}],"author":[{"embeddable":true,"href":"https:\/\/www.mediaplateforme.com\/fr\/wp-json\/wp\/v2\/users\/1"}],"replies":[{"embeddable":true,"href":"https:\/\/www.mediaplateforme.com\/fr\/wp-json\/wp\/v2\/comments?post=2436"}],"version-history":[{"count":1,"href":"https:\/\/www.mediaplateforme.com\/fr\/wp-json\/wp\/v2\/posts\/2436\/revisions"}],"predecessor-version":[{"id":2438,"href":"https:\/\/www.mediaplateforme.com\/fr\/wp-json\/wp\/v2\/posts\/2436\/revisions\/2438"}],"wp:featuredmedia":[{"embeddable":true,"href":"https:\/\/www.mediaplateforme.com\/fr\/wp-json\/wp\/v2\/media\/2437"}],"wp:attachment":[{"href":"https:\/\/www.mediaplateforme.com\/fr\/wp-json\/wp\/v2\/media?parent=2436"}],"wp:term":[{"taxonomy":"category","embeddable":true,"href":"https:\/\/www.mediaplateforme.com\/fr\/wp-json\/wp\/v2\/categories?post=2436"},{"taxonomy":"post_tag","embeddable":true,"href":"https:\/\/www.mediaplateforme.com\/fr\/wp-json\/wp\/v2\/tags?post=2436"}],"curies":[{"name":"wp","href":"https:\/\/api.w.org\/{rel}","templated":true}]}}