{"id":2431,"date":"2023-03-14T12:32:50","date_gmt":"2023-03-14T11:32:50","guid":{"rendered":"https:\/\/www.mediaplateforme.com\/fr\/?p=2431"},"modified":"2023-03-14T12:32:50","modified_gmt":"2023-03-14T11:32:50","slug":"emirates-intensifie-ses-vols-vers-tous-les-continents","status":"publish","type":"post","link":"https:\/\/www.mediaplateforme.com\/fr\/emirates-intensifie-ses-vols-vers-tous-les-continents\/","title":{"rendered":"Emirates intensifie ses vols vers tous les continents"},"content":{"rendered":"<p>Emirates vient d\u2019annoncer une augmentation de 31% (total ASKM) de ses vols, et ce depuis le d\u00e9but de l\u2019ann\u00e9e en cours et en comparaison avec la m\u00eame p\u00e9riode de l\u2019ann\u00e9e derni\u00e8re. \u00a0La compagnie a\u00e9rienne pr\u00e9voit \u00e9galement un accroissement du nombre des r\u00e9servations qui seront op\u00e9r\u00e9es par ses clients pour l\u2019\u00e9t\u00e9 2023. A ce titre, Emirates annoncera, \u00e0 partir du 26 mars 2023, son prochain calendrier de vols d&rsquo;\u00e9t\u00e9.<\/p>\n<p>Cette croissance du nombre des vols a \u00e9t\u00e9 enregistr\u00e9e sur l\u2019ensemble du r\u00e9seau de la compagnie et vers toutes les destinations confondues. Il convient de souligner que Emirates vient r\u00e9cemment de r\u00e9introduire des vols vers 5 villes qui \u00e9taient auparavant desservies par la compagnie. Elle a \u00e9galement lanc\u00e9 un tout nouveau vol \u00e0 destination de Tel Aviv. La compagnie a en outre intensifi\u00e9 ses vols hebdomadaires en y ajoutant pas moins de 251 nouveaux vols vers des destinations d\u00e9j\u00e0 existantes, tout en continuant \u00e0 capitaliser sur l\u2019am\u00e9lioration de ses services aussi bien en vol qu\u2019au sol.<\/p>\n<p>S\u2019exprimant au sujet de ces diff\u00e9rentes r\u00e9alisations, Adnan Kazim, <a href=\"https:\/\/www.mediaplateforme.com\/fr\/emirates-lance-des-vols-humanitaires-avec-des-fournitures-aux-victimes-du-tremblement-de-terre-en-turquie-et-en-syrie\/\">Directeur Commercial<\/a> d&rsquo;Emirates, a d\u00e9clar\u00e9 : \u00ab\u00a0<em>Emirates poursuit l\u2019extension de son r\u00e9seau \u00e0 l\u2019international afin de r\u00e9pondre encore plus efficacement aux demandes de voyages exprim\u00e9es \u00e0 travers le monde entier. Notre exercice financier a d\u00e9but\u00e9 de mani\u00e8re relativement calme, car nous avions volontairement voulu retarder notre mont\u00e9e en puissance afin que le programme de r\u00e9habilitation de la piste nord de l&rsquo;a\u00e9roport international de Duba\u00ef soit achev\u00e9e en juin. Depuis juillet 2022, notre expansion est mont\u00e9e en fl\u00e8che<\/em> <em>\u00e0 tous les niveaux<\/em>\u00ab\u00a0.<\/p>\n<p>Il a \u00e9galement ajout\u00e9 : \u00ab\u00a0<em>La demande a \u00e9t\u00e9 extr\u00eamement forte, et nos r\u00e9servations \u00e0 terme ont \u00e9t\u00e9 particuli\u00e8rement importantes. Emirates travaille d&rsquo;arrache-pied sur plusieurs fronts\u00a0: tout d\u2019abord pour r\u00e9tablir sa capacit\u00e9 d&rsquo;exploitation aussi rapidement que l&rsquo;\u00e9cosyst\u00e8me le permettra, ensuite pour moderniser sa flotte et ses produits afin que ses clients puissent toujours constamment b\u00e9n\u00e9ficier de la meilleure exp\u00e9rience Emirates possible. Jusqu&rsquo;\u00e0 pr\u00e9sent, 4 de nos A380 ont \u00e9t\u00e9 enti\u00e8rement r\u00e9nov\u00e9s et ont re\u00e7u de nouveaux int\u00e9rieurs de cabines ainsi que des si\u00e8ges Premium Economy. D&rsquo;autres r\u00e9novations seront bient\u00f4t r\u00e9alis\u00e9es dans le sillage du programme de r\u00e9habilitation de cabines et de services que nous avons lanc\u00e9 et qui mobilise un montant de 2 milliards de dollars<\/em> \u00ab\u00a0.<\/p>\n<p>Dans les mois qui viennent, Emirates compte accentuer ses vols \u00e0 destination de l&rsquo;Europe, de l&rsquo;Australie et de l&rsquo;Afrique. La compagnie commencera \u00e9galement \u00e0 desservir de nouvelles destinations en Asie de l&rsquo;Est.<\/p>\n<h4><strong>Prochains d\u00e9ploiements de l&rsquo;A380 pour l&rsquo;\u00e9t\u00e9 2023:<\/strong><\/h4>\n<p>Emirates maintient le d\u00e9ploiement de l\u2019A380 au sein de sa flotte. Cet embl\u00e9matique avion \u00e0 deux \u00e9tages sera disponible pour les vols de la compagnie \u00e0 destination de Glasgow (\u00e0 partir du 26 mars), <strong>de Casablanca (\u00e0 partir du 15 avril)<\/strong>, de P\u00e9kin (\u00e0 partir du 1er mai), de Shanghai (\u00e0 partir du 4 juin), de Nice (\u00e0 partir du 1er juin), de Birmingham (\u00e0 partir du 1er juillet), de Kuala Lumpur (\u00e0 partir du 1er ao\u00fbt) et de Taipei (\u00e0 partir du 1er ao\u00fbt).<\/p>\n<h4><strong>Am\u00e9liorations \u00e0 venir des itin\u00e9raires par r\u00e9gion\u00a0:<\/strong><\/h4>\n<h5><u>L&rsquo;Europe<\/u><\/h5>\n<ul>\n<li><strong>Amsterdam<\/strong> : de 14 \u00e0 19 vols hebdomadaires \u00e0 partir du 02 avril.<\/li>\n<li><strong>Ath\u00e8nes<\/strong> : Ajout d&rsquo;un service saisonnier quotidien pour r\u00e9pondre \u00e0 la demande estivale entre le 01 juin et le 30 septembre.<\/li>\n<li><strong>Bologne<\/strong> : de 5 vols hebdomadaires \u00e0 un service quotidien \u00e0 partir du 1er mai.<\/li>\n<li><strong>Budapest<\/strong> : de 5 vols hebdomadaires \u00e0 un service quotidien d&rsquo;ici le 01 juin.<\/li>\n<li><strong>Londres<\/strong> : lancement du 2<sup>e<\/sup> service quotidien vers Londres Stansted \u00e0 partir du 1<sup>er<\/sup> Cela portera les op\u00e9rations d&rsquo;Emirates \u00e0 Londres \u00e0 11 vols quotidiens, dont 6 vols quotidiens vers Londres Heathrow et 3 vols quotidiens vers Gatwick.<\/li>\n<li><strong>Venise<\/strong> : de 5 \u00e0 6 vols hebdomadaires \u00e0 partir du 26 mars, passant \u00e0 un service quotidien \u00e0 partir du 01 juin.<\/li>\n<\/ul>\n<h5>\u00a0<u>L\u2019Afrique<\/u><\/h5>\n<ul>\n<li><strong>Le Caire <\/strong>: de 25 \u00e0 28 vols hebdomadaires d&rsquo;ici le 29 octobre.<\/li>\n<li><strong>Dar es Salaam <\/strong>: de 5 vols hebdomadaires \u00e0 des vols quotidiens \u00e0 partir du 1<sup>er<\/sup><\/li>\n<li><strong>Entebbe<\/strong> : de 6 vols hebdomadaires \u00e0 des vols quotidiens \u00e0 partir du 1<sup>er<\/sup><\/li>\n<\/ul>\n<h5><u>L\u2019Australie et la Nouvelle-Z\u00e9lande<\/u><\/h5>\n<p>Les vols sans escale d&rsquo;Emirates en Australie reviendront aux niveaux d&rsquo;avant la pand\u00e9mie vers Sydney \u00e0 partir du 1<sup>er<\/sup> mai, Melbourne \u00e0 partir du 26 mars et Brisbane le 1er juin.<\/p>\n<ul>\n<li><strong>Brisbane<\/strong> : un service quotidien suppl\u00e9mentaire \u00e0 partir du 1<sup>er<\/sup> juin portera les vols d\u2019Emirates \u00e0 14 vols hebdomadaires vers Brisbane.<\/li>\n<li><strong>Christchurch<\/strong> : red\u00e9marrage du service quotidien de Duba\u00ef via Sydney \u00e0 partir du 26 mars.<\/li>\n<li><strong>Melbourne<\/strong> : ajout du 3<sup>e<\/sup> service quotidien vers Melbourne \u00e0 partir du 26 mars via Singapour. Cela ajoute de la capacit\u00e9 \u00e0 Melbourne et r\u00e9tablit la connectivit\u00e9 entre Singapour et Melbourne. Les 2 autres vols quotidiens au d\u00e9part de Melbourne sont des vols sans escale vers Duba\u00ef.<\/li>\n<li><strong>Sydney<\/strong> : ajout du 3<sup>e<\/sup> service quotidien sans escale \u00e0 partir du 01<sup>er<\/sup><\/li>\n<\/ul>\n<h5><u>L\u2019Asie de l&rsquo;Est<\/u><\/h5>\n<ul>\n<li><strong>Bangkok<\/strong> : Ajout du 5<sup>\u00e8me<\/sup> service quotidien \u00e0 partir du 01<sup>er<\/sup> ao\u00fbt.<\/li>\n<li><strong>P\u00e9kin<\/strong> : mise en service des vols quotidiens directs en Boeing 777-300ER \u00e0 partir du 15 mars, mise \u00e0 niveau vers un A380 \u00e0 compter du 1<sup>er<\/sup> Un deuxi\u00e8me service quotidien d\u00e9butera \u00e0 compter du 1<sup>er<\/sup> septembre avec un A380.<\/li>\n<li><strong>Hong Kong<\/strong> : Ajout d&rsquo;un vol quotidien sans escale \u00e0 partir du 29 mars. Cela porte les op\u00e9rations d&rsquo;Emirates \u00e0 14 vols hebdomadaires, y compris son service quotidien existant Duba\u00ef-Bangkok-Hong Kong.<\/li>\n<li><strong>Kuala Lumpur<\/strong> : Ajout d&rsquo;un troisi\u00e8me service quotidien \u00e0 partir du 01<sup>er<\/sup><\/li>\n<li><strong>Tokyo<\/strong> : Reprise des services vers Tokyo Haneda avec des vols quotidiens le 02 avril. Cela portera les op\u00e9rations d&rsquo;Emirates au Japon \u00e0 21 vols quotidiens, dont un service quotidien en A380 vers Tokyo-Narita et un service quotidien en Boeing 777 vers Osaka.<\/li>\n<\/ul>\n","protected":false},"excerpt":{"rendered":"<p>Emirates vient d\u2019annoncer une augmentation de 31% (total ASKM) de ses vols, et ce depuis<\/p>\n","protected":false},"author":1,"featured_media":2432,"comment_status":"open","ping_status":"open","sticky":false,"template":"","format":"standard","meta":{"_acf_changed":false,"footnotes":""},"categories":[4,3],"tags":[179],"class_list":["post-2431","post","type-post","status-publish","format-standard","has-post-thumbnail","hentry","category-economie","category-nouvelles-selectionnees","tag-emirates"],"acf":[],"yoast_head":"<!-- This site is optimized with the Yoast SEO plugin v22.0 - https:\/\/yoast.com\/wordpress\/plugins\/seo\/ -->\n<title>Emirates intensifie ses vols vers tous les continents - MEDIA PLATEFORME | FR<\/title>\n<meta name=\"description\" content=\"Emirates vient d\u2019annoncer une augmentation de 31% (total ASKM) de ses vols, et ce depuis le d\u00e9but de l\u2019ann\u00e9e en cours et en comparaison avec\" \/>\n<meta name=\"robots\" content=\"index, follow, max-snippet:-1, max-image-preview:large, max-video-preview:-1\" \/>\n<link rel=\"canonical\" href=\"https:\/\/www.mediaplateforme.com\/fr\/emirates-intensifie-ses-vols-vers-tous-les-continents\/\" \/>\n<meta property=\"og:locale\" content=\"fr_FR\" \/>\n<meta property=\"og:type\" content=\"article\" \/>\n<meta property=\"og:title\" content=\"Emirates intensifie ses vols vers tous les continents - MEDIA PLATEFORME | FR\" \/>\n<meta property=\"og:description\" content=\"Emirates vient d\u2019annoncer une augmentation de 31% (total ASKM) de ses vols, et ce depuis le d\u00e9but de l\u2019ann\u00e9e en cours et en comparaison avec\" \/>\n<meta property=\"og:url\" content=\"https:\/\/www.mediaplateforme.com\/fr\/emirates-intensifie-ses-vols-vers-tous-les-continents\/\" \/>\n<meta property=\"og:site_name\" content=\"MEDIA PLATEFORME | FR\" \/>\n<meta property=\"article:published_time\" content=\"2023-03-14T11:32:50+00:00\" \/>\n<meta property=\"og:image\" content=\"https:\/\/www.mediaplateforme.com\/fr\/wp-content\/uploads\/sites\/5\/2023\/03\/concourse-a-777400.jpg\" \/>\n\t<meta property=\"og:image:width\" content=\"1766\" \/>\n\t<meta property=\"og:image:height\" content=\"1187\" \/>\n\t<meta property=\"og:image:type\" content=\"image\/jpeg\" \/>\n<meta name=\"author\" content=\"Mediaplateforme\" \/>\n<meta name=\"twitter:card\" content=\"summary_large_image\" \/>\n<meta name=\"twitter:label1\" content=\"\u00c9crit par\" \/>\n\t<meta name=\"twitter:data1\" content=\"Mediaplateforme\" \/>\n\t<meta name=\"twitter:label2\" content=\"Dur\u00e9e de lecture estim\u00e9e\" \/>\n\t<meta name=\"twitter:data2\" content=\"5 minutes\" \/>\n<script type=\"application\/ld+json\" class=\"yoast-schema-graph\">{\"@context\":\"https:\/\/schema.org\",\"@graph\":[{\"@type\":\"WebPage\",\"@id\":\"https:\/\/www.mediaplateforme.com\/fr\/emirates-intensifie-ses-vols-vers-tous-les-continents\/\",\"url\":\"https:\/\/www.mediaplateforme.com\/fr\/emirates-intensifie-ses-vols-vers-tous-les-continents\/\",\"name\":\"Emirates intensifie ses vols vers tous les continents - MEDIA PLATEFORME | FR\",\"isPartOf\":{\"@id\":\"https:\/\/www.mediaplateforme.com\/fr\/#website\"},\"datePublished\":\"2023-03-14T11:32:50+00:00\",\"dateModified\":\"2023-03-14T11:32:50+00:00\",\"author\":{\"@id\":\"https:\/\/www.mediaplateforme.com\/fr\/#\/schema\/person\/89833db382b5db2c76b094bc902aa12a\"},\"description\":\"Emirates vient d\u2019annoncer une augmentation de 31% (total ASKM) de ses vols, et ce depuis le d\u00e9but de l\u2019ann\u00e9e en cours et en comparaison avec\",\"breadcrumb\":{\"@id\":\"https:\/\/www.mediaplateforme.com\/fr\/emirates-intensifie-ses-vols-vers-tous-les-continents\/#breadcrumb\"},\"inLanguage\":\"fr-FR\",\"potentialAction\":[{\"@type\":\"ReadAction\",\"target\":[\"https:\/\/www.mediaplateforme.com\/fr\/emirates-intensifie-ses-vols-vers-tous-les-continents\/\"]}]},{\"@type\":\"BreadcrumbList\",\"@id\":\"https:\/\/www.mediaplateforme.com\/fr\/emirates-intensifie-ses-vols-vers-tous-les-continents\/#breadcrumb\",\"itemListElement\":[{\"@type\":\"ListItem\",\"position\":1,\"name\":\"\u0627\u0644\u0631\u0626\u064a\u0633\u064a\u0629\",\"item\":\"https:\/\/www.mediaplateforme.com\/fr\/\"},{\"@type\":\"ListItem\",\"position\":2,\"name\":\"Emirates intensifie ses vols vers tous les continents\"}]},{\"@type\":\"WebSite\",\"@id\":\"https:\/\/www.mediaplateforme.com\/fr\/#website\",\"url\":\"https:\/\/www.mediaplateforme.com\/fr\/\",\"name\":\"MEDIA PLATEFORME | FR\",\"description\":\"Mediaplateforme sp\u00e9cialis\u00e9 dans la communication institutions publiques et des entreprises\",\"potentialAction\":[{\"@type\":\"SearchAction\",\"target\":{\"@type\":\"EntryPoint\",\"urlTemplate\":\"https:\/\/www.mediaplateforme.com\/fr\/?s={search_term_string}\"},\"query-input\":\"required name=search_term_string\"}],\"inLanguage\":\"fr-FR\"},{\"@type\":\"Person\",\"@id\":\"https:\/\/www.mediaplateforme.com\/fr\/#\/schema\/person\/89833db382b5db2c76b094bc902aa12a\",\"name\":\"Mediaplateforme\",\"image\":{\"@type\":\"ImageObject\",\"inLanguage\":\"fr-FR\",\"@id\":\"https:\/\/www.mediaplateforme.com\/fr\/#\/schema\/person\/image\/\",\"url\":\"https:\/\/secure.gravatar.com\/avatar\/6c9c02e8928cc65d54bf75157f7b3a2d06d7ad0494ca0951f679552ff03b34c1?s=96&d=mm&r=g\",\"contentUrl\":\"https:\/\/secure.gravatar.com\/avatar\/6c9c02e8928cc65d54bf75157f7b3a2d06d7ad0494ca0951f679552ff03b34c1?s=96&d=mm&r=g\",\"caption\":\"Mediaplateforme\"},\"sameAs\":[\"https:\/\/www.mediaplateforme.com\"],\"url\":\"https:\/\/www.mediaplateforme.com\/fr\/author\/mohamedladib\/\"}]}<\/script>\n<!-- \/ Yoast SEO plugin. -->","yoast_head_json":{"title":"Emirates intensifie ses vols vers tous les continents - MEDIA PLATEFORME | FR","description":"Emirates vient d\u2019annoncer une augmentation de 31% (total ASKM) de ses vols, et ce depuis le d\u00e9but de l\u2019ann\u00e9e en cours et en comparaison avec","robots":{"index":"index","follow":"follow","max-snippet":"max-snippet:-1","max-image-preview":"max-image-preview:large","max-video-preview":"max-video-preview:-1"},"canonical":"https:\/\/www.mediaplateforme.com\/fr\/emirates-intensifie-ses-vols-vers-tous-les-continents\/","og_locale":"fr_FR","og_type":"article","og_title":"Emirates intensifie ses vols vers tous les continents - MEDIA PLATEFORME | FR","og_description":"Emirates vient d\u2019annoncer une augmentation de 31% (total ASKM) de ses vols, et ce depuis le d\u00e9but de l\u2019ann\u00e9e en cours et en comparaison avec","og_url":"https:\/\/www.mediaplateforme.com\/fr\/emirates-intensifie-ses-vols-vers-tous-les-continents\/","og_site_name":"MEDIA PLATEFORME | FR","article_published_time":"2023-03-14T11:32:50+00:00","og_image":[{"width":1766,"height":1187,"url":"https:\/\/www.mediaplateforme.com\/fr\/wp-content\/uploads\/sites\/5\/2023\/03\/concourse-a-777400.jpg","type":"image\/jpeg"}],"author":"Mediaplateforme","twitter_card":"summary_large_image","twitter_misc":{"\u00c9crit par":"Mediaplateforme","Dur\u00e9e de lecture estim\u00e9e":"5 minutes"},"schema":{"@context":"https:\/\/schema.org","@graph":[{"@type":"WebPage","@id":"https:\/\/www.mediaplateforme.com\/fr\/emirates-intensifie-ses-vols-vers-tous-les-continents\/","url":"https:\/\/www.mediaplateforme.com\/fr\/emirates-intensifie-ses-vols-vers-tous-les-continents\/","name":"Emirates intensifie ses vols vers tous les continents - MEDIA PLATEFORME | FR","isPartOf":{"@id":"https:\/\/www.mediaplateforme.com\/fr\/#website"},"datePublished":"2023-03-14T11:32:50+00:00","dateModified":"2023-03-14T11:32:50+00:00","author":{"@id":"https:\/\/www.mediaplateforme.com\/fr\/#\/schema\/person\/89833db382b5db2c76b094bc902aa12a"},"description":"Emirates vient d\u2019annoncer une augmentation de 31% (total ASKM) de ses vols, et ce depuis le d\u00e9but de l\u2019ann\u00e9e en cours et en comparaison avec","breadcrumb":{"@id":"https:\/\/www.mediaplateforme.com\/fr\/emirates-intensifie-ses-vols-vers-tous-les-continents\/#breadcrumb"},"inLanguage":"fr-FR","potentialAction":[{"@type":"ReadAction","target":["https:\/\/www.mediaplateforme.com\/fr\/emirates-intensifie-ses-vols-vers-tous-les-continents\/"]}]},{"@type":"BreadcrumbList","@id":"https:\/\/www.mediaplateforme.com\/fr\/emirates-intensifie-ses-vols-vers-tous-les-continents\/#breadcrumb","itemListElement":[{"@type":"ListItem","position":1,"name":"\u0627\u0644\u0631\u0626\u064a\u0633\u064a\u0629","item":"https:\/\/www.mediaplateforme.com\/fr\/"},{"@type":"ListItem","position":2,"name":"Emirates intensifie ses vols vers tous les continents"}]},{"@type":"WebSite","@id":"https:\/\/www.mediaplateforme.com\/fr\/#website","url":"https:\/\/www.mediaplateforme.com\/fr\/","name":"MEDIA PLATEFORME | FR","description":"Mediaplateforme sp\u00e9cialis\u00e9 dans la communication institutions publiques et des entreprises","potentialAction":[{"@type":"SearchAction","target":{"@type":"EntryPoint","urlTemplate":"https:\/\/www.mediaplateforme.com\/fr\/?s={search_term_string}"},"query-input":"required name=search_term_string"}],"inLanguage":"fr-FR"},{"@type":"Person","@id":"https:\/\/www.mediaplateforme.com\/fr\/#\/schema\/person\/89833db382b5db2c76b094bc902aa12a","name":"Mediaplateforme","image":{"@type":"ImageObject","inLanguage":"fr-FR","@id":"https:\/\/www.mediaplateforme.com\/fr\/#\/schema\/person\/image\/","url":"https:\/\/secure.gravatar.com\/avatar\/6c9c02e8928cc65d54bf75157f7b3a2d06d7ad0494ca0951f679552ff03b34c1?s=96&d=mm&r=g","contentUrl":"https:\/\/secure.gravatar.com\/avatar\/6c9c02e8928cc65d54bf75157f7b3a2d06d7ad0494ca0951f679552ff03b34c1?s=96&d=mm&r=g","caption":"Mediaplateforme"},"sameAs":["https:\/\/www.mediaplateforme.com"],"url":"https:\/\/www.mediaplateforme.com\/fr\/author\/mohamedladib\/"}]}},"_links":{"self":[{"href":"https:\/\/www.mediaplateforme.com\/fr\/wp-json\/wp\/v2\/posts\/2431","targetHints":{"allow":["GET"]}}],"collection":[{"href":"https:\/\/www.mediaplateforme.com\/fr\/wp-json\/wp\/v2\/posts"}],"about":[{"href":"https:\/\/www.mediaplateforme.com\/fr\/wp-json\/wp\/v2\/types\/post"}],"author":[{"embeddable":true,"href":"https:\/\/www.mediaplateforme.com\/fr\/wp-json\/wp\/v2\/users\/1"}],"replies":[{"embeddable":true,"href":"https:\/\/www.mediaplateforme.com\/fr\/wp-json\/wp\/v2\/comments?post=2431"}],"version-history":[{"count":1,"href":"https:\/\/www.mediaplateforme.com\/fr\/wp-json\/wp\/v2\/posts\/2431\/revisions"}],"predecessor-version":[{"id":2433,"href":"https:\/\/www.mediaplateforme.com\/fr\/wp-json\/wp\/v2\/posts\/2431\/revisions\/2433"}],"wp:featuredmedia":[{"embeddable":true,"href":"https:\/\/www.mediaplateforme.com\/fr\/wp-json\/wp\/v2\/media\/2432"}],"wp:attachment":[{"href":"https:\/\/www.mediaplateforme.com\/fr\/wp-json\/wp\/v2\/media?parent=2431"}],"wp:term":[{"taxonomy":"category","embeddable":true,"href":"https:\/\/www.mediaplateforme.com\/fr\/wp-json\/wp\/v2\/categories?post=2431"},{"taxonomy":"post_tag","embeddable":true,"href":"https:\/\/www.mediaplateforme.com\/fr\/wp-json\/wp\/v2\/tags?post=2431"}],"curies":[{"name":"wp","href":"https:\/\/api.w.org\/{rel}","templated":true}]}}