{"id":2394,"date":"2023-03-08T19:05:43","date_gmt":"2023-03-08T18:05:43","guid":{"rendered":"https:\/\/www.mediaplateforme.com\/fr\/?p=2394"},"modified":"2023-03-09T12:08:24","modified_gmt":"2023-03-09T11:08:24","slug":"orange-maroc-celebre-la-journee-internationale-des-droits-de-la-femme","status":"publish","type":"post","link":"https:\/\/www.mediaplateforme.com\/fr\/orange-maroc-celebre-la-journee-internationale-des-droits-de-la-femme\/","title":{"rendered":"Orange Maroc c\u00e9l\u00e8bre la journ\u00e9e internationale des droits de la femme"},"content":{"rendered":"<p>Op\u00e9rateur engag\u00e9 \u00e0 lutter contre toute forme d\u2019exclusion sociale et num\u00e9rique, Orange Maroc agit au quotidien pour que le digital b\u00e9n\u00e9ficie \u00e0 l\u2019ensemble des marocain(e)s et soutient dans de ce sens, l\u2019entreprenariat f\u00e9minin.<\/p>\n<p>Convaincu que les nouvelles technologies constituent des opportunit\u00e9s d\u00e9terminantes pour lib\u00e9rer le potentiel \u00e9conomique des femmes, <strong>Orange et la Fondation Orang<\/strong><strong>e Maroc<\/strong> ont mis en place une s\u00e9rie d\u2019initiatives \u00e0 l\u2019occasion de la c\u00e9l\u00e9bration de la <strong>Journ\u00e9e des Droits de la Femme<\/strong>, pour \u00e0 la fois renforcer leurs capacit\u00e9s digitales et entrepreneuriales.<\/p>\n<p>Tout d\u2019abord, une s\u00e9ance de sensibilisation a \u00e9t\u00e9 organis\u00e9e pour les b\u00e9n\u00e9ficiaires de l\u2019association INSAF (pour la pr\u00e9servation et l\u2019approfondissement des droits des femmes et des enfants au Maroc), qui accueille une Maison Digitale depuis 2022, sous le th\u00e8me\u00a0: \u00ab\u00a0<strong>Le num\u00e9rique et son impact sur l\u2019inclusion sociale de la femme<\/strong>\u00a0\u00bb.<\/p>\n<p>Pour marquer l\u2019occasion, l\u2019op\u00e9ration \u00ab\u00a0<strong>Coup de C\u0153ur <\/strong><a href=\"https:\/\/www.fondationorange.com\/-Coups-de-coeur-O-Feminin-\"><strong>\u00d4 F\u00e9minin <\/strong><\/a><a href=\"https:\/\/www.fondationorange.com\/-Coups-de-coeur-O-Feminin-\">\u00bb<\/a> a \u00e9t\u00e9 lanc\u00e9e afin d\u2019accompagner les femmes portant les meilleures initiatives entrepreneuriales au sein des <strong>Maisons Digitales<\/strong> de la Fondation dans le Royaume. Chaque laur\u00e9ate recevra pour l\u2019occasion une bourse ainsi qu\u2019un accompagnement d\u00e9di\u00e9 pour r\u00e9aliser leurs r\u00eaves.<\/p>\n<p>Par ailleurs, dans la continuit\u00e9 du programme <strong>Hello Women<\/strong> dont l\u2019objectif est de promouvoir la place des femmes dans les m\u00e9tiers du num\u00e9rique, Orange Maroc est fier d\u2019accompagner un \u00e9cosyst\u00e8me de jeunes filles en insertion professionnelle en partenariat avec les associations Jadara (pour l&rsquo;\u00e9ducation des jeunes en situation de fragilit\u00e9 socio-\u00e9conomique ) et Mentor\u2019Elles (pour l&rsquo;accompagnement des femmes dans l\u2019accomplissement de leurs parcours professionnels). Au programme, du coaching pour leur empowerment mais aussi une sensibilisation au mentorat.<\/p>\n<p>Fondamentalement convaincu que les femmes, comme les hommes, apportent au quotidien une vision, des innovations pr\u00e9cieuses pour l\u2019\u00e9volution de la soci\u00e9t\u00e9, Orange Maroc poursuit son engagement pour que toutes les actions entreprises, de l\u2019\u00e9galit\u00e9 sociale aux perspectives professionnelles soient inclusives.<\/p>\n<p>&nbsp;<\/p>\n<h4><strong><u>A PROPOS D\u2019ORANGE MAROC\u00a0:<\/u><\/strong><\/h4>\n<p>Orange Maroc est un op\u00e9rateur de t\u00e9l\u00e9communications multi services op\u00e9rant dans les activit\u00e9s mobile, fixe, cybers\u00e9curit\u00e9 et mobile money.\u00a0 L\u2019op\u00e9rateur d\u00e9ploie des r\u00e9seaux tr\u00e8s haut d\u00e9bit fixe et mobile, avec la 4G et le FTTH (Fibre to the Home) pour r\u00e9pondre \u00e0 l\u2019\u00e9volution des usages, aux mutations technologiques ainsi qu\u2019aux attentes de ses clients. A sa cr\u00e9ation en 1999, Orange au Maroc est le fruit d\u2019une alliance entre des leaders t\u00e9l\u00e9coms et de solides groupes financiers et industriels marocains, \u00e0 savoir les groupes Finance Com et la Caisse de D\u00e9p\u00f4t et de Gestion. L\u2019op\u00e9rateur sert\u00a0 17,6\u00a0 millions de clients au Maroc et compte pr\u00e8s de 450 points \u00e0 travers tout le pays. Orange Maroc emploie pr\u00e8s de 1300 hommes et femmes \u0153uvrant \u00e0 offrir une exp\u00e9rience client incomparable au quotidien, ce qui a permis \u00e0 l\u2019op\u00e9rateur d\u2019\u00eatre distingu\u00e9 pour la\u00a04\u00e8me ann\u00e9e cons\u00e9cutive \u00ab\u00a0Service Client de l\u2019ann\u00e9e Maroc\u00a0\u00bb. Et en r\u00e9compense pour sa d\u00e9marche d\u2019am\u00e9lioration continue, Orange Maroc a \u00e9t\u00e9 \u00e9lue pour la\u00a06\u00e8me ann\u00e9e cons\u00e9cutive \u00ab\u00a0Top Employeur Maroc\u00a0et Afrique\u00a0\u00bb, une certification qui vient reconna\u00eetre les meilleures pratiques RH adopt\u00e9es par l\u2019op\u00e9rateur. Orange Maroc a aussi fait de la solidarit\u00e9 num\u00e9rique le principe qui guide ses actions de m\u00e9c\u00e9nat sous la marque Fondation Orange, car le num\u00e9rique est au c\u0153ur du m\u00e9tier du groupe Orange et la solidarit\u00e9 sa raison d\u2019\u00eatre en tant que fondation d\u2019entreprise. La Fondation Orange au Maroc a pour objectif de faciliter l\u2019insertion sociale et professionnelle des jeunes et des femmes en difficult\u00e9, des personnes avec autisme, par des programmes d\u2019\u00e9ducation prioritairement num\u00e9riques. \u00a0Pr\u00e9sente dans 16 pays, la Fondation Orange agit au plus pr\u00e8s des populations en d\u00e9ployant ses actions avec l\u2019engagement de salari\u00e9s du Groupe Orange, en\u00a0partenariat avec des associations et des ONG locales.\u00a0 En D\u00e9cembre 2019, le Groupe a pr\u00e9sent\u00e9 son nouveau plan strat\u00e9gique \u00ab\u00a0Engage 2025\u00a0\u00bb qui, guid\u00e9 par l\u2019exemplarit\u00e9 sociale et environnementale, a pour but de r\u00e9inventer son m\u00e9tier d\u2019op\u00e9rateur.<\/p>\n","protected":false},"excerpt":{"rendered":"<p>Op\u00e9rateur engag\u00e9 \u00e0 lutter contre toute forme d\u2019exclusion sociale et num\u00e9rique, Orange Maroc agit au<\/p>\n","protected":false},"author":1,"featured_media":2395,"comment_status":"open","ping_status":"open","sticky":false,"template":"","format":"standard","meta":{"_acf_changed":false,"footnotes":""},"categories":[2,3],"tags":[66],"class_list":["post-2394","post","type-post","status-publish","format-standard","has-post-thumbnail","hentry","category-nouvelles","category-nouvelles-selectionnees","tag-orange-maroc"],"acf":[],"yoast_head":"<!-- This site is optimized with the Yoast SEO plugin v22.0 - https:\/\/yoast.com\/wordpress\/plugins\/seo\/ -->\n<title>Orange Maroc c\u00e9l\u00e8bre la journ\u00e9e internationale des droits de la femme - MEDIA PLATEFORME | FR<\/title>\n<meta name=\"description\" content=\"Op\u00e9rateur engag\u00e9 \u00e0 lutte , Orange Maroc agit au \u00e0 l\u2019ensemble des marocain(e)s et soutient dans de ce sens, l\u2019entreprenariat f\u00e9minin.\" \/>\n<meta name=\"robots\" content=\"index, follow, max-snippet:-1, max-image-preview:large, max-video-preview:-1\" \/>\n<link rel=\"canonical\" href=\"https:\/\/www.mediaplateforme.com\/fr\/orange-maroc-celebre-la-journee-internationale-des-droits-de-la-femme\/\" \/>\n<meta property=\"og:locale\" content=\"fr_FR\" \/>\n<meta property=\"og:type\" content=\"article\" \/>\n<meta property=\"og:title\" content=\"Orange Maroc c\u00e9l\u00e8bre la journ\u00e9e internationale des droits de la femme - MEDIA PLATEFORME | FR\" \/>\n<meta property=\"og:description\" content=\"Op\u00e9rateur engag\u00e9 \u00e0 lutte , Orange Maroc agit au \u00e0 l\u2019ensemble des marocain(e)s et soutient dans de ce sens, l\u2019entreprenariat f\u00e9minin.\" \/>\n<meta property=\"og:url\" content=\"https:\/\/www.mediaplateforme.com\/fr\/orange-maroc-celebre-la-journee-internationale-des-droits-de-la-femme\/\" \/>\n<meta property=\"og:site_name\" content=\"MEDIA PLATEFORME | FR\" \/>\n<meta property=\"article:published_time\" content=\"2023-03-08T18:05:43+00:00\" \/>\n<meta property=\"article:modified_time\" content=\"2023-03-09T11:08:24+00:00\" \/>\n<meta property=\"og:image\" content=\"https:\/\/www.mediaplateforme.com\/fr\/wp-content\/uploads\/sites\/5\/2023\/03\/\u0639\u0631\u0648\u0636-\u0627\u0648\u0631\u0646\u062c.webp\" \/>\n\t<meta property=\"og:image:width\" content=\"665\" \/>\n\t<meta property=\"og:image:height\" content=\"382\" \/>\n\t<meta property=\"og:image:type\" content=\"image\/webp\" \/>\n<meta name=\"author\" content=\"Mediaplateforme\" \/>\n<meta name=\"twitter:card\" content=\"summary_large_image\" \/>\n<meta name=\"twitter:label1\" content=\"\u00c9crit par\" \/>\n\t<meta name=\"twitter:data1\" content=\"Mediaplateforme\" \/>\n\t<meta name=\"twitter:label2\" content=\"Dur\u00e9e de lecture estim\u00e9e\" \/>\n\t<meta name=\"twitter:data2\" content=\"4 minutes\" \/>\n<script type=\"application\/ld+json\" class=\"yoast-schema-graph\">{\"@context\":\"https:\/\/schema.org\",\"@graph\":[{\"@type\":\"WebPage\",\"@id\":\"https:\/\/www.mediaplateforme.com\/fr\/orange-maroc-celebre-la-journee-internationale-des-droits-de-la-femme\/\",\"url\":\"https:\/\/www.mediaplateforme.com\/fr\/orange-maroc-celebre-la-journee-internationale-des-droits-de-la-femme\/\",\"name\":\"Orange Maroc c\u00e9l\u00e8bre la journ\u00e9e internationale des droits de la femme - MEDIA PLATEFORME | FR\",\"isPartOf\":{\"@id\":\"https:\/\/www.mediaplateforme.com\/fr\/#website\"},\"datePublished\":\"2023-03-08T18:05:43+00:00\",\"dateModified\":\"2023-03-09T11:08:24+00:00\",\"author\":{\"@id\":\"https:\/\/www.mediaplateforme.com\/fr\/#\/schema\/person\/89833db382b5db2c76b094bc902aa12a\"},\"description\":\"Op\u00e9rateur engag\u00e9 \u00e0 lutte , Orange Maroc agit au \u00e0 l\u2019ensemble des marocain(e)s et soutient dans de ce sens, l\u2019entreprenariat f\u00e9minin.\",\"breadcrumb\":{\"@id\":\"https:\/\/www.mediaplateforme.com\/fr\/orange-maroc-celebre-la-journee-internationale-des-droits-de-la-femme\/#breadcrumb\"},\"inLanguage\":\"fr-FR\",\"potentialAction\":[{\"@type\":\"ReadAction\",\"target\":[\"https:\/\/www.mediaplateforme.com\/fr\/orange-maroc-celebre-la-journee-internationale-des-droits-de-la-femme\/\"]}]},{\"@type\":\"BreadcrumbList\",\"@id\":\"https:\/\/www.mediaplateforme.com\/fr\/orange-maroc-celebre-la-journee-internationale-des-droits-de-la-femme\/#breadcrumb\",\"itemListElement\":[{\"@type\":\"ListItem\",\"position\":1,\"name\":\"\u0627\u0644\u0631\u0626\u064a\u0633\u064a\u0629\",\"item\":\"https:\/\/www.mediaplateforme.com\/fr\/\"},{\"@type\":\"ListItem\",\"position\":2,\"name\":\"Orange Maroc c\u00e9l\u00e8bre la journ\u00e9e internationale des droits de la femme\"}]},{\"@type\":\"WebSite\",\"@id\":\"https:\/\/www.mediaplateforme.com\/fr\/#website\",\"url\":\"https:\/\/www.mediaplateforme.com\/fr\/\",\"name\":\"MEDIA PLATEFORME | FR\",\"description\":\"Mediaplateforme sp\u00e9cialis\u00e9 dans la communication institutions publiques et des entreprises\",\"potentialAction\":[{\"@type\":\"SearchAction\",\"target\":{\"@type\":\"EntryPoint\",\"urlTemplate\":\"https:\/\/www.mediaplateforme.com\/fr\/?s={search_term_string}\"},\"query-input\":\"required name=search_term_string\"}],\"inLanguage\":\"fr-FR\"},{\"@type\":\"Person\",\"@id\":\"https:\/\/www.mediaplateforme.com\/fr\/#\/schema\/person\/89833db382b5db2c76b094bc902aa12a\",\"name\":\"Mediaplateforme\",\"image\":{\"@type\":\"ImageObject\",\"inLanguage\":\"fr-FR\",\"@id\":\"https:\/\/www.mediaplateforme.com\/fr\/#\/schema\/person\/image\/\",\"url\":\"https:\/\/secure.gravatar.com\/avatar\/6c9c02e8928cc65d54bf75157f7b3a2d06d7ad0494ca0951f679552ff03b34c1?s=96&d=mm&r=g\",\"contentUrl\":\"https:\/\/secure.gravatar.com\/avatar\/6c9c02e8928cc65d54bf75157f7b3a2d06d7ad0494ca0951f679552ff03b34c1?s=96&d=mm&r=g\",\"caption\":\"Mediaplateforme\"},\"sameAs\":[\"https:\/\/www.mediaplateforme.com\"],\"url\":\"https:\/\/www.mediaplateforme.com\/fr\/author\/mohamedladib\/\"}]}<\/script>\n<!-- \/ Yoast SEO plugin. -->","yoast_head_json":{"title":"Orange Maroc c\u00e9l\u00e8bre la journ\u00e9e internationale des droits de la femme - MEDIA PLATEFORME | FR","description":"Op\u00e9rateur engag\u00e9 \u00e0 lutte , Orange Maroc agit au \u00e0 l\u2019ensemble des marocain(e)s et soutient dans de ce sens, l\u2019entreprenariat f\u00e9minin.","robots":{"index":"index","follow":"follow","max-snippet":"max-snippet:-1","max-image-preview":"max-image-preview:large","max-video-preview":"max-video-preview:-1"},"canonical":"https:\/\/www.mediaplateforme.com\/fr\/orange-maroc-celebre-la-journee-internationale-des-droits-de-la-femme\/","og_locale":"fr_FR","og_type":"article","og_title":"Orange Maroc c\u00e9l\u00e8bre la journ\u00e9e internationale des droits de la femme - MEDIA PLATEFORME | FR","og_description":"Op\u00e9rateur engag\u00e9 \u00e0 lutte , Orange Maroc agit au \u00e0 l\u2019ensemble des marocain(e)s et soutient dans de ce sens, l\u2019entreprenariat f\u00e9minin.","og_url":"https:\/\/www.mediaplateforme.com\/fr\/orange-maroc-celebre-la-journee-internationale-des-droits-de-la-femme\/","og_site_name":"MEDIA PLATEFORME | FR","article_published_time":"2023-03-08T18:05:43+00:00","article_modified_time":"2023-03-09T11:08:24+00:00","og_image":[{"width":665,"height":382,"url":"https:\/\/www.mediaplateforme.com\/fr\/wp-content\/uploads\/sites\/5\/2023\/03\/\u0639\u0631\u0648\u0636-\u0627\u0648\u0631\u0646\u062c.webp","type":"image\/webp"}],"author":"Mediaplateforme","twitter_card":"summary_large_image","twitter_misc":{"\u00c9crit par":"Mediaplateforme","Dur\u00e9e de lecture estim\u00e9e":"4 minutes"},"schema":{"@context":"https:\/\/schema.org","@graph":[{"@type":"WebPage","@id":"https:\/\/www.mediaplateforme.com\/fr\/orange-maroc-celebre-la-journee-internationale-des-droits-de-la-femme\/","url":"https:\/\/www.mediaplateforme.com\/fr\/orange-maroc-celebre-la-journee-internationale-des-droits-de-la-femme\/","name":"Orange Maroc c\u00e9l\u00e8bre la journ\u00e9e internationale des droits de la femme - MEDIA PLATEFORME | FR","isPartOf":{"@id":"https:\/\/www.mediaplateforme.com\/fr\/#website"},"datePublished":"2023-03-08T18:05:43+00:00","dateModified":"2023-03-09T11:08:24+00:00","author":{"@id":"https:\/\/www.mediaplateforme.com\/fr\/#\/schema\/person\/89833db382b5db2c76b094bc902aa12a"},"description":"Op\u00e9rateur engag\u00e9 \u00e0 lutte , Orange Maroc agit au \u00e0 l\u2019ensemble des marocain(e)s et soutient dans de ce sens, l\u2019entreprenariat f\u00e9minin.","breadcrumb":{"@id":"https:\/\/www.mediaplateforme.com\/fr\/orange-maroc-celebre-la-journee-internationale-des-droits-de-la-femme\/#breadcrumb"},"inLanguage":"fr-FR","potentialAction":[{"@type":"ReadAction","target":["https:\/\/www.mediaplateforme.com\/fr\/orange-maroc-celebre-la-journee-internationale-des-droits-de-la-femme\/"]}]},{"@type":"BreadcrumbList","@id":"https:\/\/www.mediaplateforme.com\/fr\/orange-maroc-celebre-la-journee-internationale-des-droits-de-la-femme\/#breadcrumb","itemListElement":[{"@type":"ListItem","position":1,"name":"\u0627\u0644\u0631\u0626\u064a\u0633\u064a\u0629","item":"https:\/\/www.mediaplateforme.com\/fr\/"},{"@type":"ListItem","position":2,"name":"Orange Maroc c\u00e9l\u00e8bre la journ\u00e9e internationale des droits de la femme"}]},{"@type":"WebSite","@id":"https:\/\/www.mediaplateforme.com\/fr\/#website","url":"https:\/\/www.mediaplateforme.com\/fr\/","name":"MEDIA PLATEFORME | FR","description":"Mediaplateforme sp\u00e9cialis\u00e9 dans la communication institutions publiques et des entreprises","potentialAction":[{"@type":"SearchAction","target":{"@type":"EntryPoint","urlTemplate":"https:\/\/www.mediaplateforme.com\/fr\/?s={search_term_string}"},"query-input":"required name=search_term_string"}],"inLanguage":"fr-FR"},{"@type":"Person","@id":"https:\/\/www.mediaplateforme.com\/fr\/#\/schema\/person\/89833db382b5db2c76b094bc902aa12a","name":"Mediaplateforme","image":{"@type":"ImageObject","inLanguage":"fr-FR","@id":"https:\/\/www.mediaplateforme.com\/fr\/#\/schema\/person\/image\/","url":"https:\/\/secure.gravatar.com\/avatar\/6c9c02e8928cc65d54bf75157f7b3a2d06d7ad0494ca0951f679552ff03b34c1?s=96&d=mm&r=g","contentUrl":"https:\/\/secure.gravatar.com\/avatar\/6c9c02e8928cc65d54bf75157f7b3a2d06d7ad0494ca0951f679552ff03b34c1?s=96&d=mm&r=g","caption":"Mediaplateforme"},"sameAs":["https:\/\/www.mediaplateforme.com"],"url":"https:\/\/www.mediaplateforme.com\/fr\/author\/mohamedladib\/"}]}},"_links":{"self":[{"href":"https:\/\/www.mediaplateforme.com\/fr\/wp-json\/wp\/v2\/posts\/2394","targetHints":{"allow":["GET"]}}],"collection":[{"href":"https:\/\/www.mediaplateforme.com\/fr\/wp-json\/wp\/v2\/posts"}],"about":[{"href":"https:\/\/www.mediaplateforme.com\/fr\/wp-json\/wp\/v2\/types\/post"}],"author":[{"embeddable":true,"href":"https:\/\/www.mediaplateforme.com\/fr\/wp-json\/wp\/v2\/users\/1"}],"replies":[{"embeddable":true,"href":"https:\/\/www.mediaplateforme.com\/fr\/wp-json\/wp\/v2\/comments?post=2394"}],"version-history":[{"count":1,"href":"https:\/\/www.mediaplateforme.com\/fr\/wp-json\/wp\/v2\/posts\/2394\/revisions"}],"predecessor-version":[{"id":2396,"href":"https:\/\/www.mediaplateforme.com\/fr\/wp-json\/wp\/v2\/posts\/2394\/revisions\/2396"}],"wp:featuredmedia":[{"embeddable":true,"href":"https:\/\/www.mediaplateforme.com\/fr\/wp-json\/wp\/v2\/media\/2395"}],"wp:attachment":[{"href":"https:\/\/www.mediaplateforme.com\/fr\/wp-json\/wp\/v2\/media?parent=2394"}],"wp:term":[{"taxonomy":"category","embeddable":true,"href":"https:\/\/www.mediaplateforme.com\/fr\/wp-json\/wp\/v2\/categories?post=2394"},{"taxonomy":"post_tag","embeddable":true,"href":"https:\/\/www.mediaplateforme.com\/fr\/wp-json\/wp\/v2\/tags?post=2394"}],"curies":[{"name":"wp","href":"https:\/\/api.w.org\/{rel}","templated":true}]}}