{"id":2390,"date":"2023-03-08T19:46:57","date_gmt":"2023-03-08T18:46:57","guid":{"rendered":"https:\/\/www.mediaplateforme.com\/fr\/?p=2390"},"modified":"2023-03-09T11:49:32","modified_gmt":"2023-03-09T10:49:32","slug":"lonmt-scelle-un-partenariat-historique-avec-tui-group-leader-mondial-du-tourisme","status":"publish","type":"post","link":"https:\/\/www.mediaplateforme.com\/fr\/lonmt-scelle-un-partenariat-historique-avec-tui-group-leader-mondial-du-tourisme\/","title":{"rendered":"L\u2019ONMT scelle un partenariat historique avec TUI GROUP, Leader mondial du Tourisme"},"content":{"rendered":"<p>Hier, mardi 7 mars 2023, Adel El Fakir, Directeur G\u00e9n\u00e9ral de l\u2019Office National Marocain du Tourisme a sign\u00e9 un accord Record avec Sebastian EBEL, Pr\u00e9sident Directeur G\u00e9n\u00e9ral de TUI Group, premier op\u00e9rateur mondial du Tourisme.<\/p>\n<p>Cet accord couvre les 5 prochaines ann\u00e9es allant de la saison \u00e9t\u00e9 2023 \u00e0 l\u2019hiver 2027-2028 soit 10 saisons et permettra, sur cette p\u00e9riode de plus que doubler les arriv\u00e9es touristiques vers le Maroc avec un taux de croissance de l\u2019ordre de 220%. Notons qu\u2019aujourd\u2019hui TUI enregistre environ quelques 210.000 clients annuels sur le Maroc. \u00a0Gr\u00e2ce \u00e0 ce partenariat le volume avoisinera le demi-million de clients.<\/p>\n<p>Pour Adel El Fakir, \u00ab\u00a0<strong>C\u2019est un moment important pour l\u2019ONMT et pour le Tourisme marocain. TUI est incontestablement un op\u00e9rateur de premier plan dont l\u2019incidence, en termes de volume est notable pour le secteur. Cet accord va donc permettre une mont\u00e9e en puissance de leur programmation du Maroc et augure \u00e9galement d\u2019engagements similaires de nombreux autres prescripteurs de voyage.\u00a0\u00bb<\/strong><\/p>\n<p>Dans le d\u00e9tail march\u00e9 par march\u00e9, ce partenariat permettra de d<strong>oubler <\/strong>les arriv\u00e9s touristiques au d\u00e9part de la France, <strong>tripler<\/strong> les arriv\u00e9s touristiques au d\u00e9part de l\u2019Allemagne, l\u2019Autriche et la Suisse, <strong>tripler<\/strong> les arriv\u00e9s touristiques au d\u00e9part du March\u00e9 UK, t<strong>ripler <\/strong>les arriv\u00e9s touristiques au d\u00e9part de la Belgique et <strong>quadrupler<\/strong> les arriv\u00e9s touristiques au d\u00e9part du March\u00e9 N\u00e9erlandais.<\/p>\n<p><strong>L\u2019ONMT poursuit ainsi ses efforts sans rel\u00e2che et d\u00e9ploie sa strat\u00e9gie de conqu\u00eate des principaux march\u00e9s \u00e9metteurs strat\u00e9giques pour le Maroc.<\/strong><\/p>\n<p><strong>\u00a0<\/strong><\/p>\n<p><strong>\u00a0<\/strong><\/p>\n<p><strong>*Rappelons que TUI GROUP est le leader mondial du tourisme qui regroupe une grande diversit\u00e9 \u00a0d\u2019activit\u00e9s\u00a0: des tour-op\u00e9rateurs avec des marques fortes, 1.600 <\/strong><a href=\"http:\/\/fr.wikipedia.org\/wiki\/Agence_de_voyages\"><strong>agences de voyages<\/strong><\/a><strong> et des portails en ligne, \u00a0pr\u00e8s de 400 h\u00f4tels, des agences r\u00e9ceptives dans le monde entier, six <\/strong><a href=\"http:\/\/fr.wikipedia.org\/wiki\/Compagnie_a%C3%A9rienne\"><strong>compagnies a\u00e9riennes<\/strong><\/a><strong>\u00a0avec environ 150 avions et 18 navires. Au Maroc, le groupe compte continuer sa dynamique avec un plan d\u2019investissement tr\u00e8s important \u00e0 Agadir et Marrakech.<\/strong><\/p>\n","protected":false},"excerpt":{"rendered":"<p>Hier, mardi 7 mars 2023, Adel El Fakir, Directeur G\u00e9n\u00e9ral de l\u2019Office National Marocain du<\/p>\n","protected":false},"author":1,"featured_media":2391,"comment_status":"open","ping_status":"open","sticky":false,"template":"","format":"standard","meta":{"_acf_changed":false,"footnotes":""},"categories":[2,3],"tags":[728,48],"class_list":["post-2390","post","type-post","status-publish","format-standard","has-post-thumbnail","hentry","category-nouvelles","category-nouvelles-selectionnees","tag-adel-el-fakir","tag-onmt"],"acf":[],"yoast_head":"<!-- This site is optimized with the Yoast SEO plugin v22.0 - https:\/\/yoast.com\/wordpress\/plugins\/seo\/ -->\n<title>L\u2019ONMT scelle un partenariat historique avec TUI GROUP, Leader mondial du Tourisme - MEDIA PLATEFORME | FR<\/title>\n<meta name=\"description\" content=\"Hier, mardi 7 mars 2023, Adel El Fakir, Directeur G\u00e9n\u00e9ral de l\u2019Office National Marocain du Tourisme a sign\u00e9 un accord Record avec Sebastian EBEL, Pr\u00e9sident Directeur G\u00e9n\u00e9ral de TUI Group, premier op\u00e9rateur mondial du Tourisme.\" \/>\n<meta name=\"robots\" content=\"index, follow, max-snippet:-1, max-image-preview:large, max-video-preview:-1\" \/>\n<link rel=\"canonical\" href=\"https:\/\/www.mediaplateforme.com\/fr\/lonmt-scelle-un-partenariat-historique-avec-tui-group-leader-mondial-du-tourisme\/\" \/>\n<meta property=\"og:locale\" content=\"fr_FR\" \/>\n<meta property=\"og:type\" content=\"article\" \/>\n<meta property=\"og:title\" content=\"L\u2019ONMT scelle un partenariat historique avec TUI GROUP, Leader mondial du Tourisme - MEDIA PLATEFORME | FR\" \/>\n<meta property=\"og:description\" content=\"Hier, mardi 7 mars 2023, Adel El Fakir, Directeur G\u00e9n\u00e9ral de l\u2019Office National Marocain du Tourisme a sign\u00e9 un accord Record avec Sebastian EBEL, Pr\u00e9sident Directeur G\u00e9n\u00e9ral de TUI Group, premier op\u00e9rateur mondial du Tourisme.\" \/>\n<meta property=\"og:url\" content=\"https:\/\/www.mediaplateforme.com\/fr\/lonmt-scelle-un-partenariat-historique-avec-tui-group-leader-mondial-du-tourisme\/\" \/>\n<meta property=\"og:site_name\" content=\"MEDIA PLATEFORME | FR\" \/>\n<meta property=\"article:published_time\" content=\"2023-03-08T18:46:57+00:00\" \/>\n<meta property=\"article:modified_time\" content=\"2023-03-09T10:49:32+00:00\" \/>\n<meta property=\"og:image\" content=\"https:\/\/www.mediaplateforme.com\/fr\/wp-content\/uploads\/sites\/5\/2023\/03\/Adel-el-fakir-DG-onmt-et-sebastian-Ebel-president-directeur-geeneeral-TUI-Group.jpg\" \/>\n\t<meta property=\"og:image:width\" content=\"1773\" \/>\n\t<meta property=\"og:image:height\" content=\"1182\" \/>\n\t<meta property=\"og:image:type\" content=\"image\/jpeg\" \/>\n<meta name=\"author\" content=\"Mediaplateforme\" \/>\n<meta name=\"twitter:card\" content=\"summary_large_image\" \/>\n<meta name=\"twitter:label1\" content=\"\u00c9crit par\" \/>\n\t<meta name=\"twitter:data1\" content=\"Mediaplateforme\" \/>\n\t<meta name=\"twitter:label2\" content=\"Dur\u00e9e de lecture estim\u00e9e\" \/>\n\t<meta name=\"twitter:data2\" content=\"2 minutes\" \/>\n<script type=\"application\/ld+json\" class=\"yoast-schema-graph\">{\"@context\":\"https:\/\/schema.org\",\"@graph\":[{\"@type\":\"WebPage\",\"@id\":\"https:\/\/www.mediaplateforme.com\/fr\/lonmt-scelle-un-partenariat-historique-avec-tui-group-leader-mondial-du-tourisme\/\",\"url\":\"https:\/\/www.mediaplateforme.com\/fr\/lonmt-scelle-un-partenariat-historique-avec-tui-group-leader-mondial-du-tourisme\/\",\"name\":\"L\u2019ONMT scelle un partenariat historique avec TUI GROUP, Leader mondial du Tourisme - MEDIA PLATEFORME | FR\",\"isPartOf\":{\"@id\":\"https:\/\/www.mediaplateforme.com\/fr\/#website\"},\"datePublished\":\"2023-03-08T18:46:57+00:00\",\"dateModified\":\"2023-03-09T10:49:32+00:00\",\"author\":{\"@id\":\"https:\/\/www.mediaplateforme.com\/fr\/#\/schema\/person\/89833db382b5db2c76b094bc902aa12a\"},\"description\":\"Hier, mardi 7 mars 2023, Adel El Fakir, Directeur G\u00e9n\u00e9ral de l\u2019Office National Marocain du Tourisme a sign\u00e9 un accord Record avec Sebastian EBEL, Pr\u00e9sident Directeur G\u00e9n\u00e9ral de TUI Group, premier op\u00e9rateur mondial du Tourisme.\",\"breadcrumb\":{\"@id\":\"https:\/\/www.mediaplateforme.com\/fr\/lonmt-scelle-un-partenariat-historique-avec-tui-group-leader-mondial-du-tourisme\/#breadcrumb\"},\"inLanguage\":\"fr-FR\",\"potentialAction\":[{\"@type\":\"ReadAction\",\"target\":[\"https:\/\/www.mediaplateforme.com\/fr\/lonmt-scelle-un-partenariat-historique-avec-tui-group-leader-mondial-du-tourisme\/\"]}]},{\"@type\":\"BreadcrumbList\",\"@id\":\"https:\/\/www.mediaplateforme.com\/fr\/lonmt-scelle-un-partenariat-historique-avec-tui-group-leader-mondial-du-tourisme\/#breadcrumb\",\"itemListElement\":[{\"@type\":\"ListItem\",\"position\":1,\"name\":\"\u0627\u0644\u0631\u0626\u064a\u0633\u064a\u0629\",\"item\":\"https:\/\/www.mediaplateforme.com\/fr\/\"},{\"@type\":\"ListItem\",\"position\":2,\"name\":\"L\u2019ONMT scelle un partenariat historique avec TUI GROUP, Leader mondial du Tourisme\"}]},{\"@type\":\"WebSite\",\"@id\":\"https:\/\/www.mediaplateforme.com\/fr\/#website\",\"url\":\"https:\/\/www.mediaplateforme.com\/fr\/\",\"name\":\"MEDIA PLATEFORME | FR\",\"description\":\"Mediaplateforme sp\u00e9cialis\u00e9 dans la communication institutions publiques et des entreprises\",\"potentialAction\":[{\"@type\":\"SearchAction\",\"target\":{\"@type\":\"EntryPoint\",\"urlTemplate\":\"https:\/\/www.mediaplateforme.com\/fr\/?s={search_term_string}\"},\"query-input\":\"required name=search_term_string\"}],\"inLanguage\":\"fr-FR\"},{\"@type\":\"Person\",\"@id\":\"https:\/\/www.mediaplateforme.com\/fr\/#\/schema\/person\/89833db382b5db2c76b094bc902aa12a\",\"name\":\"Mediaplateforme\",\"image\":{\"@type\":\"ImageObject\",\"inLanguage\":\"fr-FR\",\"@id\":\"https:\/\/www.mediaplateforme.com\/fr\/#\/schema\/person\/image\/\",\"url\":\"https:\/\/secure.gravatar.com\/avatar\/6c9c02e8928cc65d54bf75157f7b3a2d06d7ad0494ca0951f679552ff03b34c1?s=96&d=mm&r=g\",\"contentUrl\":\"https:\/\/secure.gravatar.com\/avatar\/6c9c02e8928cc65d54bf75157f7b3a2d06d7ad0494ca0951f679552ff03b34c1?s=96&d=mm&r=g\",\"caption\":\"Mediaplateforme\"},\"sameAs\":[\"https:\/\/www.mediaplateforme.com\"],\"url\":\"https:\/\/www.mediaplateforme.com\/fr\/author\/mohamedladib\/\"}]}<\/script>\n<!-- \/ Yoast SEO plugin. -->","yoast_head_json":{"title":"L\u2019ONMT scelle un partenariat historique avec TUI GROUP, Leader mondial du Tourisme - MEDIA PLATEFORME | FR","description":"Hier, mardi 7 mars 2023, Adel El Fakir, Directeur G\u00e9n\u00e9ral de l\u2019Office National Marocain du Tourisme a sign\u00e9 un accord Record avec Sebastian EBEL, Pr\u00e9sident Directeur G\u00e9n\u00e9ral de TUI Group, premier op\u00e9rateur mondial du Tourisme.","robots":{"index":"index","follow":"follow","max-snippet":"max-snippet:-1","max-image-preview":"max-image-preview:large","max-video-preview":"max-video-preview:-1"},"canonical":"https:\/\/www.mediaplateforme.com\/fr\/lonmt-scelle-un-partenariat-historique-avec-tui-group-leader-mondial-du-tourisme\/","og_locale":"fr_FR","og_type":"article","og_title":"L\u2019ONMT scelle un partenariat historique avec TUI GROUP, Leader mondial du Tourisme - MEDIA PLATEFORME | FR","og_description":"Hier, mardi 7 mars 2023, Adel El Fakir, Directeur G\u00e9n\u00e9ral de l\u2019Office National Marocain du Tourisme a sign\u00e9 un accord Record avec Sebastian EBEL, Pr\u00e9sident Directeur G\u00e9n\u00e9ral de TUI Group, premier op\u00e9rateur mondial du Tourisme.","og_url":"https:\/\/www.mediaplateforme.com\/fr\/lonmt-scelle-un-partenariat-historique-avec-tui-group-leader-mondial-du-tourisme\/","og_site_name":"MEDIA PLATEFORME | FR","article_published_time":"2023-03-08T18:46:57+00:00","article_modified_time":"2023-03-09T10:49:32+00:00","og_image":[{"width":1773,"height":1182,"url":"https:\/\/www.mediaplateforme.com\/fr\/wp-content\/uploads\/sites\/5\/2023\/03\/Adel-el-fakir-DG-onmt-et-sebastian-Ebel-president-directeur-geeneeral-TUI-Group.jpg","type":"image\/jpeg"}],"author":"Mediaplateforme","twitter_card":"summary_large_image","twitter_misc":{"\u00c9crit par":"Mediaplateforme","Dur\u00e9e de lecture estim\u00e9e":"2 minutes"},"schema":{"@context":"https:\/\/schema.org","@graph":[{"@type":"WebPage","@id":"https:\/\/www.mediaplateforme.com\/fr\/lonmt-scelle-un-partenariat-historique-avec-tui-group-leader-mondial-du-tourisme\/","url":"https:\/\/www.mediaplateforme.com\/fr\/lonmt-scelle-un-partenariat-historique-avec-tui-group-leader-mondial-du-tourisme\/","name":"L\u2019ONMT scelle un partenariat historique avec TUI GROUP, Leader mondial du Tourisme - MEDIA PLATEFORME | FR","isPartOf":{"@id":"https:\/\/www.mediaplateforme.com\/fr\/#website"},"datePublished":"2023-03-08T18:46:57+00:00","dateModified":"2023-03-09T10:49:32+00:00","author":{"@id":"https:\/\/www.mediaplateforme.com\/fr\/#\/schema\/person\/89833db382b5db2c76b094bc902aa12a"},"description":"Hier, mardi 7 mars 2023, Adel El Fakir, Directeur G\u00e9n\u00e9ral de l\u2019Office National Marocain du Tourisme a sign\u00e9 un accord Record avec Sebastian EBEL, Pr\u00e9sident Directeur G\u00e9n\u00e9ral de TUI Group, premier op\u00e9rateur mondial du Tourisme.","breadcrumb":{"@id":"https:\/\/www.mediaplateforme.com\/fr\/lonmt-scelle-un-partenariat-historique-avec-tui-group-leader-mondial-du-tourisme\/#breadcrumb"},"inLanguage":"fr-FR","potentialAction":[{"@type":"ReadAction","target":["https:\/\/www.mediaplateforme.com\/fr\/lonmt-scelle-un-partenariat-historique-avec-tui-group-leader-mondial-du-tourisme\/"]}]},{"@type":"BreadcrumbList","@id":"https:\/\/www.mediaplateforme.com\/fr\/lonmt-scelle-un-partenariat-historique-avec-tui-group-leader-mondial-du-tourisme\/#breadcrumb","itemListElement":[{"@type":"ListItem","position":1,"name":"\u0627\u0644\u0631\u0626\u064a\u0633\u064a\u0629","item":"https:\/\/www.mediaplateforme.com\/fr\/"},{"@type":"ListItem","position":2,"name":"L\u2019ONMT scelle un partenariat historique avec TUI GROUP, Leader mondial du Tourisme"}]},{"@type":"WebSite","@id":"https:\/\/www.mediaplateforme.com\/fr\/#website","url":"https:\/\/www.mediaplateforme.com\/fr\/","name":"MEDIA PLATEFORME | FR","description":"Mediaplateforme sp\u00e9cialis\u00e9 dans la communication institutions publiques et des entreprises","potentialAction":[{"@type":"SearchAction","target":{"@type":"EntryPoint","urlTemplate":"https:\/\/www.mediaplateforme.com\/fr\/?s={search_term_string}"},"query-input":"required name=search_term_string"}],"inLanguage":"fr-FR"},{"@type":"Person","@id":"https:\/\/www.mediaplateforme.com\/fr\/#\/schema\/person\/89833db382b5db2c76b094bc902aa12a","name":"Mediaplateforme","image":{"@type":"ImageObject","inLanguage":"fr-FR","@id":"https:\/\/www.mediaplateforme.com\/fr\/#\/schema\/person\/image\/","url":"https:\/\/secure.gravatar.com\/avatar\/6c9c02e8928cc65d54bf75157f7b3a2d06d7ad0494ca0951f679552ff03b34c1?s=96&d=mm&r=g","contentUrl":"https:\/\/secure.gravatar.com\/avatar\/6c9c02e8928cc65d54bf75157f7b3a2d06d7ad0494ca0951f679552ff03b34c1?s=96&d=mm&r=g","caption":"Mediaplateforme"},"sameAs":["https:\/\/www.mediaplateforme.com"],"url":"https:\/\/www.mediaplateforme.com\/fr\/author\/mohamedladib\/"}]}},"_links":{"self":[{"href":"https:\/\/www.mediaplateforme.com\/fr\/wp-json\/wp\/v2\/posts\/2390","targetHints":{"allow":["GET"]}}],"collection":[{"href":"https:\/\/www.mediaplateforme.com\/fr\/wp-json\/wp\/v2\/posts"}],"about":[{"href":"https:\/\/www.mediaplateforme.com\/fr\/wp-json\/wp\/v2\/types\/post"}],"author":[{"embeddable":true,"href":"https:\/\/www.mediaplateforme.com\/fr\/wp-json\/wp\/v2\/users\/1"}],"replies":[{"embeddable":true,"href":"https:\/\/www.mediaplateforme.com\/fr\/wp-json\/wp\/v2\/comments?post=2390"}],"version-history":[{"count":1,"href":"https:\/\/www.mediaplateforme.com\/fr\/wp-json\/wp\/v2\/posts\/2390\/revisions"}],"predecessor-version":[{"id":2392,"href":"https:\/\/www.mediaplateforme.com\/fr\/wp-json\/wp\/v2\/posts\/2390\/revisions\/2392"}],"wp:featuredmedia":[{"embeddable":true,"href":"https:\/\/www.mediaplateforme.com\/fr\/wp-json\/wp\/v2\/media\/2391"}],"wp:attachment":[{"href":"https:\/\/www.mediaplateforme.com\/fr\/wp-json\/wp\/v2\/media?parent=2390"}],"wp:term":[{"taxonomy":"category","embeddable":true,"href":"https:\/\/www.mediaplateforme.com\/fr\/wp-json\/wp\/v2\/categories?post=2390"},{"taxonomy":"post_tag","embeddable":true,"href":"https:\/\/www.mediaplateforme.com\/fr\/wp-json\/wp\/v2\/tags?post=2390"}],"curies":[{"name":"wp","href":"https:\/\/api.w.org\/{rel}","templated":true}]}}