{"id":2377,"date":"2023-03-07T16:18:04","date_gmt":"2023-03-07T15:18:04","guid":{"rendered":"https:\/\/www.mediaplateforme.com\/fr\/?p=2377"},"modified":"2023-03-07T16:18:04","modified_gmt":"2023-03-07T15:18:04","slug":"a-loccasion-de-la-journee-internationale-des-droits-de-la-femme-peugeot-rend-hommage-a-la-diversite-feminine","status":"publish","type":"post","link":"https:\/\/www.mediaplateforme.com\/fr\/a-loccasion-de-la-journee-internationale-des-droits-de-la-femme-peugeot-rend-hommage-a-la-diversite-feminine\/","title":{"rendered":"\u00c0 l\u2019occasion de la Journ\u00e9e Internationale des droits de la Femme, Peugeot rend hommage \u00e0 la diversit\u00e9 f\u00e9minine"},"content":{"rendered":"<p>La Journ\u00e9e Internationale de la Femme est l&rsquo;occasion parfaite pour Peugeot de c\u00e9l\u00e9brer \u00e0 travers sa nouvelle promesse <strong>\u00ab\u00a0The Power of Allure\u00a0\u00bb<\/strong><strong>,<\/strong> la diversit\u00e9 et la singularit\u00e9 de chacune des femmes, en mettant en valeur leur allure, concept qui englobe leur apparence physique, leur posture, expression de leur personnalit\u00e9, de leur confiance en soi et qui constitue en fait une partie int\u00e9grante de leur identit\u00e9.<\/p>\n<p>&nbsp;<\/p>\n<p>Parce que pour Peugeot chaque femme est unique, peu importe son apparence physique, l&rsquo;important est qu&rsquo;elle se sente libre, \u00e0 l&rsquo;aise dans sa peau, et confiante en elle-m\u00eame, le 8 mars de chaque ann\u00e9e est un cap important qui l\u2019inspire pour soutenir toutes les femmes.<\/p>\n<p>&nbsp;<\/p>\n<p>Pour marquer cet \u00e9v\u00e9nement, et magnifier la femme marocaine, Peugeot a collabor\u00e9 avec l\u2019artiste Mourahab Youssef, chor\u00e9graphe et danseur professionnel marocain qui s\u2019est illustr\u00e9 sur plusieurs projets, notamment le film \u00ab\u00a0Haut et Fort\u00a0\u00bb et la performance d&rsquo;ouverture des Jeux Africains afin de produire une chor\u00e9graphie inspirante,\u00a0empreinte de sensibilit\u00e9 et de cr\u00e9ativit\u00e9, mettant en sc\u00e8ne des femmes de tout horizon dansant avec gr\u00e2ce et \u00e9l\u00e9gance.<\/p>\n<p>&nbsp;<\/p>\n<p>\u00c0 travers cette initiative, Peugeot c\u00e9l\u00e8bre l&rsquo;allure unique de chaque femme avec un message clair, chaque femme a sa propre personnalit\u00e9 et peut s&rsquo;exprimer librement \u00e0 travers son style personnel, se sentir plus en contr\u00f4le de sa vie et plus confiante dans ses relations avec les autres.<\/p>\n<p>&nbsp;<\/p>\n<p>Vive les femmes, toutes les femmes, avec toutes leurs singularit\u00e9s.<\/p>\n<p>&nbsp;<\/p>\n<p>&nbsp;<\/p>\n<h4><strong>A PROPOS DE PEUGEOT<\/strong><\/h4>\n<p><strong>\u00a0<\/strong><\/p>\n<p>PEUGEOT est une marque g\u00e9n\u00e9raliste haut-de-gamme inventive, \u00e0 vocation mondiale. Ses valeurs sont l\u2019Allure, l\u2019Emotion et l\u2019Excellence. Pr\u00e9sente dans plus de 160 pays au travers de 10 000 points de vente, PEUGEOT a vendu pr\u00e8s de 1 200 000 v\u00e9hicules dans le monde en 2020. En 2021, apr\u00e8s la c\u00e9l\u00e9bration de ses 210 ans, PEUGEOT inaugure sa nouvelle identit\u00e9 avec un blason affirmant sa personnalit\u00e9 et son intemporalit\u00e9.<\/p>\n","protected":false},"excerpt":{"rendered":"<p>La Journ\u00e9e Internationale de la Femme est l&rsquo;occasion parfaite pour Peugeot de c\u00e9l\u00e9brer \u00e0 travers<\/p>\n","protected":false},"author":1,"featured_media":2378,"comment_status":"open","ping_status":"open","sticky":false,"template":"","format":"standard","meta":{"_acf_changed":false,"footnotes":""},"categories":[4,3],"tags":[721],"class_list":["post-2377","post","type-post","status-publish","format-standard","has-post-thumbnail","hentry","category-economie","category-nouvelles-selectionnees","tag-the-power-of-allure"],"acf":[],"yoast_head":"<!-- This site is optimized with the Yoast SEO plugin v22.0 - https:\/\/yoast.com\/wordpress\/plugins\/seo\/ -->\n<title>\u00c0 l\u2019occasion de la Journ\u00e9e Internationale des droits de la Femme, Peugeot rend hommage \u00e0 la diversit\u00e9 f\u00e9minine - MEDIA PLATEFORME | FR<\/title>\n<meta name=\"description\" content=\"La Journ\u00e9e Internationale de la Femme est l&#039;occasion parfaite pour Peugeot de c\u00e9l\u00e9brer \u00e0 travers \u00ab\u00a0The Power of Allure\u00a0\u00bb,\" \/>\n<meta name=\"robots\" content=\"index, follow, max-snippet:-1, max-image-preview:large, max-video-preview:-1\" \/>\n<link rel=\"canonical\" href=\"https:\/\/www.mediaplateforme.com\/fr\/a-loccasion-de-la-journee-internationale-des-droits-de-la-femme-peugeot-rend-hommage-a-la-diversite-feminine\/\" \/>\n<meta property=\"og:locale\" content=\"fr_FR\" \/>\n<meta property=\"og:type\" content=\"article\" \/>\n<meta property=\"og:title\" content=\"\u00c0 l\u2019occasion de la Journ\u00e9e Internationale des droits de la Femme, Peugeot rend hommage \u00e0 la diversit\u00e9 f\u00e9minine - MEDIA PLATEFORME | FR\" \/>\n<meta property=\"og:description\" content=\"La Journ\u00e9e Internationale de la Femme est l&#039;occasion parfaite pour Peugeot de c\u00e9l\u00e9brer \u00e0 travers \u00ab\u00a0The Power of Allure\u00a0\u00bb,\" \/>\n<meta property=\"og:url\" content=\"https:\/\/www.mediaplateforme.com\/fr\/a-loccasion-de-la-journee-internationale-des-droits-de-la-femme-peugeot-rend-hommage-a-la-diversite-feminine\/\" \/>\n<meta property=\"og:site_name\" content=\"MEDIA PLATEFORME | FR\" \/>\n<meta property=\"article:published_time\" content=\"2023-03-07T15:18:04+00:00\" \/>\n<meta property=\"og:image\" content=\"https:\/\/www.mediaplateforme.com\/fr\/wp-content\/uploads\/sites\/5\/2023\/03\/DSCF6920.jpg\" \/>\n\t<meta property=\"og:image:width\" content=\"2048\" \/>\n\t<meta property=\"og:image:height\" content=\"1365\" \/>\n\t<meta property=\"og:image:type\" content=\"image\/jpeg\" \/>\n<meta name=\"author\" content=\"Mediaplateforme\" \/>\n<meta name=\"twitter:card\" content=\"summary_large_image\" \/>\n<meta name=\"twitter:label1\" content=\"\u00c9crit par\" \/>\n\t<meta name=\"twitter:data1\" content=\"Mediaplateforme\" \/>\n\t<meta name=\"twitter:label2\" content=\"Dur\u00e9e de lecture estim\u00e9e\" \/>\n\t<meta name=\"twitter:data2\" content=\"2 minutes\" \/>\n<script type=\"application\/ld+json\" class=\"yoast-schema-graph\">{\"@context\":\"https:\/\/schema.org\",\"@graph\":[{\"@type\":\"WebPage\",\"@id\":\"https:\/\/www.mediaplateforme.com\/fr\/a-loccasion-de-la-journee-internationale-des-droits-de-la-femme-peugeot-rend-hommage-a-la-diversite-feminine\/\",\"url\":\"https:\/\/www.mediaplateforme.com\/fr\/a-loccasion-de-la-journee-internationale-des-droits-de-la-femme-peugeot-rend-hommage-a-la-diversite-feminine\/\",\"name\":\"\u00c0 l\u2019occasion de la Journ\u00e9e Internationale des droits de la Femme, Peugeot rend hommage \u00e0 la diversit\u00e9 f\u00e9minine - MEDIA PLATEFORME | FR\",\"isPartOf\":{\"@id\":\"https:\/\/www.mediaplateforme.com\/fr\/#website\"},\"datePublished\":\"2023-03-07T15:18:04+00:00\",\"dateModified\":\"2023-03-07T15:18:04+00:00\",\"author\":{\"@id\":\"https:\/\/www.mediaplateforme.com\/fr\/#\/schema\/person\/89833db382b5db2c76b094bc902aa12a\"},\"description\":\"La Journ\u00e9e Internationale de la Femme est l'occasion parfaite pour Peugeot de c\u00e9l\u00e9brer \u00e0 travers \u00ab\u00a0The Power of Allure\u00a0\u00bb,\",\"breadcrumb\":{\"@id\":\"https:\/\/www.mediaplateforme.com\/fr\/a-loccasion-de-la-journee-internationale-des-droits-de-la-femme-peugeot-rend-hommage-a-la-diversite-feminine\/#breadcrumb\"},\"inLanguage\":\"fr-FR\",\"potentialAction\":[{\"@type\":\"ReadAction\",\"target\":[\"https:\/\/www.mediaplateforme.com\/fr\/a-loccasion-de-la-journee-internationale-des-droits-de-la-femme-peugeot-rend-hommage-a-la-diversite-feminine\/\"]}]},{\"@type\":\"BreadcrumbList\",\"@id\":\"https:\/\/www.mediaplateforme.com\/fr\/a-loccasion-de-la-journee-internationale-des-droits-de-la-femme-peugeot-rend-hommage-a-la-diversite-feminine\/#breadcrumb\",\"itemListElement\":[{\"@type\":\"ListItem\",\"position\":1,\"name\":\"\u0627\u0644\u0631\u0626\u064a\u0633\u064a\u0629\",\"item\":\"https:\/\/www.mediaplateforme.com\/fr\/\"},{\"@type\":\"ListItem\",\"position\":2,\"name\":\"\u00c0 l\u2019occasion de la Journ\u00e9e Internationale des droits de la Femme, Peugeot rend hommage \u00e0 la diversit\u00e9 f\u00e9minine\"}]},{\"@type\":\"WebSite\",\"@id\":\"https:\/\/www.mediaplateforme.com\/fr\/#website\",\"url\":\"https:\/\/www.mediaplateforme.com\/fr\/\",\"name\":\"MEDIA PLATEFORME | FR\",\"description\":\"Mediaplateforme sp\u00e9cialis\u00e9 dans la communication institutions publiques et des entreprises\",\"potentialAction\":[{\"@type\":\"SearchAction\",\"target\":{\"@type\":\"EntryPoint\",\"urlTemplate\":\"https:\/\/www.mediaplateforme.com\/fr\/?s={search_term_string}\"},\"query-input\":\"required name=search_term_string\"}],\"inLanguage\":\"fr-FR\"},{\"@type\":\"Person\",\"@id\":\"https:\/\/www.mediaplateforme.com\/fr\/#\/schema\/person\/89833db382b5db2c76b094bc902aa12a\",\"name\":\"Mediaplateforme\",\"image\":{\"@type\":\"ImageObject\",\"inLanguage\":\"fr-FR\",\"@id\":\"https:\/\/www.mediaplateforme.com\/fr\/#\/schema\/person\/image\/\",\"url\":\"https:\/\/secure.gravatar.com\/avatar\/6c9c02e8928cc65d54bf75157f7b3a2d06d7ad0494ca0951f679552ff03b34c1?s=96&d=mm&r=g\",\"contentUrl\":\"https:\/\/secure.gravatar.com\/avatar\/6c9c02e8928cc65d54bf75157f7b3a2d06d7ad0494ca0951f679552ff03b34c1?s=96&d=mm&r=g\",\"caption\":\"Mediaplateforme\"},\"sameAs\":[\"https:\/\/www.mediaplateforme.com\"],\"url\":\"https:\/\/www.mediaplateforme.com\/fr\/author\/mohamedladib\/\"}]}<\/script>\n<!-- \/ Yoast SEO plugin. -->","yoast_head_json":{"title":"\u00c0 l\u2019occasion de la Journ\u00e9e Internationale des droits de la Femme, Peugeot rend hommage \u00e0 la diversit\u00e9 f\u00e9minine - MEDIA PLATEFORME | FR","description":"La Journ\u00e9e Internationale de la Femme est l'occasion parfaite pour Peugeot de c\u00e9l\u00e9brer \u00e0 travers \u00ab\u00a0The Power of Allure\u00a0\u00bb,","robots":{"index":"index","follow":"follow","max-snippet":"max-snippet:-1","max-image-preview":"max-image-preview:large","max-video-preview":"max-video-preview:-1"},"canonical":"https:\/\/www.mediaplateforme.com\/fr\/a-loccasion-de-la-journee-internationale-des-droits-de-la-femme-peugeot-rend-hommage-a-la-diversite-feminine\/","og_locale":"fr_FR","og_type":"article","og_title":"\u00c0 l\u2019occasion de la Journ\u00e9e Internationale des droits de la Femme, Peugeot rend hommage \u00e0 la diversit\u00e9 f\u00e9minine - MEDIA PLATEFORME | FR","og_description":"La Journ\u00e9e Internationale de la Femme est l'occasion parfaite pour Peugeot de c\u00e9l\u00e9brer \u00e0 travers \u00ab\u00a0The Power of Allure\u00a0\u00bb,","og_url":"https:\/\/www.mediaplateforme.com\/fr\/a-loccasion-de-la-journee-internationale-des-droits-de-la-femme-peugeot-rend-hommage-a-la-diversite-feminine\/","og_site_name":"MEDIA PLATEFORME | FR","article_published_time":"2023-03-07T15:18:04+00:00","og_image":[{"width":2048,"height":1365,"url":"https:\/\/www.mediaplateforme.com\/fr\/wp-content\/uploads\/sites\/5\/2023\/03\/DSCF6920.jpg","type":"image\/jpeg"}],"author":"Mediaplateforme","twitter_card":"summary_large_image","twitter_misc":{"\u00c9crit par":"Mediaplateforme","Dur\u00e9e de lecture estim\u00e9e":"2 minutes"},"schema":{"@context":"https:\/\/schema.org","@graph":[{"@type":"WebPage","@id":"https:\/\/www.mediaplateforme.com\/fr\/a-loccasion-de-la-journee-internationale-des-droits-de-la-femme-peugeot-rend-hommage-a-la-diversite-feminine\/","url":"https:\/\/www.mediaplateforme.com\/fr\/a-loccasion-de-la-journee-internationale-des-droits-de-la-femme-peugeot-rend-hommage-a-la-diversite-feminine\/","name":"\u00c0 l\u2019occasion de la Journ\u00e9e Internationale des droits de la Femme, Peugeot rend hommage \u00e0 la diversit\u00e9 f\u00e9minine - MEDIA PLATEFORME | FR","isPartOf":{"@id":"https:\/\/www.mediaplateforme.com\/fr\/#website"},"datePublished":"2023-03-07T15:18:04+00:00","dateModified":"2023-03-07T15:18:04+00:00","author":{"@id":"https:\/\/www.mediaplateforme.com\/fr\/#\/schema\/person\/89833db382b5db2c76b094bc902aa12a"},"description":"La Journ\u00e9e Internationale de la Femme est l'occasion parfaite pour Peugeot de c\u00e9l\u00e9brer \u00e0 travers \u00ab\u00a0The Power of Allure\u00a0\u00bb,","breadcrumb":{"@id":"https:\/\/www.mediaplateforme.com\/fr\/a-loccasion-de-la-journee-internationale-des-droits-de-la-femme-peugeot-rend-hommage-a-la-diversite-feminine\/#breadcrumb"},"inLanguage":"fr-FR","potentialAction":[{"@type":"ReadAction","target":["https:\/\/www.mediaplateforme.com\/fr\/a-loccasion-de-la-journee-internationale-des-droits-de-la-femme-peugeot-rend-hommage-a-la-diversite-feminine\/"]}]},{"@type":"BreadcrumbList","@id":"https:\/\/www.mediaplateforme.com\/fr\/a-loccasion-de-la-journee-internationale-des-droits-de-la-femme-peugeot-rend-hommage-a-la-diversite-feminine\/#breadcrumb","itemListElement":[{"@type":"ListItem","position":1,"name":"\u0627\u0644\u0631\u0626\u064a\u0633\u064a\u0629","item":"https:\/\/www.mediaplateforme.com\/fr\/"},{"@type":"ListItem","position":2,"name":"\u00c0 l\u2019occasion de la Journ\u00e9e Internationale des droits de la Femme, Peugeot rend hommage \u00e0 la diversit\u00e9 f\u00e9minine"}]},{"@type":"WebSite","@id":"https:\/\/www.mediaplateforme.com\/fr\/#website","url":"https:\/\/www.mediaplateforme.com\/fr\/","name":"MEDIA PLATEFORME | FR","description":"Mediaplateforme sp\u00e9cialis\u00e9 dans la communication institutions publiques et des entreprises","potentialAction":[{"@type":"SearchAction","target":{"@type":"EntryPoint","urlTemplate":"https:\/\/www.mediaplateforme.com\/fr\/?s={search_term_string}"},"query-input":"required name=search_term_string"}],"inLanguage":"fr-FR"},{"@type":"Person","@id":"https:\/\/www.mediaplateforme.com\/fr\/#\/schema\/person\/89833db382b5db2c76b094bc902aa12a","name":"Mediaplateforme","image":{"@type":"ImageObject","inLanguage":"fr-FR","@id":"https:\/\/www.mediaplateforme.com\/fr\/#\/schema\/person\/image\/","url":"https:\/\/secure.gravatar.com\/avatar\/6c9c02e8928cc65d54bf75157f7b3a2d06d7ad0494ca0951f679552ff03b34c1?s=96&d=mm&r=g","contentUrl":"https:\/\/secure.gravatar.com\/avatar\/6c9c02e8928cc65d54bf75157f7b3a2d06d7ad0494ca0951f679552ff03b34c1?s=96&d=mm&r=g","caption":"Mediaplateforme"},"sameAs":["https:\/\/www.mediaplateforme.com"],"url":"https:\/\/www.mediaplateforme.com\/fr\/author\/mohamedladib\/"}]}},"_links":{"self":[{"href":"https:\/\/www.mediaplateforme.com\/fr\/wp-json\/wp\/v2\/posts\/2377","targetHints":{"allow":["GET"]}}],"collection":[{"href":"https:\/\/www.mediaplateforme.com\/fr\/wp-json\/wp\/v2\/posts"}],"about":[{"href":"https:\/\/www.mediaplateforme.com\/fr\/wp-json\/wp\/v2\/types\/post"}],"author":[{"embeddable":true,"href":"https:\/\/www.mediaplateforme.com\/fr\/wp-json\/wp\/v2\/users\/1"}],"replies":[{"embeddable":true,"href":"https:\/\/www.mediaplateforme.com\/fr\/wp-json\/wp\/v2\/comments?post=2377"}],"version-history":[{"count":1,"href":"https:\/\/www.mediaplateforme.com\/fr\/wp-json\/wp\/v2\/posts\/2377\/revisions"}],"predecessor-version":[{"id":2379,"href":"https:\/\/www.mediaplateforme.com\/fr\/wp-json\/wp\/v2\/posts\/2377\/revisions\/2379"}],"wp:featuredmedia":[{"embeddable":true,"href":"https:\/\/www.mediaplateforme.com\/fr\/wp-json\/wp\/v2\/media\/2378"}],"wp:attachment":[{"href":"https:\/\/www.mediaplateforme.com\/fr\/wp-json\/wp\/v2\/media?parent=2377"}],"wp:term":[{"taxonomy":"category","embeddable":true,"href":"https:\/\/www.mediaplateforme.com\/fr\/wp-json\/wp\/v2\/categories?post=2377"},{"taxonomy":"post_tag","embeddable":true,"href":"https:\/\/www.mediaplateforme.com\/fr\/wp-json\/wp\/v2\/tags?post=2377"}],"curies":[{"name":"wp","href":"https:\/\/api.w.org\/{rel}","templated":true}]}}