{"id":2374,"date":"2023-03-07T16:12:53","date_gmt":"2023-03-07T15:12:53","guid":{"rendered":"https:\/\/www.mediaplateforme.com\/fr\/?p=2374"},"modified":"2023-03-07T16:12:53","modified_gmt":"2023-03-07T15:12:53","slug":"inwi-remporte-3-prix-lors-des-moroccan-digital-awards","status":"publish","type":"post","link":"https:\/\/www.mediaplateforme.com\/fr\/inwi-remporte-3-prix-lors-des-moroccan-digital-awards\/","title":{"rendered":"inwi remporte 3 prix lors des \u00ab Moroccan Digital Awards \u00bb"},"content":{"rendered":"<h5><b><span lang=\"FR\">Nouvelle cons\u00e9cration pour inwi\u00a0! L\u2019op\u00e9rateur global a remport\u00e9 3 prix lors des \u00ab\u00a0Moroccan Digital Awards\u00a0\u00bb, organis\u00e9s \u00e0 Casablanca le 03 Mars 2023 en marge de la 5<sup>\u00e8me<\/sup>\u00a0\u00e9dition de l\u2019\u00e9v\u00e9nement \u00ab\u00a0African Digital Summit\u00a0\u00bb.<\/span><\/b><\/h5>\n<p><span lang=\"FR\">La cr\u00e9ativit\u00e9 de \u00ab\u00a0Win by inwi\u00a0\u00bb a \u00e9t\u00e9 prim\u00e9e avec le \u00ab\u00a0Gold Award\u00a0\u00bb de la meilleure innovation digitale.\u00a0 Une reconnaissance qui valorise une nouvelle fois la marque produit 100% digitale de l\u2019op\u00e9rateur, un univers interactif et \u00e9volutif, o\u00f9 l\u2019ensemble des parcours et des services, de la souscription \u00e0 l\u2019assistance client, sont d\u00e9mat\u00e9rialis\u00e9s.<b><\/b><\/span><\/p>\n<p><span lang=\"FR\">Les contenus digitaux r\u00e9alis\u00e9s en collaboration avec l\u2019influenceur Ismail Sefrioui\u00a0ont \u00e9t\u00e9 r\u00e9compens\u00e9s du \u00ab\u00a0Silver Award\u00a0\u00bb dans la cat\u00e9gorie \u00ab meilleure campagne engageante sur les r\u00e9seaux sociaux\u00a0\u00bb. Ce dispositif digital immersif et innovant a \u00e9t\u00e9 d\u00e9velopp\u00e9 \u00e0 l\u2019occasion de la participation de l\u2019\u00e9quipe nationale de football \u00e0 la coupe africaine Cameroun 2022 et \u00e0 la Coupe du Monde 2022.<\/span><\/p>\n<p><span lang=\"FR\">Fid\u00e8le \u00e0 son engagement en faveur de l\u2019action sociale, notamment dans le domaine de l\u2019\u00e9ducation, inwi a re\u00e7u \u00e9galement le \u00ab\u00a0Silver Award\u00a0\u00bb dans la cat\u00e9gorie \u00ab\u00a0la campagne la plus engag\u00e9e\u00a0\u00bb pour son initiative \u00ab\u00a0Classes Connect\u00e9es\u00a0\u00bb de Dir iddik.<\/span><\/p>\n<p><span lang=\"FR\">Ces distinctions couronnent ainsi les efforts d\u00e9ploy\u00e9s par l\u2019op\u00e9rateur global, acteur majeur de l\u2019inclusion num\u00e9rique au niveau national, qui place l\u2019innovation et la proximit\u00e9 avec le consommateur marocain au c\u0153ur de toutes ses actions.<\/span><\/p>\n<p><span lang=\"FR\">Aujourd\u2019hui, l\u2019African Digital Summit s\u2019impose comme le plus grand rassemblement digital en Afrique d\u00e9di\u00e9 aux annonceurs, professionnels du marketing, du digital, des m\u00e9dias et de la communication. La 5<sup>\u00e8me<\/sup>\u00a0\u00e9dition de l\u2019ADS, tenue \u00e0 Casablanca, le 2 et 3 mars 2023, a connu la participation de pr\u00e8s de 3 000 professionnels marocains et internationaux.<\/span><\/p>\n<p><span lang=\"FR\">Lors de cette 5<sup>\u00e8me<\/sup>\u00a0\u00e9dition de l\u2019African Digital Summit, des pan\u00e9listes de renom et des speakers chevronn\u00e9s ont d\u00e9battu et d\u00e9cortiqu\u00e9 en profondeur les enjeux li\u00e9s au digital et ses \u00e9volutions futures, tout en partageant leurs expertises et retours d\u2019exp\u00e9riences. Dans son intervention, lors du panel d\u00e9di\u00e9 \u00e0 la promotion de la marque \u00ab Maroc \u00bb, Mme Nadia Rahim, Directrice Marques &amp; Communication chez inwi, a rappel\u00e9 le positionnement de l&rsquo;op\u00e9rateur en tant que marque 100% marocaine, innovante et engag\u00e9e au service de l\u2019inclusion num\u00e9rique du pays.<\/span><\/p>\n<p><span lang=\"FR\">Les efforts d\u2019innovation de l\u2019op\u00e9rateur ont \u00e9t\u00e9, \u00e0 plusieurs fois, r\u00e9compens\u00e9s sur diverses plateformes nationales et internationales. La derni\u00e8re cons\u00e9cration en date \u00e9tait l\u2019Award de \u00ab\u00a0la marque marocaine la plus aim\u00e9e au Maroc\u00a0\u00bb et l\u2019Award de \u00ab\u00a0la marque engag\u00e9e de l\u2019ann\u00e9e\u00a0\u00bb lors de l\u2019\u00e9v\u00e9nement \u00ab\u00a0Les Imp\u00e9riales 2022\u00a0\u00bb.<\/span><\/p>\n","protected":false},"excerpt":{"rendered":"<p>Nouvelle cons\u00e9cration pour inwi\u00a0! L\u2019op\u00e9rateur global a remport\u00e9 3 prix lors des \u00ab\u00a0Moroccan Digital Awards\u00a0\u00bb,<\/p>\n","protected":false},"author":1,"featured_media":2375,"comment_status":"open","ping_status":"open","sticky":false,"template":"","format":"standard","meta":{"_acf_changed":false,"footnotes":""},"categories":[5,3],"tags":[720],"class_list":["post-2374","post","type-post","status-publish","format-standard","has-post-thumbnail","hentry","category-tech","category-nouvelles-selectionnees","tag-win-by-inwi"],"acf":[],"yoast_head":"<!-- This site is optimized with the Yoast SEO plugin v22.0 - https:\/\/yoast.com\/wordpress\/plugins\/seo\/ -->\n<title>inwi remporte 3 prix lors des \u00ab Moroccan Digital Awards \u00bb - MEDIA PLATEFORME | FR<\/title>\n<meta name=\"description\" content=\"La cr\u00e9ativit\u00e9 de \u00ab\u00a0Win by inwi\u00a0\u00bb a \u00e9t\u00e9 prim\u00e9e avec le \u00ab\u00a0Gold Award\u00a0\u00bb de la meilleure innovation digitale.\u00a0 Une reconnaissance qui valorise une\" \/>\n<meta name=\"robots\" content=\"index, follow, max-snippet:-1, max-image-preview:large, max-video-preview:-1\" \/>\n<link rel=\"canonical\" href=\"https:\/\/www.mediaplateforme.com\/fr\/inwi-remporte-3-prix-lors-des-moroccan-digital-awards\/\" \/>\n<meta property=\"og:locale\" content=\"fr_FR\" \/>\n<meta property=\"og:type\" content=\"article\" \/>\n<meta property=\"og:title\" content=\"inwi remporte 3 prix lors des \u00ab Moroccan Digital Awards \u00bb - MEDIA PLATEFORME | FR\" \/>\n<meta property=\"og:description\" content=\"La cr\u00e9ativit\u00e9 de \u00ab\u00a0Win by inwi\u00a0\u00bb a \u00e9t\u00e9 prim\u00e9e avec le \u00ab\u00a0Gold Award\u00a0\u00bb de la meilleure innovation digitale.\u00a0 Une reconnaissance qui valorise une\" \/>\n<meta property=\"og:url\" content=\"https:\/\/www.mediaplateforme.com\/fr\/inwi-remporte-3-prix-lors-des-moroccan-digital-awards\/\" \/>\n<meta property=\"og:site_name\" content=\"MEDIA PLATEFORME | FR\" \/>\n<meta property=\"article:published_time\" content=\"2023-03-07T15:12:53+00:00\" \/>\n<meta property=\"og:image\" content=\"https:\/\/www.mediaplateforme.com\/fr\/wp-content\/uploads\/sites\/5\/2023\/03\/inwi_Moroccan-Digital-Awards-1.jpeg\" \/>\n\t<meta property=\"og:image:width\" content=\"1024\" \/>\n\t<meta property=\"og:image:height\" content=\"567\" \/>\n\t<meta property=\"og:image:type\" content=\"image\/jpeg\" \/>\n<meta name=\"author\" content=\"Mediaplateforme\" \/>\n<meta name=\"twitter:card\" content=\"summary_large_image\" \/>\n<meta name=\"twitter:label1\" content=\"\u00c9crit par\" \/>\n\t<meta name=\"twitter:data1\" content=\"Mediaplateforme\" \/>\n\t<meta name=\"twitter:label2\" content=\"Dur\u00e9e de lecture estim\u00e9e\" \/>\n\t<meta name=\"twitter:data2\" content=\"3 minutes\" \/>\n<script type=\"application\/ld+json\" class=\"yoast-schema-graph\">{\"@context\":\"https:\/\/schema.org\",\"@graph\":[{\"@type\":\"WebPage\",\"@id\":\"https:\/\/www.mediaplateforme.com\/fr\/inwi-remporte-3-prix-lors-des-moroccan-digital-awards\/\",\"url\":\"https:\/\/www.mediaplateforme.com\/fr\/inwi-remporte-3-prix-lors-des-moroccan-digital-awards\/\",\"name\":\"inwi remporte 3 prix lors des \u00ab Moroccan Digital Awards \u00bb - MEDIA PLATEFORME | FR\",\"isPartOf\":{\"@id\":\"https:\/\/www.mediaplateforme.com\/fr\/#website\"},\"datePublished\":\"2023-03-07T15:12:53+00:00\",\"dateModified\":\"2023-03-07T15:12:53+00:00\",\"author\":{\"@id\":\"https:\/\/www.mediaplateforme.com\/fr\/#\/schema\/person\/89833db382b5db2c76b094bc902aa12a\"},\"description\":\"La cr\u00e9ativit\u00e9 de \u00ab\u00a0Win by inwi\u00a0\u00bb a \u00e9t\u00e9 prim\u00e9e avec le \u00ab\u00a0Gold Award\u00a0\u00bb de la meilleure innovation digitale.\u00a0 Une reconnaissance qui valorise une\",\"breadcrumb\":{\"@id\":\"https:\/\/www.mediaplateforme.com\/fr\/inwi-remporte-3-prix-lors-des-moroccan-digital-awards\/#breadcrumb\"},\"inLanguage\":\"fr-FR\",\"potentialAction\":[{\"@type\":\"ReadAction\",\"target\":[\"https:\/\/www.mediaplateforme.com\/fr\/inwi-remporte-3-prix-lors-des-moroccan-digital-awards\/\"]}]},{\"@type\":\"BreadcrumbList\",\"@id\":\"https:\/\/www.mediaplateforme.com\/fr\/inwi-remporte-3-prix-lors-des-moroccan-digital-awards\/#breadcrumb\",\"itemListElement\":[{\"@type\":\"ListItem\",\"position\":1,\"name\":\"\u0627\u0644\u0631\u0626\u064a\u0633\u064a\u0629\",\"item\":\"https:\/\/www.mediaplateforme.com\/fr\/\"},{\"@type\":\"ListItem\",\"position\":2,\"name\":\"inwi remporte 3 prix lors des \u00ab Moroccan Digital Awards \u00bb\"}]},{\"@type\":\"WebSite\",\"@id\":\"https:\/\/www.mediaplateforme.com\/fr\/#website\",\"url\":\"https:\/\/www.mediaplateforme.com\/fr\/\",\"name\":\"MEDIA PLATEFORME | FR\",\"description\":\"Mediaplateforme sp\u00e9cialis\u00e9 dans la communication institutions publiques et des entreprises\",\"potentialAction\":[{\"@type\":\"SearchAction\",\"target\":{\"@type\":\"EntryPoint\",\"urlTemplate\":\"https:\/\/www.mediaplateforme.com\/fr\/?s={search_term_string}\"},\"query-input\":\"required name=search_term_string\"}],\"inLanguage\":\"fr-FR\"},{\"@type\":\"Person\",\"@id\":\"https:\/\/www.mediaplateforme.com\/fr\/#\/schema\/person\/89833db382b5db2c76b094bc902aa12a\",\"name\":\"Mediaplateforme\",\"image\":{\"@type\":\"ImageObject\",\"inLanguage\":\"fr-FR\",\"@id\":\"https:\/\/www.mediaplateforme.com\/fr\/#\/schema\/person\/image\/\",\"url\":\"https:\/\/secure.gravatar.com\/avatar\/6c9c02e8928cc65d54bf75157f7b3a2d06d7ad0494ca0951f679552ff03b34c1?s=96&d=mm&r=g\",\"contentUrl\":\"https:\/\/secure.gravatar.com\/avatar\/6c9c02e8928cc65d54bf75157f7b3a2d06d7ad0494ca0951f679552ff03b34c1?s=96&d=mm&r=g\",\"caption\":\"Mediaplateforme\"},\"sameAs\":[\"https:\/\/www.mediaplateforme.com\"],\"url\":\"https:\/\/www.mediaplateforme.com\/fr\/author\/mohamedladib\/\"}]}<\/script>\n<!-- \/ Yoast SEO plugin. -->","yoast_head_json":{"title":"inwi remporte 3 prix lors des \u00ab Moroccan Digital Awards \u00bb - MEDIA PLATEFORME | FR","description":"La cr\u00e9ativit\u00e9 de \u00ab\u00a0Win by inwi\u00a0\u00bb a \u00e9t\u00e9 prim\u00e9e avec le \u00ab\u00a0Gold Award\u00a0\u00bb de la meilleure innovation digitale.\u00a0 Une reconnaissance qui valorise une","robots":{"index":"index","follow":"follow","max-snippet":"max-snippet:-1","max-image-preview":"max-image-preview:large","max-video-preview":"max-video-preview:-1"},"canonical":"https:\/\/www.mediaplateforme.com\/fr\/inwi-remporte-3-prix-lors-des-moroccan-digital-awards\/","og_locale":"fr_FR","og_type":"article","og_title":"inwi remporte 3 prix lors des \u00ab Moroccan Digital Awards \u00bb - MEDIA PLATEFORME | FR","og_description":"La cr\u00e9ativit\u00e9 de \u00ab\u00a0Win by inwi\u00a0\u00bb a \u00e9t\u00e9 prim\u00e9e avec le \u00ab\u00a0Gold Award\u00a0\u00bb de la meilleure innovation digitale.\u00a0 Une reconnaissance qui valorise une","og_url":"https:\/\/www.mediaplateforme.com\/fr\/inwi-remporte-3-prix-lors-des-moroccan-digital-awards\/","og_site_name":"MEDIA PLATEFORME | FR","article_published_time":"2023-03-07T15:12:53+00:00","og_image":[{"width":1024,"height":567,"url":"https:\/\/www.mediaplateforme.com\/fr\/wp-content\/uploads\/sites\/5\/2023\/03\/inwi_Moroccan-Digital-Awards-1.jpeg","type":"image\/jpeg"}],"author":"Mediaplateforme","twitter_card":"summary_large_image","twitter_misc":{"\u00c9crit par":"Mediaplateforme","Dur\u00e9e de lecture estim\u00e9e":"3 minutes"},"schema":{"@context":"https:\/\/schema.org","@graph":[{"@type":"WebPage","@id":"https:\/\/www.mediaplateforme.com\/fr\/inwi-remporte-3-prix-lors-des-moroccan-digital-awards\/","url":"https:\/\/www.mediaplateforme.com\/fr\/inwi-remporte-3-prix-lors-des-moroccan-digital-awards\/","name":"inwi remporte 3 prix lors des \u00ab Moroccan Digital Awards \u00bb - MEDIA PLATEFORME | FR","isPartOf":{"@id":"https:\/\/www.mediaplateforme.com\/fr\/#website"},"datePublished":"2023-03-07T15:12:53+00:00","dateModified":"2023-03-07T15:12:53+00:00","author":{"@id":"https:\/\/www.mediaplateforme.com\/fr\/#\/schema\/person\/89833db382b5db2c76b094bc902aa12a"},"description":"La cr\u00e9ativit\u00e9 de \u00ab\u00a0Win by inwi\u00a0\u00bb a \u00e9t\u00e9 prim\u00e9e avec le \u00ab\u00a0Gold Award\u00a0\u00bb de la meilleure innovation digitale.\u00a0 Une reconnaissance qui valorise une","breadcrumb":{"@id":"https:\/\/www.mediaplateforme.com\/fr\/inwi-remporte-3-prix-lors-des-moroccan-digital-awards\/#breadcrumb"},"inLanguage":"fr-FR","potentialAction":[{"@type":"ReadAction","target":["https:\/\/www.mediaplateforme.com\/fr\/inwi-remporte-3-prix-lors-des-moroccan-digital-awards\/"]}]},{"@type":"BreadcrumbList","@id":"https:\/\/www.mediaplateforme.com\/fr\/inwi-remporte-3-prix-lors-des-moroccan-digital-awards\/#breadcrumb","itemListElement":[{"@type":"ListItem","position":1,"name":"\u0627\u0644\u0631\u0626\u064a\u0633\u064a\u0629","item":"https:\/\/www.mediaplateforme.com\/fr\/"},{"@type":"ListItem","position":2,"name":"inwi remporte 3 prix lors des \u00ab Moroccan Digital Awards \u00bb"}]},{"@type":"WebSite","@id":"https:\/\/www.mediaplateforme.com\/fr\/#website","url":"https:\/\/www.mediaplateforme.com\/fr\/","name":"MEDIA PLATEFORME | FR","description":"Mediaplateforme sp\u00e9cialis\u00e9 dans la communication institutions publiques et des entreprises","potentialAction":[{"@type":"SearchAction","target":{"@type":"EntryPoint","urlTemplate":"https:\/\/www.mediaplateforme.com\/fr\/?s={search_term_string}"},"query-input":"required name=search_term_string"}],"inLanguage":"fr-FR"},{"@type":"Person","@id":"https:\/\/www.mediaplateforme.com\/fr\/#\/schema\/person\/89833db382b5db2c76b094bc902aa12a","name":"Mediaplateforme","image":{"@type":"ImageObject","inLanguage":"fr-FR","@id":"https:\/\/www.mediaplateforme.com\/fr\/#\/schema\/person\/image\/","url":"https:\/\/secure.gravatar.com\/avatar\/6c9c02e8928cc65d54bf75157f7b3a2d06d7ad0494ca0951f679552ff03b34c1?s=96&d=mm&r=g","contentUrl":"https:\/\/secure.gravatar.com\/avatar\/6c9c02e8928cc65d54bf75157f7b3a2d06d7ad0494ca0951f679552ff03b34c1?s=96&d=mm&r=g","caption":"Mediaplateforme"},"sameAs":["https:\/\/www.mediaplateforme.com"],"url":"https:\/\/www.mediaplateforme.com\/fr\/author\/mohamedladib\/"}]}},"_links":{"self":[{"href":"https:\/\/www.mediaplateforme.com\/fr\/wp-json\/wp\/v2\/posts\/2374","targetHints":{"allow":["GET"]}}],"collection":[{"href":"https:\/\/www.mediaplateforme.com\/fr\/wp-json\/wp\/v2\/posts"}],"about":[{"href":"https:\/\/www.mediaplateforme.com\/fr\/wp-json\/wp\/v2\/types\/post"}],"author":[{"embeddable":true,"href":"https:\/\/www.mediaplateforme.com\/fr\/wp-json\/wp\/v2\/users\/1"}],"replies":[{"embeddable":true,"href":"https:\/\/www.mediaplateforme.com\/fr\/wp-json\/wp\/v2\/comments?post=2374"}],"version-history":[{"count":1,"href":"https:\/\/www.mediaplateforme.com\/fr\/wp-json\/wp\/v2\/posts\/2374\/revisions"}],"predecessor-version":[{"id":2376,"href":"https:\/\/www.mediaplateforme.com\/fr\/wp-json\/wp\/v2\/posts\/2374\/revisions\/2376"}],"wp:featuredmedia":[{"embeddable":true,"href":"https:\/\/www.mediaplateforme.com\/fr\/wp-json\/wp\/v2\/media\/2375"}],"wp:attachment":[{"href":"https:\/\/www.mediaplateforme.com\/fr\/wp-json\/wp\/v2\/media?parent=2374"}],"wp:term":[{"taxonomy":"category","embeddable":true,"href":"https:\/\/www.mediaplateforme.com\/fr\/wp-json\/wp\/v2\/categories?post=2374"},{"taxonomy":"post_tag","embeddable":true,"href":"https:\/\/www.mediaplateforme.com\/fr\/wp-json\/wp\/v2\/tags?post=2374"}],"curies":[{"name":"wp","href":"https:\/\/api.w.org\/{rel}","templated":true}]}}