{"id":2345,"date":"2023-02-24T13:08:51","date_gmt":"2023-02-24T12:08:51","guid":{"rendered":"https:\/\/www.mediaplateforme.com\/fr\/?p=2345"},"modified":"2023-02-24T13:08:51","modified_gmt":"2023-02-24T12:08:51","slug":"conference-sur-lapprentissage-social-et-emotionnel","status":"publish","type":"post","link":"https:\/\/www.mediaplateforme.com\/fr\/conference-sur-lapprentissage-social-et-emotionnel\/","title":{"rendered":"Conf\u00e9rence sur l\u2019apprentissage social et \u00e9motionnel"},"content":{"rendered":"<p>Dans le cadre du d\u00e9veloppement de l\u2019enseignement des langues au Maroc, le groupe Calliope fournisseur de solutions langagi\u00e8res, riche de ses partenaires \u00e9diteurs internationaux, organise des conf\u00e9rences sur plusieurs villes du Maroc pour rencontrer les acteurs du monde de l\u2019enseignement des langues, discuter des nouvelles techniques de formation et explorer les moyens de les appliquer en classe.<\/p>\n<p>Cette ann\u00e9e, la saison commence par une s\u00e9rie de conf\u00e9rences sur l\u2019apprentissage social et \u00e9motionnel, une technique d\u2019enseignement d\u2019anglais qui a d\u00e9montr\u00e9 son efficacit\u00e9 pour contribuer au bien-\u00eatre des jeunes apprenants dans le but de les aider \u00e0 d\u00e9velopper leur r\u00e9silience, leur estime de soi et un comportement fond\u00e9 sur des valeurs comme base pour un apprentissage tout au long de la vie.<\/p>\n<p>Cette conf\u00e9rence est le fruit d\u2019un partenariat entre le Groupe Calliope qui capitalise sur une expertise de 26 ans dans le domaine de l\u2019enseignement des langues et la maison d\u2019\u00e9dition Helbling English sp\u00e9cialis\u00e9e dans la conception des supports p\u00e9dagogiques pour l\u2019apprentissage d\u2019anglais. Elle sera administr\u00e9e par le tr\u00e8s connu Pr. Herbert Puchta qui a \u00e9t\u00e9 professeur d&rsquo;anglais \u00e0 l&rsquo;universit\u00e9 de formation des enseignants de Graz, en Autriche et conf\u00e9rencier de renom lors de nombreuses allocutions internationales. Titulaire d&rsquo;un doctorat en p\u00e9dagogie du ELT*, il a \u00e9galement \u00e9t\u00e9 pr\u00e9sident de l&rsquo;IATEFL*. Herbert a fait des recherches sur l&rsquo;application pratique des r\u00e9sultats de la psychologie cognitive, et ce depuis plus de 30 ans.<\/p>\n","protected":false},"excerpt":{"rendered":"<p>Dans le cadre du d\u00e9veloppement de l\u2019enseignement des langues au Maroc, le groupe Calliope fournisseur<\/p>\n","protected":false},"author":1,"featured_media":2346,"comment_status":"open","ping_status":"open","sticky":false,"template":"","format":"standard","meta":{"_acf_changed":false,"footnotes":""},"categories":[7,3],"tags":[710],"class_list":["post-2345","post","type-post","status-publish","format-standard","has-post-thumbnail","hentry","category-articles","category-nouvelles-selectionnees","tag-calliope"],"acf":[],"yoast_head":"<!-- This site is optimized with the Yoast SEO plugin v22.0 - https:\/\/yoast.com\/wordpress\/plugins\/seo\/ -->\n<title>Conf\u00e9rence sur l\u2019apprentissage social et \u00e9motionnel - MEDIA PLATEFORME | FR<\/title>\n<meta name=\"description\" content=\"le groupe Calliope fournisseur de solutions langagi\u00e8res, riche de ses partenaires \u00e9diteurs internationaux,\" \/>\n<meta name=\"robots\" content=\"index, follow, max-snippet:-1, max-image-preview:large, max-video-preview:-1\" \/>\n<link rel=\"canonical\" href=\"https:\/\/www.mediaplateforme.com\/fr\/conference-sur-lapprentissage-social-et-emotionnel\/\" \/>\n<meta property=\"og:locale\" content=\"fr_FR\" \/>\n<meta property=\"og:type\" content=\"article\" \/>\n<meta property=\"og:title\" content=\"Conf\u00e9rence sur l\u2019apprentissage social et \u00e9motionnel - MEDIA PLATEFORME | FR\" \/>\n<meta property=\"og:description\" content=\"le groupe Calliope fournisseur de solutions langagi\u00e8res, riche de ses partenaires \u00e9diteurs internationaux,\" \/>\n<meta property=\"og:url\" content=\"https:\/\/www.mediaplateforme.com\/fr\/conference-sur-lapprentissage-social-et-emotionnel\/\" \/>\n<meta property=\"og:site_name\" content=\"MEDIA PLATEFORME | FR\" \/>\n<meta property=\"article:published_time\" content=\"2023-02-24T12:08:51+00:00\" \/>\n<meta property=\"og:image\" content=\"https:\/\/www.mediaplateforme.com\/fr\/wp-content\/uploads\/sites\/5\/2023\/02\/Calliope-Group.jpg\" \/>\n\t<meta property=\"og:image:width\" content=\"640\" \/>\n\t<meta property=\"og:image:height\" content=\"405\" \/>\n\t<meta property=\"og:image:type\" content=\"image\/jpeg\" \/>\n<meta name=\"author\" content=\"Mediaplateforme\" \/>\n<meta name=\"twitter:card\" content=\"summary_large_image\" \/>\n<meta name=\"twitter:label1\" content=\"\u00c9crit par\" \/>\n\t<meta name=\"twitter:data1\" content=\"Mediaplateforme\" \/>\n\t<meta name=\"twitter:label2\" content=\"Dur\u00e9e de lecture estim\u00e9e\" \/>\n\t<meta name=\"twitter:data2\" content=\"2 minutes\" \/>\n<script type=\"application\/ld+json\" class=\"yoast-schema-graph\">{\"@context\":\"https:\/\/schema.org\",\"@graph\":[{\"@type\":\"WebPage\",\"@id\":\"https:\/\/www.mediaplateforme.com\/fr\/conference-sur-lapprentissage-social-et-emotionnel\/\",\"url\":\"https:\/\/www.mediaplateforme.com\/fr\/conference-sur-lapprentissage-social-et-emotionnel\/\",\"name\":\"Conf\u00e9rence sur l\u2019apprentissage social et \u00e9motionnel - MEDIA PLATEFORME | FR\",\"isPartOf\":{\"@id\":\"https:\/\/www.mediaplateforme.com\/fr\/#website\"},\"datePublished\":\"2023-02-24T12:08:51+00:00\",\"dateModified\":\"2023-02-24T12:08:51+00:00\",\"author\":{\"@id\":\"https:\/\/www.mediaplateforme.com\/fr\/#\/schema\/person\/89833db382b5db2c76b094bc902aa12a\"},\"description\":\"le groupe Calliope fournisseur de solutions langagi\u00e8res, riche de ses partenaires \u00e9diteurs internationaux,\",\"breadcrumb\":{\"@id\":\"https:\/\/www.mediaplateforme.com\/fr\/conference-sur-lapprentissage-social-et-emotionnel\/#breadcrumb\"},\"inLanguage\":\"fr-FR\",\"potentialAction\":[{\"@type\":\"ReadAction\",\"target\":[\"https:\/\/www.mediaplateforme.com\/fr\/conference-sur-lapprentissage-social-et-emotionnel\/\"]}]},{\"@type\":\"BreadcrumbList\",\"@id\":\"https:\/\/www.mediaplateforme.com\/fr\/conference-sur-lapprentissage-social-et-emotionnel\/#breadcrumb\",\"itemListElement\":[{\"@type\":\"ListItem\",\"position\":1,\"name\":\"\u0627\u0644\u0631\u0626\u064a\u0633\u064a\u0629\",\"item\":\"https:\/\/www.mediaplateforme.com\/fr\/\"},{\"@type\":\"ListItem\",\"position\":2,\"name\":\"Conf\u00e9rence sur l\u2019apprentissage social et \u00e9motionnel\"}]},{\"@type\":\"WebSite\",\"@id\":\"https:\/\/www.mediaplateforme.com\/fr\/#website\",\"url\":\"https:\/\/www.mediaplateforme.com\/fr\/\",\"name\":\"MEDIA PLATEFORME | FR\",\"description\":\"Mediaplateforme sp\u00e9cialis\u00e9 dans la communication institutions publiques et des entreprises\",\"potentialAction\":[{\"@type\":\"SearchAction\",\"target\":{\"@type\":\"EntryPoint\",\"urlTemplate\":\"https:\/\/www.mediaplateforme.com\/fr\/?s={search_term_string}\"},\"query-input\":\"required name=search_term_string\"}],\"inLanguage\":\"fr-FR\"},{\"@type\":\"Person\",\"@id\":\"https:\/\/www.mediaplateforme.com\/fr\/#\/schema\/person\/89833db382b5db2c76b094bc902aa12a\",\"name\":\"Mediaplateforme\",\"image\":{\"@type\":\"ImageObject\",\"inLanguage\":\"fr-FR\",\"@id\":\"https:\/\/www.mediaplateforme.com\/fr\/#\/schema\/person\/image\/\",\"url\":\"https:\/\/secure.gravatar.com\/avatar\/6c9c02e8928cc65d54bf75157f7b3a2d06d7ad0494ca0951f679552ff03b34c1?s=96&d=mm&r=g\",\"contentUrl\":\"https:\/\/secure.gravatar.com\/avatar\/6c9c02e8928cc65d54bf75157f7b3a2d06d7ad0494ca0951f679552ff03b34c1?s=96&d=mm&r=g\",\"caption\":\"Mediaplateforme\"},\"sameAs\":[\"https:\/\/www.mediaplateforme.com\"],\"url\":\"https:\/\/www.mediaplateforme.com\/fr\/author\/mohamedladib\/\"}]}<\/script>\n<!-- \/ Yoast SEO plugin. -->","yoast_head_json":{"title":"Conf\u00e9rence sur l\u2019apprentissage social et \u00e9motionnel - MEDIA PLATEFORME | FR","description":"le groupe Calliope fournisseur de solutions langagi\u00e8res, riche de ses partenaires \u00e9diteurs internationaux,","robots":{"index":"index","follow":"follow","max-snippet":"max-snippet:-1","max-image-preview":"max-image-preview:large","max-video-preview":"max-video-preview:-1"},"canonical":"https:\/\/www.mediaplateforme.com\/fr\/conference-sur-lapprentissage-social-et-emotionnel\/","og_locale":"fr_FR","og_type":"article","og_title":"Conf\u00e9rence sur l\u2019apprentissage social et \u00e9motionnel - MEDIA PLATEFORME | FR","og_description":"le groupe Calliope fournisseur de solutions langagi\u00e8res, riche de ses partenaires \u00e9diteurs internationaux,","og_url":"https:\/\/www.mediaplateforme.com\/fr\/conference-sur-lapprentissage-social-et-emotionnel\/","og_site_name":"MEDIA PLATEFORME | FR","article_published_time":"2023-02-24T12:08:51+00:00","og_image":[{"width":640,"height":405,"url":"https:\/\/www.mediaplateforme.com\/fr\/wp-content\/uploads\/sites\/5\/2023\/02\/Calliope-Group.jpg","type":"image\/jpeg"}],"author":"Mediaplateforme","twitter_card":"summary_large_image","twitter_misc":{"\u00c9crit par":"Mediaplateforme","Dur\u00e9e de lecture estim\u00e9e":"2 minutes"},"schema":{"@context":"https:\/\/schema.org","@graph":[{"@type":"WebPage","@id":"https:\/\/www.mediaplateforme.com\/fr\/conference-sur-lapprentissage-social-et-emotionnel\/","url":"https:\/\/www.mediaplateforme.com\/fr\/conference-sur-lapprentissage-social-et-emotionnel\/","name":"Conf\u00e9rence sur l\u2019apprentissage social et \u00e9motionnel - MEDIA PLATEFORME | FR","isPartOf":{"@id":"https:\/\/www.mediaplateforme.com\/fr\/#website"},"datePublished":"2023-02-24T12:08:51+00:00","dateModified":"2023-02-24T12:08:51+00:00","author":{"@id":"https:\/\/www.mediaplateforme.com\/fr\/#\/schema\/person\/89833db382b5db2c76b094bc902aa12a"},"description":"le groupe Calliope fournisseur de solutions langagi\u00e8res, riche de ses partenaires \u00e9diteurs internationaux,","breadcrumb":{"@id":"https:\/\/www.mediaplateforme.com\/fr\/conference-sur-lapprentissage-social-et-emotionnel\/#breadcrumb"},"inLanguage":"fr-FR","potentialAction":[{"@type":"ReadAction","target":["https:\/\/www.mediaplateforme.com\/fr\/conference-sur-lapprentissage-social-et-emotionnel\/"]}]},{"@type":"BreadcrumbList","@id":"https:\/\/www.mediaplateforme.com\/fr\/conference-sur-lapprentissage-social-et-emotionnel\/#breadcrumb","itemListElement":[{"@type":"ListItem","position":1,"name":"\u0627\u0644\u0631\u0626\u064a\u0633\u064a\u0629","item":"https:\/\/www.mediaplateforme.com\/fr\/"},{"@type":"ListItem","position":2,"name":"Conf\u00e9rence sur l\u2019apprentissage social et \u00e9motionnel"}]},{"@type":"WebSite","@id":"https:\/\/www.mediaplateforme.com\/fr\/#website","url":"https:\/\/www.mediaplateforme.com\/fr\/","name":"MEDIA PLATEFORME | FR","description":"Mediaplateforme sp\u00e9cialis\u00e9 dans la communication institutions publiques et des entreprises","potentialAction":[{"@type":"SearchAction","target":{"@type":"EntryPoint","urlTemplate":"https:\/\/www.mediaplateforme.com\/fr\/?s={search_term_string}"},"query-input":"required name=search_term_string"}],"inLanguage":"fr-FR"},{"@type":"Person","@id":"https:\/\/www.mediaplateforme.com\/fr\/#\/schema\/person\/89833db382b5db2c76b094bc902aa12a","name":"Mediaplateforme","image":{"@type":"ImageObject","inLanguage":"fr-FR","@id":"https:\/\/www.mediaplateforme.com\/fr\/#\/schema\/person\/image\/","url":"https:\/\/secure.gravatar.com\/avatar\/6c9c02e8928cc65d54bf75157f7b3a2d06d7ad0494ca0951f679552ff03b34c1?s=96&d=mm&r=g","contentUrl":"https:\/\/secure.gravatar.com\/avatar\/6c9c02e8928cc65d54bf75157f7b3a2d06d7ad0494ca0951f679552ff03b34c1?s=96&d=mm&r=g","caption":"Mediaplateforme"},"sameAs":["https:\/\/www.mediaplateforme.com"],"url":"https:\/\/www.mediaplateforme.com\/fr\/author\/mohamedladib\/"}]}},"_links":{"self":[{"href":"https:\/\/www.mediaplateforme.com\/fr\/wp-json\/wp\/v2\/posts\/2345","targetHints":{"allow":["GET"]}}],"collection":[{"href":"https:\/\/www.mediaplateforme.com\/fr\/wp-json\/wp\/v2\/posts"}],"about":[{"href":"https:\/\/www.mediaplateforme.com\/fr\/wp-json\/wp\/v2\/types\/post"}],"author":[{"embeddable":true,"href":"https:\/\/www.mediaplateforme.com\/fr\/wp-json\/wp\/v2\/users\/1"}],"replies":[{"embeddable":true,"href":"https:\/\/www.mediaplateforme.com\/fr\/wp-json\/wp\/v2\/comments?post=2345"}],"version-history":[{"count":1,"href":"https:\/\/www.mediaplateforme.com\/fr\/wp-json\/wp\/v2\/posts\/2345\/revisions"}],"predecessor-version":[{"id":2347,"href":"https:\/\/www.mediaplateforme.com\/fr\/wp-json\/wp\/v2\/posts\/2345\/revisions\/2347"}],"wp:featuredmedia":[{"embeddable":true,"href":"https:\/\/www.mediaplateforme.com\/fr\/wp-json\/wp\/v2\/media\/2346"}],"wp:attachment":[{"href":"https:\/\/www.mediaplateforme.com\/fr\/wp-json\/wp\/v2\/media?parent=2345"}],"wp:term":[{"taxonomy":"category","embeddable":true,"href":"https:\/\/www.mediaplateforme.com\/fr\/wp-json\/wp\/v2\/categories?post=2345"},{"taxonomy":"post_tag","embeddable":true,"href":"https:\/\/www.mediaplateforme.com\/fr\/wp-json\/wp\/v2\/tags?post=2345"}],"curies":[{"name":"wp","href":"https:\/\/api.w.org\/{rel}","templated":true}]}}