{"id":2334,"date":"2023-02-23T16:11:26","date_gmt":"2023-02-23T15:11:26","guid":{"rendered":"https:\/\/www.mediaplateforme.com\/fr\/?p=2334"},"modified":"2023-02-23T16:12:44","modified_gmt":"2023-02-23T15:12:44","slug":"orange-maroc-lance-orange-fab-le-programme-dedie-au-soutien-de-lentreprenariat-et-linnovation-dans-le-royaume","status":"publish","type":"post","link":"https:\/\/www.mediaplateforme.com\/fr\/orange-maroc-lance-orange-fab-le-programme-dedie-au-soutien-de-lentreprenariat-et-linnovation-dans-le-royaume\/","title":{"rendered":"Orange Maroc lance Orange Fab, le programme d\u00e9di\u00e9 au soutien de l\u2019entreprenariat et l\u2019innovation dans le Royaume"},"content":{"rendered":"<p>Acteur engag\u00e9 \u00e0 acc\u00e9l\u00e9rer l\u2019innovation et soutenir l\u2019entreprenariat, Orange Maroc a officiellement lanc\u00e9 aujourd\u2019hui le premier <strong>Orange Fab <\/strong>du Royaume, l\u2019acc\u00e9l\u00e9rateur de startups et la troisi\u00e8me entit\u00e9 de <strong>Orange Digital Center Maroc<\/strong>. L\u2019objectif est de former les jeunes aux technologies innovantes, de s\u00e9lectionner les startups les plus prometteuses pour leur proposer un programme de d\u00e9veloppement et d\u2019accompagnement manag\u00e9rial adapt\u00e9.<\/p>\n<p>Ainsi, fid\u00e8le \u00e0 sa strat\u00e9gie RSE d\u00e9finie par le Groupe, Orange Maroc rep\u00e8re, soutient et promeut les talents pour une soci\u00e9t\u00e9 num\u00e9rique responsable et inclusive. M. Hendrik Kasteel, Directeur G\u00e9n\u00e9ral Orange Maroc a d\u2019ailleurs soulign\u00e9 lors de l\u2019\u00e9v\u00e8nement : \u201c<em>nous sommes fiers d\u2019\u00eatre un acteur qui accompagne le d\u00e9veloppement de l\u2019\u00e9conomie num\u00e9rique dans le Royaume en encourageant les initiatives d\u2019entreprenariat et d\u2019innovation\u201d.\u00a0 <\/em><\/p>\n<p>Depuis plus de 10 ans d\u00e9j\u00e0, le Groupe Orange met en place le <strong>Prix Orange de l\u2019Entrepreneur Social en Afrique et au Moyen Orient<\/strong>, une comp\u00e9tition annuelle qui met en avant les meilleures startups du continent, en leur proposant des r\u00e9compenses financi\u00e8res ainsi qu\u2019une grande visibilit\u00e9 dans la region. Conscient du potentiel de la jeunesse africaine, le Groupe Orange propose \u00e9galement l\u2019appui financier de son fonds d\u2019investissement <strong>Orange Ventures<\/strong> qui g\u00e8re plus de <strong>350 millions d\u2019euros d\u2019actifs<\/strong> avec comme ambition de soutenir les futurs champions mondiaux de l\u2019innovation. Orange Ventures vient de financer la startup marocaine \u201cChari\u201d \u00e0 hauteur de <strong>1<\/strong> <strong>million de dollars.<\/strong><\/p>\n<p>Pour cette premi\u00e8re \u00e9dition, <strong>Orange Fab Maroc<\/strong> a mis en place le programme d&rsquo;acc\u00e9l\u00e9ration <strong>AGV\u00a0<\/strong>(<strong>Acc\u00e9l\u00e9rateur \u00e0 Grande Vitesse)<\/strong> \u00e0 destination des startups qui op\u00e8rent dans les secteurs de la\u00a0<strong>FinTech<\/strong> (Paytech, Regtech, Cash management, Crowdfunding, N\u00e9obanque\u2026) et celui de la <strong>BlockChain<\/strong> (transferts d&rsquo;argent et paiements, Internet des objets, Identification num\u00e9rique, gestion de la chaine d\u2019approvisionnement..).<\/p>\n<p>L\u2019objectif \u00e9tant de permettre \u00e0 ces entrepreneurs de construire des partenariats commerciaux avec Orange Maroc ainsi que de grands groupes nationaux ou internationaux. Ces jeunes entreprises devront donc r\u00e9pondre aux besoins des business units d\u2019Orange Maroc ou des partenaires choisis pour cette \u00e9dition, et \u00eatre une force de proposition pour tout type d\u2019innovations, qu\u2019elles soient technologiques, d\u2019usages ou m\u00eame disruptives.<\/p>\n<p>Cette premi\u00e8re promotion d\u2019Orange Fab Maroc sera donc soutenue par deux importants fonds d\u2019investissements : <strong>Orange Ventures Africa<\/strong>, la filiale d\u2019Orange Ventures dot\u00e9e d\u2019un fonds <strong>de 50 millions d\u2019euros <\/strong>pour les startups de la zone Afrique, et le <strong>Swiss Digital Assets Institute (SDAI)<\/strong> qui a allou\u00e9 <strong>100 millions d\u2019euros<\/strong> aux startups op\u00e9rant dans la FinTech et la BlockChain, avec pour ambition de donner aux jeunes entrepreneurs les moyens de s\u2019adapter aux actifs num\u00e9riques et \u00e0 la finance d\u00e9centralis\u00e9e (DeFi). Les deux partenaires accompagneront les startups s\u00e9lectionn\u00e9es aussi bien financi\u00e8rement, qu\u2019en partageant leur savoir-faire, afin d\u2019\u00eatre comp\u00e9titifs dans l\u2019environnement \u00e9conomique actuel.<\/p>\n<p>Hendrik Kasteel, Directeur G\u00e9n\u00e9ral Orange Maroc a d\u00e9clar\u00e9 \u00e0 cette occasion \u201c <em>en tant qu\u2019op\u00e9rateur citoyen et engag\u00e9, Orange Maroc renforce ses investissements pour d\u00e9ployer des services num\u00e9riques essentiels et adapt\u00e9s aux besoins de chacun. D\u2019ailleurs, Orange Maroc a sign\u00e9 une convention avec le Gouvernement en 2022 o\u00f9 elle s&rsquo;engage \u00e0 r\u00e9aliser sur les trois prochaines ann\u00e9es un programme d&rsquo;investissement de <strong>5,7 milliards de dirhams<\/strong><\/em><strong>\u201d.<\/strong><\/p>\n<p>En soutenant l\u2019innovation sociale et entrepreneuriale, Orange Maroc est plus que jamais au service du d\u00e9veloppement du pays.<\/p>\n<p><strong>\u00a0<\/strong><\/p>\n<h4><strong><u>A PROPOS D\u2019ORANGE MAROC :<\/u><\/strong><\/h4>\n<p>Orange Maroc est un op\u00e9rateur de t\u00e9l\u00e9communications multi services op\u00e9rant dans les activit\u00e9s mobile, fixe, cybers\u00e9curit\u00e9 et mobile money.\u00a0 L\u2019op\u00e9rateur d\u00e9ploie des r\u00e9seaux tr\u00e8s haut d\u00e9bit fixe et mobile, avec la 4G et le FTTH (Fibre to the Home) pour r\u00e9pondre \u00e0 l\u2019\u00e9volution des usages, aux mutations technologiques ainsi qu\u2019aux attentes de ses clients. A sa cr\u00e9ation en 1999, Orange au Maroc est le fruit d\u2019une alliance entre des leaders t\u00e9l\u00e9coms et de solides groupes financiers et industriels marocains, \u00e0 savoir les groupes Finance Com et la Caisse de D\u00e9p\u00f4t et de Gestion. L\u2019op\u00e9rateur sert\u00a0 17,6\u00a0 millions de clients au Maroc et compte pr\u00e8s de 450 points \u00e0 travers tout le pays. Orange Maroc emploie pr\u00e8s de 1300 hommes et femmes \u0153uvrant \u00e0 offrir une exp\u00e9rience client incomparable au quotidien, ce qui a permis \u00e0 l\u2019op\u00e9rateur d\u2019\u00eatre distingu\u00e9 pour la 4\u00e8me ann\u00e9e cons\u00e9cutive \u00ab Service Client de l\u2019ann\u00e9e Maroc \u00bb. Et en r\u00e9compense pour sa d\u00e9marche d\u2019am\u00e9lioration continue, Orange Maroc a \u00e9t\u00e9 \u00e9lue pour la 6\u00e8me ann\u00e9e cons\u00e9cutive \u00ab Top Employeur Maroc et Afrique \u00bb, une\u00a0 certification qui vient reconna\u00eetre les meilleures pratiques RH adopt\u00e9es par l\u2019op\u00e9rateur. Orange Maroc a aussi fait de la solidarit\u00e9 num\u00e9rique le principe qui guide ses actions de m\u00e9c\u00e9nat sous la marque Fondation Orange, car le num\u00e9rique est au c\u0153ur du m\u00e9tier du groupe Orange et la solidarit\u00e9 sa raison d\u2019\u00eatre en tant que fondation d\u2019entreprise. La Fondation Orange au Maroc a pour objectif de faciliter l\u2019insertion sociale et professionnelle des jeunes et des femmes en difficult\u00e9, des personnes avec autisme, par des programmes d\u2019\u00e9ducation prioritairement num\u00e9riques.\u00a0 Pr\u00e9sente dans 16 pays, la Fondation Orange agit au plus pr\u00e8s des populations en d\u00e9ployant ses actions avec l\u2019engagement de salari\u00e9s du Groupe Orange, en partenariat avec des associations et des ONG locales.\u00a0 En D\u00e9cembre 2019, le Groupe a pr\u00e9sent\u00e9 son nouveau plan strat\u00e9gique \u00ab Engage 2025 \u00bb qui, guid\u00e9 par l\u2019exemplarit\u00e9 sociale et environnementale, a pour but de r\u00e9inventer son m\u00e9tier d\u2019op\u00e9rateur.<\/p>\n","protected":false},"excerpt":{"rendered":"<p>Acteur engag\u00e9 \u00e0 acc\u00e9l\u00e9rer l\u2019innovation et soutenir l\u2019entreprenariat, Orange Maroc a officiellement lanc\u00e9 aujourd\u2019hui le<\/p>\n","protected":false},"author":1,"featured_media":2335,"comment_status":"open","ping_status":"open","sticky":false,"template":"","format":"standard","meta":{"_acf_changed":false,"footnotes":""},"categories":[5,3],"tags":[707],"class_list":["post-2334","post","type-post","status-publish","format-standard","has-post-thumbnail","hentry","category-tech","category-nouvelles-selectionnees","tag-orange-fab-du-royaume"],"acf":[],"yoast_head":"<!-- This site is optimized with the Yoast SEO plugin v22.0 - https:\/\/yoast.com\/wordpress\/plugins\/seo\/ -->\n<title>Orange Maroc lance Orange Fab, le programme d\u00e9di\u00e9 au soutien de l\u2019entreprenariat et l\u2019innovation dans le Royaume - MEDIA PLATEFORME | FR<\/title>\n<meta name=\"description\" content=\"Orange Maroc a officiellement lanc\u00e9 aujourd\u2019hui le premier Orange Fab du Royaume, entit\u00e9 de Orange Digital Center Maroc\" \/>\n<meta name=\"robots\" content=\"index, follow, max-snippet:-1, max-image-preview:large, max-video-preview:-1\" \/>\n<link rel=\"canonical\" href=\"https:\/\/www.mediaplateforme.com\/fr\/orange-maroc-lance-orange-fab-le-programme-dedie-au-soutien-de-lentreprenariat-et-linnovation-dans-le-royaume\/\" \/>\n<meta property=\"og:locale\" content=\"fr_FR\" \/>\n<meta property=\"og:type\" content=\"article\" \/>\n<meta property=\"og:title\" content=\"Orange Maroc lance Orange Fab, le programme d\u00e9di\u00e9 au soutien de l\u2019entreprenariat et l\u2019innovation dans le Royaume - MEDIA PLATEFORME | FR\" \/>\n<meta property=\"og:description\" content=\"Orange Maroc a officiellement lanc\u00e9 aujourd\u2019hui le premier Orange Fab du Royaume, entit\u00e9 de Orange Digital Center Maroc\" \/>\n<meta property=\"og:url\" content=\"https:\/\/www.mediaplateforme.com\/fr\/orange-maroc-lance-orange-fab-le-programme-dedie-au-soutien-de-lentreprenariat-et-linnovation-dans-le-royaume\/\" \/>\n<meta property=\"og:site_name\" content=\"MEDIA PLATEFORME | FR\" \/>\n<meta property=\"article:published_time\" content=\"2023-02-23T15:11:26+00:00\" \/>\n<meta property=\"article:modified_time\" content=\"2023-02-23T15:12:44+00:00\" \/>\n<meta property=\"og:image\" content=\"https:\/\/www.mediaplateforme.com\/fr\/wp-content\/uploads\/sites\/5\/2023\/02\/Photo-Signature-du-partenariat.jpeg\" \/>\n\t<meta property=\"og:image:width\" content=\"1773\" \/>\n\t<meta property=\"og:image:height\" content=\"1182\" \/>\n\t<meta property=\"og:image:type\" content=\"image\/jpeg\" \/>\n<meta name=\"author\" content=\"Mediaplateforme\" \/>\n<meta name=\"twitter:card\" content=\"summary_large_image\" \/>\n<meta name=\"twitter:label1\" content=\"\u00c9crit par\" \/>\n\t<meta name=\"twitter:data1\" content=\"Mediaplateforme\" \/>\n\t<meta name=\"twitter:label2\" content=\"Dur\u00e9e de lecture estim\u00e9e\" \/>\n\t<meta name=\"twitter:data2\" content=\"5 minutes\" \/>\n<script type=\"application\/ld+json\" class=\"yoast-schema-graph\">{\"@context\":\"https:\/\/schema.org\",\"@graph\":[{\"@type\":\"WebPage\",\"@id\":\"https:\/\/www.mediaplateforme.com\/fr\/orange-maroc-lance-orange-fab-le-programme-dedie-au-soutien-de-lentreprenariat-et-linnovation-dans-le-royaume\/\",\"url\":\"https:\/\/www.mediaplateforme.com\/fr\/orange-maroc-lance-orange-fab-le-programme-dedie-au-soutien-de-lentreprenariat-et-linnovation-dans-le-royaume\/\",\"name\":\"Orange Maroc lance Orange Fab, le programme d\u00e9di\u00e9 au soutien de l\u2019entreprenariat et l\u2019innovation dans le Royaume - MEDIA PLATEFORME | FR\",\"isPartOf\":{\"@id\":\"https:\/\/www.mediaplateforme.com\/fr\/#website\"},\"datePublished\":\"2023-02-23T15:11:26+00:00\",\"dateModified\":\"2023-02-23T15:12:44+00:00\",\"author\":{\"@id\":\"https:\/\/www.mediaplateforme.com\/fr\/#\/schema\/person\/89833db382b5db2c76b094bc902aa12a\"},\"description\":\"Orange Maroc a officiellement lanc\u00e9 aujourd\u2019hui le premier Orange Fab du Royaume, entit\u00e9 de Orange Digital Center Maroc\",\"breadcrumb\":{\"@id\":\"https:\/\/www.mediaplateforme.com\/fr\/orange-maroc-lance-orange-fab-le-programme-dedie-au-soutien-de-lentreprenariat-et-linnovation-dans-le-royaume\/#breadcrumb\"},\"inLanguage\":\"fr-FR\",\"potentialAction\":[{\"@type\":\"ReadAction\",\"target\":[\"https:\/\/www.mediaplateforme.com\/fr\/orange-maroc-lance-orange-fab-le-programme-dedie-au-soutien-de-lentreprenariat-et-linnovation-dans-le-royaume\/\"]}]},{\"@type\":\"BreadcrumbList\",\"@id\":\"https:\/\/www.mediaplateforme.com\/fr\/orange-maroc-lance-orange-fab-le-programme-dedie-au-soutien-de-lentreprenariat-et-linnovation-dans-le-royaume\/#breadcrumb\",\"itemListElement\":[{\"@type\":\"ListItem\",\"position\":1,\"name\":\"\u0627\u0644\u0631\u0626\u064a\u0633\u064a\u0629\",\"item\":\"https:\/\/www.mediaplateforme.com\/fr\/\"},{\"@type\":\"ListItem\",\"position\":2,\"name\":\"Orange Maroc lance Orange Fab, le programme d\u00e9di\u00e9 au soutien de l\u2019entreprenariat et l\u2019innovation dans le Royaume\"}]},{\"@type\":\"WebSite\",\"@id\":\"https:\/\/www.mediaplateforme.com\/fr\/#website\",\"url\":\"https:\/\/www.mediaplateforme.com\/fr\/\",\"name\":\"MEDIA PLATEFORME | FR\",\"description\":\"Mediaplateforme sp\u00e9cialis\u00e9 dans la communication institutions publiques et des entreprises\",\"potentialAction\":[{\"@type\":\"SearchAction\",\"target\":{\"@type\":\"EntryPoint\",\"urlTemplate\":\"https:\/\/www.mediaplateforme.com\/fr\/?s={search_term_string}\"},\"query-input\":\"required name=search_term_string\"}],\"inLanguage\":\"fr-FR\"},{\"@type\":\"Person\",\"@id\":\"https:\/\/www.mediaplateforme.com\/fr\/#\/schema\/person\/89833db382b5db2c76b094bc902aa12a\",\"name\":\"Mediaplateforme\",\"image\":{\"@type\":\"ImageObject\",\"inLanguage\":\"fr-FR\",\"@id\":\"https:\/\/www.mediaplateforme.com\/fr\/#\/schema\/person\/image\/\",\"url\":\"https:\/\/secure.gravatar.com\/avatar\/6c9c02e8928cc65d54bf75157f7b3a2d06d7ad0494ca0951f679552ff03b34c1?s=96&d=mm&r=g\",\"contentUrl\":\"https:\/\/secure.gravatar.com\/avatar\/6c9c02e8928cc65d54bf75157f7b3a2d06d7ad0494ca0951f679552ff03b34c1?s=96&d=mm&r=g\",\"caption\":\"Mediaplateforme\"},\"sameAs\":[\"https:\/\/www.mediaplateforme.com\"],\"url\":\"https:\/\/www.mediaplateforme.com\/fr\/author\/mohamedladib\/\"}]}<\/script>\n<!-- \/ Yoast SEO plugin. -->","yoast_head_json":{"title":"Orange Maroc lance Orange Fab, le programme d\u00e9di\u00e9 au soutien de l\u2019entreprenariat et l\u2019innovation dans le Royaume - MEDIA PLATEFORME | FR","description":"Orange Maroc a officiellement lanc\u00e9 aujourd\u2019hui le premier Orange Fab du Royaume, entit\u00e9 de Orange Digital Center Maroc","robots":{"index":"index","follow":"follow","max-snippet":"max-snippet:-1","max-image-preview":"max-image-preview:large","max-video-preview":"max-video-preview:-1"},"canonical":"https:\/\/www.mediaplateforme.com\/fr\/orange-maroc-lance-orange-fab-le-programme-dedie-au-soutien-de-lentreprenariat-et-linnovation-dans-le-royaume\/","og_locale":"fr_FR","og_type":"article","og_title":"Orange Maroc lance Orange Fab, le programme d\u00e9di\u00e9 au soutien de l\u2019entreprenariat et l\u2019innovation dans le Royaume - MEDIA PLATEFORME | FR","og_description":"Orange Maroc a officiellement lanc\u00e9 aujourd\u2019hui le premier Orange Fab du Royaume, entit\u00e9 de Orange Digital Center Maroc","og_url":"https:\/\/www.mediaplateforme.com\/fr\/orange-maroc-lance-orange-fab-le-programme-dedie-au-soutien-de-lentreprenariat-et-linnovation-dans-le-royaume\/","og_site_name":"MEDIA PLATEFORME | FR","article_published_time":"2023-02-23T15:11:26+00:00","article_modified_time":"2023-02-23T15:12:44+00:00","og_image":[{"width":1773,"height":1182,"url":"https:\/\/www.mediaplateforme.com\/fr\/wp-content\/uploads\/sites\/5\/2023\/02\/Photo-Signature-du-partenariat.jpeg","type":"image\/jpeg"}],"author":"Mediaplateforme","twitter_card":"summary_large_image","twitter_misc":{"\u00c9crit par":"Mediaplateforme","Dur\u00e9e de lecture estim\u00e9e":"5 minutes"},"schema":{"@context":"https:\/\/schema.org","@graph":[{"@type":"WebPage","@id":"https:\/\/www.mediaplateforme.com\/fr\/orange-maroc-lance-orange-fab-le-programme-dedie-au-soutien-de-lentreprenariat-et-linnovation-dans-le-royaume\/","url":"https:\/\/www.mediaplateforme.com\/fr\/orange-maroc-lance-orange-fab-le-programme-dedie-au-soutien-de-lentreprenariat-et-linnovation-dans-le-royaume\/","name":"Orange Maroc lance Orange Fab, le programme d\u00e9di\u00e9 au soutien de l\u2019entreprenariat et l\u2019innovation dans le Royaume - MEDIA PLATEFORME | FR","isPartOf":{"@id":"https:\/\/www.mediaplateforme.com\/fr\/#website"},"datePublished":"2023-02-23T15:11:26+00:00","dateModified":"2023-02-23T15:12:44+00:00","author":{"@id":"https:\/\/www.mediaplateforme.com\/fr\/#\/schema\/person\/89833db382b5db2c76b094bc902aa12a"},"description":"Orange Maroc a officiellement lanc\u00e9 aujourd\u2019hui le premier Orange Fab du Royaume, entit\u00e9 de Orange Digital Center Maroc","breadcrumb":{"@id":"https:\/\/www.mediaplateforme.com\/fr\/orange-maroc-lance-orange-fab-le-programme-dedie-au-soutien-de-lentreprenariat-et-linnovation-dans-le-royaume\/#breadcrumb"},"inLanguage":"fr-FR","potentialAction":[{"@type":"ReadAction","target":["https:\/\/www.mediaplateforme.com\/fr\/orange-maroc-lance-orange-fab-le-programme-dedie-au-soutien-de-lentreprenariat-et-linnovation-dans-le-royaume\/"]}]},{"@type":"BreadcrumbList","@id":"https:\/\/www.mediaplateforme.com\/fr\/orange-maroc-lance-orange-fab-le-programme-dedie-au-soutien-de-lentreprenariat-et-linnovation-dans-le-royaume\/#breadcrumb","itemListElement":[{"@type":"ListItem","position":1,"name":"\u0627\u0644\u0631\u0626\u064a\u0633\u064a\u0629","item":"https:\/\/www.mediaplateforme.com\/fr\/"},{"@type":"ListItem","position":2,"name":"Orange Maroc lance Orange Fab, le programme d\u00e9di\u00e9 au soutien de l\u2019entreprenariat et l\u2019innovation dans le Royaume"}]},{"@type":"WebSite","@id":"https:\/\/www.mediaplateforme.com\/fr\/#website","url":"https:\/\/www.mediaplateforme.com\/fr\/","name":"MEDIA PLATEFORME | FR","description":"Mediaplateforme sp\u00e9cialis\u00e9 dans la communication institutions publiques et des entreprises","potentialAction":[{"@type":"SearchAction","target":{"@type":"EntryPoint","urlTemplate":"https:\/\/www.mediaplateforme.com\/fr\/?s={search_term_string}"},"query-input":"required name=search_term_string"}],"inLanguage":"fr-FR"},{"@type":"Person","@id":"https:\/\/www.mediaplateforme.com\/fr\/#\/schema\/person\/89833db382b5db2c76b094bc902aa12a","name":"Mediaplateforme","image":{"@type":"ImageObject","inLanguage":"fr-FR","@id":"https:\/\/www.mediaplateforme.com\/fr\/#\/schema\/person\/image\/","url":"https:\/\/secure.gravatar.com\/avatar\/6c9c02e8928cc65d54bf75157f7b3a2d06d7ad0494ca0951f679552ff03b34c1?s=96&d=mm&r=g","contentUrl":"https:\/\/secure.gravatar.com\/avatar\/6c9c02e8928cc65d54bf75157f7b3a2d06d7ad0494ca0951f679552ff03b34c1?s=96&d=mm&r=g","caption":"Mediaplateforme"},"sameAs":["https:\/\/www.mediaplateforme.com"],"url":"https:\/\/www.mediaplateforme.com\/fr\/author\/mohamedladib\/"}]}},"_links":{"self":[{"href":"https:\/\/www.mediaplateforme.com\/fr\/wp-json\/wp\/v2\/posts\/2334","targetHints":{"allow":["GET"]}}],"collection":[{"href":"https:\/\/www.mediaplateforme.com\/fr\/wp-json\/wp\/v2\/posts"}],"about":[{"href":"https:\/\/www.mediaplateforme.com\/fr\/wp-json\/wp\/v2\/types\/post"}],"author":[{"embeddable":true,"href":"https:\/\/www.mediaplateforme.com\/fr\/wp-json\/wp\/v2\/users\/1"}],"replies":[{"embeddable":true,"href":"https:\/\/www.mediaplateforme.com\/fr\/wp-json\/wp\/v2\/comments?post=2334"}],"version-history":[{"count":1,"href":"https:\/\/www.mediaplateforme.com\/fr\/wp-json\/wp\/v2\/posts\/2334\/revisions"}],"predecessor-version":[{"id":2336,"href":"https:\/\/www.mediaplateforme.com\/fr\/wp-json\/wp\/v2\/posts\/2334\/revisions\/2336"}],"wp:featuredmedia":[{"embeddable":true,"href":"https:\/\/www.mediaplateforme.com\/fr\/wp-json\/wp\/v2\/media\/2335"}],"wp:attachment":[{"href":"https:\/\/www.mediaplateforme.com\/fr\/wp-json\/wp\/v2\/media?parent=2334"}],"wp:term":[{"taxonomy":"category","embeddable":true,"href":"https:\/\/www.mediaplateforme.com\/fr\/wp-json\/wp\/v2\/categories?post=2334"},{"taxonomy":"post_tag","embeddable":true,"href":"https:\/\/www.mediaplateforme.com\/fr\/wp-json\/wp\/v2\/tags?post=2334"}],"curies":[{"name":"wp","href":"https:\/\/api.w.org\/{rel}","templated":true}]}}