{"id":2314,"date":"2023-02-21T15:08:41","date_gmt":"2023-02-21T14:08:41","guid":{"rendered":"https:\/\/www.mediaplateforme.com\/fr\/?p=2314"},"modified":"2023-02-21T15:10:04","modified_gmt":"2023-02-21T14:10:04","slug":"renouvellement-du-mandat-des-membres-du-directoire-de-maroc-telecom","status":"publish","type":"post","link":"https:\/\/www.mediaplateforme.com\/fr\/renouvellement-du-mandat-des-membres-du-directoire-de-maroc-telecom\/","title":{"rendered":"Renouvellement du mandat des membres du Directoire de Maroc Telecom"},"content":{"rendered":"<p>Le Conseil de Surveillance de Maroc Telecom du lundi 20 f\u00e9vrier 2023 a proc\u00e9d\u00e9 \u00e0 la cooptation Monsieur Abdellatif ZAGHNOUN en tant que membre du Conseil de Surveillance, en remplacement de Monsieur Abderrahmane SEMMAR et pour la dur\u00e9e restante du mandat de ce dernier, soit jusqu\u2019\u00e0 l\u2019issue de l\u2019Assembl\u00e9e G\u00e9n\u00e9rale Ordinaire appel\u00e9e \u00e0 statuer sur les comptes de l\u2019exercice clos au 31 d\u00e9cembre 2024.<\/p>\n<p>&nbsp;<\/p>\n<p>Le Conseil de Surveillance a \u00e9galement d\u00e9cid\u00e9 de renouveler, pour deux (2) ann\u00e9es conform\u00e9ment aux Statuts de l\u2019entreprise, soit jusqu\u2019au 1<sup>er<\/sup> mars 2025,\u00a0le mandat de Monsieur Abdeslam AHIZOUNE en qualit\u00e9 de Pr\u00e9sident du Directoire et Messieurs Brahim BOUDAOUD, Hassan RACHAD, Fran\u00e7ois VITTE\u00a0et Abdelkader MAAMAR en qualit\u00e9 de membres du Directoire.<\/p>\n","protected":false},"excerpt":{"rendered":"<p>Le Conseil de Surveillance de Maroc Telecom du lundi 20 f\u00e9vrier 2023 a proc\u00e9d\u00e9 \u00e0<\/p>\n","protected":false},"author":1,"featured_media":681,"comment_status":"open","ping_status":"open","sticky":false,"template":"","format":"standard","meta":{"_acf_changed":false,"footnotes":""},"categories":[2,3],"tags":[704,276],"class_list":["post-2314","post","type-post","status-publish","format-standard","has-post-thumbnail","hentry","category-nouvelles","category-nouvelles-selectionnees","tag-ahizoune","tag-maroc-telecom"],"acf":[],"yoast_head":"<!-- This site is optimized with the Yoast SEO plugin v22.0 - https:\/\/yoast.com\/wordpress\/plugins\/seo\/ -->\n<title>Renouvellement du mandat des membres du Directoire de Maroc Telecom - MEDIA PLATEFORME | FR<\/title>\n<meta name=\"description\" content=\"Le Conseil de Surveillance de Maroc Telecom du lundi 20 f\u00e9vrier 2023 a proc\u00e9d\u00e9 \u00e0 la cooptation Monsieur Abdellatif ZAGHNOUN en tant que\" \/>\n<meta name=\"robots\" content=\"index, follow, max-snippet:-1, max-image-preview:large, max-video-preview:-1\" \/>\n<link rel=\"canonical\" href=\"https:\/\/www.mediaplateforme.com\/fr\/renouvellement-du-mandat-des-membres-du-directoire-de-maroc-telecom\/\" \/>\n<meta property=\"og:locale\" content=\"fr_FR\" \/>\n<meta property=\"og:type\" content=\"article\" \/>\n<meta property=\"og:title\" content=\"Renouvellement du mandat des membres du Directoire de Maroc Telecom - MEDIA PLATEFORME | FR\" \/>\n<meta property=\"og:description\" content=\"Le Conseil de Surveillance de Maroc Telecom du lundi 20 f\u00e9vrier 2023 a proc\u00e9d\u00e9 \u00e0 la cooptation Monsieur Abdellatif ZAGHNOUN en tant que\" \/>\n<meta property=\"og:url\" content=\"https:\/\/www.mediaplateforme.com\/fr\/renouvellement-du-mandat-des-membres-du-directoire-de-maroc-telecom\/\" \/>\n<meta property=\"og:site_name\" content=\"MEDIA PLATEFORME | FR\" \/>\n<meta property=\"article:published_time\" content=\"2023-02-21T14:08:41+00:00\" \/>\n<meta property=\"article:modified_time\" content=\"2023-02-21T14:10:04+00:00\" \/>\n<meta property=\"og:image\" content=\"https:\/\/www.mediaplateforme.com\/fr\/wp-content\/uploads\/sites\/5\/2022\/07\/Screenshot_20220726-094959_Chrome.jpg\" \/>\n\t<meta property=\"og:image:width\" content=\"648\" \/>\n\t<meta property=\"og:image:height\" content=\"435\" \/>\n\t<meta property=\"og:image:type\" content=\"image\/jpeg\" \/>\n<meta name=\"author\" content=\"Mediaplateforme\" \/>\n<meta name=\"twitter:card\" content=\"summary_large_image\" \/>\n<meta name=\"twitter:label1\" content=\"\u00c9crit par\" \/>\n\t<meta name=\"twitter:data1\" content=\"Mediaplateforme\" \/>\n\t<meta name=\"twitter:label2\" content=\"Dur\u00e9e de lecture estim\u00e9e\" \/>\n\t<meta name=\"twitter:data2\" content=\"1 minute\" \/>\n<script type=\"application\/ld+json\" class=\"yoast-schema-graph\">{\"@context\":\"https:\/\/schema.org\",\"@graph\":[{\"@type\":\"WebPage\",\"@id\":\"https:\/\/www.mediaplateforme.com\/fr\/renouvellement-du-mandat-des-membres-du-directoire-de-maroc-telecom\/\",\"url\":\"https:\/\/www.mediaplateforme.com\/fr\/renouvellement-du-mandat-des-membres-du-directoire-de-maroc-telecom\/\",\"name\":\"Renouvellement du mandat des membres du Directoire de Maroc Telecom - MEDIA PLATEFORME | FR\",\"isPartOf\":{\"@id\":\"https:\/\/www.mediaplateforme.com\/fr\/#website\"},\"datePublished\":\"2023-02-21T14:08:41+00:00\",\"dateModified\":\"2023-02-21T14:10:04+00:00\",\"author\":{\"@id\":\"https:\/\/www.mediaplateforme.com\/fr\/#\/schema\/person\/89833db382b5db2c76b094bc902aa12a\"},\"description\":\"Le Conseil de Surveillance de Maroc Telecom du lundi 20 f\u00e9vrier 2023 a proc\u00e9d\u00e9 \u00e0 la cooptation Monsieur Abdellatif ZAGHNOUN en tant que\",\"breadcrumb\":{\"@id\":\"https:\/\/www.mediaplateforme.com\/fr\/renouvellement-du-mandat-des-membres-du-directoire-de-maroc-telecom\/#breadcrumb\"},\"inLanguage\":\"fr-FR\",\"potentialAction\":[{\"@type\":\"ReadAction\",\"target\":[\"https:\/\/www.mediaplateforme.com\/fr\/renouvellement-du-mandat-des-membres-du-directoire-de-maroc-telecom\/\"]}]},{\"@type\":\"BreadcrumbList\",\"@id\":\"https:\/\/www.mediaplateforme.com\/fr\/renouvellement-du-mandat-des-membres-du-directoire-de-maroc-telecom\/#breadcrumb\",\"itemListElement\":[{\"@type\":\"ListItem\",\"position\":1,\"name\":\"\u0627\u0644\u0631\u0626\u064a\u0633\u064a\u0629\",\"item\":\"https:\/\/www.mediaplateforme.com\/fr\/\"},{\"@type\":\"ListItem\",\"position\":2,\"name\":\"Renouvellement du mandat des membres du Directoire de Maroc Telecom\"}]},{\"@type\":\"WebSite\",\"@id\":\"https:\/\/www.mediaplateforme.com\/fr\/#website\",\"url\":\"https:\/\/www.mediaplateforme.com\/fr\/\",\"name\":\"MEDIA PLATEFORME | FR\",\"description\":\"Mediaplateforme sp\u00e9cialis\u00e9 dans la communication institutions publiques et des entreprises\",\"potentialAction\":[{\"@type\":\"SearchAction\",\"target\":{\"@type\":\"EntryPoint\",\"urlTemplate\":\"https:\/\/www.mediaplateforme.com\/fr\/?s={search_term_string}\"},\"query-input\":\"required name=search_term_string\"}],\"inLanguage\":\"fr-FR\"},{\"@type\":\"Person\",\"@id\":\"https:\/\/www.mediaplateforme.com\/fr\/#\/schema\/person\/89833db382b5db2c76b094bc902aa12a\",\"name\":\"Mediaplateforme\",\"image\":{\"@type\":\"ImageObject\",\"inLanguage\":\"fr-FR\",\"@id\":\"https:\/\/www.mediaplateforme.com\/fr\/#\/schema\/person\/image\/\",\"url\":\"https:\/\/secure.gravatar.com\/avatar\/6c9c02e8928cc65d54bf75157f7b3a2d06d7ad0494ca0951f679552ff03b34c1?s=96&d=mm&r=g\",\"contentUrl\":\"https:\/\/secure.gravatar.com\/avatar\/6c9c02e8928cc65d54bf75157f7b3a2d06d7ad0494ca0951f679552ff03b34c1?s=96&d=mm&r=g\",\"caption\":\"Mediaplateforme\"},\"sameAs\":[\"https:\/\/www.mediaplateforme.com\"],\"url\":\"https:\/\/www.mediaplateforme.com\/fr\/author\/mohamedladib\/\"}]}<\/script>\n<!-- \/ Yoast SEO plugin. -->","yoast_head_json":{"title":"Renouvellement du mandat des membres du Directoire de Maroc Telecom - MEDIA PLATEFORME | FR","description":"Le Conseil de Surveillance de Maroc Telecom du lundi 20 f\u00e9vrier 2023 a proc\u00e9d\u00e9 \u00e0 la cooptation Monsieur Abdellatif ZAGHNOUN en tant que","robots":{"index":"index","follow":"follow","max-snippet":"max-snippet:-1","max-image-preview":"max-image-preview:large","max-video-preview":"max-video-preview:-1"},"canonical":"https:\/\/www.mediaplateforme.com\/fr\/renouvellement-du-mandat-des-membres-du-directoire-de-maroc-telecom\/","og_locale":"fr_FR","og_type":"article","og_title":"Renouvellement du mandat des membres du Directoire de Maroc Telecom - MEDIA PLATEFORME | FR","og_description":"Le Conseil de Surveillance de Maroc Telecom du lundi 20 f\u00e9vrier 2023 a proc\u00e9d\u00e9 \u00e0 la cooptation Monsieur Abdellatif ZAGHNOUN en tant que","og_url":"https:\/\/www.mediaplateforme.com\/fr\/renouvellement-du-mandat-des-membres-du-directoire-de-maroc-telecom\/","og_site_name":"MEDIA PLATEFORME | FR","article_published_time":"2023-02-21T14:08:41+00:00","article_modified_time":"2023-02-21T14:10:04+00:00","og_image":[{"width":648,"height":435,"url":"https:\/\/www.mediaplateforme.com\/fr\/wp-content\/uploads\/sites\/5\/2022\/07\/Screenshot_20220726-094959_Chrome.jpg","type":"image\/jpeg"}],"author":"Mediaplateforme","twitter_card":"summary_large_image","twitter_misc":{"\u00c9crit par":"Mediaplateforme","Dur\u00e9e de lecture estim\u00e9e":"1 minute"},"schema":{"@context":"https:\/\/schema.org","@graph":[{"@type":"WebPage","@id":"https:\/\/www.mediaplateforme.com\/fr\/renouvellement-du-mandat-des-membres-du-directoire-de-maroc-telecom\/","url":"https:\/\/www.mediaplateforme.com\/fr\/renouvellement-du-mandat-des-membres-du-directoire-de-maroc-telecom\/","name":"Renouvellement du mandat des membres du Directoire de Maroc Telecom - MEDIA PLATEFORME | FR","isPartOf":{"@id":"https:\/\/www.mediaplateforme.com\/fr\/#website"},"datePublished":"2023-02-21T14:08:41+00:00","dateModified":"2023-02-21T14:10:04+00:00","author":{"@id":"https:\/\/www.mediaplateforme.com\/fr\/#\/schema\/person\/89833db382b5db2c76b094bc902aa12a"},"description":"Le Conseil de Surveillance de Maroc Telecom du lundi 20 f\u00e9vrier 2023 a proc\u00e9d\u00e9 \u00e0 la cooptation Monsieur Abdellatif ZAGHNOUN en tant que","breadcrumb":{"@id":"https:\/\/www.mediaplateforme.com\/fr\/renouvellement-du-mandat-des-membres-du-directoire-de-maroc-telecom\/#breadcrumb"},"inLanguage":"fr-FR","potentialAction":[{"@type":"ReadAction","target":["https:\/\/www.mediaplateforme.com\/fr\/renouvellement-du-mandat-des-membres-du-directoire-de-maroc-telecom\/"]}]},{"@type":"BreadcrumbList","@id":"https:\/\/www.mediaplateforme.com\/fr\/renouvellement-du-mandat-des-membres-du-directoire-de-maroc-telecom\/#breadcrumb","itemListElement":[{"@type":"ListItem","position":1,"name":"\u0627\u0644\u0631\u0626\u064a\u0633\u064a\u0629","item":"https:\/\/www.mediaplateforme.com\/fr\/"},{"@type":"ListItem","position":2,"name":"Renouvellement du mandat des membres du Directoire de Maroc Telecom"}]},{"@type":"WebSite","@id":"https:\/\/www.mediaplateforme.com\/fr\/#website","url":"https:\/\/www.mediaplateforme.com\/fr\/","name":"MEDIA PLATEFORME | FR","description":"Mediaplateforme sp\u00e9cialis\u00e9 dans la communication institutions publiques et des entreprises","potentialAction":[{"@type":"SearchAction","target":{"@type":"EntryPoint","urlTemplate":"https:\/\/www.mediaplateforme.com\/fr\/?s={search_term_string}"},"query-input":"required name=search_term_string"}],"inLanguage":"fr-FR"},{"@type":"Person","@id":"https:\/\/www.mediaplateforme.com\/fr\/#\/schema\/person\/89833db382b5db2c76b094bc902aa12a","name":"Mediaplateforme","image":{"@type":"ImageObject","inLanguage":"fr-FR","@id":"https:\/\/www.mediaplateforme.com\/fr\/#\/schema\/person\/image\/","url":"https:\/\/secure.gravatar.com\/avatar\/6c9c02e8928cc65d54bf75157f7b3a2d06d7ad0494ca0951f679552ff03b34c1?s=96&d=mm&r=g","contentUrl":"https:\/\/secure.gravatar.com\/avatar\/6c9c02e8928cc65d54bf75157f7b3a2d06d7ad0494ca0951f679552ff03b34c1?s=96&d=mm&r=g","caption":"Mediaplateforme"},"sameAs":["https:\/\/www.mediaplateforme.com"],"url":"https:\/\/www.mediaplateforme.com\/fr\/author\/mohamedladib\/"}]}},"_links":{"self":[{"href":"https:\/\/www.mediaplateforme.com\/fr\/wp-json\/wp\/v2\/posts\/2314","targetHints":{"allow":["GET"]}}],"collection":[{"href":"https:\/\/www.mediaplateforme.com\/fr\/wp-json\/wp\/v2\/posts"}],"about":[{"href":"https:\/\/www.mediaplateforme.com\/fr\/wp-json\/wp\/v2\/types\/post"}],"author":[{"embeddable":true,"href":"https:\/\/www.mediaplateforme.com\/fr\/wp-json\/wp\/v2\/users\/1"}],"replies":[{"embeddable":true,"href":"https:\/\/www.mediaplateforme.com\/fr\/wp-json\/wp\/v2\/comments?post=2314"}],"version-history":[{"count":1,"href":"https:\/\/www.mediaplateforme.com\/fr\/wp-json\/wp\/v2\/posts\/2314\/revisions"}],"predecessor-version":[{"id":2315,"href":"https:\/\/www.mediaplateforme.com\/fr\/wp-json\/wp\/v2\/posts\/2314\/revisions\/2315"}],"wp:featuredmedia":[{"embeddable":true,"href":"https:\/\/www.mediaplateforme.com\/fr\/wp-json\/wp\/v2\/media\/681"}],"wp:attachment":[{"href":"https:\/\/www.mediaplateforme.com\/fr\/wp-json\/wp\/v2\/media?parent=2314"}],"wp:term":[{"taxonomy":"category","embeddable":true,"href":"https:\/\/www.mediaplateforme.com\/fr\/wp-json\/wp\/v2\/categories?post=2314"},{"taxonomy":"post_tag","embeddable":true,"href":"https:\/\/www.mediaplateforme.com\/fr\/wp-json\/wp\/v2\/tags?post=2314"}],"curies":[{"name":"wp","href":"https:\/\/api.w.org\/{rel}","templated":true}]}}