{"id":223,"date":"2022-06-27T17:56:53","date_gmt":"2022-06-27T16:56:53","guid":{"rendered":"https:\/\/www.mediaplateforme.com\/fr\/?p=223"},"modified":"2022-06-27T17:56:53","modified_gmt":"2022-06-27T16:56:53","slug":"casatramway-au-service-de-lart-et-de-la-culture","status":"publish","type":"post","link":"https:\/\/www.mediaplateforme.com\/fr\/casatramway-au-service-de-lart-et-de-la-culture\/","title":{"rendered":"Casatramway au service de l\u2019art et de la culture !"},"content":{"rendered":"<p>Casatramway se positionne comme le transporteur urbain officiel du festival. La finalit\u00e9 est de contribuer \u00e0 la politique culturelle de la ville en mati\u00e8re de promotion du patrimoine immat\u00e9riel de la m\u00e9tropole.<\/p>\n<p>Casatramway a souhait\u00e9 c\u00e9l\u00e9brer le r\u00f4le de la culture dans la mobilit\u00e9 urbaine. Le transport est en effet un des outils mis \u00e0 disposition des grands \u00e9v\u00e8nement culturels pour accompagner les citoyens dans leurs d\u00e9couvertes.<\/p>\n<p>D\u2019ailleurs, les casablancais ont d\u00e9couvert avec joie, le 21 juin 2022, lors de la f\u00eate de la musique, que certaines rames du tramway ont \u00e9t\u00e9 rythm\u00e9es par le son des percussionnistes, des saxophonistes et des tambourineurs, pour c\u00e9l\u00e9brer la fid\u00e9lit\u00e9 et la confiance des voyageurs dans leur mode de transport favori : le tramway.<\/p>\n<p>Les passionn\u00e9s de musique pourront \u00e9galement b\u00e9n\u00e9ficier d\u2019une offre sp\u00e9ciale du 21 au 30 Juin : \u00e0 l\u2019achat d\u2019une carte rechargeable avec 4 voyages et valable pour 5 ans \u00e0 50 Dhs, \u00e0 la maison de la mobilit\u00e9, place Nations Unies, les utilisateurs du tram pourront b\u00e9n\u00e9ficier gratuitement d\u2019un pass au village Casa Anfa valable une journ\u00e9e.<\/p>\n<p>Il est \u00e9galement important de soulever qu\u2019un service sp\u00e9cial Jazzablanca sera mis en place le 25 Juin jusqu\u2019\u00e0 minuit et du 1er au 3 Juillet jusqu&rsquo;\u00e0 1 h00, afin d\u2019assurer la s\u00e9curit\u00e9 et le confort des voyageurs durant ces nuits festives.<\/p>\n<p>De nombreux cadeaux et surprises sont \u00e9galement pr\u00e9vus durant le festival au sein du stand de Casatramway !<\/p>\n<p>&nbsp;<\/p>\n","protected":false},"excerpt":{"rendered":"<p>Casatramway se positionne comme le transporteur urbain officiel du festival. La finalit\u00e9 est de contribuer<\/p>\n","protected":false},"author":1,"featured_media":224,"comment_status":"open","ping_status":"open","sticky":false,"template":"","format":"standard","meta":{"_acf_changed":false,"footnotes":""},"categories":[7,1],"tags":[96,97],"class_list":["post-223","post","type-post","status-publish","format-standard","has-post-thumbnail","hentry","category-articles","category-non-classe","tag-casatramway","tag-jazzablanca"],"acf":[],"yoast_head":"<!-- This site is optimized with the Yoast SEO plugin v22.0 - https:\/\/yoast.com\/wordpress\/plugins\/seo\/ -->\n<title>Casatramway au service de l\u2019art et de la culture ! - MEDIA PLATEFORME | FR<\/title>\n<meta name=\"description\" content=\"Casatramway se positionne comme le transporteur urbain officiel du festival. La finalit\u00e9 est de contribuer \u00e0 la politique culturelle\" \/>\n<meta name=\"robots\" content=\"index, follow, max-snippet:-1, max-image-preview:large, max-video-preview:-1\" \/>\n<link rel=\"canonical\" href=\"https:\/\/www.mediaplateforme.com\/fr\/casatramway-au-service-de-lart-et-de-la-culture\/\" \/>\n<meta property=\"og:locale\" content=\"fr_FR\" \/>\n<meta property=\"og:type\" content=\"article\" \/>\n<meta property=\"og:title\" content=\"Casatramway au service de l\u2019art et de la culture ! - MEDIA PLATEFORME | FR\" \/>\n<meta property=\"og:description\" content=\"Casatramway se positionne comme le transporteur urbain officiel du festival. La finalit\u00e9 est de contribuer \u00e0 la politique culturelle\" \/>\n<meta property=\"og:url\" content=\"https:\/\/www.mediaplateforme.com\/fr\/casatramway-au-service-de-lart-et-de-la-culture\/\" \/>\n<meta property=\"og:site_name\" content=\"MEDIA PLATEFORME | FR\" \/>\n<meta property=\"article:published_time\" content=\"2022-06-27T16:56:53+00:00\" \/>\n<meta property=\"og:image\" content=\"https:\/\/www.mediaplateforme.com\/fr\/wp-content\/uploads\/sites\/5\/2022\/06\/CTRATP-VISUEL.png\" \/>\n\t<meta property=\"og:image:width\" content=\"3334\" \/>\n\t<meta property=\"og:image:height\" content=\"2500\" \/>\n\t<meta property=\"og:image:type\" content=\"image\/png\" \/>\n<meta name=\"author\" content=\"Mediaplateforme\" \/>\n<meta name=\"twitter:card\" content=\"summary_large_image\" \/>\n<meta name=\"twitter:label1\" content=\"\u00c9crit par\" \/>\n\t<meta name=\"twitter:data1\" content=\"Mediaplateforme\" \/>\n\t<meta name=\"twitter:label2\" content=\"Dur\u00e9e de lecture estim\u00e9e\" \/>\n\t<meta name=\"twitter:data2\" content=\"2 minutes\" \/>\n<script type=\"application\/ld+json\" class=\"yoast-schema-graph\">{\"@context\":\"https:\/\/schema.org\",\"@graph\":[{\"@type\":\"WebPage\",\"@id\":\"https:\/\/www.mediaplateforme.com\/fr\/casatramway-au-service-de-lart-et-de-la-culture\/\",\"url\":\"https:\/\/www.mediaplateforme.com\/fr\/casatramway-au-service-de-lart-et-de-la-culture\/\",\"name\":\"Casatramway au service de l\u2019art et de la culture ! - MEDIA PLATEFORME | FR\",\"isPartOf\":{\"@id\":\"https:\/\/www.mediaplateforme.com\/fr\/#website\"},\"datePublished\":\"2022-06-27T16:56:53+00:00\",\"dateModified\":\"2022-06-27T16:56:53+00:00\",\"author\":{\"@id\":\"https:\/\/www.mediaplateforme.com\/fr\/#\/schema\/person\/89833db382b5db2c76b094bc902aa12a\"},\"description\":\"Casatramway se positionne comme le transporteur urbain officiel du festival. La finalit\u00e9 est de contribuer \u00e0 la politique culturelle\",\"breadcrumb\":{\"@id\":\"https:\/\/www.mediaplateforme.com\/fr\/casatramway-au-service-de-lart-et-de-la-culture\/#breadcrumb\"},\"inLanguage\":\"fr-FR\",\"potentialAction\":[{\"@type\":\"ReadAction\",\"target\":[\"https:\/\/www.mediaplateforme.com\/fr\/casatramway-au-service-de-lart-et-de-la-culture\/\"]}]},{\"@type\":\"BreadcrumbList\",\"@id\":\"https:\/\/www.mediaplateforme.com\/fr\/casatramway-au-service-de-lart-et-de-la-culture\/#breadcrumb\",\"itemListElement\":[{\"@type\":\"ListItem\",\"position\":1,\"name\":\"\u0627\u0644\u0631\u0626\u064a\u0633\u064a\u0629\",\"item\":\"https:\/\/www.mediaplateforme.com\/fr\/\"},{\"@type\":\"ListItem\",\"position\":2,\"name\":\"Casatramway au service de l\u2019art et de la culture !\"}]},{\"@type\":\"WebSite\",\"@id\":\"https:\/\/www.mediaplateforme.com\/fr\/#website\",\"url\":\"https:\/\/www.mediaplateforme.com\/fr\/\",\"name\":\"MEDIA PLATEFORME | FR\",\"description\":\"Mediaplateforme sp\u00e9cialis\u00e9 dans la communication institutions publiques et des entreprises\",\"potentialAction\":[{\"@type\":\"SearchAction\",\"target\":{\"@type\":\"EntryPoint\",\"urlTemplate\":\"https:\/\/www.mediaplateforme.com\/fr\/?s={search_term_string}\"},\"query-input\":\"required name=search_term_string\"}],\"inLanguage\":\"fr-FR\"},{\"@type\":\"Person\",\"@id\":\"https:\/\/www.mediaplateforme.com\/fr\/#\/schema\/person\/89833db382b5db2c76b094bc902aa12a\",\"name\":\"Mediaplateforme\",\"image\":{\"@type\":\"ImageObject\",\"inLanguage\":\"fr-FR\",\"@id\":\"https:\/\/www.mediaplateforme.com\/fr\/#\/schema\/person\/image\/\",\"url\":\"https:\/\/secure.gravatar.com\/avatar\/6c9c02e8928cc65d54bf75157f7b3a2d06d7ad0494ca0951f679552ff03b34c1?s=96&d=mm&r=g\",\"contentUrl\":\"https:\/\/secure.gravatar.com\/avatar\/6c9c02e8928cc65d54bf75157f7b3a2d06d7ad0494ca0951f679552ff03b34c1?s=96&d=mm&r=g\",\"caption\":\"Mediaplateforme\"},\"sameAs\":[\"https:\/\/www.mediaplateforme.com\"],\"url\":\"https:\/\/www.mediaplateforme.com\/fr\/author\/mohamedladib\/\"}]}<\/script>\n<!-- \/ Yoast SEO plugin. -->","yoast_head_json":{"title":"Casatramway au service de l\u2019art et de la culture ! - MEDIA PLATEFORME | FR","description":"Casatramway se positionne comme le transporteur urbain officiel du festival. La finalit\u00e9 est de contribuer \u00e0 la politique culturelle","robots":{"index":"index","follow":"follow","max-snippet":"max-snippet:-1","max-image-preview":"max-image-preview:large","max-video-preview":"max-video-preview:-1"},"canonical":"https:\/\/www.mediaplateforme.com\/fr\/casatramway-au-service-de-lart-et-de-la-culture\/","og_locale":"fr_FR","og_type":"article","og_title":"Casatramway au service de l\u2019art et de la culture ! - MEDIA PLATEFORME | FR","og_description":"Casatramway se positionne comme le transporteur urbain officiel du festival. La finalit\u00e9 est de contribuer \u00e0 la politique culturelle","og_url":"https:\/\/www.mediaplateforme.com\/fr\/casatramway-au-service-de-lart-et-de-la-culture\/","og_site_name":"MEDIA PLATEFORME | FR","article_published_time":"2022-06-27T16:56:53+00:00","og_image":[{"width":3334,"height":2500,"url":"https:\/\/www.mediaplateforme.com\/fr\/wp-content\/uploads\/sites\/5\/2022\/06\/CTRATP-VISUEL.png","type":"image\/png"}],"author":"Mediaplateforme","twitter_card":"summary_large_image","twitter_misc":{"\u00c9crit par":"Mediaplateforme","Dur\u00e9e de lecture estim\u00e9e":"2 minutes"},"schema":{"@context":"https:\/\/schema.org","@graph":[{"@type":"WebPage","@id":"https:\/\/www.mediaplateforme.com\/fr\/casatramway-au-service-de-lart-et-de-la-culture\/","url":"https:\/\/www.mediaplateforme.com\/fr\/casatramway-au-service-de-lart-et-de-la-culture\/","name":"Casatramway au service de l\u2019art et de la culture ! - MEDIA PLATEFORME | FR","isPartOf":{"@id":"https:\/\/www.mediaplateforme.com\/fr\/#website"},"datePublished":"2022-06-27T16:56:53+00:00","dateModified":"2022-06-27T16:56:53+00:00","author":{"@id":"https:\/\/www.mediaplateforme.com\/fr\/#\/schema\/person\/89833db382b5db2c76b094bc902aa12a"},"description":"Casatramway se positionne comme le transporteur urbain officiel du festival. La finalit\u00e9 est de contribuer \u00e0 la politique culturelle","breadcrumb":{"@id":"https:\/\/www.mediaplateforme.com\/fr\/casatramway-au-service-de-lart-et-de-la-culture\/#breadcrumb"},"inLanguage":"fr-FR","potentialAction":[{"@type":"ReadAction","target":["https:\/\/www.mediaplateforme.com\/fr\/casatramway-au-service-de-lart-et-de-la-culture\/"]}]},{"@type":"BreadcrumbList","@id":"https:\/\/www.mediaplateforme.com\/fr\/casatramway-au-service-de-lart-et-de-la-culture\/#breadcrumb","itemListElement":[{"@type":"ListItem","position":1,"name":"\u0627\u0644\u0631\u0626\u064a\u0633\u064a\u0629","item":"https:\/\/www.mediaplateforme.com\/fr\/"},{"@type":"ListItem","position":2,"name":"Casatramway au service de l\u2019art et de la culture !"}]},{"@type":"WebSite","@id":"https:\/\/www.mediaplateforme.com\/fr\/#website","url":"https:\/\/www.mediaplateforme.com\/fr\/","name":"MEDIA PLATEFORME | FR","description":"Mediaplateforme sp\u00e9cialis\u00e9 dans la communication institutions publiques et des entreprises","potentialAction":[{"@type":"SearchAction","target":{"@type":"EntryPoint","urlTemplate":"https:\/\/www.mediaplateforme.com\/fr\/?s={search_term_string}"},"query-input":"required name=search_term_string"}],"inLanguage":"fr-FR"},{"@type":"Person","@id":"https:\/\/www.mediaplateforme.com\/fr\/#\/schema\/person\/89833db382b5db2c76b094bc902aa12a","name":"Mediaplateforme","image":{"@type":"ImageObject","inLanguage":"fr-FR","@id":"https:\/\/www.mediaplateforme.com\/fr\/#\/schema\/person\/image\/","url":"https:\/\/secure.gravatar.com\/avatar\/6c9c02e8928cc65d54bf75157f7b3a2d06d7ad0494ca0951f679552ff03b34c1?s=96&d=mm&r=g","contentUrl":"https:\/\/secure.gravatar.com\/avatar\/6c9c02e8928cc65d54bf75157f7b3a2d06d7ad0494ca0951f679552ff03b34c1?s=96&d=mm&r=g","caption":"Mediaplateforme"},"sameAs":["https:\/\/www.mediaplateforme.com"],"url":"https:\/\/www.mediaplateforme.com\/fr\/author\/mohamedladib\/"}]}},"_links":{"self":[{"href":"https:\/\/www.mediaplateforme.com\/fr\/wp-json\/wp\/v2\/posts\/223","targetHints":{"allow":["GET"]}}],"collection":[{"href":"https:\/\/www.mediaplateforme.com\/fr\/wp-json\/wp\/v2\/posts"}],"about":[{"href":"https:\/\/www.mediaplateforme.com\/fr\/wp-json\/wp\/v2\/types\/post"}],"author":[{"embeddable":true,"href":"https:\/\/www.mediaplateforme.com\/fr\/wp-json\/wp\/v2\/users\/1"}],"replies":[{"embeddable":true,"href":"https:\/\/www.mediaplateforme.com\/fr\/wp-json\/wp\/v2\/comments?post=223"}],"version-history":[{"count":0,"href":"https:\/\/www.mediaplateforme.com\/fr\/wp-json\/wp\/v2\/posts\/223\/revisions"}],"wp:featuredmedia":[{"embeddable":true,"href":"https:\/\/www.mediaplateforme.com\/fr\/wp-json\/wp\/v2\/media\/224"}],"wp:attachment":[{"href":"https:\/\/www.mediaplateforme.com\/fr\/wp-json\/wp\/v2\/media?parent=223"}],"wp:term":[{"taxonomy":"category","embeddable":true,"href":"https:\/\/www.mediaplateforme.com\/fr\/wp-json\/wp\/v2\/categories?post=223"},{"taxonomy":"post_tag","embeddable":true,"href":"https:\/\/www.mediaplateforme.com\/fr\/wp-json\/wp\/v2\/tags?post=223"}],"curies":[{"name":"wp","href":"https:\/\/api.w.org\/{rel}","templated":true}]}}