{"id":2214,"date":"2023-02-06T15:04:48","date_gmt":"2023-02-06T14:04:48","guid":{"rendered":"https:\/\/www.mediaplateforme.com\/fr\/?p=2214"},"modified":"2023-02-06T15:08:02","modified_gmt":"2023-02-06T14:08:02","slug":"ford-et-ford-fund-soutiennent-le-programme-dinclusion-socioeconomique-par-le-sport-en-faveur-des-jeunes-filles-mineures-detenues","status":"publish","type":"post","link":"https:\/\/www.mediaplateforme.com\/fr\/ford-et-ford-fund-soutiennent-le-programme-dinclusion-socioeconomique-par-le-sport-en-faveur-des-jeunes-filles-mineures-detenues\/","title":{"rendered":"Ford et Ford Fund soutiennent le programme d\u2019inclusion socio\u00e9conomique par le sport en faveur des jeunes filles mineures d\u00e9tenues"},"content":{"rendered":"<p>Afin de contribuer au renforcement de la coh\u00e9sion sociale des jeunes filles mineurs d\u00e9tenues dans les centres de correction et de r\u00e9insertion, Ford Fund subventionne le programme mis en place par Tibu Africa aux c\u00f4t\u00e9s de la DGAPR \u2013 D\u00e9l\u00e9gation G\u00e9n\u00e9rale \u00e0 l\u2019Administration P\u00e9nitentiaire et \u00e0 la R\u00e9insertion afin d\u2019offrir \u00e0 ces jeunes d\u00e9tenues, un programme de r\u00e9insertion ax\u00e9 sur le d\u00e9veloppement des comp\u00e9tences techniques, linguistiques, comportementales et entrepreneuriales par le biais du sport, le but \u00e9tant de les aider \u00e0 restaurer leur confiance et leur estime de soi de mani\u00e8re \u00e0 modifier la perception de leur avenir et du monde ext\u00e9rieur, et les accompagner \u00e0 mieux se projeter.<\/p>\n<p>Cette formation qui se veut accessible et inclusive pour les d\u00e9tenus mineurs passionn\u00e9s par le sport, quels que soient leurs besoins \u00e9ducatifs et leurs comp\u00e9tences, s\u2019inscrit dans le cadre des programmes d\u2019inclusion par le sport initi\u00e9 par l\u2019ONG Tibu Africa avec le soutien de Ford Fund. Le programme pilote cible plus de 50 jeunes filles s\u00e9lectionn\u00e9es sous la base d\u2019un certain nombre de crit\u00e8res \u00e9labor\u00e9s par Tibu Africa et la DGAPR, pour un accompagnement de 9 mois de formation ax\u00e9 sur\u00a0:<\/p>\n<ul>\n<li>La formation sur les m\u00e9tiers du sport\u00a0;<\/li>\n<li>L\u2019apprentissage des langues \u00e9trang\u00e8res\u00a0;<\/li>\n<li>La formation sur les nouvelles technologies et les STEM ;<\/li>\n<li>L\u2019organisation des boot camps hebdomadaires et mensuels sur les techniques de l\u2019employabilit\u00e9, de l\u2019estime de soi et le d\u00e9veloppement personnel, l\u2019entrepreneuriat social sportif, le marketing digital et l\u2019\u00e9ducation financi\u00e8re<\/li>\n<li>L\u2019accompagnement et le suivi individuel.<\/li>\n<\/ul>\n<p>\u00ab\u00a0Chez Ford on croit fermement en le pouvoir du sport pour apporter un changement syst\u00e9mique aux communaut\u00e9s en crise. Notre partenariat avec Tibu Africa est justement, un parfait exemple de collaboration dans le domaine. Le sport est un vrai levier d\u2019int\u00e9gration sociale, c\u2019est aussi un v\u00e9hicule incontestable de sociabilit\u00e9 et de d\u00e9veloppement, puisqu\u2019il pr\u00f4ne la non-discrimination, le fair-play et le sens de l\u2019engagement\u00a0\u00bb, <strong>a d\u00e9clar\u00e9 Achraf El Boustani, Directeur General de Ford Afrique du Nord et Afrique Subsaharienne<\/strong>. \u00ab\u00a0Pour ces jeunes filles, la r\u00e9insertion sera un vrai chemin de croix. C\u2019est dans cette perspective que nous tentons d\u2019apporter une r\u00e9ponse, du soutien et un accompagnement solide. Gr\u00e2ce \u00e0 ce projet qui se veut multidimensionnel, nous allons accompagner 50 jeunes filles d\u00e9tenues des centres de correction et de r\u00e9insertion dans leur qu\u00eate pour un avenir meilleur\u00a0\u00bb.<\/p>\n<p>\u00ab\u00a0Nous sommes fiers d\u2019apporter nos solutions \u00e0 fort impact social par le sport au profit des jeunes d\u00e9tenus mineurs\u00a0\u00bb, <strong>d\u00e9clare Mohamed Amine Zariat, Ashoka Fellow &amp; Pr\u00e9sident de l\u2019ONG Tibu Africa<\/strong>.Il ajoute \u00e9galement\u00a0: \u00ab\u00a0Le programme d\u2019inclusion socio\u00e9conomique des jeunes d\u00e9tenus mineurs par le sport avec le soutien de Ford et Ford Fund et avec l\u2019appui de la DGAPR va permettre aux jeunes de d\u00e9velopper des comp\u00e9tences n\u00e9cessaires pour une meilleure r\u00e9insertion dans la vie active. Nous allons continuer \u00e0 mobiliser l\u2019ensemble des acteurs de l\u2019\u00e9cosyst\u00e8me afin qu\u2019on puisse tous ensemble cr\u00e9er un premier envol pour ces jeunes\u00a0\u00bb<\/p>\n<p>&nbsp;<\/p>\n<p>De m\u00eame, gr\u00e2ce \u00e0 l\u2019expertise et l\u2019exp\u00e9rience de l\u2019ONG Tibu Africa en la mati\u00e8re, certains membres du personnel de la DGAPR, b\u00e9n\u00e9ficieront de la formation des formateurs qui leur permettra de s\u2019enrichir personnellement et professionnellement et de pouvoir accompagner le d\u00e9veloppement du programme.<\/p>\n<p>L\u2019ensemble des parties prenantes s\u2019engagent \u00e0 favoriser une collaboration fructueuse afin d\u2019atteindre des objectifs sp\u00e9cifiques\u00a0:<\/p>\n<ul>\n<li>Favoriser la socialisation et l&rsquo;int\u00e9gration des d\u00e9tenus mineurs \u00e0 leur sortie de prison.<\/li>\n<li>D\u00e9velopper la culture du vivre ensemble.<\/li>\n<li>Valoriser les comp\u00e9tences et les connaissances acquises dans le domaine du sport sur le march\u00e9 du travail.<\/li>\n<li>Diminuer le taux de r\u00e9cidive des d\u00e9tenus gr\u00e2ce \u00e0 l&rsquo;implication dans des activit\u00e9s positives et structurantes.<\/li>\n<li>Contribuer \u00e0 l&rsquo;insertion professionnelle des d\u00e9tenus mineurs \u00e0 leur sortie de prison.<\/li>\n<\/ul>\n<p>Le sport aujourd\u2019hui joue un r\u00f4le social majeur car il \u00e9panouie les talents, r\u00e9concilie les g\u00e9n\u00e9rations et fait \u00e9clore des valeurs de vie.<\/p>\n<p>&nbsp;<\/p>\n<h4><strong>\u00c0 propos du Fonds Ford Motor Company\u00a0:<\/strong><\/h4>\n<p>En tant que branche philanthropique du constructeur automobile, le Ford Motor Company Fund soutient les communaut\u00e9s locales depuis plus de 70 ans. Travaillant avec des organisations \u00e0 but non lucratif, des partenaires communautaires et \u00e0 travers le r\u00e9seau Ford aux \u00c9tats-Unis et dans le monde, Ford Fund fournit des ressources et des opportunit\u00e9s qui font progresser l&rsquo;\u00e9quit\u00e9 et permettent aux gens d&rsquo;atteindre leur plein potentiel. Depuis 1949, Ford et Ford Fund ont investi plus de 2,2 milliards de dollars dans des initiatives qui garantissent la satisfaction des besoins de base, donnent acc\u00e8s \u00e0 des services essentiels, offrent des outils pour d\u00e9velopper de nouvelles comp\u00e9tences et ouvrent des voies vers des emplois de haute qualit\u00e9. Les investissements communautaires internationaux du Fonds Ford sont g\u00e9r\u00e9s et administr\u00e9s par GlobalGiving, le partenaire de longue date du constructeur automobile en mati\u00e8re de secours aux sinistr\u00e9s et d&rsquo;octroi de subventions mondiales. Pour plus d&rsquo;informations, visitez <a href=\"http:\/\/www.fordfund.org\">www.fordfund.org<\/a> ou rejoignez-nous \u00e0 @FordFund sur <a href=\"https:\/\/www.facebook.com\/FordFund\/\">Facebook<\/a><u>, <\/u><a href=\"https:\/\/www.instagram.com\/fordfund\/\">Instagram<\/a><u> et <\/u><a href=\"https:\/\/twitter.com\/fordfund\/\">Twitter<\/a><u>.<\/u><\/p>\n<p><strong>\u00a0<\/strong><\/p>\n<h4><strong>\u00c0 propos de Ford Motor Company\u00a0:<\/strong><\/h4>\n<p>Ford Motor Company (NYSE : F) est une entreprise mondiale bas\u00e9e \u00e0 Dearborn, dans le Michigan, qui s&rsquo;engage \u00e0 contribuer \u00e0 la construction d&rsquo;un monde meilleur, o\u00f9 chaque personne est libre de bouger et de poursuivre ses r\u00eaves. Le plan Ford+ de l&rsquo;entreprise pour la croissance et la cr\u00e9ation de valeur combine les forces existantes, les nouvelles capacit\u00e9s et les relations permanentes avec les clients afin d&rsquo;enrichir les exp\u00e9riences de ces derniers et de renforcer leur fid\u00e9lit\u00e9. Ford d\u00e9veloppe et fournit des camions, des v\u00e9hicules utilitaires de sport, des fourgonnettes commerciales et des voitures Ford et des v\u00e9hicules de luxe Lincoln innovants et incontournables, ainsi que des services connect\u00e9s. En outre, Ford \u00e9tablit des positions de leader dans les solutions de mobilit\u00e9, y compris la technologie de conduite autonome, et fournit des services financiers par le biais de Ford Motor Credit Company. Ford emploie environ 173 000 personnes dans le monde entier. De plus amples informations sur l&rsquo;entreprise, ses produits et le cr\u00e9dit Ford sont disponibles sur corporate.ford.com.<\/p>\n","protected":false},"excerpt":{"rendered":"<p>Afin de contribuer au renforcement de la coh\u00e9sion sociale des jeunes filles mineurs d\u00e9tenues dans<\/p>\n","protected":false},"author":1,"featured_media":2215,"comment_status":"open","ping_status":"open","sticky":false,"template":"","format":"standard","meta":{"_acf_changed":false,"footnotes":""},"categories":[7,3],"tags":[682,683],"class_list":["post-2214","post","type-post","status-publish","format-standard","has-post-thumbnail","hentry","category-articles","category-nouvelles-selectionnees","tag-ford-fund","tag-tibu-africa"],"acf":[],"yoast_head":"<!-- This site is optimized with the Yoast SEO plugin v22.0 - https:\/\/yoast.com\/wordpress\/plugins\/seo\/ -->\n<title>Ford et Ford Fund soutiennent le programme d\u2019inclusion socio\u00e9conomique par le sport en faveur des jeunes filles mineures d\u00e9tenues - MEDIA PLATEFORME | FR<\/title>\n<meta name=\"description\" content=\"coh\u00e9sion sociale des jeunes filles mineurs d\u00e9tenues dans les centres de correction et de r\u00e9insertion, Ford Fund par Tibu Africa\" \/>\n<meta name=\"robots\" content=\"index, follow, max-snippet:-1, max-image-preview:large, max-video-preview:-1\" \/>\n<link rel=\"canonical\" href=\"https:\/\/www.mediaplateforme.com\/fr\/ford-et-ford-fund-soutiennent-le-programme-dinclusion-socioeconomique-par-le-sport-en-faveur-des-jeunes-filles-mineures-detenues\/\" \/>\n<meta property=\"og:locale\" content=\"fr_FR\" \/>\n<meta property=\"og:type\" content=\"article\" \/>\n<meta property=\"og:title\" content=\"Ford et Ford Fund soutiennent le programme d\u2019inclusion socio\u00e9conomique par le sport en faveur des jeunes filles mineures d\u00e9tenues - MEDIA PLATEFORME | FR\" \/>\n<meta property=\"og:description\" content=\"coh\u00e9sion sociale des jeunes filles mineurs d\u00e9tenues dans les centres de correction et de r\u00e9insertion, Ford Fund par Tibu Africa\" \/>\n<meta property=\"og:url\" content=\"https:\/\/www.mediaplateforme.com\/fr\/ford-et-ford-fund-soutiennent-le-programme-dinclusion-socioeconomique-par-le-sport-en-faveur-des-jeunes-filles-mineures-detenues\/\" \/>\n<meta property=\"og:site_name\" content=\"MEDIA PLATEFORME | FR\" \/>\n<meta property=\"article:published_time\" content=\"2023-02-06T14:04:48+00:00\" \/>\n<meta property=\"article:modified_time\" content=\"2023-02-06T14:08:02+00:00\" \/>\n<meta property=\"og:image\" content=\"https:\/\/www.mediaplateforme.com\/fr\/wp-content\/uploads\/sites\/5\/2023\/02\/PHOTO-2-1.jpeg\" \/>\n\t<meta property=\"og:image:width\" content=\"1280\" \/>\n\t<meta property=\"og:image:height\" content=\"854\" \/>\n\t<meta property=\"og:image:type\" content=\"image\/jpeg\" \/>\n<meta name=\"author\" content=\"Mediaplateforme\" \/>\n<meta name=\"twitter:card\" content=\"summary_large_image\" \/>\n<meta name=\"twitter:label1\" content=\"\u00c9crit par\" \/>\n\t<meta name=\"twitter:data1\" content=\"Mediaplateforme\" \/>\n\t<meta name=\"twitter:label2\" content=\"Dur\u00e9e de lecture estim\u00e9e\" \/>\n\t<meta name=\"twitter:data2\" content=\"5 minutes\" \/>\n<script type=\"application\/ld+json\" class=\"yoast-schema-graph\">{\"@context\":\"https:\/\/schema.org\",\"@graph\":[{\"@type\":\"WebPage\",\"@id\":\"https:\/\/www.mediaplateforme.com\/fr\/ford-et-ford-fund-soutiennent-le-programme-dinclusion-socioeconomique-par-le-sport-en-faveur-des-jeunes-filles-mineures-detenues\/\",\"url\":\"https:\/\/www.mediaplateforme.com\/fr\/ford-et-ford-fund-soutiennent-le-programme-dinclusion-socioeconomique-par-le-sport-en-faveur-des-jeunes-filles-mineures-detenues\/\",\"name\":\"Ford et Ford Fund soutiennent le programme d\u2019inclusion socio\u00e9conomique par le sport en faveur des jeunes filles mineures d\u00e9tenues - MEDIA PLATEFORME | FR\",\"isPartOf\":{\"@id\":\"https:\/\/www.mediaplateforme.com\/fr\/#website\"},\"datePublished\":\"2023-02-06T14:04:48+00:00\",\"dateModified\":\"2023-02-06T14:08:02+00:00\",\"author\":{\"@id\":\"https:\/\/www.mediaplateforme.com\/fr\/#\/schema\/person\/89833db382b5db2c76b094bc902aa12a\"},\"description\":\"coh\u00e9sion sociale des jeunes filles mineurs d\u00e9tenues dans les centres de correction et de r\u00e9insertion, Ford Fund par Tibu Africa\",\"breadcrumb\":{\"@id\":\"https:\/\/www.mediaplateforme.com\/fr\/ford-et-ford-fund-soutiennent-le-programme-dinclusion-socioeconomique-par-le-sport-en-faveur-des-jeunes-filles-mineures-detenues\/#breadcrumb\"},\"inLanguage\":\"fr-FR\",\"potentialAction\":[{\"@type\":\"ReadAction\",\"target\":[\"https:\/\/www.mediaplateforme.com\/fr\/ford-et-ford-fund-soutiennent-le-programme-dinclusion-socioeconomique-par-le-sport-en-faveur-des-jeunes-filles-mineures-detenues\/\"]}]},{\"@type\":\"BreadcrumbList\",\"@id\":\"https:\/\/www.mediaplateforme.com\/fr\/ford-et-ford-fund-soutiennent-le-programme-dinclusion-socioeconomique-par-le-sport-en-faveur-des-jeunes-filles-mineures-detenues\/#breadcrumb\",\"itemListElement\":[{\"@type\":\"ListItem\",\"position\":1,\"name\":\"\u0627\u0644\u0631\u0626\u064a\u0633\u064a\u0629\",\"item\":\"https:\/\/www.mediaplateforme.com\/fr\/\"},{\"@type\":\"ListItem\",\"position\":2,\"name\":\"Ford et Ford Fund soutiennent le programme d\u2019inclusion socio\u00e9conomique par le sport en faveur des jeunes filles mineures d\u00e9tenues\"}]},{\"@type\":\"WebSite\",\"@id\":\"https:\/\/www.mediaplateforme.com\/fr\/#website\",\"url\":\"https:\/\/www.mediaplateforme.com\/fr\/\",\"name\":\"MEDIA PLATEFORME | FR\",\"description\":\"Mediaplateforme sp\u00e9cialis\u00e9 dans la communication institutions publiques et des entreprises\",\"potentialAction\":[{\"@type\":\"SearchAction\",\"target\":{\"@type\":\"EntryPoint\",\"urlTemplate\":\"https:\/\/www.mediaplateforme.com\/fr\/?s={search_term_string}\"},\"query-input\":\"required name=search_term_string\"}],\"inLanguage\":\"fr-FR\"},{\"@type\":\"Person\",\"@id\":\"https:\/\/www.mediaplateforme.com\/fr\/#\/schema\/person\/89833db382b5db2c76b094bc902aa12a\",\"name\":\"Mediaplateforme\",\"image\":{\"@type\":\"ImageObject\",\"inLanguage\":\"fr-FR\",\"@id\":\"https:\/\/www.mediaplateforme.com\/fr\/#\/schema\/person\/image\/\",\"url\":\"https:\/\/secure.gravatar.com\/avatar\/6c9c02e8928cc65d54bf75157f7b3a2d06d7ad0494ca0951f679552ff03b34c1?s=96&d=mm&r=g\",\"contentUrl\":\"https:\/\/secure.gravatar.com\/avatar\/6c9c02e8928cc65d54bf75157f7b3a2d06d7ad0494ca0951f679552ff03b34c1?s=96&d=mm&r=g\",\"caption\":\"Mediaplateforme\"},\"sameAs\":[\"https:\/\/www.mediaplateforme.com\"],\"url\":\"https:\/\/www.mediaplateforme.com\/fr\/author\/mohamedladib\/\"}]}<\/script>\n<!-- \/ Yoast SEO plugin. -->","yoast_head_json":{"title":"Ford et Ford Fund soutiennent le programme d\u2019inclusion socio\u00e9conomique par le sport en faveur des jeunes filles mineures d\u00e9tenues - MEDIA PLATEFORME | FR","description":"coh\u00e9sion sociale des jeunes filles mineurs d\u00e9tenues dans les centres de correction et de r\u00e9insertion, Ford Fund par Tibu Africa","robots":{"index":"index","follow":"follow","max-snippet":"max-snippet:-1","max-image-preview":"max-image-preview:large","max-video-preview":"max-video-preview:-1"},"canonical":"https:\/\/www.mediaplateforme.com\/fr\/ford-et-ford-fund-soutiennent-le-programme-dinclusion-socioeconomique-par-le-sport-en-faveur-des-jeunes-filles-mineures-detenues\/","og_locale":"fr_FR","og_type":"article","og_title":"Ford et Ford Fund soutiennent le programme d\u2019inclusion socio\u00e9conomique par le sport en faveur des jeunes filles mineures d\u00e9tenues - MEDIA PLATEFORME | FR","og_description":"coh\u00e9sion sociale des jeunes filles mineurs d\u00e9tenues dans les centres de correction et de r\u00e9insertion, Ford Fund par Tibu Africa","og_url":"https:\/\/www.mediaplateforme.com\/fr\/ford-et-ford-fund-soutiennent-le-programme-dinclusion-socioeconomique-par-le-sport-en-faveur-des-jeunes-filles-mineures-detenues\/","og_site_name":"MEDIA PLATEFORME | FR","article_published_time":"2023-02-06T14:04:48+00:00","article_modified_time":"2023-02-06T14:08:02+00:00","og_image":[{"width":1280,"height":854,"url":"https:\/\/www.mediaplateforme.com\/fr\/wp-content\/uploads\/sites\/5\/2023\/02\/PHOTO-2-1.jpeg","type":"image\/jpeg"}],"author":"Mediaplateforme","twitter_card":"summary_large_image","twitter_misc":{"\u00c9crit par":"Mediaplateforme","Dur\u00e9e de lecture estim\u00e9e":"5 minutes"},"schema":{"@context":"https:\/\/schema.org","@graph":[{"@type":"WebPage","@id":"https:\/\/www.mediaplateforme.com\/fr\/ford-et-ford-fund-soutiennent-le-programme-dinclusion-socioeconomique-par-le-sport-en-faveur-des-jeunes-filles-mineures-detenues\/","url":"https:\/\/www.mediaplateforme.com\/fr\/ford-et-ford-fund-soutiennent-le-programme-dinclusion-socioeconomique-par-le-sport-en-faveur-des-jeunes-filles-mineures-detenues\/","name":"Ford et Ford Fund soutiennent le programme d\u2019inclusion socio\u00e9conomique par le sport en faveur des jeunes filles mineures d\u00e9tenues - MEDIA PLATEFORME | FR","isPartOf":{"@id":"https:\/\/www.mediaplateforme.com\/fr\/#website"},"datePublished":"2023-02-06T14:04:48+00:00","dateModified":"2023-02-06T14:08:02+00:00","author":{"@id":"https:\/\/www.mediaplateforme.com\/fr\/#\/schema\/person\/89833db382b5db2c76b094bc902aa12a"},"description":"coh\u00e9sion sociale des jeunes filles mineurs d\u00e9tenues dans les centres de correction et de r\u00e9insertion, Ford Fund par Tibu Africa","breadcrumb":{"@id":"https:\/\/www.mediaplateforme.com\/fr\/ford-et-ford-fund-soutiennent-le-programme-dinclusion-socioeconomique-par-le-sport-en-faveur-des-jeunes-filles-mineures-detenues\/#breadcrumb"},"inLanguage":"fr-FR","potentialAction":[{"@type":"ReadAction","target":["https:\/\/www.mediaplateforme.com\/fr\/ford-et-ford-fund-soutiennent-le-programme-dinclusion-socioeconomique-par-le-sport-en-faveur-des-jeunes-filles-mineures-detenues\/"]}]},{"@type":"BreadcrumbList","@id":"https:\/\/www.mediaplateforme.com\/fr\/ford-et-ford-fund-soutiennent-le-programme-dinclusion-socioeconomique-par-le-sport-en-faveur-des-jeunes-filles-mineures-detenues\/#breadcrumb","itemListElement":[{"@type":"ListItem","position":1,"name":"\u0627\u0644\u0631\u0626\u064a\u0633\u064a\u0629","item":"https:\/\/www.mediaplateforme.com\/fr\/"},{"@type":"ListItem","position":2,"name":"Ford et Ford Fund soutiennent le programme d\u2019inclusion socio\u00e9conomique par le sport en faveur des jeunes filles mineures d\u00e9tenues"}]},{"@type":"WebSite","@id":"https:\/\/www.mediaplateforme.com\/fr\/#website","url":"https:\/\/www.mediaplateforme.com\/fr\/","name":"MEDIA PLATEFORME | FR","description":"Mediaplateforme sp\u00e9cialis\u00e9 dans la communication institutions publiques et des entreprises","potentialAction":[{"@type":"SearchAction","target":{"@type":"EntryPoint","urlTemplate":"https:\/\/www.mediaplateforme.com\/fr\/?s={search_term_string}"},"query-input":"required name=search_term_string"}],"inLanguage":"fr-FR"},{"@type":"Person","@id":"https:\/\/www.mediaplateforme.com\/fr\/#\/schema\/person\/89833db382b5db2c76b094bc902aa12a","name":"Mediaplateforme","image":{"@type":"ImageObject","inLanguage":"fr-FR","@id":"https:\/\/www.mediaplateforme.com\/fr\/#\/schema\/person\/image\/","url":"https:\/\/secure.gravatar.com\/avatar\/6c9c02e8928cc65d54bf75157f7b3a2d06d7ad0494ca0951f679552ff03b34c1?s=96&d=mm&r=g","contentUrl":"https:\/\/secure.gravatar.com\/avatar\/6c9c02e8928cc65d54bf75157f7b3a2d06d7ad0494ca0951f679552ff03b34c1?s=96&d=mm&r=g","caption":"Mediaplateforme"},"sameAs":["https:\/\/www.mediaplateforme.com"],"url":"https:\/\/www.mediaplateforme.com\/fr\/author\/mohamedladib\/"}]}},"_links":{"self":[{"href":"https:\/\/www.mediaplateforme.com\/fr\/wp-json\/wp\/v2\/posts\/2214","targetHints":{"allow":["GET"]}}],"collection":[{"href":"https:\/\/www.mediaplateforme.com\/fr\/wp-json\/wp\/v2\/posts"}],"about":[{"href":"https:\/\/www.mediaplateforme.com\/fr\/wp-json\/wp\/v2\/types\/post"}],"author":[{"embeddable":true,"href":"https:\/\/www.mediaplateforme.com\/fr\/wp-json\/wp\/v2\/users\/1"}],"replies":[{"embeddable":true,"href":"https:\/\/www.mediaplateforme.com\/fr\/wp-json\/wp\/v2\/comments?post=2214"}],"version-history":[{"count":1,"href":"https:\/\/www.mediaplateforme.com\/fr\/wp-json\/wp\/v2\/posts\/2214\/revisions"}],"predecessor-version":[{"id":2216,"href":"https:\/\/www.mediaplateforme.com\/fr\/wp-json\/wp\/v2\/posts\/2214\/revisions\/2216"}],"wp:featuredmedia":[{"embeddable":true,"href":"https:\/\/www.mediaplateforme.com\/fr\/wp-json\/wp\/v2\/media\/2215"}],"wp:attachment":[{"href":"https:\/\/www.mediaplateforme.com\/fr\/wp-json\/wp\/v2\/media?parent=2214"}],"wp:term":[{"taxonomy":"category","embeddable":true,"href":"https:\/\/www.mediaplateforme.com\/fr\/wp-json\/wp\/v2\/categories?post=2214"},{"taxonomy":"post_tag","embeddable":true,"href":"https:\/\/www.mediaplateforme.com\/fr\/wp-json\/wp\/v2\/tags?post=2214"}],"curies":[{"name":"wp","href":"https:\/\/api.w.org\/{rel}","templated":true}]}}