{"id":2211,"date":"2023-02-03T21:56:44","date_gmt":"2023-02-03T20:56:44","guid":{"rendered":"https:\/\/www.mediaplateforme.com\/fr\/?p=2211"},"modified":"2023-02-03T21:56:44","modified_gmt":"2023-02-03T20:56:44","slug":"banque-de-projets-industriels-lamacom-group-lance-sa-nouvelle-business-unit-lamatech-packaging-solutions","status":"publish","type":"post","link":"https:\/\/www.mediaplateforme.com\/fr\/banque-de-projets-industriels-lamacom-group-lance-sa-nouvelle-business-unit-lamatech-packaging-solutions\/","title":{"rendered":"Banque de projets industriels| LAMACOM GROUP LANCE SA NOUVELLE BUSINESS UNIT : LAMATECH PACKAGING SOLUTIONS"},"content":{"rendered":"<p>Le Ministre de l\u2019Industrie et du Commerce, M. Ryad Mezzour et le pr\u00e9sident du groupe LAMACOM, Khalid SEKKAT, ont pr\u00e9sid\u00e9, vendredi 03 f\u00e9vrier 2023, \u00e0 Casablanca, la c\u00e9r\u00e9monie d\u2019inauguration de l\u2019extension de l\u2019usine de Lamacom du groupe \u00ab LAMATECH PACKAGING SOLUTIONS \u00bb.<\/p>\n<p>&nbsp;<\/p>\n<p>Cette Business Unit (BU), nouvellement cr\u00e9\u00e9e dans le cadre de la Banque de Projets pour un montant d\u2019investissement de 75.6MDH permettra la cr\u00e9ation de 105 emplois. Elle fabriquera des solutions d\u2019emballages rigides et inject\u00e9s en plastique avec personnalisation IML, d\u00e9clin\u00e9s sous formes de pots, seaux et barquettes.<\/p>\n<p>&nbsp;<\/p>\n<p>LAMATECH PACKAGING SOLUTIONS est d\u00e9ploy\u00e9e sur une superficie de plus de 9000 m2, au sein du 2<sup>\u00e8me<\/sup> site industriel du groupe, \u00e0 Ain Sebaa. Sa capacit\u00e9 lui permet d\u2019accueillir jusqu\u2019\u00e0 50 machines d\u2019injection \u00e9quip\u00e9es de derni\u00e8res technologies.<\/p>\n<p>&nbsp;<\/p>\n<ol>\n<li>le Ministre a d\u00e9clar\u00e9 \u00e0 cette occasion\u00a0: \u00ab\u00a0Ce projet atteste de la capacit\u00e9 de nos industriels \u00e0 relever le d\u00e9fi de la production locale et de l\u2019innovation. Il jouera un r\u00f4le vital et strat\u00e9gique pour la souverainet\u00e9 industrielle de notre pays puisqu\u2019il contribuera \u00e0 la substitution d\u2019une part importante d\u2019articles d\u2019emballages plastique import\u00e9s\u00a0\u00bb. Et d\u2019ajouter que le secteur de la plasturgie intervient en amont de plusieurs industries nationales particuli\u00e8rement dynamiques. Le renforcement de la production locale dans ce secteur et son positionnement sur des cr\u00e9neaux porteurs renforcera la comp\u00e9titivit\u00e9 et la performance de toute l\u2019industrie nationale\u00a0\u00bb.<\/li>\n<\/ol>\n<p>&nbsp;<\/p>\n<p>\u00ab\u00a0LAMACOM GROUP a d\u00e9cid\u00e9 de se diversifier et de capitaliser sur son savoir-faire industriel de plus de 40 ans, en cr\u00e9ant La Business Unit LAMATECH, d\u00e9di\u00e9e aux solutions d\u2019emballage plastique inject\u00e9 avec IML pour r\u00e9pondre aux besoins d\u2019emballages de diff\u00e9rents secteurs tels que les secteurs alimentaire, agricole, chimique et celui de la peinture\u00a0\u00bb, a d\u00e9clar\u00e9 Khalid SEKKAT, pr\u00e9sident du Groupe.<\/p>\n<p>&nbsp;<\/p>\n<p>Le projet entend ainsi contribuer fortement \u00e0 l\u2019effort national de substitution des importations par la production locale, projet phare de la strat\u00e9gie industrielle nationale qui vise \u00e0 d\u00e9velopper chez les industriels marocains l\u2019esprit du challenge \u00e9conomique, promouvoir et soutenir la comp\u00e9titivit\u00e9 nationale, renforcer le capital marocain et d\u00e9carboner l&rsquo;industrie pour renforcer l&rsquo;export. La strat\u00e9gie s\u2019est fix\u00e9e, \u00e9galement comme mission, de soutenir l&rsquo;int\u00e9gration des secteurs industriels et de renforcer le positionnement du Maroc sur l\u2019\u00e9chiquier mondial des industries avanc\u00e9es et durables.<\/p>\n<p>&nbsp;<\/p>\n<h4><strong>A propos de Lamacom Group\u00a0: <\/strong><\/h4>\n<p>LAMACOM GROUP est le leader incontournable marocain de la conception, de la fabrication et de la commercialisation des ustensiles de cuisine et de l\u2019art de la table. La grande fiert\u00e9 de ses dirigeants r\u00e9side dans le fait que LAMACOM GROUP est \u00e0 100 % Marocain. L\u2019ambition du groupe est de cr\u00e9er d\u2019autres BU industrielles dans d\u2019autres domaines d\u2019activit\u00e9s.<\/p>\n<p>&nbsp;<\/p>\n<p>Avec LAMATECH PACKAGING, ce sont de nouveaux challenges qui seront relev\u00e9s pour conqu\u00e9rir avec des produits marocains\u00a0: made in Morocco, d\u2019autres march\u00e9s dans un esprit certes industriel, mais avant tout fortement national.<\/p>\n","protected":false},"excerpt":{"rendered":"<p>Le Ministre de l\u2019Industrie et du Commerce, M. Ryad Mezzour et le pr\u00e9sident du groupe<\/p>\n","protected":false},"author":1,"featured_media":2212,"comment_status":"open","ping_status":"open","sticky":false,"template":"","format":"standard","meta":{"_acf_changed":false,"footnotes":""},"categories":[4,3],"tags":[681,680,59],"class_list":["post-2211","post","type-post","status-publish","format-standard","has-post-thumbnail","hentry","category-economie","category-nouvelles-selectionnees","tag-khalid-sekkat","tag-lamacom","tag-ryad-mezzour"],"acf":[],"yoast_head":"<!-- This site is optimized with the Yoast SEO plugin v22.0 - https:\/\/yoast.com\/wordpress\/plugins\/seo\/ -->\n<title>Banque de projets industriels| LAMACOM GROUP LANCE SA NOUVELLE BUSINESS UNIT : LAMATECH PACKAGING SOLUTIONS - MEDIA PLATEFORME | FR<\/title>\n<meta name=\"description\" content=\"Le Ministre de l\u2019Industrie et du Commerce, M. Ryad Mezzour et le pr\u00e9sident du groupe LAMACOM, Khalid SEKKAT, ont pr\u00e9sid\u00e9, de Lamacom d\" \/>\n<meta name=\"robots\" content=\"index, follow, max-snippet:-1, max-image-preview:large, max-video-preview:-1\" \/>\n<link rel=\"canonical\" href=\"https:\/\/www.mediaplateforme.com\/fr\/banque-de-projets-industriels-lamacom-group-lance-sa-nouvelle-business-unit-lamatech-packaging-solutions\/\" \/>\n<meta property=\"og:locale\" content=\"fr_FR\" \/>\n<meta property=\"og:type\" content=\"article\" \/>\n<meta property=\"og:title\" content=\"Banque de projets industriels| LAMACOM GROUP LANCE SA NOUVELLE BUSINESS UNIT : LAMATECH PACKAGING SOLUTIONS - MEDIA PLATEFORME | FR\" \/>\n<meta property=\"og:description\" content=\"Le Ministre de l\u2019Industrie et du Commerce, M. Ryad Mezzour et le pr\u00e9sident du groupe LAMACOM, Khalid SEKKAT, ont pr\u00e9sid\u00e9, de Lamacom d\" \/>\n<meta property=\"og:url\" content=\"https:\/\/www.mediaplateforme.com\/fr\/banque-de-projets-industriels-lamacom-group-lance-sa-nouvelle-business-unit-lamatech-packaging-solutions\/\" \/>\n<meta property=\"og:site_name\" content=\"MEDIA PLATEFORME | FR\" \/>\n<meta property=\"article:published_time\" content=\"2023-02-03T20:56:44+00:00\" \/>\n<meta property=\"og:image\" content=\"https:\/\/www.mediaplateforme.com\/fr\/wp-content\/uploads\/sites\/5\/2023\/02\/Image-2023-02-03-a-18.11.28.jpg\" \/>\n\t<meta property=\"og:image:width\" content=\"1490\" \/>\n\t<meta property=\"og:image:height\" content=\"994\" \/>\n\t<meta property=\"og:image:type\" content=\"image\/jpeg\" \/>\n<meta name=\"author\" content=\"Mediaplateforme\" \/>\n<meta name=\"twitter:card\" content=\"summary_large_image\" \/>\n<meta name=\"twitter:label1\" content=\"\u00c9crit par\" \/>\n\t<meta name=\"twitter:data1\" content=\"Mediaplateforme\" \/>\n\t<meta name=\"twitter:label2\" content=\"Dur\u00e9e de lecture estim\u00e9e\" \/>\n\t<meta name=\"twitter:data2\" content=\"3 minutes\" \/>\n<script type=\"application\/ld+json\" class=\"yoast-schema-graph\">{\"@context\":\"https:\/\/schema.org\",\"@graph\":[{\"@type\":\"WebPage\",\"@id\":\"https:\/\/www.mediaplateforme.com\/fr\/banque-de-projets-industriels-lamacom-group-lance-sa-nouvelle-business-unit-lamatech-packaging-solutions\/\",\"url\":\"https:\/\/www.mediaplateforme.com\/fr\/banque-de-projets-industriels-lamacom-group-lance-sa-nouvelle-business-unit-lamatech-packaging-solutions\/\",\"name\":\"Banque de projets industriels| LAMACOM GROUP LANCE SA NOUVELLE BUSINESS UNIT : LAMATECH PACKAGING SOLUTIONS - MEDIA PLATEFORME | FR\",\"isPartOf\":{\"@id\":\"https:\/\/www.mediaplateforme.com\/fr\/#website\"},\"datePublished\":\"2023-02-03T20:56:44+00:00\",\"dateModified\":\"2023-02-03T20:56:44+00:00\",\"author\":{\"@id\":\"https:\/\/www.mediaplateforme.com\/fr\/#\/schema\/person\/89833db382b5db2c76b094bc902aa12a\"},\"description\":\"Le Ministre de l\u2019Industrie et du Commerce, M. Ryad Mezzour et le pr\u00e9sident du groupe LAMACOM, Khalid SEKKAT, ont pr\u00e9sid\u00e9, de Lamacom d\",\"breadcrumb\":{\"@id\":\"https:\/\/www.mediaplateforme.com\/fr\/banque-de-projets-industriels-lamacom-group-lance-sa-nouvelle-business-unit-lamatech-packaging-solutions\/#breadcrumb\"},\"inLanguage\":\"fr-FR\",\"potentialAction\":[{\"@type\":\"ReadAction\",\"target\":[\"https:\/\/www.mediaplateforme.com\/fr\/banque-de-projets-industriels-lamacom-group-lance-sa-nouvelle-business-unit-lamatech-packaging-solutions\/\"]}]},{\"@type\":\"BreadcrumbList\",\"@id\":\"https:\/\/www.mediaplateforme.com\/fr\/banque-de-projets-industriels-lamacom-group-lance-sa-nouvelle-business-unit-lamatech-packaging-solutions\/#breadcrumb\",\"itemListElement\":[{\"@type\":\"ListItem\",\"position\":1,\"name\":\"\u0627\u0644\u0631\u0626\u064a\u0633\u064a\u0629\",\"item\":\"https:\/\/www.mediaplateforme.com\/fr\/\"},{\"@type\":\"ListItem\",\"position\":2,\"name\":\"Banque de projets industriels| LAMACOM GROUP LANCE SA NOUVELLE BUSINESS UNIT : LAMATECH PACKAGING SOLUTIONS\"}]},{\"@type\":\"WebSite\",\"@id\":\"https:\/\/www.mediaplateforme.com\/fr\/#website\",\"url\":\"https:\/\/www.mediaplateforme.com\/fr\/\",\"name\":\"MEDIA PLATEFORME | FR\",\"description\":\"Mediaplateforme sp\u00e9cialis\u00e9 dans la communication institutions publiques et des entreprises\",\"potentialAction\":[{\"@type\":\"SearchAction\",\"target\":{\"@type\":\"EntryPoint\",\"urlTemplate\":\"https:\/\/www.mediaplateforme.com\/fr\/?s={search_term_string}\"},\"query-input\":\"required name=search_term_string\"}],\"inLanguage\":\"fr-FR\"},{\"@type\":\"Person\",\"@id\":\"https:\/\/www.mediaplateforme.com\/fr\/#\/schema\/person\/89833db382b5db2c76b094bc902aa12a\",\"name\":\"Mediaplateforme\",\"image\":{\"@type\":\"ImageObject\",\"inLanguage\":\"fr-FR\",\"@id\":\"https:\/\/www.mediaplateforme.com\/fr\/#\/schema\/person\/image\/\",\"url\":\"https:\/\/secure.gravatar.com\/avatar\/6c9c02e8928cc65d54bf75157f7b3a2d06d7ad0494ca0951f679552ff03b34c1?s=96&d=mm&r=g\",\"contentUrl\":\"https:\/\/secure.gravatar.com\/avatar\/6c9c02e8928cc65d54bf75157f7b3a2d06d7ad0494ca0951f679552ff03b34c1?s=96&d=mm&r=g\",\"caption\":\"Mediaplateforme\"},\"sameAs\":[\"https:\/\/www.mediaplateforme.com\"],\"url\":\"https:\/\/www.mediaplateforme.com\/fr\/author\/mohamedladib\/\"}]}<\/script>\n<!-- \/ Yoast SEO plugin. -->","yoast_head_json":{"title":"Banque de projets industriels| LAMACOM GROUP LANCE SA NOUVELLE BUSINESS UNIT : LAMATECH PACKAGING SOLUTIONS - MEDIA PLATEFORME | FR","description":"Le Ministre de l\u2019Industrie et du Commerce, M. Ryad Mezzour et le pr\u00e9sident du groupe LAMACOM, Khalid SEKKAT, ont pr\u00e9sid\u00e9, de Lamacom d","robots":{"index":"index","follow":"follow","max-snippet":"max-snippet:-1","max-image-preview":"max-image-preview:large","max-video-preview":"max-video-preview:-1"},"canonical":"https:\/\/www.mediaplateforme.com\/fr\/banque-de-projets-industriels-lamacom-group-lance-sa-nouvelle-business-unit-lamatech-packaging-solutions\/","og_locale":"fr_FR","og_type":"article","og_title":"Banque de projets industriels| LAMACOM GROUP LANCE SA NOUVELLE BUSINESS UNIT : LAMATECH PACKAGING SOLUTIONS - MEDIA PLATEFORME | FR","og_description":"Le Ministre de l\u2019Industrie et du Commerce, M. Ryad Mezzour et le pr\u00e9sident du groupe LAMACOM, Khalid SEKKAT, ont pr\u00e9sid\u00e9, de Lamacom d","og_url":"https:\/\/www.mediaplateforme.com\/fr\/banque-de-projets-industriels-lamacom-group-lance-sa-nouvelle-business-unit-lamatech-packaging-solutions\/","og_site_name":"MEDIA PLATEFORME | FR","article_published_time":"2023-02-03T20:56:44+00:00","og_image":[{"width":1490,"height":994,"url":"https:\/\/www.mediaplateforme.com\/fr\/wp-content\/uploads\/sites\/5\/2023\/02\/Image-2023-02-03-a-18.11.28.jpg","type":"image\/jpeg"}],"author":"Mediaplateforme","twitter_card":"summary_large_image","twitter_misc":{"\u00c9crit par":"Mediaplateforme","Dur\u00e9e de lecture estim\u00e9e":"3 minutes"},"schema":{"@context":"https:\/\/schema.org","@graph":[{"@type":"WebPage","@id":"https:\/\/www.mediaplateforme.com\/fr\/banque-de-projets-industriels-lamacom-group-lance-sa-nouvelle-business-unit-lamatech-packaging-solutions\/","url":"https:\/\/www.mediaplateforme.com\/fr\/banque-de-projets-industriels-lamacom-group-lance-sa-nouvelle-business-unit-lamatech-packaging-solutions\/","name":"Banque de projets industriels| LAMACOM GROUP LANCE SA NOUVELLE BUSINESS UNIT : LAMATECH PACKAGING SOLUTIONS - MEDIA PLATEFORME | FR","isPartOf":{"@id":"https:\/\/www.mediaplateforme.com\/fr\/#website"},"datePublished":"2023-02-03T20:56:44+00:00","dateModified":"2023-02-03T20:56:44+00:00","author":{"@id":"https:\/\/www.mediaplateforme.com\/fr\/#\/schema\/person\/89833db382b5db2c76b094bc902aa12a"},"description":"Le Ministre de l\u2019Industrie et du Commerce, M. Ryad Mezzour et le pr\u00e9sident du groupe LAMACOM, Khalid SEKKAT, ont pr\u00e9sid\u00e9, de Lamacom d","breadcrumb":{"@id":"https:\/\/www.mediaplateforme.com\/fr\/banque-de-projets-industriels-lamacom-group-lance-sa-nouvelle-business-unit-lamatech-packaging-solutions\/#breadcrumb"},"inLanguage":"fr-FR","potentialAction":[{"@type":"ReadAction","target":["https:\/\/www.mediaplateforme.com\/fr\/banque-de-projets-industriels-lamacom-group-lance-sa-nouvelle-business-unit-lamatech-packaging-solutions\/"]}]},{"@type":"BreadcrumbList","@id":"https:\/\/www.mediaplateforme.com\/fr\/banque-de-projets-industriels-lamacom-group-lance-sa-nouvelle-business-unit-lamatech-packaging-solutions\/#breadcrumb","itemListElement":[{"@type":"ListItem","position":1,"name":"\u0627\u0644\u0631\u0626\u064a\u0633\u064a\u0629","item":"https:\/\/www.mediaplateforme.com\/fr\/"},{"@type":"ListItem","position":2,"name":"Banque de projets industriels| LAMACOM GROUP LANCE SA NOUVELLE BUSINESS UNIT : LAMATECH PACKAGING SOLUTIONS"}]},{"@type":"WebSite","@id":"https:\/\/www.mediaplateforme.com\/fr\/#website","url":"https:\/\/www.mediaplateforme.com\/fr\/","name":"MEDIA PLATEFORME | FR","description":"Mediaplateforme sp\u00e9cialis\u00e9 dans la communication institutions publiques et des entreprises","potentialAction":[{"@type":"SearchAction","target":{"@type":"EntryPoint","urlTemplate":"https:\/\/www.mediaplateforme.com\/fr\/?s={search_term_string}"},"query-input":"required name=search_term_string"}],"inLanguage":"fr-FR"},{"@type":"Person","@id":"https:\/\/www.mediaplateforme.com\/fr\/#\/schema\/person\/89833db382b5db2c76b094bc902aa12a","name":"Mediaplateforme","image":{"@type":"ImageObject","inLanguage":"fr-FR","@id":"https:\/\/www.mediaplateforme.com\/fr\/#\/schema\/person\/image\/","url":"https:\/\/secure.gravatar.com\/avatar\/6c9c02e8928cc65d54bf75157f7b3a2d06d7ad0494ca0951f679552ff03b34c1?s=96&d=mm&r=g","contentUrl":"https:\/\/secure.gravatar.com\/avatar\/6c9c02e8928cc65d54bf75157f7b3a2d06d7ad0494ca0951f679552ff03b34c1?s=96&d=mm&r=g","caption":"Mediaplateforme"},"sameAs":["https:\/\/www.mediaplateforme.com"],"url":"https:\/\/www.mediaplateforme.com\/fr\/author\/mohamedladib\/"}]}},"_links":{"self":[{"href":"https:\/\/www.mediaplateforme.com\/fr\/wp-json\/wp\/v2\/posts\/2211","targetHints":{"allow":["GET"]}}],"collection":[{"href":"https:\/\/www.mediaplateforme.com\/fr\/wp-json\/wp\/v2\/posts"}],"about":[{"href":"https:\/\/www.mediaplateforme.com\/fr\/wp-json\/wp\/v2\/types\/post"}],"author":[{"embeddable":true,"href":"https:\/\/www.mediaplateforme.com\/fr\/wp-json\/wp\/v2\/users\/1"}],"replies":[{"embeddable":true,"href":"https:\/\/www.mediaplateforme.com\/fr\/wp-json\/wp\/v2\/comments?post=2211"}],"version-history":[{"count":1,"href":"https:\/\/www.mediaplateforme.com\/fr\/wp-json\/wp\/v2\/posts\/2211\/revisions"}],"predecessor-version":[{"id":2213,"href":"https:\/\/www.mediaplateforme.com\/fr\/wp-json\/wp\/v2\/posts\/2211\/revisions\/2213"}],"wp:featuredmedia":[{"embeddable":true,"href":"https:\/\/www.mediaplateforme.com\/fr\/wp-json\/wp\/v2\/media\/2212"}],"wp:attachment":[{"href":"https:\/\/www.mediaplateforme.com\/fr\/wp-json\/wp\/v2\/media?parent=2211"}],"wp:term":[{"taxonomy":"category","embeddable":true,"href":"https:\/\/www.mediaplateforme.com\/fr\/wp-json\/wp\/v2\/categories?post=2211"},{"taxonomy":"post_tag","embeddable":true,"href":"https:\/\/www.mediaplateforme.com\/fr\/wp-json\/wp\/v2\/tags?post=2211"}],"curies":[{"name":"wp","href":"https:\/\/api.w.org\/{rel}","templated":true}]}}