{"id":2168,"date":"2023-01-30T19:04:37","date_gmt":"2023-01-30T18:04:37","guid":{"rendered":"https:\/\/www.mediaplateforme.com\/fr\/?p=2168"},"modified":"2023-01-30T19:08:48","modified_gmt":"2023-01-30T18:08:48","slug":"ecole-arts-et-metiers-campus-de-rabat-leaders-des-industries-responsables","status":"publish","type":"post","link":"https:\/\/www.mediaplateforme.com\/fr\/ecole-arts-et-metiers-campus-de-rabat-leaders-des-industries-responsables\/","title":{"rendered":"Ecole Arts et M\u00e9tiers campus de Rabat \u00ab Leaders des industries responsables \u00bb"},"content":{"rendered":"<p>Le Minist\u00e8re de l\u2019Industrie et du Commerce et Arts et M\u00e9tiers France s\u2019associent en cr\u00e9ant l\u2019Ecole Arts et M\u00e9tiers campus de Rabat (EAMR) pour former les futurs leaders des industries responsables du Maroc. EAMR est l\u2019aboutissement d\u2019une vision et d\u2019une ambition commune\u00a0: r\u00e9pondre aux besoins des entreprises au Maroc pour les accompagner dans leurs transitions vers une industrie du futur, responsable et durable.<\/p>\n<p>Gr\u00e2ce \u00e0 des formations scientifiques et techniques de haut niveau, ces futurs leaders, ing\u00e9nieurs et Bachelor\/licenci\u00e9s, seront en capacit\u00e9 de construire une industrie performante au service de la soci\u00e9t\u00e9 marocaine et responsable des femmes, des hommes qui la composent et aussi de leur environnement.<br \/>\nEAMR d\u00e9livrera des dipl\u00f4mes d\u2019excellence d\u00e8s la rentr\u00e9e 2023, port\u00e9s par une p\u00e9dagogie appliqu\u00e9e qui mettra les \u00e9l\u00e8ves en action dans une learning factory \u00e9volutive de niveau industriel et dans laquelle le num\u00e9rique occupera une place centrale. Les enseignants-chercheurs d\u2019EAMR d\u00e9velopperont des activit\u00e9s de recherche acad\u00e9mique, de recherche partenariale et d\u2019innovation au service de la mont\u00e9e en comp\u00e9tences et en performance de l\u2019industrie.<\/p>\n<p>\u2018\u2019Nous sommes tr\u00e8s heureux de ce partenariat avec l\u2019Ecole Art et M\u00e9tiers qui consolide la mont\u00e9e des comp\u00e9tences nationales, le renforcement de la recherche et l\u2019employabilit\u00e9 des jeunes. Ce sont-l\u00e0 des composantes centrales de notre strat\u00e9gie, en ligne avec les Hautes Instructions Royales pour l&rsquo;acc\u00e9l\u00e9ration industrielle, la cr\u00e9ation et le d\u00e9veloppement d\u2019\u00e9cosyst\u00e8mes performants\u201d d\u00e9clare M. MEZZOUR, Ministre de l\u2019Industrie et du Commerce.<\/p>\n<p>L\u2019urgence climatique et les attentes soci\u00e9tales n\u00e9cessitent des changements rapides en mati\u00e8re de technologies et de savoir-faire. L\u2019EAMR entend y contribuer en formant les leaders des industries responsables qui con\u00e7oivent et mettent en \u0153uvre les innovations technologiques et organisationnelles impactantes, indispensables aux transitions \u00e9nerg\u00e9tiques environnementales et soci\u00e9tales. Pour cela, l\u2019EAMR s\u2019engage \u00e0 :<\/p>\n<p>&#8211; Encourager et accompagner la recherche industrielle des entreprises au Maroc<\/p>\n<p>&#8211; Accueillir des startups industrielles avec la cr\u00e9ation d\u2019un incubateur au sein du campus<\/p>\n<p>A terme l\u2019EAMR comptera 1000 \u00e9tudiants, avec des promotions d\u2019environ 200 ing\u00e9nieurs et 200 \u00e9tudiants en Licence Professionnelle par an.<\/p>\n<p>\u00ab\u00a0On ne fera pas la transition, sans de nouvelles comp\u00e9tences des jeunes pour construire des infrastructures durables et des villes intelligentes. Arts et M\u00e9tiers est tr\u00e8s heureux de voir l\u2019aboutissement de ce projet tr\u00e8s ambitieux de co-d\u00e9veloppement avec le Minist\u00e8re de l\u2019Industrie et du Commerce. \u00bb Laurent Champaney, directeur g\u00e9n\u00e9ral d\u2019Arts et M\u00e9tiers.<\/p>\n","protected":false},"excerpt":{"rendered":"<p>Le Minist\u00e8re de l\u2019Industrie et du Commerce et Arts et M\u00e9tiers France s\u2019associent en cr\u00e9ant<\/p>\n","protected":false},"author":1,"featured_media":2169,"comment_status":"open","ping_status":"open","sticky":false,"template":"","format":"standard","meta":{"_acf_changed":false,"footnotes":""},"categories":[7,3],"tags":[671,19],"class_list":["post-2168","post","type-post","status-publish","format-standard","has-post-thumbnail","hentry","category-articles","category-nouvelles-selectionnees","tag-arts-et-metiers-france","tag-ministere-de-lindustrie-et-du-commerce"],"acf":[],"yoast_head":"<!-- This site is optimized with the Yoast SEO plugin v22.0 - https:\/\/yoast.com\/wordpress\/plugins\/seo\/ -->\n<title>Ecole Arts et M\u00e9tiers campus de Rabat \u00ab Leaders des industries responsables \u00bb - MEDIA PLATEFORME | FR<\/title>\n<meta name=\"description\" content=\"Le Minist\u00e8re de l\u2019Industrie et du Commerce et Arts et M\u00e9tiers France s\u2019associent en cr\u00e9ant l\u2019Ecole Arts et M\u00e9tiers campus de Rabat (EAMR) p\" \/>\n<meta name=\"robots\" content=\"index, follow, max-snippet:-1, max-image-preview:large, max-video-preview:-1\" \/>\n<link rel=\"canonical\" href=\"https:\/\/www.mediaplateforme.com\/fr\/ecole-arts-et-metiers-campus-de-rabat-leaders-des-industries-responsables\/\" \/>\n<meta property=\"og:locale\" content=\"fr_FR\" \/>\n<meta property=\"og:type\" content=\"article\" \/>\n<meta property=\"og:title\" content=\"Ecole Arts et M\u00e9tiers campus de Rabat \u00ab Leaders des industries responsables \u00bb - MEDIA PLATEFORME | FR\" \/>\n<meta property=\"og:description\" content=\"Le Minist\u00e8re de l\u2019Industrie et du Commerce et Arts et M\u00e9tiers France s\u2019associent en cr\u00e9ant l\u2019Ecole Arts et M\u00e9tiers campus de Rabat (EAMR) p\" \/>\n<meta property=\"og:url\" content=\"https:\/\/www.mediaplateforme.com\/fr\/ecole-arts-et-metiers-campus-de-rabat-leaders-des-industries-responsables\/\" \/>\n<meta property=\"og:site_name\" content=\"MEDIA PLATEFORME | FR\" \/>\n<meta property=\"article:published_time\" content=\"2023-01-30T18:04:37+00:00\" \/>\n<meta property=\"article:modified_time\" content=\"2023-01-30T18:08:48+00:00\" \/>\n<meta property=\"og:image\" content=\"https:\/\/www.mediaplateforme.com\/fr\/wp-content\/uploads\/sites\/5\/2023\/01\/Fnu1-x9XkAA9XKJ.jpg\" \/>\n\t<meta property=\"og:image:width\" content=\"1280\" \/>\n\t<meta property=\"og:image:height\" content=\"851\" \/>\n\t<meta property=\"og:image:type\" content=\"image\/jpeg\" \/>\n<meta name=\"author\" content=\"Mediaplateforme\" \/>\n<meta name=\"twitter:card\" content=\"summary_large_image\" \/>\n<meta name=\"twitter:label1\" content=\"\u00c9crit par\" \/>\n\t<meta name=\"twitter:data1\" content=\"Mediaplateforme\" \/>\n\t<meta name=\"twitter:label2\" content=\"Dur\u00e9e de lecture estim\u00e9e\" \/>\n\t<meta name=\"twitter:data2\" content=\"2 minutes\" \/>\n<script type=\"application\/ld+json\" class=\"yoast-schema-graph\">{\"@context\":\"https:\/\/schema.org\",\"@graph\":[{\"@type\":\"WebPage\",\"@id\":\"https:\/\/www.mediaplateforme.com\/fr\/ecole-arts-et-metiers-campus-de-rabat-leaders-des-industries-responsables\/\",\"url\":\"https:\/\/www.mediaplateforme.com\/fr\/ecole-arts-et-metiers-campus-de-rabat-leaders-des-industries-responsables\/\",\"name\":\"Ecole Arts et M\u00e9tiers campus de Rabat \u00ab Leaders des industries responsables \u00bb - MEDIA PLATEFORME | FR\",\"isPartOf\":{\"@id\":\"https:\/\/www.mediaplateforme.com\/fr\/#website\"},\"datePublished\":\"2023-01-30T18:04:37+00:00\",\"dateModified\":\"2023-01-30T18:08:48+00:00\",\"author\":{\"@id\":\"https:\/\/www.mediaplateforme.com\/fr\/#\/schema\/person\/89833db382b5db2c76b094bc902aa12a\"},\"description\":\"Le Minist\u00e8re de l\u2019Industrie et du Commerce et Arts et M\u00e9tiers France s\u2019associent en cr\u00e9ant l\u2019Ecole Arts et M\u00e9tiers campus de Rabat (EAMR) p\",\"breadcrumb\":{\"@id\":\"https:\/\/www.mediaplateforme.com\/fr\/ecole-arts-et-metiers-campus-de-rabat-leaders-des-industries-responsables\/#breadcrumb\"},\"inLanguage\":\"fr-FR\",\"potentialAction\":[{\"@type\":\"ReadAction\",\"target\":[\"https:\/\/www.mediaplateforme.com\/fr\/ecole-arts-et-metiers-campus-de-rabat-leaders-des-industries-responsables\/\"]}]},{\"@type\":\"BreadcrumbList\",\"@id\":\"https:\/\/www.mediaplateforme.com\/fr\/ecole-arts-et-metiers-campus-de-rabat-leaders-des-industries-responsables\/#breadcrumb\",\"itemListElement\":[{\"@type\":\"ListItem\",\"position\":1,\"name\":\"\u0627\u0644\u0631\u0626\u064a\u0633\u064a\u0629\",\"item\":\"https:\/\/www.mediaplateforme.com\/fr\/\"},{\"@type\":\"ListItem\",\"position\":2,\"name\":\"Ecole Arts et M\u00e9tiers campus de Rabat \u00ab Leaders des industries responsables \u00bb\"}]},{\"@type\":\"WebSite\",\"@id\":\"https:\/\/www.mediaplateforme.com\/fr\/#website\",\"url\":\"https:\/\/www.mediaplateforme.com\/fr\/\",\"name\":\"MEDIA PLATEFORME | FR\",\"description\":\"Mediaplateforme sp\u00e9cialis\u00e9 dans la communication institutions publiques et des entreprises\",\"potentialAction\":[{\"@type\":\"SearchAction\",\"target\":{\"@type\":\"EntryPoint\",\"urlTemplate\":\"https:\/\/www.mediaplateforme.com\/fr\/?s={search_term_string}\"},\"query-input\":\"required name=search_term_string\"}],\"inLanguage\":\"fr-FR\"},{\"@type\":\"Person\",\"@id\":\"https:\/\/www.mediaplateforme.com\/fr\/#\/schema\/person\/89833db382b5db2c76b094bc902aa12a\",\"name\":\"Mediaplateforme\",\"image\":{\"@type\":\"ImageObject\",\"inLanguage\":\"fr-FR\",\"@id\":\"https:\/\/www.mediaplateforme.com\/fr\/#\/schema\/person\/image\/\",\"url\":\"https:\/\/secure.gravatar.com\/avatar\/6c9c02e8928cc65d54bf75157f7b3a2d06d7ad0494ca0951f679552ff03b34c1?s=96&d=mm&r=g\",\"contentUrl\":\"https:\/\/secure.gravatar.com\/avatar\/6c9c02e8928cc65d54bf75157f7b3a2d06d7ad0494ca0951f679552ff03b34c1?s=96&d=mm&r=g\",\"caption\":\"Mediaplateforme\"},\"sameAs\":[\"https:\/\/www.mediaplateforme.com\"],\"url\":\"https:\/\/www.mediaplateforme.com\/fr\/author\/mohamedladib\/\"}]}<\/script>\n<!-- \/ Yoast SEO plugin. -->","yoast_head_json":{"title":"Ecole Arts et M\u00e9tiers campus de Rabat \u00ab Leaders des industries responsables \u00bb - MEDIA PLATEFORME | FR","description":"Le Minist\u00e8re de l\u2019Industrie et du Commerce et Arts et M\u00e9tiers France s\u2019associent en cr\u00e9ant l\u2019Ecole Arts et M\u00e9tiers campus de Rabat (EAMR) p","robots":{"index":"index","follow":"follow","max-snippet":"max-snippet:-1","max-image-preview":"max-image-preview:large","max-video-preview":"max-video-preview:-1"},"canonical":"https:\/\/www.mediaplateforme.com\/fr\/ecole-arts-et-metiers-campus-de-rabat-leaders-des-industries-responsables\/","og_locale":"fr_FR","og_type":"article","og_title":"Ecole Arts et M\u00e9tiers campus de Rabat \u00ab Leaders des industries responsables \u00bb - MEDIA PLATEFORME | FR","og_description":"Le Minist\u00e8re de l\u2019Industrie et du Commerce et Arts et M\u00e9tiers France s\u2019associent en cr\u00e9ant l\u2019Ecole Arts et M\u00e9tiers campus de Rabat (EAMR) p","og_url":"https:\/\/www.mediaplateforme.com\/fr\/ecole-arts-et-metiers-campus-de-rabat-leaders-des-industries-responsables\/","og_site_name":"MEDIA PLATEFORME | FR","article_published_time":"2023-01-30T18:04:37+00:00","article_modified_time":"2023-01-30T18:08:48+00:00","og_image":[{"width":1280,"height":851,"url":"https:\/\/www.mediaplateforme.com\/fr\/wp-content\/uploads\/sites\/5\/2023\/01\/Fnu1-x9XkAA9XKJ.jpg","type":"image\/jpeg"}],"author":"Mediaplateforme","twitter_card":"summary_large_image","twitter_misc":{"\u00c9crit par":"Mediaplateforme","Dur\u00e9e de lecture estim\u00e9e":"2 minutes"},"schema":{"@context":"https:\/\/schema.org","@graph":[{"@type":"WebPage","@id":"https:\/\/www.mediaplateforme.com\/fr\/ecole-arts-et-metiers-campus-de-rabat-leaders-des-industries-responsables\/","url":"https:\/\/www.mediaplateforme.com\/fr\/ecole-arts-et-metiers-campus-de-rabat-leaders-des-industries-responsables\/","name":"Ecole Arts et M\u00e9tiers campus de Rabat \u00ab Leaders des industries responsables \u00bb - MEDIA PLATEFORME | FR","isPartOf":{"@id":"https:\/\/www.mediaplateforme.com\/fr\/#website"},"datePublished":"2023-01-30T18:04:37+00:00","dateModified":"2023-01-30T18:08:48+00:00","author":{"@id":"https:\/\/www.mediaplateforme.com\/fr\/#\/schema\/person\/89833db382b5db2c76b094bc902aa12a"},"description":"Le Minist\u00e8re de l\u2019Industrie et du Commerce et Arts et M\u00e9tiers France s\u2019associent en cr\u00e9ant l\u2019Ecole Arts et M\u00e9tiers campus de Rabat (EAMR) p","breadcrumb":{"@id":"https:\/\/www.mediaplateforme.com\/fr\/ecole-arts-et-metiers-campus-de-rabat-leaders-des-industries-responsables\/#breadcrumb"},"inLanguage":"fr-FR","potentialAction":[{"@type":"ReadAction","target":["https:\/\/www.mediaplateforme.com\/fr\/ecole-arts-et-metiers-campus-de-rabat-leaders-des-industries-responsables\/"]}]},{"@type":"BreadcrumbList","@id":"https:\/\/www.mediaplateforme.com\/fr\/ecole-arts-et-metiers-campus-de-rabat-leaders-des-industries-responsables\/#breadcrumb","itemListElement":[{"@type":"ListItem","position":1,"name":"\u0627\u0644\u0631\u0626\u064a\u0633\u064a\u0629","item":"https:\/\/www.mediaplateforme.com\/fr\/"},{"@type":"ListItem","position":2,"name":"Ecole Arts et M\u00e9tiers campus de Rabat \u00ab Leaders des industries responsables \u00bb"}]},{"@type":"WebSite","@id":"https:\/\/www.mediaplateforme.com\/fr\/#website","url":"https:\/\/www.mediaplateforme.com\/fr\/","name":"MEDIA PLATEFORME | FR","description":"Mediaplateforme sp\u00e9cialis\u00e9 dans la communication institutions publiques et des entreprises","potentialAction":[{"@type":"SearchAction","target":{"@type":"EntryPoint","urlTemplate":"https:\/\/www.mediaplateforme.com\/fr\/?s={search_term_string}"},"query-input":"required name=search_term_string"}],"inLanguage":"fr-FR"},{"@type":"Person","@id":"https:\/\/www.mediaplateforme.com\/fr\/#\/schema\/person\/89833db382b5db2c76b094bc902aa12a","name":"Mediaplateforme","image":{"@type":"ImageObject","inLanguage":"fr-FR","@id":"https:\/\/www.mediaplateforme.com\/fr\/#\/schema\/person\/image\/","url":"https:\/\/secure.gravatar.com\/avatar\/6c9c02e8928cc65d54bf75157f7b3a2d06d7ad0494ca0951f679552ff03b34c1?s=96&d=mm&r=g","contentUrl":"https:\/\/secure.gravatar.com\/avatar\/6c9c02e8928cc65d54bf75157f7b3a2d06d7ad0494ca0951f679552ff03b34c1?s=96&d=mm&r=g","caption":"Mediaplateforme"},"sameAs":["https:\/\/www.mediaplateforme.com"],"url":"https:\/\/www.mediaplateforme.com\/fr\/author\/mohamedladib\/"}]}},"_links":{"self":[{"href":"https:\/\/www.mediaplateforme.com\/fr\/wp-json\/wp\/v2\/posts\/2168","targetHints":{"allow":["GET"]}}],"collection":[{"href":"https:\/\/www.mediaplateforme.com\/fr\/wp-json\/wp\/v2\/posts"}],"about":[{"href":"https:\/\/www.mediaplateforme.com\/fr\/wp-json\/wp\/v2\/types\/post"}],"author":[{"embeddable":true,"href":"https:\/\/www.mediaplateforme.com\/fr\/wp-json\/wp\/v2\/users\/1"}],"replies":[{"embeddable":true,"href":"https:\/\/www.mediaplateforme.com\/fr\/wp-json\/wp\/v2\/comments?post=2168"}],"version-history":[{"count":1,"href":"https:\/\/www.mediaplateforme.com\/fr\/wp-json\/wp\/v2\/posts\/2168\/revisions"}],"predecessor-version":[{"id":2170,"href":"https:\/\/www.mediaplateforme.com\/fr\/wp-json\/wp\/v2\/posts\/2168\/revisions\/2170"}],"wp:featuredmedia":[{"embeddable":true,"href":"https:\/\/www.mediaplateforme.com\/fr\/wp-json\/wp\/v2\/media\/2169"}],"wp:attachment":[{"href":"https:\/\/www.mediaplateforme.com\/fr\/wp-json\/wp\/v2\/media?parent=2168"}],"wp:term":[{"taxonomy":"category","embeddable":true,"href":"https:\/\/www.mediaplateforme.com\/fr\/wp-json\/wp\/v2\/categories?post=2168"},{"taxonomy":"post_tag","embeddable":true,"href":"https:\/\/www.mediaplateforme.com\/fr\/wp-json\/wp\/v2\/tags?post=2168"}],"curies":[{"name":"wp","href":"https:\/\/api.w.org\/{rel}","templated":true}]}}