{"id":2153,"date":"2023-01-26T17:22:20","date_gmt":"2023-01-26T16:22:20","guid":{"rendered":"https:\/\/www.mediaplateforme.com\/fr\/?p=2153"},"modified":"2023-01-26T17:22:20","modified_gmt":"2023-01-26T16:22:20","slug":"renault-group-maroc-leader-industriel-et-commercial-de-la-filiere-automobile-nationale","status":"publish","type":"post","link":"https:\/\/www.mediaplateforme.com\/fr\/renault-group-maroc-leader-industriel-et-commercial-de-la-filiere-automobile-nationale\/","title":{"rendered":"Renault Group Maroc, leader industriel et commercial de la fili\u00e8re automobile nationale"},"content":{"rendered":"<p>En 2022, Renault Group Maroc maintien son leadership industriel et commercial, et ce malgr\u00e9 un contexte particuli\u00e8rement marqu\u00e9 par les crises successives de l\u2019approvisionnement et de la logistique, mais aussi par la hausse des mati\u00e8res premi\u00e8res et la crise du pouvoir d\u2019achat des m\u00e9nages, qui ont impact\u00e9 l\u2019ensemble de la fili\u00e8re automobile.<\/p>\n<p>Avec l\u2019annonce de l\u2019affectation \u00e0 l\u2019usine de Tanger de la fabrication d\u2019un v\u00e9hicule 100% \u00e9lectrique et la signature du partenariat avec Managem Group pour le sourcing en profondeur de mat\u00e9riaux strat\u00e9giques d\u2019origine marocaine, Renault Group a franchi en 2022 un nouveau cap au Maroc en confortant davantage son r\u00f4le de locomotive de la fili\u00e8re automobile marocaine.<\/p>\n<p>&nbsp;<\/p>\n<h4>LA PRODUCTION ET LES EXPORTATIONS EN HAUSSE<\/h4>\n<p>La production des deux usines de Renault Group au Maroc a connu une augmentation de 15,3% compar\u00e9e \u00e0 l\u2019ann\u00e9e pr\u00e9c\u00e9dente avec un total de 350 018 v\u00e9hicules fabriqu\u00e9s. L\u2019usine de Tanger a fabriqu\u00e9 255 494 v\u00e9hicules, soit une \u00e9volution de 11% par rapport \u00e0 2021. L\u2019usine Renault de Casablanca, la SOMACA, a r\u00e9alis\u00e9 un nouveau record de production de 94 524 v\u00e9hicules, soit une augmentation de la production de 20% par rapport \u00e0 2021.<\/p>\n<p>C\u00f4t\u00e9 exportations, Renault Group Maroc a export\u00e9 pr\u00e8s de 86% de la production de ses deux usines. L\u2019usine de Tanger a exp\u00e9di\u00e9 pr\u00e8s de 237 436 v\u00e9hicules soit pr\u00e8s de 93% de sa production, tandis que l\u2019usine de Casablanca a export\u00e9 plus de 63 962, soit pr\u00e8s de 68% de sa production.<\/p>\n<p>Au total ce sont 301 398 v\u00e9hicules produits dans les usines de Tanger et Casablanca qui ont \u00e9t\u00e9 export\u00e9s vers 71 destinations dans le monde. Les exportations du Groupe ont repr\u00e9sent\u00e9 en 2022 70% des exportations de v\u00e9hicules du Royaume.<\/p>\n<p>Le p\u00f4le industriel marocain est un des piliers du dispositif industriel mondial de Renault Group, les v\u00e9hicules \u00ab made in Morocco \u00bb repr\u00e9sentant plus de 17% des ventes mondiales du Groupe en 2022.<\/p>\n<p>&nbsp;<\/p>\n<h4>COUP D\u2019ENVOI A L\u2019INTRODUCTION DES TECHNOLOGIES D\u2019ELECTRIFICATION A L\u2019USINE DE TANGER<\/h4>\n<p>2022 marque \u00e9galement le d\u00e9marrage de l\u2019industrialisation \u00e0 l\u2019usine de Tanger du v\u00e9hicule 100% \u00e9lectrique : Mobilize DUO.\u00a0 D\u00e9di\u00e9 \u00e0 la mobilit\u00e9 partag\u00e9e, compact et connect\u00e9, Mobilize DUO vise \u00e0 int\u00e9grer 50% de mat\u00e9riaux recycl\u00e9s dans sa fabrication et \u00e0 \u00eatre recyclable, en fin de vie, \u00e0 90%.<\/p>\n<p>L\u2019introduction de DUO \u00e0 l\u2019usine de Tanger est port\u00e9e par l\u2019investissement d\u2019une nouvelle ligne de montage qui int\u00e9grera le process propre \u00e0 la sp\u00e9cificit\u00e9 d\u2019un v\u00e9hicule \u00e9lectrique et vient renforcer la confiance du Groupe dans la plateforme industrielle marocaine.<\/p>\n<p>&nbsp;<\/p>\n<h4>LA NOUVELLE IDENTITE VISUELLES DACIA SUR LES CHAINES MAROCAINES<\/h4>\n<p>Les v\u00e9hicules de la marque DACIA fabriqu\u00e9s dans les usines de Casablanca et de Tanger (Logan, Sandero Steway, Sandero Streetway) arborent d\u00e9sormais la nouvelle identit\u00e9 visuelle de la marque. Une premi\u00e8re dans l\u2019industrie automobile, cette nouvelle identit\u00e9 visuelle est d\u00e9ploy\u00e9e simultan\u00e9ment sur l\u2019ensemble de la gamme Dacia et dans tous les sites de production de la marque dans le monde.<\/p>\n<p>&nbsp;<\/p>\n<h4>UNE NOUVELLE AVANCEE POUR L\u2019ECOSYSTEME RENAULT<\/h4>\n<p>Le d\u00e9veloppement de l\u2019\u00e9cosyst\u00e8me Renault a franchi une nouvelle \u00e9tape gr\u00e2ce au partenariat strat\u00e9gique conclu entre Renault et Managem Group pour un approvisionnement durable en cobalt marocain visant \u00e0 s\u00e9curiser du sulfate de cobalt bas carbone produit au Maroc et \u00e0 garantir la tra\u00e7abilit\u00e9 de la cha\u00eene d\u2019approvisionnement des batteries \u00e9lectriques produites en Europe. Un accord qui viendra soutenir la profondeur de l\u2019\u00e9cosyst\u00e8me Renault et renforcera davantage le positionnement du Maroc en tant que plateforme de production et d\u2019exportation de v\u00e9hicules automobiles, de pi\u00e8ces et maintenant de mati\u00e8res premi\u00e8res strat\u00e9giques d\u2019origine marocaine.<\/p>\n<p>Pour rappel, le premier accord pour le d\u00e9veloppement de l\u2018\u00e9cosyst\u00e8me Renault conclut avec le Royaume en 2016 arrive \u00e0 \u00e9ch\u00e9ance fin 2023 et le Groupe est en ligne pour atteindre les objectifs de cette premi\u00e8re phase. D\u00e9j\u00e0 \u00e0 fin 2021, le Groupe a r\u00e9alis\u00e9 un taux d\u2019int\u00e9gration locale de 64% hors m\u00e9canique et 1,3 milliards d\u2019euros de sourcing.<\/p>\n<p>&nbsp;<\/p>\n<h4>2022, DES ETAPES SYMBOLIQUES ET DES CONSECRATIONS<\/h4>\n<p>2022 a \u00e9t\u00e9 aussi l\u2019occasion de revenir sur le chemin parcouru par la fili\u00e8re automobile marocaine. D\u2019abord avec la c\u00e9l\u00e9bration des 10 ans de l\u2018usine Renault Group de Tanger, catalyseur de la transformation de l\u2019ensemble de la fili\u00e8re automobile marocaine et symbole du partenariat entre Le Royaume du Maroc et Renault Group. Une usine pionni\u00e8re qui cumule aujourd\u2019hui plus de 2 450 000 de v\u00e9hicules produits en 10 ans.<\/p>\n<p>V\u00e9ritable institution de la fili\u00e8re automobile marocaine, l\u2019usine historique de Renault Group \u00e0 Casablanca, la SOMACA, a c\u00e9l\u00e9br\u00e9 quant \u00e0 elle la sortie de cha\u00eene de son 1.000.000\u00e8me v\u00e9hicule produit depuis 2005, franchissant ainsi un nouveau cap de son histoire.<\/p>\n<p>&nbsp;<\/p>\n<p>Le Groupe a \u00e9galement remport\u00e9 plusieurs distinctions en 2022, dont le \u00ab troph\u00e9e de l\u2019\u00e9galit\u00e9 professionnelle \u00bb d\u00e9cern\u00e9e par le Minist\u00e8re de l\u2019Inclusion \u00e9conomique de la Petite entreprise, de l\u2019Emploi et des Comp\u00e9tences pour son engagement en faveur de l\u2019\u00e9galit\u00e9 professionnelle. Le Groupe a aussi remport\u00e9 le \u00ab Prix Arabe de la qualit\u00e9 \u00bb d\u00e9cern\u00e9 \u00e0 l\u2019usine de la SOMACA par l\u2019organisation arabe du d\u00e9veloppement industriel, de la standardisation et des mines (AIDSMO) en reconnaissance de ses performances en mati\u00e8re de qualit\u00e9 industrielle.<\/p>\n<p>&nbsp;<\/p>\n<h4>LES MARQUES DU GROUPE LARGEMENT EN TETE DU MARCHE NATIONAL<\/h4>\n<p>Marqu\u00e9 par la crise du pouvoir d\u2019achat des m\u00e9nages et les difficult\u00e9s d\u2019approvisionnement, le march\u00e9 marocain accuse un recul de 8% par rapport \u00e0 2021. Renault Group Maroc a renforc\u00e9 son leadership avec ses marques Dacia et Renault respectivement \u00e0 la 1\u00e8re et la 2\u00e8me place du march\u00e9 et cumulant un total de 65 287 v\u00e9hicules vendus repr\u00e9sentants 40,4 % de part de march\u00e9 (+0,6% vs 2021).<\/p>\n<p>6 mod\u00e8les de Renault Group Maroc figurent dans le top 10 des meilleures ventes (1. Dacia Logan, 2. Dacia Sandero, 3. Renault Express, 4. Dacia Duster, 6. Renault Clio et 8. Dacia Lodgy) incluant l\u2019ensemble des mod\u00e8les \u00ab Made in Morocco \u00bb du Groupe.<\/p>\n<p>En 2022, Renault Group Maroc a lanc\u00e9 le d\u00e9ploiement des nouvelles identit\u00e9s visuelles des marques Dacia et Renault dans l\u2019ensemble de son r\u00e9seau commercial, le plus \u00e9tendu du Royaume avec 91 de points de vente et de service.<\/p>\n<p>Ce renouveau s\u2019accompagne de chantiers cl\u00e9s au service du client tels que le d\u00e9veloppement de l\u2019activit\u00e9 v\u00e9hicule d\u2019occasion, la digitalisation des services ou encore la pr\u00e9paration des \u00e9quipes \u00e0 l\u2019arriv\u00e9e des v\u00e9hicules \u00e9lectrifi\u00e9s des marques du Groupe dans le Royaume.<\/p>\n<p>&nbsp;<\/p>\n<h4>RCI FINANCE MAROC DEVIENT MOBILIZE FINANCIAL SERVICES ET CONFIRME SON AMBITION DE RENDRE LA MOBILITE ACCESSIBLE A TOUS LES MAROCAINS<\/h4>\n<p>&nbsp;<\/p>\n<ul>\n<li>2022 a \u00e9t\u00e9 l\u2019ann\u00e9e du renouveau avec le changement de la marque commerciale de RCI Finance<\/li>\n<\/ul>\n<p>Maroc qui devient Mobilize Financial Services. Un \u00ab rebranding \u00bb qui confirme la volont\u00e9 d&rsquo;accompagner la transformation de la mobilit\u00e9 en proposant des solutions financi\u00e8res et des services accessibles, innovants et durables au profit des clients Renault Group.<\/p>\n<p>Mobilize Financial Services confirme ainsi sa place de premier partenaire des marques Renault et Dacia pour le financement des ventes au service des clients, avec plus d\u2019un client particulier sur deux des marques financ\u00e9 aupr\u00e8s de Mobilize Financial Services. Au total, se sont plus de 19 000 v\u00e9hicules Renault et Dacia financ\u00e9s en 2022 et pr\u00e8s de 63 000 services vendus.<\/p>\n<ul>\n<li>2023 sera l\u2019ann\u00e9e de la \u00ab d\u00e9mocratisation \u00bb de la mobilit\u00e9 par Mobilize Financial Services ax\u00e9es sur 3 piliers majeurs : l\u2019acc\u00e9l\u00e9ration du business de l\u2019offre EASY LEASE (offre locative avec engagement de reprise), l\u2019accompagnement du d\u00e9veloppement du business v\u00e9hicule d\u2019occasion au travers des financements et services accessibles, et la simplification du parcours client en offrant une exp\u00e9rience client \u00ab Paperless \u00bb via le d\u00e9veloppement de solutions durables et innovantes en capitalisant sur le Digital.<\/li>\n<\/ul>\n","protected":false},"excerpt":{"rendered":"<p>En 2022, Renault Group Maroc maintien son leadership industriel et commercial, et ce malgr\u00e9 un<\/p>\n","protected":false},"author":1,"featured_media":2154,"comment_status":"open","ping_status":"open","sticky":false,"template":"","format":"standard","meta":{"_acf_changed":false,"footnotes":""},"categories":[4,3],"tags":[228],"class_list":["post-2153","post","type-post","status-publish","format-standard","has-post-thumbnail","hentry","category-economie","category-nouvelles-selectionnees","tag-renault-group-maroc"],"acf":[],"yoast_head":"<!-- This site is optimized with the Yoast SEO plugin v22.0 - https:\/\/yoast.com\/wordpress\/plugins\/seo\/ -->\n<title>Renault Group Maroc, leader industriel et commercial de la fili\u00e8re automobile nationale - MEDIA PLATEFORME | FR<\/title>\n<meta name=\"description\" content=\"Renault Group Maroc maintien son leadership industriel et commercial, et ce malgr\u00e9 un contexte particuli\u00e8rement marqu\u00e9 par les crises\" \/>\n<meta name=\"robots\" content=\"index, follow, max-snippet:-1, max-image-preview:large, max-video-preview:-1\" \/>\n<link rel=\"canonical\" href=\"https:\/\/www.mediaplateforme.com\/fr\/renault-group-maroc-leader-industriel-et-commercial-de-la-filiere-automobile-nationale\/\" \/>\n<meta property=\"og:locale\" content=\"fr_FR\" \/>\n<meta property=\"og:type\" content=\"article\" \/>\n<meta property=\"og:title\" content=\"Renault Group Maroc, leader industriel et commercial de la fili\u00e8re automobile nationale - MEDIA PLATEFORME | FR\" \/>\n<meta property=\"og:description\" content=\"Renault Group Maroc maintien son leadership industriel et commercial, et ce malgr\u00e9 un contexte particuli\u00e8rement marqu\u00e9 par les crises\" \/>\n<meta property=\"og:url\" content=\"https:\/\/www.mediaplateforme.com\/fr\/renault-group-maroc-leader-industriel-et-commercial-de-la-filiere-automobile-nationale\/\" \/>\n<meta property=\"og:site_name\" content=\"MEDIA PLATEFORME | FR\" \/>\n<meta property=\"article:published_time\" content=\"2023-01-26T16:22:20+00:00\" \/>\n<meta property=\"og:image\" content=\"https:\/\/www.mediaplateforme.com\/fr\/wp-content\/uploads\/sites\/5\/2023\/01\/Conference-de-presse-Renaut-Group_2023.png\" \/>\n\t<meta property=\"og:image:width\" content=\"591\" \/>\n\t<meta property=\"og:image:height\" content=\"443\" \/>\n\t<meta property=\"og:image:type\" content=\"image\/png\" \/>\n<meta name=\"author\" content=\"Mediaplateforme\" \/>\n<meta name=\"twitter:card\" content=\"summary_large_image\" \/>\n<meta name=\"twitter:label1\" content=\"\u00c9crit par\" \/>\n\t<meta name=\"twitter:data1\" content=\"Mediaplateforme\" \/>\n\t<meta name=\"twitter:label2\" content=\"Dur\u00e9e de lecture estim\u00e9e\" \/>\n\t<meta name=\"twitter:data2\" content=\"7 minutes\" \/>\n<script type=\"application\/ld+json\" class=\"yoast-schema-graph\">{\"@context\":\"https:\/\/schema.org\",\"@graph\":[{\"@type\":\"WebPage\",\"@id\":\"https:\/\/www.mediaplateforme.com\/fr\/renault-group-maroc-leader-industriel-et-commercial-de-la-filiere-automobile-nationale\/\",\"url\":\"https:\/\/www.mediaplateforme.com\/fr\/renault-group-maroc-leader-industriel-et-commercial-de-la-filiere-automobile-nationale\/\",\"name\":\"Renault Group Maroc, leader industriel et commercial de la fili\u00e8re automobile nationale - MEDIA PLATEFORME | FR\",\"isPartOf\":{\"@id\":\"https:\/\/www.mediaplateforme.com\/fr\/#website\"},\"datePublished\":\"2023-01-26T16:22:20+00:00\",\"dateModified\":\"2023-01-26T16:22:20+00:00\",\"author\":{\"@id\":\"https:\/\/www.mediaplateforme.com\/fr\/#\/schema\/person\/89833db382b5db2c76b094bc902aa12a\"},\"description\":\"Renault Group Maroc maintien son leadership industriel et commercial, et ce malgr\u00e9 un contexte particuli\u00e8rement marqu\u00e9 par les crises\",\"breadcrumb\":{\"@id\":\"https:\/\/www.mediaplateforme.com\/fr\/renault-group-maroc-leader-industriel-et-commercial-de-la-filiere-automobile-nationale\/#breadcrumb\"},\"inLanguage\":\"fr-FR\",\"potentialAction\":[{\"@type\":\"ReadAction\",\"target\":[\"https:\/\/www.mediaplateforme.com\/fr\/renault-group-maroc-leader-industriel-et-commercial-de-la-filiere-automobile-nationale\/\"]}]},{\"@type\":\"BreadcrumbList\",\"@id\":\"https:\/\/www.mediaplateforme.com\/fr\/renault-group-maroc-leader-industriel-et-commercial-de-la-filiere-automobile-nationale\/#breadcrumb\",\"itemListElement\":[{\"@type\":\"ListItem\",\"position\":1,\"name\":\"\u0627\u0644\u0631\u0626\u064a\u0633\u064a\u0629\",\"item\":\"https:\/\/www.mediaplateforme.com\/fr\/\"},{\"@type\":\"ListItem\",\"position\":2,\"name\":\"Renault Group Maroc, leader industriel et commercial de la fili\u00e8re automobile nationale\"}]},{\"@type\":\"WebSite\",\"@id\":\"https:\/\/www.mediaplateforme.com\/fr\/#website\",\"url\":\"https:\/\/www.mediaplateforme.com\/fr\/\",\"name\":\"MEDIA PLATEFORME | FR\",\"description\":\"Mediaplateforme sp\u00e9cialis\u00e9 dans la communication institutions publiques et des entreprises\",\"potentialAction\":[{\"@type\":\"SearchAction\",\"target\":{\"@type\":\"EntryPoint\",\"urlTemplate\":\"https:\/\/www.mediaplateforme.com\/fr\/?s={search_term_string}\"},\"query-input\":\"required name=search_term_string\"}],\"inLanguage\":\"fr-FR\"},{\"@type\":\"Person\",\"@id\":\"https:\/\/www.mediaplateforme.com\/fr\/#\/schema\/person\/89833db382b5db2c76b094bc902aa12a\",\"name\":\"Mediaplateforme\",\"image\":{\"@type\":\"ImageObject\",\"inLanguage\":\"fr-FR\",\"@id\":\"https:\/\/www.mediaplateforme.com\/fr\/#\/schema\/person\/image\/\",\"url\":\"https:\/\/secure.gravatar.com\/avatar\/6c9c02e8928cc65d54bf75157f7b3a2d06d7ad0494ca0951f679552ff03b34c1?s=96&d=mm&r=g\",\"contentUrl\":\"https:\/\/secure.gravatar.com\/avatar\/6c9c02e8928cc65d54bf75157f7b3a2d06d7ad0494ca0951f679552ff03b34c1?s=96&d=mm&r=g\",\"caption\":\"Mediaplateforme\"},\"sameAs\":[\"https:\/\/www.mediaplateforme.com\"],\"url\":\"https:\/\/www.mediaplateforme.com\/fr\/author\/mohamedladib\/\"}]}<\/script>\n<!-- \/ Yoast SEO plugin. -->","yoast_head_json":{"title":"Renault Group Maroc, leader industriel et commercial de la fili\u00e8re automobile nationale - MEDIA PLATEFORME | FR","description":"Renault Group Maroc maintien son leadership industriel et commercial, et ce malgr\u00e9 un contexte particuli\u00e8rement marqu\u00e9 par les crises","robots":{"index":"index","follow":"follow","max-snippet":"max-snippet:-1","max-image-preview":"max-image-preview:large","max-video-preview":"max-video-preview:-1"},"canonical":"https:\/\/www.mediaplateforme.com\/fr\/renault-group-maroc-leader-industriel-et-commercial-de-la-filiere-automobile-nationale\/","og_locale":"fr_FR","og_type":"article","og_title":"Renault Group Maroc, leader industriel et commercial de la fili\u00e8re automobile nationale - MEDIA PLATEFORME | FR","og_description":"Renault Group Maroc maintien son leadership industriel et commercial, et ce malgr\u00e9 un contexte particuli\u00e8rement marqu\u00e9 par les crises","og_url":"https:\/\/www.mediaplateforme.com\/fr\/renault-group-maroc-leader-industriel-et-commercial-de-la-filiere-automobile-nationale\/","og_site_name":"MEDIA PLATEFORME | FR","article_published_time":"2023-01-26T16:22:20+00:00","og_image":[{"width":591,"height":443,"url":"https:\/\/www.mediaplateforme.com\/fr\/wp-content\/uploads\/sites\/5\/2023\/01\/Conference-de-presse-Renaut-Group_2023.png","type":"image\/png"}],"author":"Mediaplateforme","twitter_card":"summary_large_image","twitter_misc":{"\u00c9crit par":"Mediaplateforme","Dur\u00e9e de lecture estim\u00e9e":"7 minutes"},"schema":{"@context":"https:\/\/schema.org","@graph":[{"@type":"WebPage","@id":"https:\/\/www.mediaplateforme.com\/fr\/renault-group-maroc-leader-industriel-et-commercial-de-la-filiere-automobile-nationale\/","url":"https:\/\/www.mediaplateforme.com\/fr\/renault-group-maroc-leader-industriel-et-commercial-de-la-filiere-automobile-nationale\/","name":"Renault Group Maroc, leader industriel et commercial de la fili\u00e8re automobile nationale - MEDIA PLATEFORME | FR","isPartOf":{"@id":"https:\/\/www.mediaplateforme.com\/fr\/#website"},"datePublished":"2023-01-26T16:22:20+00:00","dateModified":"2023-01-26T16:22:20+00:00","author":{"@id":"https:\/\/www.mediaplateforme.com\/fr\/#\/schema\/person\/89833db382b5db2c76b094bc902aa12a"},"description":"Renault Group Maroc maintien son leadership industriel et commercial, et ce malgr\u00e9 un contexte particuli\u00e8rement marqu\u00e9 par les crises","breadcrumb":{"@id":"https:\/\/www.mediaplateforme.com\/fr\/renault-group-maroc-leader-industriel-et-commercial-de-la-filiere-automobile-nationale\/#breadcrumb"},"inLanguage":"fr-FR","potentialAction":[{"@type":"ReadAction","target":["https:\/\/www.mediaplateforme.com\/fr\/renault-group-maroc-leader-industriel-et-commercial-de-la-filiere-automobile-nationale\/"]}]},{"@type":"BreadcrumbList","@id":"https:\/\/www.mediaplateforme.com\/fr\/renault-group-maroc-leader-industriel-et-commercial-de-la-filiere-automobile-nationale\/#breadcrumb","itemListElement":[{"@type":"ListItem","position":1,"name":"\u0627\u0644\u0631\u0626\u064a\u0633\u064a\u0629","item":"https:\/\/www.mediaplateforme.com\/fr\/"},{"@type":"ListItem","position":2,"name":"Renault Group Maroc, leader industriel et commercial de la fili\u00e8re automobile nationale"}]},{"@type":"WebSite","@id":"https:\/\/www.mediaplateforme.com\/fr\/#website","url":"https:\/\/www.mediaplateforme.com\/fr\/","name":"MEDIA PLATEFORME | FR","description":"Mediaplateforme sp\u00e9cialis\u00e9 dans la communication institutions publiques et des entreprises","potentialAction":[{"@type":"SearchAction","target":{"@type":"EntryPoint","urlTemplate":"https:\/\/www.mediaplateforme.com\/fr\/?s={search_term_string}"},"query-input":"required name=search_term_string"}],"inLanguage":"fr-FR"},{"@type":"Person","@id":"https:\/\/www.mediaplateforme.com\/fr\/#\/schema\/person\/89833db382b5db2c76b094bc902aa12a","name":"Mediaplateforme","image":{"@type":"ImageObject","inLanguage":"fr-FR","@id":"https:\/\/www.mediaplateforme.com\/fr\/#\/schema\/person\/image\/","url":"https:\/\/secure.gravatar.com\/avatar\/6c9c02e8928cc65d54bf75157f7b3a2d06d7ad0494ca0951f679552ff03b34c1?s=96&d=mm&r=g","contentUrl":"https:\/\/secure.gravatar.com\/avatar\/6c9c02e8928cc65d54bf75157f7b3a2d06d7ad0494ca0951f679552ff03b34c1?s=96&d=mm&r=g","caption":"Mediaplateforme"},"sameAs":["https:\/\/www.mediaplateforme.com"],"url":"https:\/\/www.mediaplateforme.com\/fr\/author\/mohamedladib\/"}]}},"_links":{"self":[{"href":"https:\/\/www.mediaplateforme.com\/fr\/wp-json\/wp\/v2\/posts\/2153","targetHints":{"allow":["GET"]}}],"collection":[{"href":"https:\/\/www.mediaplateforme.com\/fr\/wp-json\/wp\/v2\/posts"}],"about":[{"href":"https:\/\/www.mediaplateforme.com\/fr\/wp-json\/wp\/v2\/types\/post"}],"author":[{"embeddable":true,"href":"https:\/\/www.mediaplateforme.com\/fr\/wp-json\/wp\/v2\/users\/1"}],"replies":[{"embeddable":true,"href":"https:\/\/www.mediaplateforme.com\/fr\/wp-json\/wp\/v2\/comments?post=2153"}],"version-history":[{"count":1,"href":"https:\/\/www.mediaplateforme.com\/fr\/wp-json\/wp\/v2\/posts\/2153\/revisions"}],"predecessor-version":[{"id":2155,"href":"https:\/\/www.mediaplateforme.com\/fr\/wp-json\/wp\/v2\/posts\/2153\/revisions\/2155"}],"wp:featuredmedia":[{"embeddable":true,"href":"https:\/\/www.mediaplateforme.com\/fr\/wp-json\/wp\/v2\/media\/2154"}],"wp:attachment":[{"href":"https:\/\/www.mediaplateforme.com\/fr\/wp-json\/wp\/v2\/media?parent=2153"}],"wp:term":[{"taxonomy":"category","embeddable":true,"href":"https:\/\/www.mediaplateforme.com\/fr\/wp-json\/wp\/v2\/categories?post=2153"},{"taxonomy":"post_tag","embeddable":true,"href":"https:\/\/www.mediaplateforme.com\/fr\/wp-json\/wp\/v2\/tags?post=2153"}],"curies":[{"name":"wp","href":"https:\/\/api.w.org\/{rel}","templated":true}]}}