{"id":2119,"date":"2023-01-19T19:49:28","date_gmt":"2023-01-19T18:49:28","guid":{"rendered":"https:\/\/www.mediaplateforme.com\/fr\/?p=2119"},"modified":"2023-01-19T19:49:28","modified_gmt":"2023-01-19T18:49:28","slug":"lonmt-en-force-au-salon-fitur-2023-a-madrid","status":"publish","type":"post","link":"https:\/\/www.mediaplateforme.com\/fr\/lonmt-en-force-au-salon-fitur-2023-a-madrid\/","title":{"rendered":"L\u2019ONMT en force au salon FITUR 2023 \u00e0 Madrid"},"content":{"rendered":"<ul>\n<li><em>Participation remarquable de l\u2019ONMT \u00a0avec \u00e0 une d\u00e9l\u00e9gation marocaine compos\u00e9e de 23 op\u00e9rateurs touristiques et 10 r\u00e9gions<\/em><\/li>\n<\/ul>\n<p><em>\u00a0<\/em><\/p>\n<ul>\n<li><em>Plusieurs accords et conventions sign\u00e9s avec les op\u00e9rateurs ib\u00e9riques et latino-am\u00e9ricains<\/em><\/li>\n<\/ul>\n<p><em>\u00a0<\/em><\/p>\n<ul>\n<li><em>Important dispositif d\u2019affichage urbain de la campagne Morocco &#8211; Kingdom of light dans des endroits embl\u00e9matiques de la ville de Madrid<\/em><\/li>\n<\/ul>\n<p>&nbsp;<\/p>\n<p>&nbsp;<\/p>\n<p>L&rsquo;ONMT participe en force \u00e0\u00a0la 43e \u00e9dition de la Feria Internationale del Turismo (FITUR) qui se tient du 18 au 22 janvier 2023 au parc des expositions de l\u2019Instituci\u00f3n Ferial de Madrid &#8211; IFEMA. Men\u00e9e par Adel El Fakir, DG de l\u2019ONMT, une importante d\u00e9l\u00e9gation repr\u00e9sentant des op\u00e9rateurs touristiques des secteurs priv\u00e9s et publics prend part \u00e0 ce salon incontournable de l\u2019agenda des grands salons internationaux. Celle-ci comprend les principaux acteurs touristiques intervenant sur les march\u00e9s ib\u00e9riques avec \u00e0 leur t\u00eate, la compagnie a\u00e9rienne nationale Royal Air Maroc, en plus de 23 op\u00e9rateurs touristiques et 10 r\u00e9gions marocaines.<\/p>\n<p>L\u2019ONMT a mobilis\u00e9 de grands moyens pour r\u00e9ussir la participation marocaine \u00e0 ce rendez-vous consid\u00e9r\u00e9 parmi les plus importants au monde. L\u2019Office d\u00e9ploie ainsi un pavillon\u00a0 fort d\u2019un emplacement privil\u00e9gi\u00e9 et d\u2019un agencement inspirant, mettant en valeur le positionnement authentique de la destination Maroc, dans la continuit\u00e9 du d\u00e9ploiement innovant de la marque \u00ab\u00a0Maroc &#8211; Terre de lumi\u00e8re\u00a0\u00bb.<\/p>\n<p><strong>\u00a0<\/strong><\/p>\n<p>&nbsp;<\/p>\n<p>\u00ab\u00a0<em>Le salon FITUR est un rendez-vous important dans le monde du tourisme. Le march\u00e9 espagnol\u00a0 repr\u00e9sente le premier en termes de r\u00e9cup\u00e9ration des performances de l\u2019ann\u00e9e 2019, avec une part de 98% \u00e0 fin novembre 2022. Les conventions et les accords conclus lors de cet \u00e9v\u00e9nement nous permettront de confirmer le bon positionnement de la destination Maroc aupr\u00e8s des prescripteurs touristiques ib\u00e9riques et latino-am\u00e9ricains en g\u00e9n\u00e9rant de nouvelles opportunit\u00e9s touristiques pour le Royaume\u00a0<\/em>\u00bb, a d\u00e9clar\u00e9 Adel El Fakir, DG de l\u2019ONMT.<\/p>\n<p>&nbsp;<\/p>\n<p>Au programme, plusieurs r\u00e9unions avec les acteurs majeurs des march\u00e9s ib\u00e9riques et d\u2019Am\u00e9rique Latine, le but \u00e9tant de renforcer les flux vers la destination Maroc.<\/p>\n<p>&nbsp;<\/p>\n<p>Des accords ont ainsi \u00e9t\u00e9 sign\u00e9s notamment une convention cadre avec l\u2019Association Br\u00e9silienne des agences de voyages (ABAV) pour l\u2019organisation de son congr\u00e8s annuel au Maroc en 2023. L\u2019ABAV r\u00e9alise un chiffre d\u2019affaires de 3,5 milliards de dollars et repr\u00e9sente 80% des ventes sur le march\u00e9 ib\u00e9rique. Des partenariats ont aussi \u00e9t\u00e9 ratifi\u00e9s avec El Grupo Corte Ingl\u00e8s, WORLD 2MEET et ABREU Portugal.. D\u2019autres rencontres ont \u00e9t\u00e9 organis\u00e9es avec les grands prescripteurs, TO et compagnies a\u00e9riennes sp\u00e9cialistes du march\u00e9 ib\u00e9rique comme Newtour Portugal, Vueling, Volotea, Binter Canarias, Luxotour, Julia Tours et Tap Portugal.<\/p>\n<p>&nbsp;<\/p>\n<p>En parall\u00e8le du salon FITUR et pour une dur\u00e9e de 2 semaines,\u00a0 l\u2019ONMT a mis en place un important dispositif d\u2019affichage urbain de la campagne Maroc &#8211; Terre de lumi\u00e8re, notamment dans les principales art\u00e8res de la ville de Madrid avec des emplacements de choix comme dans l\u2019\u00e9cran g\u00e9ant 3D de l\u2019embl\u00e9matique Cin\u00e9ma Callao, le Cin\u00e9ma Capitol et le Palacio de la Prensa.<\/p>\n<p>&nbsp;<\/p>\n<p>Le fort d\u00e9ploiement de la marque Maroc \u00e0 la 43<sup>e<\/sup> \u00e9dition du salon FITUR est strat\u00e9gique dans la mesure o\u00f9 la p\u00e9ninsule ib\u00e9rique, comprenant les march\u00e9s espagnol et portugais, est le second march\u00e9 \u00e9metteur de touristes \u00e9trangers vers le Royaume apr\u00e8s la France, repr\u00e9sentant une part de 17% et un gisement consid\u00e9rable de touristes potentiels.<\/p>\n<p>&nbsp;<\/p>\n<p>L\u2019\u00e9dition 2023 est l\u2019occasion incontournable pour l\u2019ONMT de renforcer le positionnement du Maroc sur ce march\u00e9 strat\u00e9gique et de booster les ventes.<\/p>\n","protected":false},"excerpt":{"rendered":"<p>Participation remarquable de l\u2019ONMT \u00a0avec \u00e0 une d\u00e9l\u00e9gation marocaine compos\u00e9e de 23 op\u00e9rateurs touristiques et<\/p>\n","protected":false},"author":1,"featured_media":2120,"comment_status":"open","ping_status":"open","sticky":false,"template":"","format":"standard","meta":{"_acf_changed":false,"footnotes":""},"categories":[2,3],"tags":[48],"class_list":["post-2119","post","type-post","status-publish","format-standard","has-post-thumbnail","hentry","category-nouvelles","category-nouvelles-selectionnees","tag-onmt"],"acf":[],"yoast_head":"<!-- This site is optimized with the Yoast SEO plugin v22.0 - https:\/\/yoast.com\/wordpress\/plugins\/seo\/ -->\n<title>L\u2019ONMT en force au salon FITUR 2023 \u00e0 Madrid - MEDIA PLATEFORME | FR<\/title>\n<meta name=\"description\" content=\"Participation remarquable de l\u2019ONMT \u00a0avec \u00e0 une d\u00e9l\u00e9gation marocaine compos\u00e9e de 23 op\u00e9rateurs touristiques et 10 r\u00e9gions\" \/>\n<meta name=\"robots\" content=\"index, follow, max-snippet:-1, max-image-preview:large, max-video-preview:-1\" \/>\n<link rel=\"canonical\" href=\"https:\/\/www.mediaplateforme.com\/fr\/lonmt-en-force-au-salon-fitur-2023-a-madrid\/\" \/>\n<meta property=\"og:locale\" content=\"fr_FR\" \/>\n<meta property=\"og:type\" content=\"article\" \/>\n<meta property=\"og:title\" content=\"L\u2019ONMT en force au salon FITUR 2023 \u00e0 Madrid - MEDIA PLATEFORME | FR\" \/>\n<meta property=\"og:description\" content=\"Participation remarquable de l\u2019ONMT \u00a0avec \u00e0 une d\u00e9l\u00e9gation marocaine compos\u00e9e de 23 op\u00e9rateurs touristiques et 10 r\u00e9gions\" \/>\n<meta property=\"og:url\" content=\"https:\/\/www.mediaplateforme.com\/fr\/lonmt-en-force-au-salon-fitur-2023-a-madrid\/\" \/>\n<meta property=\"og:site_name\" content=\"MEDIA PLATEFORME | FR\" \/>\n<meta property=\"article:published_time\" content=\"2023-01-19T18:49:28+00:00\" \/>\n<meta property=\"og:image\" content=\"https:\/\/www.mediaplateforme.com\/fr\/wp-content\/uploads\/sites\/5\/2023\/01\/Adel-el-Fakir-et-Victor-Moreno-JPG.jpg\" \/>\n\t<meta property=\"og:image:width\" content=\"1773\" \/>\n\t<meta property=\"og:image:height\" content=\"1182\" \/>\n\t<meta property=\"og:image:type\" content=\"image\/jpeg\" \/>\n<meta name=\"author\" content=\"Mediaplateforme\" \/>\n<meta name=\"twitter:card\" content=\"summary_large_image\" \/>\n<meta name=\"twitter:label1\" content=\"\u00c9crit par\" \/>\n\t<meta name=\"twitter:data1\" content=\"Mediaplateforme\" \/>\n\t<meta name=\"twitter:label2\" content=\"Dur\u00e9e de lecture estim\u00e9e\" \/>\n\t<meta name=\"twitter:data2\" content=\"3 minutes\" \/>\n<script type=\"application\/ld+json\" class=\"yoast-schema-graph\">{\"@context\":\"https:\/\/schema.org\",\"@graph\":[{\"@type\":\"WebPage\",\"@id\":\"https:\/\/www.mediaplateforme.com\/fr\/lonmt-en-force-au-salon-fitur-2023-a-madrid\/\",\"url\":\"https:\/\/www.mediaplateforme.com\/fr\/lonmt-en-force-au-salon-fitur-2023-a-madrid\/\",\"name\":\"L\u2019ONMT en force au salon FITUR 2023 \u00e0 Madrid - MEDIA PLATEFORME | FR\",\"isPartOf\":{\"@id\":\"https:\/\/www.mediaplateforme.com\/fr\/#website\"},\"datePublished\":\"2023-01-19T18:49:28+00:00\",\"dateModified\":\"2023-01-19T18:49:28+00:00\",\"author\":{\"@id\":\"https:\/\/www.mediaplateforme.com\/fr\/#\/schema\/person\/89833db382b5db2c76b094bc902aa12a\"},\"description\":\"Participation remarquable de l\u2019ONMT \u00a0avec \u00e0 une d\u00e9l\u00e9gation marocaine compos\u00e9e de 23 op\u00e9rateurs touristiques et 10 r\u00e9gions\",\"breadcrumb\":{\"@id\":\"https:\/\/www.mediaplateforme.com\/fr\/lonmt-en-force-au-salon-fitur-2023-a-madrid\/#breadcrumb\"},\"inLanguage\":\"fr-FR\",\"potentialAction\":[{\"@type\":\"ReadAction\",\"target\":[\"https:\/\/www.mediaplateforme.com\/fr\/lonmt-en-force-au-salon-fitur-2023-a-madrid\/\"]}]},{\"@type\":\"BreadcrumbList\",\"@id\":\"https:\/\/www.mediaplateforme.com\/fr\/lonmt-en-force-au-salon-fitur-2023-a-madrid\/#breadcrumb\",\"itemListElement\":[{\"@type\":\"ListItem\",\"position\":1,\"name\":\"\u0627\u0644\u0631\u0626\u064a\u0633\u064a\u0629\",\"item\":\"https:\/\/www.mediaplateforme.com\/fr\/\"},{\"@type\":\"ListItem\",\"position\":2,\"name\":\"L\u2019ONMT en force au salon FITUR 2023 \u00e0 Madrid\"}]},{\"@type\":\"WebSite\",\"@id\":\"https:\/\/www.mediaplateforme.com\/fr\/#website\",\"url\":\"https:\/\/www.mediaplateforme.com\/fr\/\",\"name\":\"MEDIA PLATEFORME | FR\",\"description\":\"Mediaplateforme sp\u00e9cialis\u00e9 dans la communication institutions publiques et des entreprises\",\"potentialAction\":[{\"@type\":\"SearchAction\",\"target\":{\"@type\":\"EntryPoint\",\"urlTemplate\":\"https:\/\/www.mediaplateforme.com\/fr\/?s={search_term_string}\"},\"query-input\":\"required name=search_term_string\"}],\"inLanguage\":\"fr-FR\"},{\"@type\":\"Person\",\"@id\":\"https:\/\/www.mediaplateforme.com\/fr\/#\/schema\/person\/89833db382b5db2c76b094bc902aa12a\",\"name\":\"Mediaplateforme\",\"image\":{\"@type\":\"ImageObject\",\"inLanguage\":\"fr-FR\",\"@id\":\"https:\/\/www.mediaplateforme.com\/fr\/#\/schema\/person\/image\/\",\"url\":\"https:\/\/secure.gravatar.com\/avatar\/6c9c02e8928cc65d54bf75157f7b3a2d06d7ad0494ca0951f679552ff03b34c1?s=96&d=mm&r=g\",\"contentUrl\":\"https:\/\/secure.gravatar.com\/avatar\/6c9c02e8928cc65d54bf75157f7b3a2d06d7ad0494ca0951f679552ff03b34c1?s=96&d=mm&r=g\",\"caption\":\"Mediaplateforme\"},\"sameAs\":[\"https:\/\/www.mediaplateforme.com\"],\"url\":\"https:\/\/www.mediaplateforme.com\/fr\/author\/mohamedladib\/\"}]}<\/script>\n<!-- \/ Yoast SEO plugin. -->","yoast_head_json":{"title":"L\u2019ONMT en force au salon FITUR 2023 \u00e0 Madrid - MEDIA PLATEFORME | FR","description":"Participation remarquable de l\u2019ONMT \u00a0avec \u00e0 une d\u00e9l\u00e9gation marocaine compos\u00e9e de 23 op\u00e9rateurs touristiques et 10 r\u00e9gions","robots":{"index":"index","follow":"follow","max-snippet":"max-snippet:-1","max-image-preview":"max-image-preview:large","max-video-preview":"max-video-preview:-1"},"canonical":"https:\/\/www.mediaplateforme.com\/fr\/lonmt-en-force-au-salon-fitur-2023-a-madrid\/","og_locale":"fr_FR","og_type":"article","og_title":"L\u2019ONMT en force au salon FITUR 2023 \u00e0 Madrid - MEDIA PLATEFORME | FR","og_description":"Participation remarquable de l\u2019ONMT \u00a0avec \u00e0 une d\u00e9l\u00e9gation marocaine compos\u00e9e de 23 op\u00e9rateurs touristiques et 10 r\u00e9gions","og_url":"https:\/\/www.mediaplateforme.com\/fr\/lonmt-en-force-au-salon-fitur-2023-a-madrid\/","og_site_name":"MEDIA PLATEFORME | FR","article_published_time":"2023-01-19T18:49:28+00:00","og_image":[{"width":1773,"height":1182,"url":"https:\/\/www.mediaplateforme.com\/fr\/wp-content\/uploads\/sites\/5\/2023\/01\/Adel-el-Fakir-et-Victor-Moreno-JPG.jpg","type":"image\/jpeg"}],"author":"Mediaplateforme","twitter_card":"summary_large_image","twitter_misc":{"\u00c9crit par":"Mediaplateforme","Dur\u00e9e de lecture estim\u00e9e":"3 minutes"},"schema":{"@context":"https:\/\/schema.org","@graph":[{"@type":"WebPage","@id":"https:\/\/www.mediaplateforme.com\/fr\/lonmt-en-force-au-salon-fitur-2023-a-madrid\/","url":"https:\/\/www.mediaplateforme.com\/fr\/lonmt-en-force-au-salon-fitur-2023-a-madrid\/","name":"L\u2019ONMT en force au salon FITUR 2023 \u00e0 Madrid - MEDIA PLATEFORME | FR","isPartOf":{"@id":"https:\/\/www.mediaplateforme.com\/fr\/#website"},"datePublished":"2023-01-19T18:49:28+00:00","dateModified":"2023-01-19T18:49:28+00:00","author":{"@id":"https:\/\/www.mediaplateforme.com\/fr\/#\/schema\/person\/89833db382b5db2c76b094bc902aa12a"},"description":"Participation remarquable de l\u2019ONMT \u00a0avec \u00e0 une d\u00e9l\u00e9gation marocaine compos\u00e9e de 23 op\u00e9rateurs touristiques et 10 r\u00e9gions","breadcrumb":{"@id":"https:\/\/www.mediaplateforme.com\/fr\/lonmt-en-force-au-salon-fitur-2023-a-madrid\/#breadcrumb"},"inLanguage":"fr-FR","potentialAction":[{"@type":"ReadAction","target":["https:\/\/www.mediaplateforme.com\/fr\/lonmt-en-force-au-salon-fitur-2023-a-madrid\/"]}]},{"@type":"BreadcrumbList","@id":"https:\/\/www.mediaplateforme.com\/fr\/lonmt-en-force-au-salon-fitur-2023-a-madrid\/#breadcrumb","itemListElement":[{"@type":"ListItem","position":1,"name":"\u0627\u0644\u0631\u0626\u064a\u0633\u064a\u0629","item":"https:\/\/www.mediaplateforme.com\/fr\/"},{"@type":"ListItem","position":2,"name":"L\u2019ONMT en force au salon FITUR 2023 \u00e0 Madrid"}]},{"@type":"WebSite","@id":"https:\/\/www.mediaplateforme.com\/fr\/#website","url":"https:\/\/www.mediaplateforme.com\/fr\/","name":"MEDIA PLATEFORME | FR","description":"Mediaplateforme sp\u00e9cialis\u00e9 dans la communication institutions publiques et des entreprises","potentialAction":[{"@type":"SearchAction","target":{"@type":"EntryPoint","urlTemplate":"https:\/\/www.mediaplateforme.com\/fr\/?s={search_term_string}"},"query-input":"required name=search_term_string"}],"inLanguage":"fr-FR"},{"@type":"Person","@id":"https:\/\/www.mediaplateforme.com\/fr\/#\/schema\/person\/89833db382b5db2c76b094bc902aa12a","name":"Mediaplateforme","image":{"@type":"ImageObject","inLanguage":"fr-FR","@id":"https:\/\/www.mediaplateforme.com\/fr\/#\/schema\/person\/image\/","url":"https:\/\/secure.gravatar.com\/avatar\/6c9c02e8928cc65d54bf75157f7b3a2d06d7ad0494ca0951f679552ff03b34c1?s=96&d=mm&r=g","contentUrl":"https:\/\/secure.gravatar.com\/avatar\/6c9c02e8928cc65d54bf75157f7b3a2d06d7ad0494ca0951f679552ff03b34c1?s=96&d=mm&r=g","caption":"Mediaplateforme"},"sameAs":["https:\/\/www.mediaplateforme.com"],"url":"https:\/\/www.mediaplateforme.com\/fr\/author\/mohamedladib\/"}]}},"_links":{"self":[{"href":"https:\/\/www.mediaplateforme.com\/fr\/wp-json\/wp\/v2\/posts\/2119","targetHints":{"allow":["GET"]}}],"collection":[{"href":"https:\/\/www.mediaplateforme.com\/fr\/wp-json\/wp\/v2\/posts"}],"about":[{"href":"https:\/\/www.mediaplateforme.com\/fr\/wp-json\/wp\/v2\/types\/post"}],"author":[{"embeddable":true,"href":"https:\/\/www.mediaplateforme.com\/fr\/wp-json\/wp\/v2\/users\/1"}],"replies":[{"embeddable":true,"href":"https:\/\/www.mediaplateforme.com\/fr\/wp-json\/wp\/v2\/comments?post=2119"}],"version-history":[{"count":1,"href":"https:\/\/www.mediaplateforme.com\/fr\/wp-json\/wp\/v2\/posts\/2119\/revisions"}],"predecessor-version":[{"id":2121,"href":"https:\/\/www.mediaplateforme.com\/fr\/wp-json\/wp\/v2\/posts\/2119\/revisions\/2121"}],"wp:featuredmedia":[{"embeddable":true,"href":"https:\/\/www.mediaplateforme.com\/fr\/wp-json\/wp\/v2\/media\/2120"}],"wp:attachment":[{"href":"https:\/\/www.mediaplateforme.com\/fr\/wp-json\/wp\/v2\/media?parent=2119"}],"wp:term":[{"taxonomy":"category","embeddable":true,"href":"https:\/\/www.mediaplateforme.com\/fr\/wp-json\/wp\/v2\/categories?post=2119"},{"taxonomy":"post_tag","embeddable":true,"href":"https:\/\/www.mediaplateforme.com\/fr\/wp-json\/wp\/v2\/tags?post=2119"}],"curies":[{"name":"wp","href":"https:\/\/api.w.org\/{rel}","templated":true}]}}