{"id":2117,"date":"2023-01-19T19:46:53","date_gmt":"2023-01-19T18:46:53","guid":{"rendered":"https:\/\/www.mediaplateforme.com\/fr\/?p=2117"},"modified":"2023-01-19T19:46:53","modified_gmt":"2023-01-19T18:46:53","slug":"la-fondation-academia-fete-ses-25-ans-au-service-des-etudiants-meritants","status":"publish","type":"post","link":"https:\/\/www.mediaplateforme.com\/fr\/la-fondation-academia-fete-ses-25-ans-au-service-des-etudiants-meritants\/","title":{"rendered":"LA FONDATION ACAD\u00c9MIA F\u00caTE SES 25 ANS AU SERVICE DES \u00c9TUDIANTS M\u00c9RITANTS"},"content":{"rendered":"<p>La fondation Acad\u00e9mia, pr\u00e9sid\u00e9e actuellement par la fondation Banque Populaire en la personne de Mme Asma Lebbar, a c\u00e9l\u00e9br\u00e9, ce mardi 17 janvier, son 25<sup>\u00e8me<\/sup> anniversaire lors d\u2019une c\u00e9r\u00e9monie solennelle en pr\u00e9sence de l\u2019ensemble de ses membres et partenaires.<\/p>\n<p>Cette rencontre a permis de pr\u00e9senter un aper\u00e7u des r\u00e9alisations de la fondation au cours des 25 derni\u00e8res ann\u00e9es ainsi que de ses projets futurs.<\/p>\n<p>Cr\u00e9\u00e9e en 1997, la fondation Acad\u00e9mia a pour vocation d\u2019accompagner les \u00e9tudiants des classes pr\u00e9paratoires qui acc\u00e8dent \u00e0 une grande \u00e9cole ou une universit\u00e9 prestigieuse au Maroc ou \u00e0 l&rsquo;\u00e9tranger. Sa devise, \u00ab l&rsquo;ambition d&rsquo;aider la v\u00f4tre \u00bb, traduit un engagement ind\u00e9fectible, depuis un quart de si\u00e8cle, pour soutenir les \u00e9tudiants les plus m\u00e9ritants dans le but de leur permettre de poursuivre leurs \u00e9tudes dans les meilleures conditions. Elle est dirig\u00e9e par un Conseil d\u2019Administration, avec une pr\u00e9sidence tournante d\u2019une dur\u00e9e de deux ans.<\/p>\n<p>Ses principaux objectifs sont de promouvoir l&rsquo;excellence et le m\u00e9rite, ainsi que de permettre aux \u00e9tudiants \u00e0 l&rsquo;\u00e9tranger de maintenir un lien avec le Maroc afin de favoriser leur retour. Cette ambition se traduit sur le terrain \u00e0 travers trois types d\u2019actions : des pr\u00eats d&rsquo;honneur, des prix d&rsquo;excellence et l\u2019insertion professionnelle \u00e0 travers des stages en entreprises.<\/p>\n<p>En 25 ans d\u2019existence, la fondation a distribu\u00e9 plus de 400 pr\u00eats d&rsquo;honneur et d\u00e9cern\u00e9 240 prix d&rsquo;excellence. Avec 228 \u00e9tudiantes, l\u2019effectif f\u00e9minin repr\u00e9sente 36% du total des \u00e9tudiants accompagn\u00e9s.<\/p>\n<p>Depuis 2006, la fondation Acad\u00e9mia a particip\u00e9 \u00e0 la cr\u00e9ation et \u00e0 l&rsquo;animation du Collectif CPGE Maroc, qui vise \u00e0 contribuer \u00e0 la r\u00e9ussite des \u00e9l\u00e8ves de classes pr\u00e9paratoires \u00e0 travers des initiatives d\u2019am\u00e9liorations constantes des conditions p\u00e9dagogiques en faveur des \u00e9l\u00e8ves des classes pr\u00e9paratoires.<\/p>\n<p>La c\u00e9r\u00e9monie a \u00e9t\u00e9 l&rsquo;occasion de rendre hommage \u00e0 M. Abdelhafid RERHRHAYE, figure embl\u00e9matique de la fondation, qui a grandement particip\u00e9 \u00e0 son rayonnement.<\/p>\n<p>Dans son intervention, Mme Asma LEBBAR, Pr\u00e9sidente de la fondation, a insist\u00e9 sur l\u2019abn\u00e9gation de M. RERHRHAYE et sur son d\u00e9vouement \u00e0 l\u2019action sociale en faveur des \u00e9tudiants m\u00e9ritants. \u00ab <em>Il a su \u00eatre attentif \u00e0 la dignit\u00e9, aux aspirations, et aux espoirs de chacun. La solidarit\u00e9 est pour lui une exigence permanente et un combat de chaque instant. Un combat d\u2019id\u00e9es nobles et citoyennes qu\u2019il m\u00e8ne avec une \u00e9nergie intarissable<\/em> \u00bb, a-t-elle ainsi t\u00e9moign\u00e9.<\/p>\n<p>En signe de reconnaissance, M. RERHRHAYE s\u2019est vu d\u00e9cerner le titre de Pr\u00e9sident d\u2019Honneur de la fondation. Mme Lebbar a \u00e9galement annonc\u00e9 la cr\u00e9ation du \u00ab Fonds RERHRHAYE \u00bb, \u00e0 travers lequel des laur\u00e9ats exp\u00e9riment\u00e9s consacrent un volume horaire d\u00e9di\u00e9 \u00e0 l\u2019encadrement des \u00e9tudiants en classes pr\u00e9paratoires et des nouveaux laur\u00e9ats. Cet encadrement se mat\u00e9rialise essentiellement \u00e0 travers du mentoring et du coaching perp\u00e9tuant ainsi l\u2019esprit de don et d\u2019entraide de M. RERHRHAYE.<\/p>\n","protected":false},"excerpt":{"rendered":"<p>La fondation Acad\u00e9mia, pr\u00e9sid\u00e9e actuellement par la fondation Banque Populaire en la personne de Mme<\/p>\n","protected":false},"author":1,"featured_media":2007,"comment_status":"open","ping_status":"open","sticky":false,"template":"","format":"standard","meta":{"_acf_changed":false,"footnotes":""},"categories":[2,3],"tags":[658],"class_list":["post-2117","post","type-post","status-publish","format-standard","has-post-thumbnail","hentry","category-nouvelles","category-nouvelles-selectionnees","tag-la-fondation-academia"],"acf":[],"yoast_head":"<!-- This site is optimized with the Yoast SEO plugin v22.0 - https:\/\/yoast.com\/wordpress\/plugins\/seo\/ -->\n<title>LA FONDATION ACAD\u00c9MIA F\u00caTE SES 25 ANS AU SERVICE DES \u00c9TUDIANTS M\u00c9RITANTS - MEDIA PLATEFORME | FR<\/title>\n<meta name=\"description\" content=\"La fondation Acad\u00e9mia, pr\u00e9sid\u00e9e actuellement par la fondation Banque Populaire en la personne de Mme Asma Lebbar, a c\u00e9l\u00e9br\u00e9, ,\" \/>\n<meta name=\"robots\" content=\"index, follow, max-snippet:-1, max-image-preview:large, max-video-preview:-1\" \/>\n<link rel=\"canonical\" href=\"https:\/\/www.mediaplateforme.com\/fr\/la-fondation-academia-fete-ses-25-ans-au-service-des-etudiants-meritants\/\" \/>\n<meta property=\"og:locale\" content=\"fr_FR\" \/>\n<meta property=\"og:type\" content=\"article\" \/>\n<meta property=\"og:title\" content=\"LA FONDATION ACAD\u00c9MIA F\u00caTE SES 25 ANS AU SERVICE DES \u00c9TUDIANTS M\u00c9RITANTS - MEDIA PLATEFORME | FR\" \/>\n<meta property=\"og:description\" content=\"La fondation Acad\u00e9mia, pr\u00e9sid\u00e9e actuellement par la fondation Banque Populaire en la personne de Mme Asma Lebbar, a c\u00e9l\u00e9br\u00e9, ,\" \/>\n<meta property=\"og:url\" content=\"https:\/\/www.mediaplateforme.com\/fr\/la-fondation-academia-fete-ses-25-ans-au-service-des-etudiants-meritants\/\" \/>\n<meta property=\"og:site_name\" content=\"MEDIA PLATEFORME | FR\" \/>\n<meta property=\"article:published_time\" content=\"2023-01-19T18:46:53+00:00\" \/>\n<meta property=\"og:image\" content=\"https:\/\/www.mediaplateforme.com\/fr\/wp-content\/uploads\/sites\/5\/2022\/12\/siege-bp.png\" \/>\n\t<meta property=\"og:image:width\" content=\"746\" \/>\n\t<meta property=\"og:image:height\" content=\"380\" \/>\n\t<meta property=\"og:image:type\" content=\"image\/png\" \/>\n<meta name=\"author\" content=\"Mediaplateforme\" \/>\n<meta name=\"twitter:card\" content=\"summary_large_image\" \/>\n<meta name=\"twitter:label1\" content=\"\u00c9crit par\" \/>\n\t<meta name=\"twitter:data1\" content=\"Mediaplateforme\" \/>\n\t<meta name=\"twitter:label2\" content=\"Dur\u00e9e de lecture estim\u00e9e\" \/>\n\t<meta name=\"twitter:data2\" content=\"3 minutes\" \/>\n<script type=\"application\/ld+json\" class=\"yoast-schema-graph\">{\"@context\":\"https:\/\/schema.org\",\"@graph\":[{\"@type\":\"WebPage\",\"@id\":\"https:\/\/www.mediaplateforme.com\/fr\/la-fondation-academia-fete-ses-25-ans-au-service-des-etudiants-meritants\/\",\"url\":\"https:\/\/www.mediaplateforme.com\/fr\/la-fondation-academia-fete-ses-25-ans-au-service-des-etudiants-meritants\/\",\"name\":\"LA FONDATION ACAD\u00c9MIA F\u00caTE SES 25 ANS AU SERVICE DES \u00c9TUDIANTS M\u00c9RITANTS - MEDIA PLATEFORME | FR\",\"isPartOf\":{\"@id\":\"https:\/\/www.mediaplateforme.com\/fr\/#website\"},\"datePublished\":\"2023-01-19T18:46:53+00:00\",\"dateModified\":\"2023-01-19T18:46:53+00:00\",\"author\":{\"@id\":\"https:\/\/www.mediaplateforme.com\/fr\/#\/schema\/person\/89833db382b5db2c76b094bc902aa12a\"},\"description\":\"La fondation Acad\u00e9mia, pr\u00e9sid\u00e9e actuellement par la fondation Banque Populaire en la personne de Mme Asma Lebbar, a c\u00e9l\u00e9br\u00e9, ,\",\"breadcrumb\":{\"@id\":\"https:\/\/www.mediaplateforme.com\/fr\/la-fondation-academia-fete-ses-25-ans-au-service-des-etudiants-meritants\/#breadcrumb\"},\"inLanguage\":\"fr-FR\",\"potentialAction\":[{\"@type\":\"ReadAction\",\"target\":[\"https:\/\/www.mediaplateforme.com\/fr\/la-fondation-academia-fete-ses-25-ans-au-service-des-etudiants-meritants\/\"]}]},{\"@type\":\"BreadcrumbList\",\"@id\":\"https:\/\/www.mediaplateforme.com\/fr\/la-fondation-academia-fete-ses-25-ans-au-service-des-etudiants-meritants\/#breadcrumb\",\"itemListElement\":[{\"@type\":\"ListItem\",\"position\":1,\"name\":\"\u0627\u0644\u0631\u0626\u064a\u0633\u064a\u0629\",\"item\":\"https:\/\/www.mediaplateforme.com\/fr\/\"},{\"@type\":\"ListItem\",\"position\":2,\"name\":\"LA FONDATION ACAD\u00c9MIA F\u00caTE SES 25 ANS AU SERVICE DES \u00c9TUDIANTS M\u00c9RITANTS\"}]},{\"@type\":\"WebSite\",\"@id\":\"https:\/\/www.mediaplateforme.com\/fr\/#website\",\"url\":\"https:\/\/www.mediaplateforme.com\/fr\/\",\"name\":\"MEDIA PLATEFORME | FR\",\"description\":\"Mediaplateforme sp\u00e9cialis\u00e9 dans la communication institutions publiques et des entreprises\",\"potentialAction\":[{\"@type\":\"SearchAction\",\"target\":{\"@type\":\"EntryPoint\",\"urlTemplate\":\"https:\/\/www.mediaplateforme.com\/fr\/?s={search_term_string}\"},\"query-input\":\"required name=search_term_string\"}],\"inLanguage\":\"fr-FR\"},{\"@type\":\"Person\",\"@id\":\"https:\/\/www.mediaplateforme.com\/fr\/#\/schema\/person\/89833db382b5db2c76b094bc902aa12a\",\"name\":\"Mediaplateforme\",\"image\":{\"@type\":\"ImageObject\",\"inLanguage\":\"fr-FR\",\"@id\":\"https:\/\/www.mediaplateforme.com\/fr\/#\/schema\/person\/image\/\",\"url\":\"https:\/\/secure.gravatar.com\/avatar\/6c9c02e8928cc65d54bf75157f7b3a2d06d7ad0494ca0951f679552ff03b34c1?s=96&d=mm&r=g\",\"contentUrl\":\"https:\/\/secure.gravatar.com\/avatar\/6c9c02e8928cc65d54bf75157f7b3a2d06d7ad0494ca0951f679552ff03b34c1?s=96&d=mm&r=g\",\"caption\":\"Mediaplateforme\"},\"sameAs\":[\"https:\/\/www.mediaplateforme.com\"],\"url\":\"https:\/\/www.mediaplateforme.com\/fr\/author\/mohamedladib\/\"}]}<\/script>\n<!-- \/ Yoast SEO plugin. -->","yoast_head_json":{"title":"LA FONDATION ACAD\u00c9MIA F\u00caTE SES 25 ANS AU SERVICE DES \u00c9TUDIANTS M\u00c9RITANTS - MEDIA PLATEFORME | FR","description":"La fondation Acad\u00e9mia, pr\u00e9sid\u00e9e actuellement par la fondation Banque Populaire en la personne de Mme Asma Lebbar, a c\u00e9l\u00e9br\u00e9, ,","robots":{"index":"index","follow":"follow","max-snippet":"max-snippet:-1","max-image-preview":"max-image-preview:large","max-video-preview":"max-video-preview:-1"},"canonical":"https:\/\/www.mediaplateforme.com\/fr\/la-fondation-academia-fete-ses-25-ans-au-service-des-etudiants-meritants\/","og_locale":"fr_FR","og_type":"article","og_title":"LA FONDATION ACAD\u00c9MIA F\u00caTE SES 25 ANS AU SERVICE DES \u00c9TUDIANTS M\u00c9RITANTS - MEDIA PLATEFORME | FR","og_description":"La fondation Acad\u00e9mia, pr\u00e9sid\u00e9e actuellement par la fondation Banque Populaire en la personne de Mme Asma Lebbar, a c\u00e9l\u00e9br\u00e9, ,","og_url":"https:\/\/www.mediaplateforme.com\/fr\/la-fondation-academia-fete-ses-25-ans-au-service-des-etudiants-meritants\/","og_site_name":"MEDIA PLATEFORME | FR","article_published_time":"2023-01-19T18:46:53+00:00","og_image":[{"width":746,"height":380,"url":"https:\/\/www.mediaplateforme.com\/fr\/wp-content\/uploads\/sites\/5\/2022\/12\/siege-bp.png","type":"image\/png"}],"author":"Mediaplateforme","twitter_card":"summary_large_image","twitter_misc":{"\u00c9crit par":"Mediaplateforme","Dur\u00e9e de lecture estim\u00e9e":"3 minutes"},"schema":{"@context":"https:\/\/schema.org","@graph":[{"@type":"WebPage","@id":"https:\/\/www.mediaplateforme.com\/fr\/la-fondation-academia-fete-ses-25-ans-au-service-des-etudiants-meritants\/","url":"https:\/\/www.mediaplateforme.com\/fr\/la-fondation-academia-fete-ses-25-ans-au-service-des-etudiants-meritants\/","name":"LA FONDATION ACAD\u00c9MIA F\u00caTE SES 25 ANS AU SERVICE DES \u00c9TUDIANTS M\u00c9RITANTS - MEDIA PLATEFORME | FR","isPartOf":{"@id":"https:\/\/www.mediaplateforme.com\/fr\/#website"},"datePublished":"2023-01-19T18:46:53+00:00","dateModified":"2023-01-19T18:46:53+00:00","author":{"@id":"https:\/\/www.mediaplateforme.com\/fr\/#\/schema\/person\/89833db382b5db2c76b094bc902aa12a"},"description":"La fondation Acad\u00e9mia, pr\u00e9sid\u00e9e actuellement par la fondation Banque Populaire en la personne de Mme Asma Lebbar, a c\u00e9l\u00e9br\u00e9, ,","breadcrumb":{"@id":"https:\/\/www.mediaplateforme.com\/fr\/la-fondation-academia-fete-ses-25-ans-au-service-des-etudiants-meritants\/#breadcrumb"},"inLanguage":"fr-FR","potentialAction":[{"@type":"ReadAction","target":["https:\/\/www.mediaplateforme.com\/fr\/la-fondation-academia-fete-ses-25-ans-au-service-des-etudiants-meritants\/"]}]},{"@type":"BreadcrumbList","@id":"https:\/\/www.mediaplateforme.com\/fr\/la-fondation-academia-fete-ses-25-ans-au-service-des-etudiants-meritants\/#breadcrumb","itemListElement":[{"@type":"ListItem","position":1,"name":"\u0627\u0644\u0631\u0626\u064a\u0633\u064a\u0629","item":"https:\/\/www.mediaplateforme.com\/fr\/"},{"@type":"ListItem","position":2,"name":"LA FONDATION ACAD\u00c9MIA F\u00caTE SES 25 ANS AU SERVICE DES \u00c9TUDIANTS M\u00c9RITANTS"}]},{"@type":"WebSite","@id":"https:\/\/www.mediaplateforme.com\/fr\/#website","url":"https:\/\/www.mediaplateforme.com\/fr\/","name":"MEDIA PLATEFORME | FR","description":"Mediaplateforme sp\u00e9cialis\u00e9 dans la communication institutions publiques et des entreprises","potentialAction":[{"@type":"SearchAction","target":{"@type":"EntryPoint","urlTemplate":"https:\/\/www.mediaplateforme.com\/fr\/?s={search_term_string}"},"query-input":"required name=search_term_string"}],"inLanguage":"fr-FR"},{"@type":"Person","@id":"https:\/\/www.mediaplateforme.com\/fr\/#\/schema\/person\/89833db382b5db2c76b094bc902aa12a","name":"Mediaplateforme","image":{"@type":"ImageObject","inLanguage":"fr-FR","@id":"https:\/\/www.mediaplateforme.com\/fr\/#\/schema\/person\/image\/","url":"https:\/\/secure.gravatar.com\/avatar\/6c9c02e8928cc65d54bf75157f7b3a2d06d7ad0494ca0951f679552ff03b34c1?s=96&d=mm&r=g","contentUrl":"https:\/\/secure.gravatar.com\/avatar\/6c9c02e8928cc65d54bf75157f7b3a2d06d7ad0494ca0951f679552ff03b34c1?s=96&d=mm&r=g","caption":"Mediaplateforme"},"sameAs":["https:\/\/www.mediaplateforme.com"],"url":"https:\/\/www.mediaplateforme.com\/fr\/author\/mohamedladib\/"}]}},"_links":{"self":[{"href":"https:\/\/www.mediaplateforme.com\/fr\/wp-json\/wp\/v2\/posts\/2117","targetHints":{"allow":["GET"]}}],"collection":[{"href":"https:\/\/www.mediaplateforme.com\/fr\/wp-json\/wp\/v2\/posts"}],"about":[{"href":"https:\/\/www.mediaplateforme.com\/fr\/wp-json\/wp\/v2\/types\/post"}],"author":[{"embeddable":true,"href":"https:\/\/www.mediaplateforme.com\/fr\/wp-json\/wp\/v2\/users\/1"}],"replies":[{"embeddable":true,"href":"https:\/\/www.mediaplateforme.com\/fr\/wp-json\/wp\/v2\/comments?post=2117"}],"version-history":[{"count":1,"href":"https:\/\/www.mediaplateforme.com\/fr\/wp-json\/wp\/v2\/posts\/2117\/revisions"}],"predecessor-version":[{"id":2118,"href":"https:\/\/www.mediaplateforme.com\/fr\/wp-json\/wp\/v2\/posts\/2117\/revisions\/2118"}],"wp:featuredmedia":[{"embeddable":true,"href":"https:\/\/www.mediaplateforme.com\/fr\/wp-json\/wp\/v2\/media\/2007"}],"wp:attachment":[{"href":"https:\/\/www.mediaplateforme.com\/fr\/wp-json\/wp\/v2\/media?parent=2117"}],"wp:term":[{"taxonomy":"category","embeddable":true,"href":"https:\/\/www.mediaplateforme.com\/fr\/wp-json\/wp\/v2\/categories?post=2117"},{"taxonomy":"post_tag","embeddable":true,"href":"https:\/\/www.mediaplateforme.com\/fr\/wp-json\/wp\/v2\/tags?post=2117"}],"curies":[{"name":"wp","href":"https:\/\/api.w.org\/{rel}","templated":true}]}}