{"id":2112,"date":"2023-01-19T19:28:13","date_gmt":"2023-01-19T18:28:13","guid":{"rendered":"https:\/\/www.mediaplateforme.com\/fr\/?p=2112"},"modified":"2023-01-19T19:35:05","modified_gmt":"2023-01-19T18:35:05","slug":"lamcop-invite-a-une-reflexion-sur-la-reglementation-du-metier-de-syndic","status":"publish","type":"post","link":"https:\/\/www.mediaplateforme.com\/fr\/lamcop-invite-a-une-reflexion-sur-la-reglementation-du-metier-de-syndic\/","title":{"rendered":"L\u2019AMCOP invite \u00e0 une r\u00e9flexion sur la r\u00e9glementation du m\u00e9tier de syndic"},"content":{"rendered":"<p>L\u2019Association Marocaine de la Copropri\u00e9t\u00e9 (AMCOP) ouvre le d\u00e9bat sur la copropri\u00e9t\u00e9 et la gestion de syndic au Maroc et lance son cycle de tables rondes \u00ab\u00a0Les Matin\u00e9es Copro\u00a0\u00bb.<\/p>\n<p>\u00c0 travers cette initiative, l\u2019AMCOP invite les professionnels de la copropri\u00e9t\u00e9 \u00e0 se retrouver d\u00e8s ce 20 janvier, autour d\u2019une m\u00eame table afin de discuter de la probl\u00e9matique qu\u2019est la r\u00e9glementation du m\u00e9tier de syndic qui constitue aujourd\u2019hui une \u00e9tape importante pour la r\u00e9forme de la copropri\u00e9t\u00e9.<\/p>\n<p>&nbsp;<\/p>\n<p>La premi\u00e8re \u00e9dition des \u00ab\u00a0Matin\u00e9es de la copro\u00a0\u00bb aura lieu vendredi 20 janvier et portera sur le th\u00e8me \u201cLa r\u00e9glementation du m\u00e9tier de syndic, une \u00e9tape indispensable pour la r\u00e9forme de la copropri\u00e9t\u00e9 au Maroc\u00a0\u00bb. Les \u00e9changes auront lieu en pr\u00e9sence de professionnel.le.s du m\u00e9tier, d\u2019experts juridiques, de notaires, d\u2019avocats et de syndics de copropri\u00e9t\u00e9.<\/p>\n<p>Seront pr\u00e9sents dans le cadre de cette table ronde, les intervenants suivants\u00a0:<\/p>\n<ul>\n<li>Hicham Belkhir, Inspecteur G\u00e9n\u00e9ral de l&rsquo;Agence Nationale de la Conservation Fonci\u00e8re, du Cadastre et de la Cartographie<\/li>\n<li>Khalid Yousfi, Pr\u00e9sident du Conseil R\u00e9gional de l&rsquo;Ordre National des Ing\u00e9nieurs G\u00e9om\u00e8tres Topographes<\/li>\n<li>Younes Anibar, Avocat aux barreaux de Casablanca<\/li>\n<li>Selwa Ammagui, Notaire et Repr\u00e9sentante du Conseil R\u00e9gional des Notaires de Casablanca<\/li>\n<li>Youssef Kadiri, Directeur G\u00e9n\u00e9ral de PRESTALYS<\/li>\n<li>Dalila Ennaciri, Directrice G\u00e9n\u00e9rale D\u00e9l\u00e9gu\u00e9e de Biben et Pr\u00e9sidente de l\u2019AMCOP<\/li>\n<\/ul>\n<p>&nbsp;<\/p>\n<p>A ce propos, Dalila Ennaciri, Pr\u00e9sidente de l\u2019AMCOP explique : \u201c Le m\u00e9tier de syndic joue un r\u00f4le important dans la valorisation de notre patrimoine or il n\u2019y a aucune r\u00e9glementation mise en place pour le r\u00e9gir. Il n\u2019y a aucun crit\u00e8re d\u2019acc\u00e8s au m\u00e9tier ni de contr\u00f4le sur les fonds qu\u2019ils collectent. Les syndics ne disposent pas de carte professionnelle et n\u2019ont aucune obligation de moyens, pour ne citer que ces manquements. C\u2019est la raison pour laquelle nous avons d\u00e9cid\u00e9 de consacrer cette matin\u00e9e \u00e0 une r\u00e9flexion profonde qui nous permettra d\u2019aboutir, ensemble, \u00e0 des solutions pour que le m\u00e9tier soit r\u00e9glement\u00e9\u201d. La profession de syndic au Maroc n\u2019est pas structur\u00e9e. Aussi, Dalila Ennaciri appelle les professionnels \u00e0 s\u2019organiser pour mieux se prot\u00e9ger. Elle indique : \u201cles professionnels veulent faire entendre leur voix aupr\u00e8s du l\u00e9gislateur, des autorit\u00e9s locales mais aussi de l\u2019ensemble des acteurs qui orbitent autour de la copropri\u00e9t\u00e9\u201d.<\/p>\n<p>&nbsp;<\/p>\n<p>En sa qualit\u00e9 de premi\u00e8re association marocaine de la copropri\u00e9t\u00e9, l\u2019AMCOP s\u2019est investie de la mission de porter plus haut le secteur au Maroc. Pour la r\u00e9ussir, l\u2019Association souhaite mettre en place les jalons d\u2019une gestion de copropri\u00e9t\u00e9 \u00e0 l\u2019image de la mutation du paysage immobilier marocain mais aussi faire \u00e9voluer le cadre l\u00e9gislatif. C\u2019est en suivant cette logique que l\u2019AMCOP organise mensuellement des \u201cmatin\u00e9es corpo\u201d durant lesquelles les professionnels du m\u00e9tier se retrouvent pour d\u00e9battre d\u2019un sujet particulier en rapport avec la copropri\u00e9t\u00e9. Le but : apporter ensemble des solutions pour am\u00e9liorer la profession.<\/p>\n<p><strong>\u00a0<\/strong><\/p>\n<p>&nbsp;<\/p>\n<h4><strong>A PROPOS DE L\u2019AMCOP<\/strong><\/h4>\n<p>&nbsp;<\/p>\n<p>Fond\u00e9e en 2021, l\u2019Association Marocaine de la Copropri\u00e9t\u00e9 (AMCOP) est un espace de convergence d\u00e9di\u00e9 aux professionnels du secteur de la copropri\u00e9t\u00e9.<\/p>\n<p>L\u2019AMCOP est une association participative et inclusive dont l\u2019ambition est de faire progresser le d\u00e9bat sur la gestion du patrimoine b\u00e2ti, de contribuer au d\u00e9veloppement du secteur immobilier et surtout r\u00e9volutionner le m\u00e9tier de syndic de copropri\u00e9t\u00e9.<\/p>\n<p>Elle a \u00e9t\u00e9 cr\u00e9\u00e9e devant le constat incontestable de l\u2019\u00e9volution et la transformation du paysage immobilier au Maroc.<\/p>\n","protected":false},"excerpt":{"rendered":"<p>L\u2019Association Marocaine de la Copropri\u00e9t\u00e9 (AMCOP) ouvre le d\u00e9bat sur la copropri\u00e9t\u00e9 et la gestion<\/p>\n","protected":false},"author":1,"featured_media":2113,"comment_status":"open","ping_status":"open","sticky":false,"template":"","format":"standard","meta":{"_acf_changed":false,"footnotes":""},"categories":[4,3],"tags":[657],"class_list":["post-2112","post","type-post","status-publish","format-standard","has-post-thumbnail","hentry","category-economie","category-nouvelles-selectionnees","tag-amcop"],"acf":[],"yoast_head":"<!-- This site is optimized with the Yoast SEO plugin v22.0 - https:\/\/yoast.com\/wordpress\/plugins\/seo\/ -->\n<title>L\u2019AMCOP invite \u00e0 une r\u00e9flexion sur la r\u00e9glementation du m\u00e9tier de syndic - MEDIA PLATEFORME | FR<\/title>\n<meta name=\"description\" content=\"L\u2019Association Marocaine de la Copropri\u00e9t\u00e9 (AMCOP) ouvre le d\u00e9bat sur la copropri\u00e9t\u00e9 et la gestion de syndic au Maroc et lance son cycle\" \/>\n<meta name=\"robots\" content=\"index, follow, max-snippet:-1, max-image-preview:large, max-video-preview:-1\" \/>\n<link rel=\"canonical\" href=\"https:\/\/www.mediaplateforme.com\/fr\/lamcop-invite-a-une-reflexion-sur-la-reglementation-du-metier-de-syndic\/\" \/>\n<meta property=\"og:locale\" content=\"fr_FR\" \/>\n<meta property=\"og:type\" content=\"article\" \/>\n<meta property=\"og:title\" content=\"L\u2019AMCOP invite \u00e0 une r\u00e9flexion sur la r\u00e9glementation du m\u00e9tier de syndic - MEDIA PLATEFORME | FR\" \/>\n<meta property=\"og:description\" content=\"L\u2019Association Marocaine de la Copropri\u00e9t\u00e9 (AMCOP) ouvre le d\u00e9bat sur la copropri\u00e9t\u00e9 et la gestion de syndic au Maroc et lance son cycle\" \/>\n<meta property=\"og:url\" content=\"https:\/\/www.mediaplateforme.com\/fr\/lamcop-invite-a-une-reflexion-sur-la-reglementation-du-metier-de-syndic\/\" \/>\n<meta property=\"og:site_name\" content=\"MEDIA PLATEFORME | FR\" \/>\n<meta property=\"article:published_time\" content=\"2023-01-19T18:28:13+00:00\" \/>\n<meta property=\"article:modified_time\" content=\"2023-01-19T18:35:05+00:00\" \/>\n<meta property=\"og:image\" content=\"https:\/\/www.mediaplateforme.com\/fr\/wp-content\/uploads\/sites\/5\/2023\/01\/ban_responsabilite_syndic.jpg\" \/>\n\t<meta property=\"og:image:width\" content=\"616\" \/>\n\t<meta property=\"og:image:height\" content=\"300\" \/>\n\t<meta property=\"og:image:type\" content=\"image\/jpeg\" \/>\n<meta name=\"author\" content=\"Mediaplateforme\" \/>\n<meta name=\"twitter:card\" content=\"summary_large_image\" \/>\n<meta name=\"twitter:label1\" content=\"\u00c9crit par\" \/>\n\t<meta name=\"twitter:data1\" content=\"Mediaplateforme\" \/>\n\t<meta name=\"twitter:label2\" content=\"Dur\u00e9e de lecture estim\u00e9e\" \/>\n\t<meta name=\"twitter:data2\" content=\"3 minutes\" \/>\n<script type=\"application\/ld+json\" class=\"yoast-schema-graph\">{\"@context\":\"https:\/\/schema.org\",\"@graph\":[{\"@type\":\"WebPage\",\"@id\":\"https:\/\/www.mediaplateforme.com\/fr\/lamcop-invite-a-une-reflexion-sur-la-reglementation-du-metier-de-syndic\/\",\"url\":\"https:\/\/www.mediaplateforme.com\/fr\/lamcop-invite-a-une-reflexion-sur-la-reglementation-du-metier-de-syndic\/\",\"name\":\"L\u2019AMCOP invite \u00e0 une r\u00e9flexion sur la r\u00e9glementation du m\u00e9tier de syndic - MEDIA PLATEFORME | FR\",\"isPartOf\":{\"@id\":\"https:\/\/www.mediaplateforme.com\/fr\/#website\"},\"datePublished\":\"2023-01-19T18:28:13+00:00\",\"dateModified\":\"2023-01-19T18:35:05+00:00\",\"author\":{\"@id\":\"https:\/\/www.mediaplateforme.com\/fr\/#\/schema\/person\/89833db382b5db2c76b094bc902aa12a\"},\"description\":\"L\u2019Association Marocaine de la Copropri\u00e9t\u00e9 (AMCOP) ouvre le d\u00e9bat sur la copropri\u00e9t\u00e9 et la gestion de syndic au Maroc et lance son cycle\",\"breadcrumb\":{\"@id\":\"https:\/\/www.mediaplateforme.com\/fr\/lamcop-invite-a-une-reflexion-sur-la-reglementation-du-metier-de-syndic\/#breadcrumb\"},\"inLanguage\":\"fr-FR\",\"potentialAction\":[{\"@type\":\"ReadAction\",\"target\":[\"https:\/\/www.mediaplateforme.com\/fr\/lamcop-invite-a-une-reflexion-sur-la-reglementation-du-metier-de-syndic\/\"]}]},{\"@type\":\"BreadcrumbList\",\"@id\":\"https:\/\/www.mediaplateforme.com\/fr\/lamcop-invite-a-une-reflexion-sur-la-reglementation-du-metier-de-syndic\/#breadcrumb\",\"itemListElement\":[{\"@type\":\"ListItem\",\"position\":1,\"name\":\"\u0627\u0644\u0631\u0626\u064a\u0633\u064a\u0629\",\"item\":\"https:\/\/www.mediaplateforme.com\/fr\/\"},{\"@type\":\"ListItem\",\"position\":2,\"name\":\"L\u2019AMCOP invite \u00e0 une r\u00e9flexion sur la r\u00e9glementation du m\u00e9tier de syndic\"}]},{\"@type\":\"WebSite\",\"@id\":\"https:\/\/www.mediaplateforme.com\/fr\/#website\",\"url\":\"https:\/\/www.mediaplateforme.com\/fr\/\",\"name\":\"MEDIA PLATEFORME | FR\",\"description\":\"Mediaplateforme sp\u00e9cialis\u00e9 dans la communication institutions publiques et des entreprises\",\"potentialAction\":[{\"@type\":\"SearchAction\",\"target\":{\"@type\":\"EntryPoint\",\"urlTemplate\":\"https:\/\/www.mediaplateforme.com\/fr\/?s={search_term_string}\"},\"query-input\":\"required name=search_term_string\"}],\"inLanguage\":\"fr-FR\"},{\"@type\":\"Person\",\"@id\":\"https:\/\/www.mediaplateforme.com\/fr\/#\/schema\/person\/89833db382b5db2c76b094bc902aa12a\",\"name\":\"Mediaplateforme\",\"image\":{\"@type\":\"ImageObject\",\"inLanguage\":\"fr-FR\",\"@id\":\"https:\/\/www.mediaplateforme.com\/fr\/#\/schema\/person\/image\/\",\"url\":\"https:\/\/secure.gravatar.com\/avatar\/6c9c02e8928cc65d54bf75157f7b3a2d06d7ad0494ca0951f679552ff03b34c1?s=96&d=mm&r=g\",\"contentUrl\":\"https:\/\/secure.gravatar.com\/avatar\/6c9c02e8928cc65d54bf75157f7b3a2d06d7ad0494ca0951f679552ff03b34c1?s=96&d=mm&r=g\",\"caption\":\"Mediaplateforme\"},\"sameAs\":[\"https:\/\/www.mediaplateforme.com\"],\"url\":\"https:\/\/www.mediaplateforme.com\/fr\/author\/mohamedladib\/\"}]}<\/script>\n<!-- \/ Yoast SEO plugin. -->","yoast_head_json":{"title":"L\u2019AMCOP invite \u00e0 une r\u00e9flexion sur la r\u00e9glementation du m\u00e9tier de syndic - MEDIA PLATEFORME | FR","description":"L\u2019Association Marocaine de la Copropri\u00e9t\u00e9 (AMCOP) ouvre le d\u00e9bat sur la copropri\u00e9t\u00e9 et la gestion de syndic au Maroc et lance son cycle","robots":{"index":"index","follow":"follow","max-snippet":"max-snippet:-1","max-image-preview":"max-image-preview:large","max-video-preview":"max-video-preview:-1"},"canonical":"https:\/\/www.mediaplateforme.com\/fr\/lamcop-invite-a-une-reflexion-sur-la-reglementation-du-metier-de-syndic\/","og_locale":"fr_FR","og_type":"article","og_title":"L\u2019AMCOP invite \u00e0 une r\u00e9flexion sur la r\u00e9glementation du m\u00e9tier de syndic - MEDIA PLATEFORME | FR","og_description":"L\u2019Association Marocaine de la Copropri\u00e9t\u00e9 (AMCOP) ouvre le d\u00e9bat sur la copropri\u00e9t\u00e9 et la gestion de syndic au Maroc et lance son cycle","og_url":"https:\/\/www.mediaplateforme.com\/fr\/lamcop-invite-a-une-reflexion-sur-la-reglementation-du-metier-de-syndic\/","og_site_name":"MEDIA PLATEFORME | FR","article_published_time":"2023-01-19T18:28:13+00:00","article_modified_time":"2023-01-19T18:35:05+00:00","og_image":[{"width":616,"height":300,"url":"https:\/\/www.mediaplateforme.com\/fr\/wp-content\/uploads\/sites\/5\/2023\/01\/ban_responsabilite_syndic.jpg","type":"image\/jpeg"}],"author":"Mediaplateforme","twitter_card":"summary_large_image","twitter_misc":{"\u00c9crit par":"Mediaplateforme","Dur\u00e9e de lecture estim\u00e9e":"3 minutes"},"schema":{"@context":"https:\/\/schema.org","@graph":[{"@type":"WebPage","@id":"https:\/\/www.mediaplateforme.com\/fr\/lamcop-invite-a-une-reflexion-sur-la-reglementation-du-metier-de-syndic\/","url":"https:\/\/www.mediaplateforme.com\/fr\/lamcop-invite-a-une-reflexion-sur-la-reglementation-du-metier-de-syndic\/","name":"L\u2019AMCOP invite \u00e0 une r\u00e9flexion sur la r\u00e9glementation du m\u00e9tier de syndic - MEDIA PLATEFORME | FR","isPartOf":{"@id":"https:\/\/www.mediaplateforme.com\/fr\/#website"},"datePublished":"2023-01-19T18:28:13+00:00","dateModified":"2023-01-19T18:35:05+00:00","author":{"@id":"https:\/\/www.mediaplateforme.com\/fr\/#\/schema\/person\/89833db382b5db2c76b094bc902aa12a"},"description":"L\u2019Association Marocaine de la Copropri\u00e9t\u00e9 (AMCOP) ouvre le d\u00e9bat sur la copropri\u00e9t\u00e9 et la gestion de syndic au Maroc et lance son cycle","breadcrumb":{"@id":"https:\/\/www.mediaplateforme.com\/fr\/lamcop-invite-a-une-reflexion-sur-la-reglementation-du-metier-de-syndic\/#breadcrumb"},"inLanguage":"fr-FR","potentialAction":[{"@type":"ReadAction","target":["https:\/\/www.mediaplateforme.com\/fr\/lamcop-invite-a-une-reflexion-sur-la-reglementation-du-metier-de-syndic\/"]}]},{"@type":"BreadcrumbList","@id":"https:\/\/www.mediaplateforme.com\/fr\/lamcop-invite-a-une-reflexion-sur-la-reglementation-du-metier-de-syndic\/#breadcrumb","itemListElement":[{"@type":"ListItem","position":1,"name":"\u0627\u0644\u0631\u0626\u064a\u0633\u064a\u0629","item":"https:\/\/www.mediaplateforme.com\/fr\/"},{"@type":"ListItem","position":2,"name":"L\u2019AMCOP invite \u00e0 une r\u00e9flexion sur la r\u00e9glementation du m\u00e9tier de syndic"}]},{"@type":"WebSite","@id":"https:\/\/www.mediaplateforme.com\/fr\/#website","url":"https:\/\/www.mediaplateforme.com\/fr\/","name":"MEDIA PLATEFORME | FR","description":"Mediaplateforme sp\u00e9cialis\u00e9 dans la communication institutions publiques et des entreprises","potentialAction":[{"@type":"SearchAction","target":{"@type":"EntryPoint","urlTemplate":"https:\/\/www.mediaplateforme.com\/fr\/?s={search_term_string}"},"query-input":"required name=search_term_string"}],"inLanguage":"fr-FR"},{"@type":"Person","@id":"https:\/\/www.mediaplateforme.com\/fr\/#\/schema\/person\/89833db382b5db2c76b094bc902aa12a","name":"Mediaplateforme","image":{"@type":"ImageObject","inLanguage":"fr-FR","@id":"https:\/\/www.mediaplateforme.com\/fr\/#\/schema\/person\/image\/","url":"https:\/\/secure.gravatar.com\/avatar\/6c9c02e8928cc65d54bf75157f7b3a2d06d7ad0494ca0951f679552ff03b34c1?s=96&d=mm&r=g","contentUrl":"https:\/\/secure.gravatar.com\/avatar\/6c9c02e8928cc65d54bf75157f7b3a2d06d7ad0494ca0951f679552ff03b34c1?s=96&d=mm&r=g","caption":"Mediaplateforme"},"sameAs":["https:\/\/www.mediaplateforme.com"],"url":"https:\/\/www.mediaplateforme.com\/fr\/author\/mohamedladib\/"}]}},"_links":{"self":[{"href":"https:\/\/www.mediaplateforme.com\/fr\/wp-json\/wp\/v2\/posts\/2112","targetHints":{"allow":["GET"]}}],"collection":[{"href":"https:\/\/www.mediaplateforme.com\/fr\/wp-json\/wp\/v2\/posts"}],"about":[{"href":"https:\/\/www.mediaplateforme.com\/fr\/wp-json\/wp\/v2\/types\/post"}],"author":[{"embeddable":true,"href":"https:\/\/www.mediaplateforme.com\/fr\/wp-json\/wp\/v2\/users\/1"}],"replies":[{"embeddable":true,"href":"https:\/\/www.mediaplateforme.com\/fr\/wp-json\/wp\/v2\/comments?post=2112"}],"version-history":[{"count":3,"href":"https:\/\/www.mediaplateforme.com\/fr\/wp-json\/wp\/v2\/posts\/2112\/revisions"}],"predecessor-version":[{"id":2116,"href":"https:\/\/www.mediaplateforme.com\/fr\/wp-json\/wp\/v2\/posts\/2112\/revisions\/2116"}],"wp:featuredmedia":[{"embeddable":true,"href":"https:\/\/www.mediaplateforme.com\/fr\/wp-json\/wp\/v2\/media\/2113"}],"wp:attachment":[{"href":"https:\/\/www.mediaplateforme.com\/fr\/wp-json\/wp\/v2\/media?parent=2112"}],"wp:term":[{"taxonomy":"category","embeddable":true,"href":"https:\/\/www.mediaplateforme.com\/fr\/wp-json\/wp\/v2\/categories?post=2112"},{"taxonomy":"post_tag","embeddable":true,"href":"https:\/\/www.mediaplateforme.com\/fr\/wp-json\/wp\/v2\/tags?post=2112"}],"curies":[{"name":"wp","href":"https:\/\/api.w.org\/{rel}","templated":true}]}}