{"id":2072,"date":"2023-01-18T12:53:40","date_gmt":"2023-01-18T11:53:40","guid":{"rendered":"https:\/\/www.mediaplateforme.com\/fr\/?p=2072"},"modified":"2023-01-18T12:53:40","modified_gmt":"2023-01-18T11:53:40","slug":"la-caravane-de-sensibilisation-de-morocco-foodex-arrive-a-meknes","status":"publish","type":"post","link":"https:\/\/www.mediaplateforme.com\/fr\/la-caravane-de-sensibilisation-de-morocco-foodex-arrive-a-meknes\/","title":{"rendered":"La caravane de sensibilisation de Morocco Foodex arrive \u00e0 Mekn\u00e8s"},"content":{"rendered":"<p style=\"font-weight: 400;\">Morocco Foodex, en collaboration avec l\u2019Organisation des Nations-Unies pour l\u2019Alimentation et l\u2019Agriculture (FAO) et la Banque Europ\u00e9enne pour la Reconstruction et le D\u00e9veloppement (BERD), vient d\u2019achever, le 16 janvier 2023 \u00e0 Mekn\u00e8s, l\u2019avant derni\u00e8re \u00e9tape de sa caravane d\u2019information et de sensibilisation. Articul\u00e9e autour de s\u00e9minaires et de workshops, cette caravane, qui avait d\u00e9but\u00e9, le 04 janvier dernier \u00e0 Agadir, et qui a d\u00e9j\u00e0 sillonn\u00e9 les villes de Marrakech, B\u00e9ni Mellal et K\u00e9nitra, se terminera \u00e0 Berkane le 18 janvier prochain.<\/p>\n<p style=\"font-weight: 400;\">Cette caravane permet d\u2019aller \u00e0 la rencontre de plusieurs producteurs exportateurs dans l\u2019objectif de d\u00e9velopper l\u2019int\u00e9r\u00eat et l\u2019adh\u00e9sion de l\u2019ensemble des parties prenantes afin de d\u00e9velopper et d\u2019adopter un syst\u00e8me de lab\u00e9lisation commun alliant qualit\u00e9 et durabilit\u00e9.<\/p>\n<p style=\"font-weight: 400;\">Pour rappel, et dans le cadre de l\u2019initiative \u00ab\u00a0Green Deal\u00a0\u00bb, lanc\u00e9e par l\u2019Union Europ\u00e9enne et destin\u00e9e \u00e0 rendre son \u00e9conomie durable et climatiquement neutre \u00e0 l\u2019horizon 2050, Morocco Foodex avait paraph\u00e9 un accord avec la FAO qui permet de mettre en place et de promouvoir un Ecolabel au profit des exportateurs marocains du secteur agroalimentaire. Ce label vise \u00e0 valoriser l\u2019offre exportable marocaine face aux futurs enjeux environnementaux.<\/p>\n","protected":false},"excerpt":{"rendered":"<p>Morocco Foodex, en collaboration avec l\u2019Organisation des Nations-Unies pour l\u2019Alimentation et l\u2019Agriculture (FAO) et la<\/p>\n","protected":false},"author":1,"featured_media":2073,"comment_status":"open","ping_status":"open","sticky":false,"template":"","format":"standard","meta":{"_acf_changed":false,"footnotes":""},"categories":[4,3],"tags":[650],"class_list":["post-2072","post","type-post","status-publish","format-standard","has-post-thumbnail","hentry","category-economie","category-nouvelles-selectionnees","tag-morocco-foodex"],"acf":[],"yoast_head":"<!-- This site is optimized with the Yoast SEO plugin v22.0 - https:\/\/yoast.com\/wordpress\/plugins\/seo\/ -->\n<title>La caravane de sensibilisation de Morocco Foodex arrive \u00e0 Mekn\u00e8s - MEDIA PLATEFORME | FR<\/title>\n<meta name=\"description\" content=\"Morocco Foodex, en collaboration avec l\u2019Organisation des Nations-Unies pour l\u2019Alimentation et l\u2019Agriculture (FAO) et la Banque Europ\u00e9enne\" \/>\n<meta name=\"robots\" content=\"index, follow, max-snippet:-1, max-image-preview:large, max-video-preview:-1\" \/>\n<link rel=\"canonical\" href=\"https:\/\/www.mediaplateforme.com\/fr\/la-caravane-de-sensibilisation-de-morocco-foodex-arrive-a-meknes\/\" \/>\n<meta property=\"og:locale\" content=\"fr_FR\" \/>\n<meta property=\"og:type\" content=\"article\" \/>\n<meta property=\"og:title\" content=\"La caravane de sensibilisation de Morocco Foodex arrive \u00e0 Mekn\u00e8s - MEDIA PLATEFORME | FR\" \/>\n<meta property=\"og:description\" content=\"Morocco Foodex, en collaboration avec l\u2019Organisation des Nations-Unies pour l\u2019Alimentation et l\u2019Agriculture (FAO) et la Banque Europ\u00e9enne\" \/>\n<meta property=\"og:url\" content=\"https:\/\/www.mediaplateforme.com\/fr\/la-caravane-de-sensibilisation-de-morocco-foodex-arrive-a-meknes\/\" \/>\n<meta property=\"og:site_name\" content=\"MEDIA PLATEFORME | FR\" \/>\n<meta property=\"article:published_time\" content=\"2023-01-18T11:53:40+00:00\" \/>\n<meta property=\"og:image\" content=\"https:\/\/www.mediaplateforme.com\/fr\/wp-content\/uploads\/sites\/5\/2023\/01\/DB594315-4859-4D99-B8C7-EF7B66906066.jpeg\" \/>\n\t<meta property=\"og:image:width\" content=\"1080\" \/>\n\t<meta property=\"og:image:height\" content=\"1080\" \/>\n\t<meta property=\"og:image:type\" content=\"image\/jpeg\" \/>\n<meta name=\"author\" content=\"Mediaplateforme\" \/>\n<meta name=\"twitter:card\" content=\"summary_large_image\" \/>\n<meta name=\"twitter:label1\" content=\"\u00c9crit par\" \/>\n\t<meta name=\"twitter:data1\" content=\"Mediaplateforme\" \/>\n\t<meta name=\"twitter:label2\" content=\"Dur\u00e9e de lecture estim\u00e9e\" \/>\n\t<meta name=\"twitter:data2\" content=\"1 minute\" \/>\n<script type=\"application\/ld+json\" class=\"yoast-schema-graph\">{\"@context\":\"https:\/\/schema.org\",\"@graph\":[{\"@type\":\"WebPage\",\"@id\":\"https:\/\/www.mediaplateforme.com\/fr\/la-caravane-de-sensibilisation-de-morocco-foodex-arrive-a-meknes\/\",\"url\":\"https:\/\/www.mediaplateforme.com\/fr\/la-caravane-de-sensibilisation-de-morocco-foodex-arrive-a-meknes\/\",\"name\":\"La caravane de sensibilisation de Morocco Foodex arrive \u00e0 Mekn\u00e8s - MEDIA PLATEFORME | FR\",\"isPartOf\":{\"@id\":\"https:\/\/www.mediaplateforme.com\/fr\/#website\"},\"datePublished\":\"2023-01-18T11:53:40+00:00\",\"dateModified\":\"2023-01-18T11:53:40+00:00\",\"author\":{\"@id\":\"https:\/\/www.mediaplateforme.com\/fr\/#\/schema\/person\/89833db382b5db2c76b094bc902aa12a\"},\"description\":\"Morocco Foodex, en collaboration avec l\u2019Organisation des Nations-Unies pour l\u2019Alimentation et l\u2019Agriculture (FAO) et la Banque Europ\u00e9enne\",\"breadcrumb\":{\"@id\":\"https:\/\/www.mediaplateforme.com\/fr\/la-caravane-de-sensibilisation-de-morocco-foodex-arrive-a-meknes\/#breadcrumb\"},\"inLanguage\":\"fr-FR\",\"potentialAction\":[{\"@type\":\"ReadAction\",\"target\":[\"https:\/\/www.mediaplateforme.com\/fr\/la-caravane-de-sensibilisation-de-morocco-foodex-arrive-a-meknes\/\"]}]},{\"@type\":\"BreadcrumbList\",\"@id\":\"https:\/\/www.mediaplateforme.com\/fr\/la-caravane-de-sensibilisation-de-morocco-foodex-arrive-a-meknes\/#breadcrumb\",\"itemListElement\":[{\"@type\":\"ListItem\",\"position\":1,\"name\":\"\u0627\u0644\u0631\u0626\u064a\u0633\u064a\u0629\",\"item\":\"https:\/\/www.mediaplateforme.com\/fr\/\"},{\"@type\":\"ListItem\",\"position\":2,\"name\":\"La caravane de sensibilisation de Morocco Foodex arrive \u00e0 Mekn\u00e8s\"}]},{\"@type\":\"WebSite\",\"@id\":\"https:\/\/www.mediaplateforme.com\/fr\/#website\",\"url\":\"https:\/\/www.mediaplateforme.com\/fr\/\",\"name\":\"MEDIA PLATEFORME | FR\",\"description\":\"Mediaplateforme sp\u00e9cialis\u00e9 dans la communication institutions publiques et des entreprises\",\"potentialAction\":[{\"@type\":\"SearchAction\",\"target\":{\"@type\":\"EntryPoint\",\"urlTemplate\":\"https:\/\/www.mediaplateforme.com\/fr\/?s={search_term_string}\"},\"query-input\":\"required name=search_term_string\"}],\"inLanguage\":\"fr-FR\"},{\"@type\":\"Person\",\"@id\":\"https:\/\/www.mediaplateforme.com\/fr\/#\/schema\/person\/89833db382b5db2c76b094bc902aa12a\",\"name\":\"Mediaplateforme\",\"image\":{\"@type\":\"ImageObject\",\"inLanguage\":\"fr-FR\",\"@id\":\"https:\/\/www.mediaplateforme.com\/fr\/#\/schema\/person\/image\/\",\"url\":\"https:\/\/secure.gravatar.com\/avatar\/6c9c02e8928cc65d54bf75157f7b3a2d06d7ad0494ca0951f679552ff03b34c1?s=96&d=mm&r=g\",\"contentUrl\":\"https:\/\/secure.gravatar.com\/avatar\/6c9c02e8928cc65d54bf75157f7b3a2d06d7ad0494ca0951f679552ff03b34c1?s=96&d=mm&r=g\",\"caption\":\"Mediaplateforme\"},\"sameAs\":[\"https:\/\/www.mediaplateforme.com\"],\"url\":\"https:\/\/www.mediaplateforme.com\/fr\/author\/mohamedladib\/\"}]}<\/script>\n<!-- \/ Yoast SEO plugin. -->","yoast_head_json":{"title":"La caravane de sensibilisation de Morocco Foodex arrive \u00e0 Mekn\u00e8s - MEDIA PLATEFORME | FR","description":"Morocco Foodex, en collaboration avec l\u2019Organisation des Nations-Unies pour l\u2019Alimentation et l\u2019Agriculture (FAO) et la Banque Europ\u00e9enne","robots":{"index":"index","follow":"follow","max-snippet":"max-snippet:-1","max-image-preview":"max-image-preview:large","max-video-preview":"max-video-preview:-1"},"canonical":"https:\/\/www.mediaplateforme.com\/fr\/la-caravane-de-sensibilisation-de-morocco-foodex-arrive-a-meknes\/","og_locale":"fr_FR","og_type":"article","og_title":"La caravane de sensibilisation de Morocco Foodex arrive \u00e0 Mekn\u00e8s - MEDIA PLATEFORME | FR","og_description":"Morocco Foodex, en collaboration avec l\u2019Organisation des Nations-Unies pour l\u2019Alimentation et l\u2019Agriculture (FAO) et la Banque Europ\u00e9enne","og_url":"https:\/\/www.mediaplateforme.com\/fr\/la-caravane-de-sensibilisation-de-morocco-foodex-arrive-a-meknes\/","og_site_name":"MEDIA PLATEFORME | FR","article_published_time":"2023-01-18T11:53:40+00:00","og_image":[{"width":1080,"height":1080,"url":"https:\/\/www.mediaplateforme.com\/fr\/wp-content\/uploads\/sites\/5\/2023\/01\/DB594315-4859-4D99-B8C7-EF7B66906066.jpeg","type":"image\/jpeg"}],"author":"Mediaplateforme","twitter_card":"summary_large_image","twitter_misc":{"\u00c9crit par":"Mediaplateforme","Dur\u00e9e de lecture estim\u00e9e":"1 minute"},"schema":{"@context":"https:\/\/schema.org","@graph":[{"@type":"WebPage","@id":"https:\/\/www.mediaplateforme.com\/fr\/la-caravane-de-sensibilisation-de-morocco-foodex-arrive-a-meknes\/","url":"https:\/\/www.mediaplateforme.com\/fr\/la-caravane-de-sensibilisation-de-morocco-foodex-arrive-a-meknes\/","name":"La caravane de sensibilisation de Morocco Foodex arrive \u00e0 Mekn\u00e8s - MEDIA PLATEFORME | FR","isPartOf":{"@id":"https:\/\/www.mediaplateforme.com\/fr\/#website"},"datePublished":"2023-01-18T11:53:40+00:00","dateModified":"2023-01-18T11:53:40+00:00","author":{"@id":"https:\/\/www.mediaplateforme.com\/fr\/#\/schema\/person\/89833db382b5db2c76b094bc902aa12a"},"description":"Morocco Foodex, en collaboration avec l\u2019Organisation des Nations-Unies pour l\u2019Alimentation et l\u2019Agriculture (FAO) et la Banque Europ\u00e9enne","breadcrumb":{"@id":"https:\/\/www.mediaplateforme.com\/fr\/la-caravane-de-sensibilisation-de-morocco-foodex-arrive-a-meknes\/#breadcrumb"},"inLanguage":"fr-FR","potentialAction":[{"@type":"ReadAction","target":["https:\/\/www.mediaplateforme.com\/fr\/la-caravane-de-sensibilisation-de-morocco-foodex-arrive-a-meknes\/"]}]},{"@type":"BreadcrumbList","@id":"https:\/\/www.mediaplateforme.com\/fr\/la-caravane-de-sensibilisation-de-morocco-foodex-arrive-a-meknes\/#breadcrumb","itemListElement":[{"@type":"ListItem","position":1,"name":"\u0627\u0644\u0631\u0626\u064a\u0633\u064a\u0629","item":"https:\/\/www.mediaplateforme.com\/fr\/"},{"@type":"ListItem","position":2,"name":"La caravane de sensibilisation de Morocco Foodex arrive \u00e0 Mekn\u00e8s"}]},{"@type":"WebSite","@id":"https:\/\/www.mediaplateforme.com\/fr\/#website","url":"https:\/\/www.mediaplateforme.com\/fr\/","name":"MEDIA PLATEFORME | FR","description":"Mediaplateforme sp\u00e9cialis\u00e9 dans la communication institutions publiques et des entreprises","potentialAction":[{"@type":"SearchAction","target":{"@type":"EntryPoint","urlTemplate":"https:\/\/www.mediaplateforme.com\/fr\/?s={search_term_string}"},"query-input":"required name=search_term_string"}],"inLanguage":"fr-FR"},{"@type":"Person","@id":"https:\/\/www.mediaplateforme.com\/fr\/#\/schema\/person\/89833db382b5db2c76b094bc902aa12a","name":"Mediaplateforme","image":{"@type":"ImageObject","inLanguage":"fr-FR","@id":"https:\/\/www.mediaplateforme.com\/fr\/#\/schema\/person\/image\/","url":"https:\/\/secure.gravatar.com\/avatar\/6c9c02e8928cc65d54bf75157f7b3a2d06d7ad0494ca0951f679552ff03b34c1?s=96&d=mm&r=g","contentUrl":"https:\/\/secure.gravatar.com\/avatar\/6c9c02e8928cc65d54bf75157f7b3a2d06d7ad0494ca0951f679552ff03b34c1?s=96&d=mm&r=g","caption":"Mediaplateforme"},"sameAs":["https:\/\/www.mediaplateforme.com"],"url":"https:\/\/www.mediaplateforme.com\/fr\/author\/mohamedladib\/"}]}},"_links":{"self":[{"href":"https:\/\/www.mediaplateforme.com\/fr\/wp-json\/wp\/v2\/posts\/2072","targetHints":{"allow":["GET"]}}],"collection":[{"href":"https:\/\/www.mediaplateforme.com\/fr\/wp-json\/wp\/v2\/posts"}],"about":[{"href":"https:\/\/www.mediaplateforme.com\/fr\/wp-json\/wp\/v2\/types\/post"}],"author":[{"embeddable":true,"href":"https:\/\/www.mediaplateforme.com\/fr\/wp-json\/wp\/v2\/users\/1"}],"replies":[{"embeddable":true,"href":"https:\/\/www.mediaplateforme.com\/fr\/wp-json\/wp\/v2\/comments?post=2072"}],"version-history":[{"count":1,"href":"https:\/\/www.mediaplateforme.com\/fr\/wp-json\/wp\/v2\/posts\/2072\/revisions"}],"predecessor-version":[{"id":2074,"href":"https:\/\/www.mediaplateforme.com\/fr\/wp-json\/wp\/v2\/posts\/2072\/revisions\/2074"}],"wp:featuredmedia":[{"embeddable":true,"href":"https:\/\/www.mediaplateforme.com\/fr\/wp-json\/wp\/v2\/media\/2073"}],"wp:attachment":[{"href":"https:\/\/www.mediaplateforme.com\/fr\/wp-json\/wp\/v2\/media?parent=2072"}],"wp:term":[{"taxonomy":"category","embeddable":true,"href":"https:\/\/www.mediaplateforme.com\/fr\/wp-json\/wp\/v2\/categories?post=2072"},{"taxonomy":"post_tag","embeddable":true,"href":"https:\/\/www.mediaplateforme.com\/fr\/wp-json\/wp\/v2\/tags?post=2072"}],"curies":[{"name":"wp","href":"https:\/\/api.w.org\/{rel}","templated":true}]}}