{"id":207,"date":"2022-06-27T12:21:56","date_gmt":"2022-06-27T11:21:56","guid":{"rendered":"https:\/\/www.mediaplateforme.com\/fr\/?p=207"},"modified":"2022-06-27T12:33:12","modified_gmt":"2022-06-27T11:33:12","slug":"le-groupe-emirates-invite-des-talents-informatiques-au-maroc-a-rejoindre-son-equipe-de-personnel-primee","status":"publish","type":"post","link":"https:\/\/www.mediaplateforme.com\/fr\/le-groupe-emirates-invite-des-talents-informatiques-au-maroc-a-rejoindre-son-equipe-de-personnel-primee\/","title":{"rendered":"Emirates invite des talents informatiques au Maroc \u00e0 rejoindre son \u00e9quipe de personnel prim\u00e9e"},"content":{"rendered":"<p>le Groupe Emirates, qui comprend la compagnie a\u00e9rienne Emirates et le fournisseur mondial de services a\u00e9riens dnata, recherche des sp\u00e9cialistes Marocains de l&rsquo;informatique ambitieux, ax\u00e9s sur le service et d\u00e9sireux de contribuer \u00e0 l&rsquo;avenir de la r\u00e9volution num\u00e9rique dans l&rsquo;aviation. Les candidats retenus peuvent s&rsquo;attendre \u00e0 une carri\u00e8re de haut niveau avec des opportunit\u00e9s passionnantes dans un environnement ouvert et agile, tout en faisant partie d&rsquo;une entreprise mondiale d&rsquo;aviation et de voyage dont l&rsquo;innovation est au c\u0153ur de sa culture.<\/p>\n<p>&nbsp;<\/p>\n<p>Outre ses propres programmes internes, le Groupe investit \u00e9galement dans des partenariats industriels et des programmes technologiques transformateurs tels que <a href=\"https:\/\/www.theaviationxlab.com\/\">l&rsquo;Aviation X-Lab<\/a> en partenariat avec GE, Airbus, Thales et Collins Aerospace ; et <a href=\"https:\/\/intelak.com\/\">Intelak<\/a> en partenariat avec Accenture, Microsoft, Dubai Tourism et Amadeus. La compagnie est bas\u00e9e \u00e0 Duba\u00ef, une ville connue pour son esprit d&rsquo;entreprise et ses politiques avant-gardistes qui pr\u00e9pare le terrain pour devenir le prochain centre technologique mondial.<\/p>\n<p>&nbsp;<\/p>\n<p>Les candidats potentiels int\u00e9ress\u00e9s \u00e0 rejoindre l&rsquo;\u00e9quipe technologique dynamique du Groupe peuvent consulter et postuler pour une s\u00e9rie de postes sur son site Web de recrutement <a href=\"https:\/\/www.emiratesgroupcareers.com\/search-and-apply\/?jobcategory=information-technology\">https:\/\/www.emiratesgroupcareers.com\/search-and-apply\/?jobcategory=information-technology<\/a>, et les candidats pr\u00e9s\u00e9lectionn\u00e9s seront invit\u00e9s \u00e0 des journ\u00e9es d&rsquo;\u00e9valuation pr\u00e9vues \u00e0 Casablanca en juillet 2022. L&rsquo;entreprise d&rsquo;aviation et de voyage recherche des professionnels de l&rsquo;informatique qui ont de l&rsquo;exp\u00e9rience dans la conception, le d\u00e9veloppement et l&rsquo;int\u00e9gration de syst\u00e8mes et de solutions commerciales dans une gamme de disciplines, notamment : la livraison agile, l&rsquo;ing\u00e9nierie logicielle et de la qualit\u00e9 et la cybers\u00e9curit\u00e9, parmi tant d\u2019autres.<\/p>\n<p>&nbsp;<\/p>\n<p>Le Groupe Emirates offre aux candidats des opportunit\u00e9s de carri\u00e8re exceptionnelles, avec d&rsquo;excellentes installations de formation et un large choix de programmes de d\u00e9veloppement. Les employ\u00e9s b\u00e9n\u00e9ficient d&rsquo;un package d&#8217;emploi comp\u00e9titif qui comprend une vari\u00e9t\u00e9 d&rsquo;avantages tels qu&rsquo;un salaire non imposable, une indemnit\u00e9 de logement, une excellente couverture m\u00e9dicale ainsi que des avantages sp\u00e9cifiques \u00e0 leur r\u00f4le tels que l&rsquo;\u00e9ligibilit\u00e9 au programme de participation aux b\u00e9n\u00e9fices du Groupe Emirates, une aide \u00e0 l&rsquo;\u00e9ducation et un r\u00e9gime de retraite, entre autres. Le r\u00e9seau mondial en expansion d&rsquo;Emirates offre de nombreuses opportunit\u00e9s de voyage \u00e0 travers le r\u00e9seau de la compagnie a\u00e9rienne couvrant les six continents. Le personnel b\u00e9n\u00e9ficie d&rsquo;avantages de voyage attractifs pour eux-m\u00eames ainsi que leurs familles vers toutes les destinations desservies par la compagnie a\u00e9rienne.<\/p>\n<p>&nbsp;<\/p>\n<p>Le r\u00e9seau mondial croissant d\u2019Emirates offre de nombreuses possibilit\u00e9s de voyage \u00e0 travers le r\u00e9seau de la compagnie a\u00e9rienne, qui s\u2019\u00e9tend sur six continents.<\/p>\n","protected":false},"excerpt":{"rendered":"<p>le Groupe Emirates, qui comprend la compagnie a\u00e9rienne Emirates et le fournisseur mondial de services<\/p>\n","protected":false},"author":1,"featured_media":208,"comment_status":"open","ping_status":"open","sticky":false,"template":"","format":"standard","meta":{"_acf_changed":false,"footnotes":""},"categories":[4,3],"tags":[87],"class_list":["post-207","post","type-post","status-publish","format-standard","has-post-thumbnail","hentry","category-economie","category-nouvelles-selectionnees","tag-le-groupe-emirates"],"acf":[],"yoast_head":"<!-- This site is optimized with the Yoast SEO plugin v22.0 - https:\/\/yoast.com\/wordpress\/plugins\/seo\/ -->\n<title>Emirates invite des talents informatiques au Maroc \u00e0 rejoindre son \u00e9quipe de personnel prim\u00e9e - MEDIA PLATEFORME | FR<\/title>\n<meta name=\"description\" content=\"le Groupe Emirates, qui comprend la compagnie a\u00e9rienne Emirates et le fournisseur mondial de services a\u00e9riens dnata, recherche des\" \/>\n<meta name=\"robots\" content=\"index, follow, max-snippet:-1, max-image-preview:large, max-video-preview:-1\" \/>\n<link rel=\"canonical\" href=\"https:\/\/www.mediaplateforme.com\/fr\/le-groupe-emirates-invite-des-talents-informatiques-au-maroc-a-rejoindre-son-equipe-de-personnel-primee\/\" \/>\n<meta property=\"og:locale\" content=\"fr_FR\" \/>\n<meta property=\"og:type\" content=\"article\" \/>\n<meta property=\"og:title\" content=\"Emirates invite des talents informatiques au Maroc \u00e0 rejoindre son \u00e9quipe de personnel prim\u00e9e - MEDIA PLATEFORME | FR\" \/>\n<meta property=\"og:description\" content=\"le Groupe Emirates, qui comprend la compagnie a\u00e9rienne Emirates et le fournisseur mondial de services a\u00e9riens dnata, recherche des\" \/>\n<meta property=\"og:url\" content=\"https:\/\/www.mediaplateforme.com\/fr\/le-groupe-emirates-invite-des-talents-informatiques-au-maroc-a-rejoindre-son-equipe-de-personnel-primee\/\" \/>\n<meta property=\"og:site_name\" content=\"MEDIA PLATEFORME | FR\" \/>\n<meta property=\"article:published_time\" content=\"2022-06-27T11:21:56+00:00\" \/>\n<meta property=\"article:modified_time\" content=\"2022-06-27T11:33:12+00:00\" \/>\n<meta property=\"og:image\" content=\"https:\/\/www.mediaplateforme.com\/fr\/wp-content\/uploads\/sites\/5\/2022\/06\/Emirates.jpg\" \/>\n\t<meta property=\"og:image:width\" content=\"1031\" \/>\n\t<meta property=\"og:image:height\" content=\"663\" \/>\n\t<meta property=\"og:image:type\" content=\"image\/jpeg\" \/>\n<meta name=\"author\" content=\"Mediaplateforme\" \/>\n<meta name=\"twitter:card\" content=\"summary_large_image\" \/>\n<meta name=\"twitter:label1\" content=\"\u00c9crit par\" \/>\n\t<meta name=\"twitter:data1\" content=\"Mediaplateforme\" \/>\n\t<meta name=\"twitter:label2\" content=\"Dur\u00e9e de lecture estim\u00e9e\" \/>\n\t<meta name=\"twitter:data2\" content=\"2 minutes\" \/>\n<script type=\"application\/ld+json\" class=\"yoast-schema-graph\">{\"@context\":\"https:\/\/schema.org\",\"@graph\":[{\"@type\":\"WebPage\",\"@id\":\"https:\/\/www.mediaplateforme.com\/fr\/le-groupe-emirates-invite-des-talents-informatiques-au-maroc-a-rejoindre-son-equipe-de-personnel-primee\/\",\"url\":\"https:\/\/www.mediaplateforme.com\/fr\/le-groupe-emirates-invite-des-talents-informatiques-au-maroc-a-rejoindre-son-equipe-de-personnel-primee\/\",\"name\":\"Emirates invite des talents informatiques au Maroc \u00e0 rejoindre son \u00e9quipe de personnel prim\u00e9e - MEDIA PLATEFORME | FR\",\"isPartOf\":{\"@id\":\"https:\/\/www.mediaplateforme.com\/fr\/#website\"},\"datePublished\":\"2022-06-27T11:21:56+00:00\",\"dateModified\":\"2022-06-27T11:33:12+00:00\",\"author\":{\"@id\":\"https:\/\/www.mediaplateforme.com\/fr\/#\/schema\/person\/89833db382b5db2c76b094bc902aa12a\"},\"description\":\"le Groupe Emirates, qui comprend la compagnie a\u00e9rienne Emirates et le fournisseur mondial de services a\u00e9riens dnata, recherche des\",\"breadcrumb\":{\"@id\":\"https:\/\/www.mediaplateforme.com\/fr\/le-groupe-emirates-invite-des-talents-informatiques-au-maroc-a-rejoindre-son-equipe-de-personnel-primee\/#breadcrumb\"},\"inLanguage\":\"fr-FR\",\"potentialAction\":[{\"@type\":\"ReadAction\",\"target\":[\"https:\/\/www.mediaplateforme.com\/fr\/le-groupe-emirates-invite-des-talents-informatiques-au-maroc-a-rejoindre-son-equipe-de-personnel-primee\/\"]}]},{\"@type\":\"BreadcrumbList\",\"@id\":\"https:\/\/www.mediaplateforme.com\/fr\/le-groupe-emirates-invite-des-talents-informatiques-au-maroc-a-rejoindre-son-equipe-de-personnel-primee\/#breadcrumb\",\"itemListElement\":[{\"@type\":\"ListItem\",\"position\":1,\"name\":\"\u0627\u0644\u0631\u0626\u064a\u0633\u064a\u0629\",\"item\":\"https:\/\/www.mediaplateforme.com\/fr\/\"},{\"@type\":\"ListItem\",\"position\":2,\"name\":\"Emirates invite des talents informatiques au Maroc \u00e0 rejoindre son \u00e9quipe de personnel prim\u00e9e\"}]},{\"@type\":\"WebSite\",\"@id\":\"https:\/\/www.mediaplateforme.com\/fr\/#website\",\"url\":\"https:\/\/www.mediaplateforme.com\/fr\/\",\"name\":\"MEDIA PLATEFORME | FR\",\"description\":\"Mediaplateforme sp\u00e9cialis\u00e9 dans la communication institutions publiques et des entreprises\",\"potentialAction\":[{\"@type\":\"SearchAction\",\"target\":{\"@type\":\"EntryPoint\",\"urlTemplate\":\"https:\/\/www.mediaplateforme.com\/fr\/?s={search_term_string}\"},\"query-input\":\"required name=search_term_string\"}],\"inLanguage\":\"fr-FR\"},{\"@type\":\"Person\",\"@id\":\"https:\/\/www.mediaplateforme.com\/fr\/#\/schema\/person\/89833db382b5db2c76b094bc902aa12a\",\"name\":\"Mediaplateforme\",\"image\":{\"@type\":\"ImageObject\",\"inLanguage\":\"fr-FR\",\"@id\":\"https:\/\/www.mediaplateforme.com\/fr\/#\/schema\/person\/image\/\",\"url\":\"https:\/\/secure.gravatar.com\/avatar\/6c9c02e8928cc65d54bf75157f7b3a2d06d7ad0494ca0951f679552ff03b34c1?s=96&d=mm&r=g\",\"contentUrl\":\"https:\/\/secure.gravatar.com\/avatar\/6c9c02e8928cc65d54bf75157f7b3a2d06d7ad0494ca0951f679552ff03b34c1?s=96&d=mm&r=g\",\"caption\":\"Mediaplateforme\"},\"sameAs\":[\"https:\/\/www.mediaplateforme.com\"],\"url\":\"https:\/\/www.mediaplateforme.com\/fr\/author\/mohamedladib\/\"}]}<\/script>\n<!-- \/ Yoast SEO plugin. -->","yoast_head_json":{"title":"Emirates invite des talents informatiques au Maroc \u00e0 rejoindre son \u00e9quipe de personnel prim\u00e9e - MEDIA PLATEFORME | FR","description":"le Groupe Emirates, qui comprend la compagnie a\u00e9rienne Emirates et le fournisseur mondial de services a\u00e9riens dnata, recherche des","robots":{"index":"index","follow":"follow","max-snippet":"max-snippet:-1","max-image-preview":"max-image-preview:large","max-video-preview":"max-video-preview:-1"},"canonical":"https:\/\/www.mediaplateforme.com\/fr\/le-groupe-emirates-invite-des-talents-informatiques-au-maroc-a-rejoindre-son-equipe-de-personnel-primee\/","og_locale":"fr_FR","og_type":"article","og_title":"Emirates invite des talents informatiques au Maroc \u00e0 rejoindre son \u00e9quipe de personnel prim\u00e9e - MEDIA PLATEFORME | FR","og_description":"le Groupe Emirates, qui comprend la compagnie a\u00e9rienne Emirates et le fournisseur mondial de services a\u00e9riens dnata, recherche des","og_url":"https:\/\/www.mediaplateforme.com\/fr\/le-groupe-emirates-invite-des-talents-informatiques-au-maroc-a-rejoindre-son-equipe-de-personnel-primee\/","og_site_name":"MEDIA PLATEFORME | FR","article_published_time":"2022-06-27T11:21:56+00:00","article_modified_time":"2022-06-27T11:33:12+00:00","og_image":[{"width":1031,"height":663,"url":"https:\/\/www.mediaplateforme.com\/fr\/wp-content\/uploads\/sites\/5\/2022\/06\/Emirates.jpg","type":"image\/jpeg"}],"author":"Mediaplateforme","twitter_card":"summary_large_image","twitter_misc":{"\u00c9crit par":"Mediaplateforme","Dur\u00e9e de lecture estim\u00e9e":"2 minutes"},"schema":{"@context":"https:\/\/schema.org","@graph":[{"@type":"WebPage","@id":"https:\/\/www.mediaplateforme.com\/fr\/le-groupe-emirates-invite-des-talents-informatiques-au-maroc-a-rejoindre-son-equipe-de-personnel-primee\/","url":"https:\/\/www.mediaplateforme.com\/fr\/le-groupe-emirates-invite-des-talents-informatiques-au-maroc-a-rejoindre-son-equipe-de-personnel-primee\/","name":"Emirates invite des talents informatiques au Maroc \u00e0 rejoindre son \u00e9quipe de personnel prim\u00e9e - MEDIA PLATEFORME | FR","isPartOf":{"@id":"https:\/\/www.mediaplateforme.com\/fr\/#website"},"datePublished":"2022-06-27T11:21:56+00:00","dateModified":"2022-06-27T11:33:12+00:00","author":{"@id":"https:\/\/www.mediaplateforme.com\/fr\/#\/schema\/person\/89833db382b5db2c76b094bc902aa12a"},"description":"le Groupe Emirates, qui comprend la compagnie a\u00e9rienne Emirates et le fournisseur mondial de services a\u00e9riens dnata, recherche des","breadcrumb":{"@id":"https:\/\/www.mediaplateforme.com\/fr\/le-groupe-emirates-invite-des-talents-informatiques-au-maroc-a-rejoindre-son-equipe-de-personnel-primee\/#breadcrumb"},"inLanguage":"fr-FR","potentialAction":[{"@type":"ReadAction","target":["https:\/\/www.mediaplateforme.com\/fr\/le-groupe-emirates-invite-des-talents-informatiques-au-maroc-a-rejoindre-son-equipe-de-personnel-primee\/"]}]},{"@type":"BreadcrumbList","@id":"https:\/\/www.mediaplateforme.com\/fr\/le-groupe-emirates-invite-des-talents-informatiques-au-maroc-a-rejoindre-son-equipe-de-personnel-primee\/#breadcrumb","itemListElement":[{"@type":"ListItem","position":1,"name":"\u0627\u0644\u0631\u0626\u064a\u0633\u064a\u0629","item":"https:\/\/www.mediaplateforme.com\/fr\/"},{"@type":"ListItem","position":2,"name":"Emirates invite des talents informatiques au Maroc \u00e0 rejoindre son \u00e9quipe de personnel prim\u00e9e"}]},{"@type":"WebSite","@id":"https:\/\/www.mediaplateforme.com\/fr\/#website","url":"https:\/\/www.mediaplateforme.com\/fr\/","name":"MEDIA PLATEFORME | FR","description":"Mediaplateforme sp\u00e9cialis\u00e9 dans la communication institutions publiques et des entreprises","potentialAction":[{"@type":"SearchAction","target":{"@type":"EntryPoint","urlTemplate":"https:\/\/www.mediaplateforme.com\/fr\/?s={search_term_string}"},"query-input":"required name=search_term_string"}],"inLanguage":"fr-FR"},{"@type":"Person","@id":"https:\/\/www.mediaplateforme.com\/fr\/#\/schema\/person\/89833db382b5db2c76b094bc902aa12a","name":"Mediaplateforme","image":{"@type":"ImageObject","inLanguage":"fr-FR","@id":"https:\/\/www.mediaplateforme.com\/fr\/#\/schema\/person\/image\/","url":"https:\/\/secure.gravatar.com\/avatar\/6c9c02e8928cc65d54bf75157f7b3a2d06d7ad0494ca0951f679552ff03b34c1?s=96&d=mm&r=g","contentUrl":"https:\/\/secure.gravatar.com\/avatar\/6c9c02e8928cc65d54bf75157f7b3a2d06d7ad0494ca0951f679552ff03b34c1?s=96&d=mm&r=g","caption":"Mediaplateforme"},"sameAs":["https:\/\/www.mediaplateforme.com"],"url":"https:\/\/www.mediaplateforme.com\/fr\/author\/mohamedladib\/"}]}},"_links":{"self":[{"href":"https:\/\/www.mediaplateforme.com\/fr\/wp-json\/wp\/v2\/posts\/207","targetHints":{"allow":["GET"]}}],"collection":[{"href":"https:\/\/www.mediaplateforme.com\/fr\/wp-json\/wp\/v2\/posts"}],"about":[{"href":"https:\/\/www.mediaplateforme.com\/fr\/wp-json\/wp\/v2\/types\/post"}],"author":[{"embeddable":true,"href":"https:\/\/www.mediaplateforme.com\/fr\/wp-json\/wp\/v2\/users\/1"}],"replies":[{"embeddable":true,"href":"https:\/\/www.mediaplateforme.com\/fr\/wp-json\/wp\/v2\/comments?post=207"}],"version-history":[{"count":0,"href":"https:\/\/www.mediaplateforme.com\/fr\/wp-json\/wp\/v2\/posts\/207\/revisions"}],"wp:featuredmedia":[{"embeddable":true,"href":"https:\/\/www.mediaplateforme.com\/fr\/wp-json\/wp\/v2\/media\/208"}],"wp:attachment":[{"href":"https:\/\/www.mediaplateforme.com\/fr\/wp-json\/wp\/v2\/media?parent=207"}],"wp:term":[{"taxonomy":"category","embeddable":true,"href":"https:\/\/www.mediaplateforme.com\/fr\/wp-json\/wp\/v2\/categories?post=207"},{"taxonomy":"post_tag","embeddable":true,"href":"https:\/\/www.mediaplateforme.com\/fr\/wp-json\/wp\/v2\/tags?post=207"}],"curies":[{"name":"wp","href":"https:\/\/api.w.org\/{rel}","templated":true}]}}