{"id":2058,"date":"2023-01-16T12:41:33","date_gmt":"2023-01-16T11:41:33","guid":{"rendered":"https:\/\/www.mediaplateforme.com\/fr\/?p=2058"},"modified":"2023-01-16T13:18:41","modified_gmt":"2023-01-16T12:18:41","slug":"lancement-de-la-construction-de-la-premiere-usine-de-chauffe-eaux-solaires-100-marocains","status":"publish","type":"post","link":"https:\/\/www.mediaplateforme.com\/fr\/lancement-de-la-construction-de-la-premiere-usine-de-chauffe-eaux-solaires-100-marocains\/","title":{"rendered":"Lancement de la construction de la premi\u00e8re usine de chauffe-eaux solaires 100% marocains"},"content":{"rendered":"<p>Le Ministre de l\u2019Industrie et du Commerce, M. Ryad Mezzour, a pr\u00e9sid\u00e9, lundi 16 janvier 2023, au Parc industriel d\u2019A\u00efn Johra \u00e0 Tiflet, la c\u00e9r\u00e9monie de lancement des travaux de construction de l\u2019usine \u00ab MYSOL CES \u00bb, en pr\u00e9sence de plusieurs op\u00e9rateurs du secteur.<\/p>\n<p>&nbsp;<\/p>\n<p>L&rsquo;usine, qui a n\u00e9cessit\u00e9 un investissement de 60 millions de dirhams pour la r\u00e9alisation de sa premi\u00e8re phase, sera op\u00e9rationnelle avant le deuxi\u00e8me semestre 2023.\u00a0 Ellle permettra la cr\u00e9ation de 880 emplois.<\/p>\n<p>&nbsp;<\/p>\n<p>Premier du genre au Maroc, ce projet permettra la production de 40 000 unit\u00e9s de chauffe-eaux solaires par an \u00ab Made in Morocco \u00bb, d\u00e9velopp\u00e9s et con\u00e7us par des chercheurs et des experts marocains. Une convention de partenariat scientifique et technologique a, d\u2019ailleurs, \u00e9t\u00e9 sign\u00e9e entre l\u2019entreprise Gi3 et l\u2019Universit\u00e9 Sidi Mohammed Ben Abdallah de F\u00e8s, afin d\u2019accompagner le d\u00e9veloppement des process, d\u2019assurer une innovation continue des chauffe-eaux solaires et de garantir une meilleure qualit\u00e9 et comp\u00e9titivit\u00e9 sur le long terme.<\/p>\n<p>&nbsp;<\/p>\n<p>A cette occasion, M. le Ministre s\u2019est f\u00e9licit\u00e9 de ce projet industriel pilote, soulignant son importance dans le d\u00e9veloppement d&rsquo;une fili\u00e8re solaire 100% marocaine, port\u00e9e par des ing\u00e9nieurs et chercheurs marocains. \u00ab Ce projet, qui s\u2019aligne parfaitement avec les orientations du Royaume en mati\u00e8re d\u2019efficacit\u00e9 \u00e9nerg\u00e9tique, permettra l\u2019\u00e9mergence de nouvelles fili\u00e8res industrielles vertes comp\u00e9titives et \u00e0 forte valeur ajout\u00e9e et contribuera \u00e0 la souverainet\u00e9 industrielle et \u00e9nerg\u00e9tique du Royaume\u00a0\u00bb. Et d&rsquo;appeler les entreprises \u00e0 explorer le gisement d&rsquo;opportunit\u00e9s qu&rsquo;offre ce secteur afin d&rsquo;identifier et de d\u00e9velopper de nouveaux segments porteurs.<\/p>\n<p>&nbsp;<\/p>\n<p>Le Pr\u00e9sident Ex\u00e9cutif de l\u2019entreprise Gi3, M. Badr IKKEN, a pr\u00e9sent\u00e9, quant \u00e0 lui\u00a0 le projet MYSOL CES et a tenu \u00e0 remercier toutes les parties prenantes, notamment les partenaires, le Minist\u00e8re de l\u2019Industrie et du Commerce, le Minist\u00e8re de l\u2019Investissement, de la Convergence et de l\u2019Evaluation des Politiques Publiques,\u00a0 ainsi que la Wilaya de Rabat-Sal\u00e9-K\u00e9nitra et les autorit\u00e9s locales, qui, gr\u00e2ce \u00e0 la Vision de Sa Majest\u00e9 le Roi que Dieu L&rsquo;assiste, accompagnent fortement les investissements dans les secteurs prioritaires.<\/p>\n","protected":false},"excerpt":{"rendered":"<p>Le Ministre de l\u2019Industrie et du Commerce, M. Ryad Mezzour, a pr\u00e9sid\u00e9, lundi 16 janvier<\/p>\n","protected":false},"author":1,"featured_media":2067,"comment_status":"open","ping_status":"open","sticky":false,"template":"","format":"standard","meta":{"_acf_changed":false,"footnotes":""},"categories":[4,3],"tags":[],"class_list":["post-2058","post","type-post","status-publish","format-standard","has-post-thumbnail","hentry","category-economie","category-nouvelles-selectionnees"],"acf":[],"yoast_head":"<!-- This site is optimized with the Yoast SEO plugin v22.0 - https:\/\/yoast.com\/wordpress\/plugins\/seo\/ -->\n<title>Lancement de la construction de la premi\u00e8re usine de chauffe-eaux solaires 100% marocains - MEDIA PLATEFORME | FR<\/title>\n<meta name=\"description\" content=\"pr\u00e9sid\u00e9, lundi 16 janvier 2023, au Parc industriel d\u2019A\u00efn Johra \u00e0 Tiflet, la c\u00e9r\u00e9monie de lancement construction de l\u2019usine \u00ab MYSOL CES \u00bb,\" \/>\n<meta name=\"robots\" content=\"index, follow, max-snippet:-1, max-image-preview:large, max-video-preview:-1\" \/>\n<link rel=\"canonical\" href=\"https:\/\/www.mediaplateforme.com\/fr\/lancement-de-la-construction-de-la-premiere-usine-de-chauffe-eaux-solaires-100-marocains\/\" \/>\n<meta property=\"og:locale\" content=\"fr_FR\" \/>\n<meta property=\"og:type\" content=\"article\" \/>\n<meta property=\"og:title\" content=\"Lancement de la construction de la premi\u00e8re usine de chauffe-eaux solaires 100% marocains - MEDIA PLATEFORME | FR\" \/>\n<meta property=\"og:description\" content=\"pr\u00e9sid\u00e9, lundi 16 janvier 2023, au Parc industriel d\u2019A\u00efn Johra \u00e0 Tiflet, la c\u00e9r\u00e9monie de lancement construction de l\u2019usine \u00ab MYSOL CES \u00bb,\" \/>\n<meta property=\"og:url\" content=\"https:\/\/www.mediaplateforme.com\/fr\/lancement-de-la-construction-de-la-premiere-usine-de-chauffe-eaux-solaires-100-marocains\/\" \/>\n<meta property=\"og:site_name\" content=\"MEDIA PLATEFORME | FR\" \/>\n<meta property=\"article:published_time\" content=\"2023-01-16T11:41:33+00:00\" \/>\n<meta property=\"article:modified_time\" content=\"2023-01-16T12:18:41+00:00\" \/>\n<meta property=\"og:image\" content=\"https:\/\/www.mediaplateforme.com\/fr\/wp-content\/uploads\/sites\/5\/2023\/01\/IMG-20230116-WA0033.jpg\" \/>\n\t<meta property=\"og:image:width\" content=\"1280\" \/>\n\t<meta property=\"og:image:height\" content=\"853\" \/>\n\t<meta property=\"og:image:type\" content=\"image\/jpeg\" \/>\n<meta name=\"author\" content=\"Mediaplateforme\" \/>\n<meta name=\"twitter:card\" content=\"summary_large_image\" \/>\n<meta name=\"twitter:label1\" content=\"\u00c9crit par\" \/>\n\t<meta name=\"twitter:data1\" content=\"Mediaplateforme\" \/>\n\t<meta name=\"twitter:label2\" content=\"Dur\u00e9e de lecture estim\u00e9e\" \/>\n\t<meta name=\"twitter:data2\" content=\"2 minutes\" \/>\n<script type=\"application\/ld+json\" class=\"yoast-schema-graph\">{\"@context\":\"https:\/\/schema.org\",\"@graph\":[{\"@type\":\"WebPage\",\"@id\":\"https:\/\/www.mediaplateforme.com\/fr\/lancement-de-la-construction-de-la-premiere-usine-de-chauffe-eaux-solaires-100-marocains\/\",\"url\":\"https:\/\/www.mediaplateforme.com\/fr\/lancement-de-la-construction-de-la-premiere-usine-de-chauffe-eaux-solaires-100-marocains\/\",\"name\":\"Lancement de la construction de la premi\u00e8re usine de chauffe-eaux solaires 100% marocains - MEDIA PLATEFORME | FR\",\"isPartOf\":{\"@id\":\"https:\/\/www.mediaplateforme.com\/fr\/#website\"},\"datePublished\":\"2023-01-16T11:41:33+00:00\",\"dateModified\":\"2023-01-16T12:18:41+00:00\",\"author\":{\"@id\":\"https:\/\/www.mediaplateforme.com\/fr\/#\/schema\/person\/89833db382b5db2c76b094bc902aa12a\"},\"description\":\"pr\u00e9sid\u00e9, lundi 16 janvier 2023, au Parc industriel d\u2019A\u00efn Johra \u00e0 Tiflet, la c\u00e9r\u00e9monie de lancement construction de l\u2019usine \u00ab MYSOL CES \u00bb,\",\"breadcrumb\":{\"@id\":\"https:\/\/www.mediaplateforme.com\/fr\/lancement-de-la-construction-de-la-premiere-usine-de-chauffe-eaux-solaires-100-marocains\/#breadcrumb\"},\"inLanguage\":\"fr-FR\",\"potentialAction\":[{\"@type\":\"ReadAction\",\"target\":[\"https:\/\/www.mediaplateforme.com\/fr\/lancement-de-la-construction-de-la-premiere-usine-de-chauffe-eaux-solaires-100-marocains\/\"]}]},{\"@type\":\"BreadcrumbList\",\"@id\":\"https:\/\/www.mediaplateforme.com\/fr\/lancement-de-la-construction-de-la-premiere-usine-de-chauffe-eaux-solaires-100-marocains\/#breadcrumb\",\"itemListElement\":[{\"@type\":\"ListItem\",\"position\":1,\"name\":\"\u0627\u0644\u0631\u0626\u064a\u0633\u064a\u0629\",\"item\":\"https:\/\/www.mediaplateforme.com\/fr\/\"},{\"@type\":\"ListItem\",\"position\":2,\"name\":\"Lancement de la construction de la premi\u00e8re usine de chauffe-eaux solaires 100% marocains\"}]},{\"@type\":\"WebSite\",\"@id\":\"https:\/\/www.mediaplateforme.com\/fr\/#website\",\"url\":\"https:\/\/www.mediaplateforme.com\/fr\/\",\"name\":\"MEDIA PLATEFORME | FR\",\"description\":\"Mediaplateforme sp\u00e9cialis\u00e9 dans la communication institutions publiques et des entreprises\",\"potentialAction\":[{\"@type\":\"SearchAction\",\"target\":{\"@type\":\"EntryPoint\",\"urlTemplate\":\"https:\/\/www.mediaplateforme.com\/fr\/?s={search_term_string}\"},\"query-input\":\"required name=search_term_string\"}],\"inLanguage\":\"fr-FR\"},{\"@type\":\"Person\",\"@id\":\"https:\/\/www.mediaplateforme.com\/fr\/#\/schema\/person\/89833db382b5db2c76b094bc902aa12a\",\"name\":\"Mediaplateforme\",\"image\":{\"@type\":\"ImageObject\",\"inLanguage\":\"fr-FR\",\"@id\":\"https:\/\/www.mediaplateforme.com\/fr\/#\/schema\/person\/image\/\",\"url\":\"https:\/\/secure.gravatar.com\/avatar\/6c9c02e8928cc65d54bf75157f7b3a2d06d7ad0494ca0951f679552ff03b34c1?s=96&d=mm&r=g\",\"contentUrl\":\"https:\/\/secure.gravatar.com\/avatar\/6c9c02e8928cc65d54bf75157f7b3a2d06d7ad0494ca0951f679552ff03b34c1?s=96&d=mm&r=g\",\"caption\":\"Mediaplateforme\"},\"sameAs\":[\"https:\/\/www.mediaplateforme.com\"],\"url\":\"https:\/\/www.mediaplateforme.com\/fr\/author\/mohamedladib\/\"}]}<\/script>\n<!-- \/ Yoast SEO plugin. -->","yoast_head_json":{"title":"Lancement de la construction de la premi\u00e8re usine de chauffe-eaux solaires 100% marocains - MEDIA PLATEFORME | FR","description":"pr\u00e9sid\u00e9, lundi 16 janvier 2023, au Parc industriel d\u2019A\u00efn Johra \u00e0 Tiflet, la c\u00e9r\u00e9monie de lancement construction de l\u2019usine \u00ab MYSOL CES \u00bb,","robots":{"index":"index","follow":"follow","max-snippet":"max-snippet:-1","max-image-preview":"max-image-preview:large","max-video-preview":"max-video-preview:-1"},"canonical":"https:\/\/www.mediaplateforme.com\/fr\/lancement-de-la-construction-de-la-premiere-usine-de-chauffe-eaux-solaires-100-marocains\/","og_locale":"fr_FR","og_type":"article","og_title":"Lancement de la construction de la premi\u00e8re usine de chauffe-eaux solaires 100% marocains - MEDIA PLATEFORME | FR","og_description":"pr\u00e9sid\u00e9, lundi 16 janvier 2023, au Parc industriel d\u2019A\u00efn Johra \u00e0 Tiflet, la c\u00e9r\u00e9monie de lancement construction de l\u2019usine \u00ab MYSOL CES \u00bb,","og_url":"https:\/\/www.mediaplateforme.com\/fr\/lancement-de-la-construction-de-la-premiere-usine-de-chauffe-eaux-solaires-100-marocains\/","og_site_name":"MEDIA PLATEFORME | FR","article_published_time":"2023-01-16T11:41:33+00:00","article_modified_time":"2023-01-16T12:18:41+00:00","og_image":[{"width":1280,"height":853,"url":"https:\/\/www.mediaplateforme.com\/fr\/wp-content\/uploads\/sites\/5\/2023\/01\/IMG-20230116-WA0033.jpg","type":"image\/jpeg"}],"author":"Mediaplateforme","twitter_card":"summary_large_image","twitter_misc":{"\u00c9crit par":"Mediaplateforme","Dur\u00e9e de lecture estim\u00e9e":"2 minutes"},"schema":{"@context":"https:\/\/schema.org","@graph":[{"@type":"WebPage","@id":"https:\/\/www.mediaplateforme.com\/fr\/lancement-de-la-construction-de-la-premiere-usine-de-chauffe-eaux-solaires-100-marocains\/","url":"https:\/\/www.mediaplateforme.com\/fr\/lancement-de-la-construction-de-la-premiere-usine-de-chauffe-eaux-solaires-100-marocains\/","name":"Lancement de la construction de la premi\u00e8re usine de chauffe-eaux solaires 100% marocains - MEDIA PLATEFORME | FR","isPartOf":{"@id":"https:\/\/www.mediaplateforme.com\/fr\/#website"},"datePublished":"2023-01-16T11:41:33+00:00","dateModified":"2023-01-16T12:18:41+00:00","author":{"@id":"https:\/\/www.mediaplateforme.com\/fr\/#\/schema\/person\/89833db382b5db2c76b094bc902aa12a"},"description":"pr\u00e9sid\u00e9, lundi 16 janvier 2023, au Parc industriel d\u2019A\u00efn Johra \u00e0 Tiflet, la c\u00e9r\u00e9monie de lancement construction de l\u2019usine \u00ab MYSOL CES \u00bb,","breadcrumb":{"@id":"https:\/\/www.mediaplateforme.com\/fr\/lancement-de-la-construction-de-la-premiere-usine-de-chauffe-eaux-solaires-100-marocains\/#breadcrumb"},"inLanguage":"fr-FR","potentialAction":[{"@type":"ReadAction","target":["https:\/\/www.mediaplateforme.com\/fr\/lancement-de-la-construction-de-la-premiere-usine-de-chauffe-eaux-solaires-100-marocains\/"]}]},{"@type":"BreadcrumbList","@id":"https:\/\/www.mediaplateforme.com\/fr\/lancement-de-la-construction-de-la-premiere-usine-de-chauffe-eaux-solaires-100-marocains\/#breadcrumb","itemListElement":[{"@type":"ListItem","position":1,"name":"\u0627\u0644\u0631\u0626\u064a\u0633\u064a\u0629","item":"https:\/\/www.mediaplateforme.com\/fr\/"},{"@type":"ListItem","position":2,"name":"Lancement de la construction de la premi\u00e8re usine de chauffe-eaux solaires 100% marocains"}]},{"@type":"WebSite","@id":"https:\/\/www.mediaplateforme.com\/fr\/#website","url":"https:\/\/www.mediaplateforme.com\/fr\/","name":"MEDIA PLATEFORME | FR","description":"Mediaplateforme sp\u00e9cialis\u00e9 dans la communication institutions publiques et des entreprises","potentialAction":[{"@type":"SearchAction","target":{"@type":"EntryPoint","urlTemplate":"https:\/\/www.mediaplateforme.com\/fr\/?s={search_term_string}"},"query-input":"required name=search_term_string"}],"inLanguage":"fr-FR"},{"@type":"Person","@id":"https:\/\/www.mediaplateforme.com\/fr\/#\/schema\/person\/89833db382b5db2c76b094bc902aa12a","name":"Mediaplateforme","image":{"@type":"ImageObject","inLanguage":"fr-FR","@id":"https:\/\/www.mediaplateforme.com\/fr\/#\/schema\/person\/image\/","url":"https:\/\/secure.gravatar.com\/avatar\/6c9c02e8928cc65d54bf75157f7b3a2d06d7ad0494ca0951f679552ff03b34c1?s=96&d=mm&r=g","contentUrl":"https:\/\/secure.gravatar.com\/avatar\/6c9c02e8928cc65d54bf75157f7b3a2d06d7ad0494ca0951f679552ff03b34c1?s=96&d=mm&r=g","caption":"Mediaplateforme"},"sameAs":["https:\/\/www.mediaplateforme.com"],"url":"https:\/\/www.mediaplateforme.com\/fr\/author\/mohamedladib\/"}]}},"_links":{"self":[{"href":"https:\/\/www.mediaplateforme.com\/fr\/wp-json\/wp\/v2\/posts\/2058","targetHints":{"allow":["GET"]}}],"collection":[{"href":"https:\/\/www.mediaplateforme.com\/fr\/wp-json\/wp\/v2\/posts"}],"about":[{"href":"https:\/\/www.mediaplateforme.com\/fr\/wp-json\/wp\/v2\/types\/post"}],"author":[{"embeddable":true,"href":"https:\/\/www.mediaplateforme.com\/fr\/wp-json\/wp\/v2\/users\/1"}],"replies":[{"embeddable":true,"href":"https:\/\/www.mediaplateforme.com\/fr\/wp-json\/wp\/v2\/comments?post=2058"}],"version-history":[{"count":1,"href":"https:\/\/www.mediaplateforme.com\/fr\/wp-json\/wp\/v2\/posts\/2058\/revisions"}],"predecessor-version":[{"id":2060,"href":"https:\/\/www.mediaplateforme.com\/fr\/wp-json\/wp\/v2\/posts\/2058\/revisions\/2060"}],"wp:featuredmedia":[{"embeddable":true,"href":"https:\/\/www.mediaplateforme.com\/fr\/wp-json\/wp\/v2\/media\/2067"}],"wp:attachment":[{"href":"https:\/\/www.mediaplateforme.com\/fr\/wp-json\/wp\/v2\/media?parent=2058"}],"wp:term":[{"taxonomy":"category","embeddable":true,"href":"https:\/\/www.mediaplateforme.com\/fr\/wp-json\/wp\/v2\/categories?post=2058"},{"taxonomy":"post_tag","embeddable":true,"href":"https:\/\/www.mediaplateforme.com\/fr\/wp-json\/wp\/v2\/tags?post=2058"}],"curies":[{"name":"wp","href":"https:\/\/api.w.org\/{rel}","templated":true}]}}