{"id":2048,"date":"2023-01-12T15:39:01","date_gmt":"2023-01-12T14:39:01","guid":{"rendered":"https:\/\/www.mediaplateforme.com\/fr\/?p=2048"},"modified":"2023-01-12T15:40:06","modified_gmt":"2023-01-12T14:40:06","slug":"cgem","status":"publish","type":"post","link":"https:\/\/www.mediaplateforme.com\/fr\/cgem\/","title":{"rendered":"Groupe Alsa Transport re\u00e7oit le label RSE de la CGEM"},"content":{"rendered":"<p>Groupe Alsa Transport vient de recevoir le label RSE (Responsabilit\u00e9 Soci\u00e9tale des Entreprises) octroy\u00e9 par la <a href=\"https:\/\/www.mediaplateforme.com\/fr\/la-cgem-et-lunpm-organisent-le-forum-economique-maroc-mauritanie-le-20-septembre-a-casablanca\/\">CGEM<\/a> (Conf\u00e9d\u00e9ration G\u00e9n\u00e9rale des Entreprises du Maroc). Cette distinction reconnait l\u2019engagement de l\u2019entreprise pour le d\u00e9veloppement de son \u00e9cosyst\u00e8me et la cr\u00e9ation d\u2019impact positif sur son environnement.<\/p>\n<p>&nbsp;<\/p>\n<p>A ce propos, Alberto Perez, Directeur G\u00e9n\u00e9ral de Alsa Maroc d\u00e9clare : \u201cnous sommes fiers de recevoir pour la premi\u00e8re fois le prestigieux label RSE de la CGEM. En effet, l\u2019engagement envers la communaut\u00e9 et l\u2019environnement est une des 5 valeurs de l\u2019entreprise, que nous int\u00e9grons dans nos actions au quotidien. En tant qu\u2019entreprise de service public, cr\u00e9er un impact positif sur les vies des personnes qui nous entourent fait partie de notre ADN.\u00a0\u00bb<\/p>\n<p>&nbsp;<\/p>\n<p>ALSA Maroc place la RSE au c\u0153ur de ses priorit\u00e9s et investit dans des initiatives men\u00e9es dans l\u2019ensemble des villes o\u00f9 elle op\u00e8re. La CGEM a octroy\u00e9 le label RSE au groupe Alsa pour sa politique RSE soutenue et son engagement sinc\u00e8re envers ses diff\u00e9rents partenaires, notamment les multiples actions d\u00e9ploy\u00e9es dans la ville de Marrakech, autour de l\u2019\u00e9ducation, le sport, le soutien \u00e0 l\u2019autonomisation \u00e9conomique des femmes etc.<\/p>\n<p>&nbsp;<\/p>\n<p>En effet, l\u2019entreprise soutient des initiatives qui visent \u00e0 renforcer la condition \u00e9conomique des femmes et leur place dans la soci\u00e9t\u00e9. Ainsi, et depuis plusieurs ann\u00e9es l\u2019association Al Amal dont la mission est de soutenir les femmes en situation de fragilit\u00e9 \u00e0 se cr\u00e9er des activit\u00e9s g\u00e9n\u00e9ratrices de revenus. ALSA accompagne \u00e9galement l\u2019\u00e9quipe de basketball f\u00e9minin du Kawkab de Marrakech (KACM), entant que sponsor.<\/p>\n<p>&nbsp;<\/p>\n<p>L\u2019\u00e9ducation est un pilier majeur de la strat\u00e9gie RSE de ALSA. En plus de cr\u00e9er la premi\u00e8re \u00e9cole de s\u00e9curit\u00e9 routi\u00e8re en faveur des enfants, ALSA soutient plusieurs initiatives de r\u00e9habilitation d\u2019\u00e9coles et centres d\u2019\u00e9ducation pour favoriser un environnement d\u2019apprentissage sain et s\u00e9curis\u00e9 pour les enfants dans des zones rurales, \u00e0 l\u2019image de l\u2019\u00e9cole rurale d&rsquo;Ait Aissa situ\u00e9e \u00e0 Sidi Moussa. L\u2019entreprise promeut l\u2019\u00e9ducation en interne \u00e9galement en c\u00e9l\u00e9brant les enfants des collaborateurs et collaboratrices qui obtiennent les meilleures notes au baccalaur\u00e9at et en leur accordant une bourse leur permettant de d\u00e9marrer leurs \u00e9tudes sup\u00e9rieures.<\/p>\n<p>&nbsp;<\/p>\n<p>ALSA nourrit \u00e9galement un engagement sinc\u00e8re pour l\u2019art et la culture comme \u00e9l\u00e9ments essentiels du patrimoine immat\u00e9riel de notre pays. A Casablanca, l\u2019entreprise offre des espaces muraux et offre \u00e0 des artistes de rue les moyens de cr\u00e9er de belles fresques murales. ALSA a permis de r\u00e9aliser la plus grande fresque murale en Afrique d\u2019une superficie de 1396m\u00b2, couvrant le mur de cl\u00f4ture du si\u00e8ge de l\u2019entreprise \u00e0 Casablanca au quartier Maarif. A Marrakech, Alsa est un des principaux partenaires du festival des arts populaires. Alsa soutient \u00e9galement des initiatives qui visent \u00e0 rapprocher les enfants de l\u2019art \u00e0 l\u2019image de l&rsquo;action\u00a0\u00ab\u00a0Juillet au mus\u00e9e\u00a0\u00bb et la s\u00e9ance de cin\u00e9ma offerte aux enfants par le festival Marrakech du rire.<\/p>\n<p>&nbsp;<\/p>\n<p>Enfin, Alsa organise r\u00e9guli\u00e8rement des campagnes de don de sang, des op\u00e9rations de distributions de ftours et d\u00eeners collectifs durant le mois de ramadan, des s\u00e9ances de d\u00e9pistage du cancer du sein pour ses collaboratrices, des colonies de vacances et des journ\u00e9es d\u2019activit\u00e9s pour les enfants des collaboratrices et collaborateurs,<\/p>\n<p>&nbsp;<\/p>\n<p>&nbsp;<\/p>\n<p>Widad Smyej, Directrice des Ressources Humaine Alsa Maroc pr\u00e9cise que \u00ab\u00a0: Notre engagement RSE vient de notre profonde conviction du r\u00f4le essentiel et transformatif entant qu&rsquo;entreprise engag\u00e9e pour son environnement. C&rsquo;est une conviction que nous avons mat\u00e9rialis\u00e9 dans le cadre de notre strat\u00e9gie RSE, construite autour de 5 axes principaux, qui sont l\u2019\u00e9thique et la d\u00e9ontologie, la diversit\u00e9 et l\u2019inclusion, l\u2019\u00e9ducation, le d\u00e9veloppement durable et le m\u00e9c\u00e9nat\u00a0\u00bb.<\/p>\n<p>&nbsp;<\/p>\n<p>Pour rappel, le label RSE de la CGEM encourage les entreprises marocaines \u00e0 adopter une d\u00e9marche tenant compte des imp\u00e9ratifs \u00e9conomiques, sociaux et environnementaux, dans leur strat\u00e9gie manag\u00e9riale. Il est octroy\u00e9 pour trois ans sur avis du Comit\u00e9 d\u2019attribution, suite \u00e0 une \u00e9valuation men\u00e9e par un expert ind\u00e9pendant accr\u00e9dit\u00e9. Cette \u00e9valuation a pour but de s\u2019assurer de la conformit\u00e9 de la gestion globale de l\u2019entreprise avec les objectifs d\u00e9finissant la charte de responsabilit\u00e9 soci\u00e9tale de la\u202fConf\u00e9d\u00e9ration, qui constitue le r\u00e9f\u00e9rentiel du Label.<\/p>\n<p>&nbsp;<\/p>\n<h4><strong>\u00c0 PROPOS DE ALSA MAROC<\/strong><\/h4>\n<p>&nbsp;<\/p>\n<p>ALSA (Autom\u00f3viles Luarca\u00a0SA)\u00a0est l\u2019op\u00e9rateur leader dans le secteur du transport de voyageurs en Espagne. Avec plus de 100 ans d\u2019exp\u00e9rience et une vocation d\u2019innovation continue, ALSA est int\u00e9gr\u00e9e dans le groupe National Express qui est un op\u00e9rateur de transport public international par autobus, autocars et chemins de fer. Pr\u00e9sent au Royaume-Uni, en Europe Continental, en Am\u00e9rique du Nord, au Maroc et au Moyen-Orient.<\/p>\n<p>En ce qui concerne le Maroc,\u00a0ALSA\u00a0est pr\u00e9sente dans le transport urbain, touristique, personnel et scolaire. Elle se trouve dans 6 grandes villes du Maroc :\u00a0Marrakech, Agadir, Tanger, Khouribga, Rabat et Casablanca. Actuellement, elle dispose d\u2019un total de 1745 bus (206 \u00c0 Agadir, 257 \u00e0 Marrakech, 192 \u00e0 Tanger, 40 \u00e0 Khouribga , 350 \u00e0 Rabat et prochainement 700 bus \u00e0 Casablanca\u2026) qui constituent un r\u00e9seau de transport efficace et complet avec une haute qualit\u00e9 de service pour les citoyens de ces grandes villes marocaines.<\/p>\n","protected":false},"excerpt":{"rendered":"<p>Groupe Alsa Transport vient de recevoir le label RSE (Responsabilit\u00e9 Soci\u00e9tale des Entreprises) octroy\u00e9 par<\/p>\n","protected":false},"author":1,"featured_media":2049,"comment_status":"open","ping_status":"open","sticky":false,"template":"","format":"standard","meta":{"_acf_changed":false,"footnotes":""},"categories":[2,3],"tags":[646,340],"class_list":["post-2048","post","type-post","status-publish","format-standard","has-post-thumbnail","hentry","category-nouvelles","category-nouvelles-selectionnees","tag-alsa-transport","tag-cgem"],"acf":[],"yoast_head":"<!-- This site is optimized with the Yoast SEO plugin v22.0 - https:\/\/yoast.com\/wordpress\/plugins\/seo\/ -->\n<title>Groupe Alsa Transport re\u00e7oit le label RSE de la CGEM - MEDIA PLATEFORME | FR<\/title>\n<meta name=\"description\" content=\"Alsa Transport vient de recevoir le label RSE (Responsabilit\u00e9 Soci\u00e9tale des Entreprises) octroy\u00e9 par la CGEM (Conf\u00e9d\u00e9ration G\u00e9n\u00e9rale des\" \/>\n<meta name=\"robots\" content=\"index, follow, max-snippet:-1, max-image-preview:large, max-video-preview:-1\" \/>\n<link rel=\"canonical\" href=\"https:\/\/www.mediaplateforme.com\/fr\/cgem\/\" \/>\n<meta property=\"og:locale\" content=\"fr_FR\" \/>\n<meta property=\"og:type\" content=\"article\" \/>\n<meta property=\"og:title\" content=\"Groupe Alsa Transport re\u00e7oit le label RSE de la CGEM - MEDIA PLATEFORME | FR\" \/>\n<meta property=\"og:description\" content=\"Alsa Transport vient de recevoir le label RSE (Responsabilit\u00e9 Soci\u00e9tale des Entreprises) octroy\u00e9 par la CGEM (Conf\u00e9d\u00e9ration G\u00e9n\u00e9rale des\" \/>\n<meta property=\"og:url\" content=\"https:\/\/www.mediaplateforme.com\/fr\/cgem\/\" \/>\n<meta property=\"og:site_name\" content=\"MEDIA PLATEFORME | FR\" \/>\n<meta property=\"article:published_time\" content=\"2023-01-12T14:39:01+00:00\" \/>\n<meta property=\"article:modified_time\" content=\"2023-01-12T14:40:06+00:00\" \/>\n<meta property=\"og:image\" content=\"https:\/\/www.mediaplateforme.com\/fr\/wp-content\/uploads\/sites\/5\/2023\/01\/Label-RSE-de-la-CGEM.jpg\" \/>\n\t<meta property=\"og:image:width\" content=\"1920\" \/>\n\t<meta property=\"og:image:height\" content=\"1080\" \/>\n\t<meta property=\"og:image:type\" content=\"image\/jpeg\" \/>\n<meta name=\"author\" content=\"Mediaplateforme\" \/>\n<meta name=\"twitter:card\" content=\"summary_large_image\" \/>\n<meta name=\"twitter:label1\" content=\"\u00c9crit par\" \/>\n\t<meta name=\"twitter:data1\" content=\"Mediaplateforme\" \/>\n\t<meta name=\"twitter:label2\" content=\"Dur\u00e9e de lecture estim\u00e9e\" \/>\n\t<meta name=\"twitter:data2\" content=\"5 minutes\" \/>\n<script type=\"application\/ld+json\" class=\"yoast-schema-graph\">{\"@context\":\"https:\/\/schema.org\",\"@graph\":[{\"@type\":\"WebPage\",\"@id\":\"https:\/\/www.mediaplateforme.com\/fr\/cgem\/\",\"url\":\"https:\/\/www.mediaplateforme.com\/fr\/cgem\/\",\"name\":\"Groupe Alsa Transport re\u00e7oit le label RSE de la CGEM - MEDIA PLATEFORME | FR\",\"isPartOf\":{\"@id\":\"https:\/\/www.mediaplateforme.com\/fr\/#website\"},\"datePublished\":\"2023-01-12T14:39:01+00:00\",\"dateModified\":\"2023-01-12T14:40:06+00:00\",\"author\":{\"@id\":\"https:\/\/www.mediaplateforme.com\/fr\/#\/schema\/person\/89833db382b5db2c76b094bc902aa12a\"},\"description\":\"Alsa Transport vient de recevoir le label RSE (Responsabilit\u00e9 Soci\u00e9tale des Entreprises) octroy\u00e9 par la CGEM (Conf\u00e9d\u00e9ration G\u00e9n\u00e9rale des\",\"breadcrumb\":{\"@id\":\"https:\/\/www.mediaplateforme.com\/fr\/cgem\/#breadcrumb\"},\"inLanguage\":\"fr-FR\",\"potentialAction\":[{\"@type\":\"ReadAction\",\"target\":[\"https:\/\/www.mediaplateforme.com\/fr\/cgem\/\"]}]},{\"@type\":\"BreadcrumbList\",\"@id\":\"https:\/\/www.mediaplateforme.com\/fr\/cgem\/#breadcrumb\",\"itemListElement\":[{\"@type\":\"ListItem\",\"position\":1,\"name\":\"\u0627\u0644\u0631\u0626\u064a\u0633\u064a\u0629\",\"item\":\"https:\/\/www.mediaplateforme.com\/fr\/\"},{\"@type\":\"ListItem\",\"position\":2,\"name\":\"Groupe Alsa Transport re\u00e7oit le label RSE de la CGEM\"}]},{\"@type\":\"WebSite\",\"@id\":\"https:\/\/www.mediaplateforme.com\/fr\/#website\",\"url\":\"https:\/\/www.mediaplateforme.com\/fr\/\",\"name\":\"MEDIA PLATEFORME | FR\",\"description\":\"Mediaplateforme sp\u00e9cialis\u00e9 dans la communication institutions publiques et des entreprises\",\"potentialAction\":[{\"@type\":\"SearchAction\",\"target\":{\"@type\":\"EntryPoint\",\"urlTemplate\":\"https:\/\/www.mediaplateforme.com\/fr\/?s={search_term_string}\"},\"query-input\":\"required name=search_term_string\"}],\"inLanguage\":\"fr-FR\"},{\"@type\":\"Person\",\"@id\":\"https:\/\/www.mediaplateforme.com\/fr\/#\/schema\/person\/89833db382b5db2c76b094bc902aa12a\",\"name\":\"Mediaplateforme\",\"image\":{\"@type\":\"ImageObject\",\"inLanguage\":\"fr-FR\",\"@id\":\"https:\/\/www.mediaplateforme.com\/fr\/#\/schema\/person\/image\/\",\"url\":\"https:\/\/secure.gravatar.com\/avatar\/6c9c02e8928cc65d54bf75157f7b3a2d06d7ad0494ca0951f679552ff03b34c1?s=96&d=mm&r=g\",\"contentUrl\":\"https:\/\/secure.gravatar.com\/avatar\/6c9c02e8928cc65d54bf75157f7b3a2d06d7ad0494ca0951f679552ff03b34c1?s=96&d=mm&r=g\",\"caption\":\"Mediaplateforme\"},\"sameAs\":[\"https:\/\/www.mediaplateforme.com\"],\"url\":\"https:\/\/www.mediaplateforme.com\/fr\/author\/mohamedladib\/\"}]}<\/script>\n<!-- \/ Yoast SEO plugin. -->","yoast_head_json":{"title":"Groupe Alsa Transport re\u00e7oit le label RSE de la CGEM - MEDIA PLATEFORME | FR","description":"Alsa Transport vient de recevoir le label RSE (Responsabilit\u00e9 Soci\u00e9tale des Entreprises) octroy\u00e9 par la CGEM (Conf\u00e9d\u00e9ration G\u00e9n\u00e9rale des","robots":{"index":"index","follow":"follow","max-snippet":"max-snippet:-1","max-image-preview":"max-image-preview:large","max-video-preview":"max-video-preview:-1"},"canonical":"https:\/\/www.mediaplateforme.com\/fr\/cgem\/","og_locale":"fr_FR","og_type":"article","og_title":"Groupe Alsa Transport re\u00e7oit le label RSE de la CGEM - MEDIA PLATEFORME | FR","og_description":"Alsa Transport vient de recevoir le label RSE (Responsabilit\u00e9 Soci\u00e9tale des Entreprises) octroy\u00e9 par la CGEM (Conf\u00e9d\u00e9ration G\u00e9n\u00e9rale des","og_url":"https:\/\/www.mediaplateforme.com\/fr\/cgem\/","og_site_name":"MEDIA PLATEFORME | FR","article_published_time":"2023-01-12T14:39:01+00:00","article_modified_time":"2023-01-12T14:40:06+00:00","og_image":[{"width":1920,"height":1080,"url":"https:\/\/www.mediaplateforme.com\/fr\/wp-content\/uploads\/sites\/5\/2023\/01\/Label-RSE-de-la-CGEM.jpg","type":"image\/jpeg"}],"author":"Mediaplateforme","twitter_card":"summary_large_image","twitter_misc":{"\u00c9crit par":"Mediaplateforme","Dur\u00e9e de lecture estim\u00e9e":"5 minutes"},"schema":{"@context":"https:\/\/schema.org","@graph":[{"@type":"WebPage","@id":"https:\/\/www.mediaplateforme.com\/fr\/cgem\/","url":"https:\/\/www.mediaplateforme.com\/fr\/cgem\/","name":"Groupe Alsa Transport re\u00e7oit le label RSE de la CGEM - MEDIA PLATEFORME | FR","isPartOf":{"@id":"https:\/\/www.mediaplateforme.com\/fr\/#website"},"datePublished":"2023-01-12T14:39:01+00:00","dateModified":"2023-01-12T14:40:06+00:00","author":{"@id":"https:\/\/www.mediaplateforme.com\/fr\/#\/schema\/person\/89833db382b5db2c76b094bc902aa12a"},"description":"Alsa Transport vient de recevoir le label RSE (Responsabilit\u00e9 Soci\u00e9tale des Entreprises) octroy\u00e9 par la CGEM (Conf\u00e9d\u00e9ration G\u00e9n\u00e9rale des","breadcrumb":{"@id":"https:\/\/www.mediaplateforme.com\/fr\/cgem\/#breadcrumb"},"inLanguage":"fr-FR","potentialAction":[{"@type":"ReadAction","target":["https:\/\/www.mediaplateforme.com\/fr\/cgem\/"]}]},{"@type":"BreadcrumbList","@id":"https:\/\/www.mediaplateforme.com\/fr\/cgem\/#breadcrumb","itemListElement":[{"@type":"ListItem","position":1,"name":"\u0627\u0644\u0631\u0626\u064a\u0633\u064a\u0629","item":"https:\/\/www.mediaplateforme.com\/fr\/"},{"@type":"ListItem","position":2,"name":"Groupe Alsa Transport re\u00e7oit le label RSE de la CGEM"}]},{"@type":"WebSite","@id":"https:\/\/www.mediaplateforme.com\/fr\/#website","url":"https:\/\/www.mediaplateforme.com\/fr\/","name":"MEDIA PLATEFORME | FR","description":"Mediaplateforme sp\u00e9cialis\u00e9 dans la communication institutions publiques et des entreprises","potentialAction":[{"@type":"SearchAction","target":{"@type":"EntryPoint","urlTemplate":"https:\/\/www.mediaplateforme.com\/fr\/?s={search_term_string}"},"query-input":"required name=search_term_string"}],"inLanguage":"fr-FR"},{"@type":"Person","@id":"https:\/\/www.mediaplateforme.com\/fr\/#\/schema\/person\/89833db382b5db2c76b094bc902aa12a","name":"Mediaplateforme","image":{"@type":"ImageObject","inLanguage":"fr-FR","@id":"https:\/\/www.mediaplateforme.com\/fr\/#\/schema\/person\/image\/","url":"https:\/\/secure.gravatar.com\/avatar\/6c9c02e8928cc65d54bf75157f7b3a2d06d7ad0494ca0951f679552ff03b34c1?s=96&d=mm&r=g","contentUrl":"https:\/\/secure.gravatar.com\/avatar\/6c9c02e8928cc65d54bf75157f7b3a2d06d7ad0494ca0951f679552ff03b34c1?s=96&d=mm&r=g","caption":"Mediaplateforme"},"sameAs":["https:\/\/www.mediaplateforme.com"],"url":"https:\/\/www.mediaplateforme.com\/fr\/author\/mohamedladib\/"}]}},"_links":{"self":[{"href":"https:\/\/www.mediaplateforme.com\/fr\/wp-json\/wp\/v2\/posts\/2048","targetHints":{"allow":["GET"]}}],"collection":[{"href":"https:\/\/www.mediaplateforme.com\/fr\/wp-json\/wp\/v2\/posts"}],"about":[{"href":"https:\/\/www.mediaplateforme.com\/fr\/wp-json\/wp\/v2\/types\/post"}],"author":[{"embeddable":true,"href":"https:\/\/www.mediaplateforme.com\/fr\/wp-json\/wp\/v2\/users\/1"}],"replies":[{"embeddable":true,"href":"https:\/\/www.mediaplateforme.com\/fr\/wp-json\/wp\/v2\/comments?post=2048"}],"version-history":[{"count":2,"href":"https:\/\/www.mediaplateforme.com\/fr\/wp-json\/wp\/v2\/posts\/2048\/revisions"}],"predecessor-version":[{"id":2051,"href":"https:\/\/www.mediaplateforme.com\/fr\/wp-json\/wp\/v2\/posts\/2048\/revisions\/2051"}],"wp:featuredmedia":[{"embeddable":true,"href":"https:\/\/www.mediaplateforme.com\/fr\/wp-json\/wp\/v2\/media\/2049"}],"wp:attachment":[{"href":"https:\/\/www.mediaplateforme.com\/fr\/wp-json\/wp\/v2\/media?parent=2048"}],"wp:term":[{"taxonomy":"category","embeddable":true,"href":"https:\/\/www.mediaplateforme.com\/fr\/wp-json\/wp\/v2\/categories?post=2048"},{"taxonomy":"post_tag","embeddable":true,"href":"https:\/\/www.mediaplateforme.com\/fr\/wp-json\/wp\/v2\/tags?post=2048"}],"curies":[{"name":"wp","href":"https:\/\/api.w.org\/{rel}","templated":true}]}}