{"id":2013,"date":"2023-01-02T15:36:22","date_gmt":"2023-01-02T14:36:22","guid":{"rendered":"https:\/\/www.mediaplateforme.com\/fr\/?p=2013"},"modified":"2023-01-02T15:38:08","modified_gmt":"2023-01-02T14:38:08","slug":"un-nouveau-partenariat-entre-radisson-blu-hotel-marrakech-carre-eden-et-chocolat-suisse","status":"publish","type":"post","link":"https:\/\/www.mediaplateforme.com\/fr\/un-nouveau-partenariat-entre-radisson-blu-hotel-marrakech-carre-eden-et-chocolat-suisse\/","title":{"rendered":"Un nouveau partenariat entre Radisson Blu Hotel, Marrakech Carr\u00e9 Eden et \u00ab Chocolat Suisse \u00bb"},"content":{"rendered":"<p><strong>Une premi\u00e8re au Maroc avec l\u2019implantation de la soci\u00e9t\u00e9 \u00ab Chocolat Suisse \u00bb au sein de \u00ab Lila p\u00e2tisserie \u00bb, la d\u00e9sormais c\u00e9l\u00e8bre boutique du Radisson Blu Hotel, Marrakech Carr\u00e9 Eden.<\/strong><\/p>\n<p>&nbsp;<\/p>\n<p>L\u2019histoire, faite d\u2019une rencontre comme souvent, \u00e9tait trop belle pour ne pas \u00eatre racont\u00e9e. En effet, \u00e0 l\u2019occasion d\u2019un \u00e9change entre Yassin Hahoul, CEO de la soci\u00e9t\u00e9 \u00ab Chocolat Suisse \u00bb et Fabrice Castellorizios, Directeur G\u00e9n\u00e9ral du <a href=\"https:\/\/www.mediaplateforme.com\/fr\/creche-dentreprise-au-sein-du-radisson-blu-hotel-marrakech-carre-eden\/\">Radisson Blu Hotel<\/a>, Marrakech Carr\u00e9 Eden, l\u2019id\u00e9e a tr\u00e8s vite germ\u00e9 pour aboutir \u00e0 sa r\u00e9alisation en ce d\u00e9but d\u2019ann\u00e9e 2023.<\/p>\n<p>&nbsp;<\/p>\n<p>Comme le dit l\u2019entrepreneur suisse Yassin Halhoul : \u00ab La Suisse est le pays du chocolat, certainement le meilleur au monde et le chocolat suisse \u00e9tait singuli\u00e8rement, jusqu\u2019\u00e0 pr\u00e9sent, absent du march\u00e9 marocain. Nous sommes aujourd\u2019hui parvenus \u00e0 en importer et nous voulons le faire d\u00e9couvrir au plus grand nombre de marocains et touristes de passage dans le Royaume, et ce, dans chaque gamme (tablettes, au poids, compositions,\u2026) et \u00e0 tout budget. Le Radisson Blu et sa boutique \u00ab Lila P\u00e2tisserie \u00bb, de par son emplacement tr\u00e8s passant et sa politique d\u2019ouverture, \u00e9tait un partenaire \u00e9vident \u00bb.<\/p>\n<p>&nbsp;<\/p>\n<p>Fabrice Castellorizios rench\u00e9rit : \u00ab La Suisse est \u00e9galement le pays de l\u2019excellence en particulier dans le domaine de l\u2019h\u00f4tellerie, ce qui nous lie encore plus. Nous souhaitons, au travers de cette nouvelle innovation offrir \u00e0 nos clients, en plus de nos p\u00e2tisseries \u00ab Maison \u00bb, 100% artisanales et fra\u00eeches du jour, un chocolat de grande qualit\u00e9, encore unique au Maroc. \u00ab Chocolat Suisse \u00bb est le repr\u00e9sentant exclusif de grandes maisons telles que Favarger, Ragusa,\u2026 fabricants de chocolats suisses faits uniquement de mati\u00e8res premi\u00e8res de premier choix et riches d\u2019une expertise hors du commun, ce qui fait, nous le savons, toute la diff\u00e9rence \u00bb.<\/p>\n<p>&nbsp;<\/p>\n<p>La p\u00e9riode est bien propice \u00e0 un peu de gourmandise. Vous serez les bienvenus pour une pause gourmande \u00ab Chocolat Suisse \u00bb au Radisson Blu Hotel, Marrakech Carr\u00e9 Eden.<\/p>\n","protected":false},"excerpt":{"rendered":"<p>Une premi\u00e8re au Maroc avec l\u2019implantation de la soci\u00e9t\u00e9 \u00ab Chocolat Suisse \u00bb au sein<\/p>\n","protected":false},"author":1,"featured_media":2014,"comment_status":"open","ping_status":"open","sticky":false,"template":"","format":"standard","meta":{"_acf_changed":false,"footnotes":""},"categories":[7,3],"tags":[639],"class_list":["post-2013","post","type-post","status-publish","format-standard","has-post-thumbnail","hentry","category-articles","category-nouvelles-selectionnees","tag-chocolat-suisse"],"acf":[],"yoast_head":"<!-- This site is optimized with the Yoast SEO plugin v22.0 - https:\/\/yoast.com\/wordpress\/plugins\/seo\/ -->\n<title>Un nouveau partenariat entre Radisson Blu Hotel, Marrakech Carr\u00e9 Eden et \u00ab Chocolat Suisse \u00bb - MEDIA PLATEFORME | FR<\/title>\n<meta name=\"description\" content=\"\u00ab Chocolat Suisse \u00bb au sein de \u00ab Lila p\u00e2tisserie \u00bb, la d\u00e9sormais c\u00e9l\u00e8bre boutique du Radisson Blu Hotel, Marrakech Carr\u00e9 Eden.\" \/>\n<meta name=\"robots\" content=\"index, follow, max-snippet:-1, max-image-preview:large, max-video-preview:-1\" \/>\n<link rel=\"canonical\" href=\"https:\/\/www.mediaplateforme.com\/fr\/un-nouveau-partenariat-entre-radisson-blu-hotel-marrakech-carre-eden-et-chocolat-suisse\/\" \/>\n<meta property=\"og:locale\" content=\"fr_FR\" \/>\n<meta property=\"og:type\" content=\"article\" \/>\n<meta property=\"og:title\" content=\"Un nouveau partenariat entre Radisson Blu Hotel, Marrakech Carr\u00e9 Eden et \u00ab Chocolat Suisse \u00bb - MEDIA PLATEFORME | FR\" \/>\n<meta property=\"og:description\" content=\"\u00ab Chocolat Suisse \u00bb au sein de \u00ab Lila p\u00e2tisserie \u00bb, la d\u00e9sormais c\u00e9l\u00e8bre boutique du Radisson Blu Hotel, Marrakech Carr\u00e9 Eden.\" \/>\n<meta property=\"og:url\" content=\"https:\/\/www.mediaplateforme.com\/fr\/un-nouveau-partenariat-entre-radisson-blu-hotel-marrakech-carre-eden-et-chocolat-suisse\/\" \/>\n<meta property=\"og:site_name\" content=\"MEDIA PLATEFORME | FR\" \/>\n<meta property=\"article:published_time\" content=\"2023-01-02T14:36:22+00:00\" \/>\n<meta property=\"article:modified_time\" content=\"2023-01-02T14:38:08+00:00\" \/>\n<meta property=\"og:image\" content=\"https:\/\/www.mediaplateforme.com\/fr\/wp-content\/uploads\/sites\/5\/2023\/01\/chocolat-radisson.jpg\" \/>\n\t<meta property=\"og:image:width\" content=\"1571\" \/>\n\t<meta property=\"og:image:height\" content=\"929\" \/>\n\t<meta property=\"og:image:type\" content=\"image\/jpeg\" \/>\n<meta name=\"author\" content=\"Mediaplateforme\" \/>\n<meta name=\"twitter:card\" content=\"summary_large_image\" \/>\n<meta name=\"twitter:label1\" content=\"\u00c9crit par\" \/>\n\t<meta name=\"twitter:data1\" content=\"Mediaplateforme\" \/>\n\t<meta name=\"twitter:label2\" content=\"Dur\u00e9e de lecture estim\u00e9e\" \/>\n\t<meta name=\"twitter:data2\" content=\"2 minutes\" \/>\n<script type=\"application\/ld+json\" class=\"yoast-schema-graph\">{\"@context\":\"https:\/\/schema.org\",\"@graph\":[{\"@type\":\"WebPage\",\"@id\":\"https:\/\/www.mediaplateforme.com\/fr\/un-nouveau-partenariat-entre-radisson-blu-hotel-marrakech-carre-eden-et-chocolat-suisse\/\",\"url\":\"https:\/\/www.mediaplateforme.com\/fr\/un-nouveau-partenariat-entre-radisson-blu-hotel-marrakech-carre-eden-et-chocolat-suisse\/\",\"name\":\"Un nouveau partenariat entre Radisson Blu Hotel, Marrakech Carr\u00e9 Eden et \u00ab Chocolat Suisse \u00bb - MEDIA PLATEFORME | FR\",\"isPartOf\":{\"@id\":\"https:\/\/www.mediaplateforme.com\/fr\/#website\"},\"datePublished\":\"2023-01-02T14:36:22+00:00\",\"dateModified\":\"2023-01-02T14:38:08+00:00\",\"author\":{\"@id\":\"https:\/\/www.mediaplateforme.com\/fr\/#\/schema\/person\/89833db382b5db2c76b094bc902aa12a\"},\"description\":\"\u00ab Chocolat Suisse \u00bb au sein de \u00ab Lila p\u00e2tisserie \u00bb, la d\u00e9sormais c\u00e9l\u00e8bre boutique du Radisson Blu Hotel, Marrakech Carr\u00e9 Eden.\",\"breadcrumb\":{\"@id\":\"https:\/\/www.mediaplateforme.com\/fr\/un-nouveau-partenariat-entre-radisson-blu-hotel-marrakech-carre-eden-et-chocolat-suisse\/#breadcrumb\"},\"inLanguage\":\"fr-FR\",\"potentialAction\":[{\"@type\":\"ReadAction\",\"target\":[\"https:\/\/www.mediaplateforme.com\/fr\/un-nouveau-partenariat-entre-radisson-blu-hotel-marrakech-carre-eden-et-chocolat-suisse\/\"]}]},{\"@type\":\"BreadcrumbList\",\"@id\":\"https:\/\/www.mediaplateforme.com\/fr\/un-nouveau-partenariat-entre-radisson-blu-hotel-marrakech-carre-eden-et-chocolat-suisse\/#breadcrumb\",\"itemListElement\":[{\"@type\":\"ListItem\",\"position\":1,\"name\":\"\u0627\u0644\u0631\u0626\u064a\u0633\u064a\u0629\",\"item\":\"https:\/\/www.mediaplateforme.com\/fr\/\"},{\"@type\":\"ListItem\",\"position\":2,\"name\":\"Un nouveau partenariat entre Radisson Blu Hotel, Marrakech Carr\u00e9 Eden et \u00ab Chocolat Suisse \u00bb\"}]},{\"@type\":\"WebSite\",\"@id\":\"https:\/\/www.mediaplateforme.com\/fr\/#website\",\"url\":\"https:\/\/www.mediaplateforme.com\/fr\/\",\"name\":\"MEDIA PLATEFORME | FR\",\"description\":\"Mediaplateforme sp\u00e9cialis\u00e9 dans la communication institutions publiques et des entreprises\",\"potentialAction\":[{\"@type\":\"SearchAction\",\"target\":{\"@type\":\"EntryPoint\",\"urlTemplate\":\"https:\/\/www.mediaplateforme.com\/fr\/?s={search_term_string}\"},\"query-input\":\"required name=search_term_string\"}],\"inLanguage\":\"fr-FR\"},{\"@type\":\"Person\",\"@id\":\"https:\/\/www.mediaplateforme.com\/fr\/#\/schema\/person\/89833db382b5db2c76b094bc902aa12a\",\"name\":\"Mediaplateforme\",\"image\":{\"@type\":\"ImageObject\",\"inLanguage\":\"fr-FR\",\"@id\":\"https:\/\/www.mediaplateforme.com\/fr\/#\/schema\/person\/image\/\",\"url\":\"https:\/\/secure.gravatar.com\/avatar\/6c9c02e8928cc65d54bf75157f7b3a2d06d7ad0494ca0951f679552ff03b34c1?s=96&d=mm&r=g\",\"contentUrl\":\"https:\/\/secure.gravatar.com\/avatar\/6c9c02e8928cc65d54bf75157f7b3a2d06d7ad0494ca0951f679552ff03b34c1?s=96&d=mm&r=g\",\"caption\":\"Mediaplateforme\"},\"sameAs\":[\"https:\/\/www.mediaplateforme.com\"],\"url\":\"https:\/\/www.mediaplateforme.com\/fr\/author\/mohamedladib\/\"}]}<\/script>\n<!-- \/ Yoast SEO plugin. -->","yoast_head_json":{"title":"Un nouveau partenariat entre Radisson Blu Hotel, Marrakech Carr\u00e9 Eden et \u00ab Chocolat Suisse \u00bb - MEDIA PLATEFORME | FR","description":"\u00ab Chocolat Suisse \u00bb au sein de \u00ab Lila p\u00e2tisserie \u00bb, la d\u00e9sormais c\u00e9l\u00e8bre boutique du Radisson Blu Hotel, Marrakech Carr\u00e9 Eden.","robots":{"index":"index","follow":"follow","max-snippet":"max-snippet:-1","max-image-preview":"max-image-preview:large","max-video-preview":"max-video-preview:-1"},"canonical":"https:\/\/www.mediaplateforme.com\/fr\/un-nouveau-partenariat-entre-radisson-blu-hotel-marrakech-carre-eden-et-chocolat-suisse\/","og_locale":"fr_FR","og_type":"article","og_title":"Un nouveau partenariat entre Radisson Blu Hotel, Marrakech Carr\u00e9 Eden et \u00ab Chocolat Suisse \u00bb - MEDIA PLATEFORME | FR","og_description":"\u00ab Chocolat Suisse \u00bb au sein de \u00ab Lila p\u00e2tisserie \u00bb, la d\u00e9sormais c\u00e9l\u00e8bre boutique du Radisson Blu Hotel, Marrakech Carr\u00e9 Eden.","og_url":"https:\/\/www.mediaplateforme.com\/fr\/un-nouveau-partenariat-entre-radisson-blu-hotel-marrakech-carre-eden-et-chocolat-suisse\/","og_site_name":"MEDIA PLATEFORME | FR","article_published_time":"2023-01-02T14:36:22+00:00","article_modified_time":"2023-01-02T14:38:08+00:00","og_image":[{"width":1571,"height":929,"url":"https:\/\/www.mediaplateforme.com\/fr\/wp-content\/uploads\/sites\/5\/2023\/01\/chocolat-radisson.jpg","type":"image\/jpeg"}],"author":"Mediaplateforme","twitter_card":"summary_large_image","twitter_misc":{"\u00c9crit par":"Mediaplateforme","Dur\u00e9e de lecture estim\u00e9e":"2 minutes"},"schema":{"@context":"https:\/\/schema.org","@graph":[{"@type":"WebPage","@id":"https:\/\/www.mediaplateforme.com\/fr\/un-nouveau-partenariat-entre-radisson-blu-hotel-marrakech-carre-eden-et-chocolat-suisse\/","url":"https:\/\/www.mediaplateforme.com\/fr\/un-nouveau-partenariat-entre-radisson-blu-hotel-marrakech-carre-eden-et-chocolat-suisse\/","name":"Un nouveau partenariat entre Radisson Blu Hotel, Marrakech Carr\u00e9 Eden et \u00ab Chocolat Suisse \u00bb - MEDIA PLATEFORME | FR","isPartOf":{"@id":"https:\/\/www.mediaplateforme.com\/fr\/#website"},"datePublished":"2023-01-02T14:36:22+00:00","dateModified":"2023-01-02T14:38:08+00:00","author":{"@id":"https:\/\/www.mediaplateforme.com\/fr\/#\/schema\/person\/89833db382b5db2c76b094bc902aa12a"},"description":"\u00ab Chocolat Suisse \u00bb au sein de \u00ab Lila p\u00e2tisserie \u00bb, la d\u00e9sormais c\u00e9l\u00e8bre boutique du Radisson Blu Hotel, Marrakech Carr\u00e9 Eden.","breadcrumb":{"@id":"https:\/\/www.mediaplateforme.com\/fr\/un-nouveau-partenariat-entre-radisson-blu-hotel-marrakech-carre-eden-et-chocolat-suisse\/#breadcrumb"},"inLanguage":"fr-FR","potentialAction":[{"@type":"ReadAction","target":["https:\/\/www.mediaplateforme.com\/fr\/un-nouveau-partenariat-entre-radisson-blu-hotel-marrakech-carre-eden-et-chocolat-suisse\/"]}]},{"@type":"BreadcrumbList","@id":"https:\/\/www.mediaplateforme.com\/fr\/un-nouveau-partenariat-entre-radisson-blu-hotel-marrakech-carre-eden-et-chocolat-suisse\/#breadcrumb","itemListElement":[{"@type":"ListItem","position":1,"name":"\u0627\u0644\u0631\u0626\u064a\u0633\u064a\u0629","item":"https:\/\/www.mediaplateforme.com\/fr\/"},{"@type":"ListItem","position":2,"name":"Un nouveau partenariat entre Radisson Blu Hotel, Marrakech Carr\u00e9 Eden et \u00ab Chocolat Suisse \u00bb"}]},{"@type":"WebSite","@id":"https:\/\/www.mediaplateforme.com\/fr\/#website","url":"https:\/\/www.mediaplateforme.com\/fr\/","name":"MEDIA PLATEFORME | FR","description":"Mediaplateforme sp\u00e9cialis\u00e9 dans la communication institutions publiques et des entreprises","potentialAction":[{"@type":"SearchAction","target":{"@type":"EntryPoint","urlTemplate":"https:\/\/www.mediaplateforme.com\/fr\/?s={search_term_string}"},"query-input":"required name=search_term_string"}],"inLanguage":"fr-FR"},{"@type":"Person","@id":"https:\/\/www.mediaplateforme.com\/fr\/#\/schema\/person\/89833db382b5db2c76b094bc902aa12a","name":"Mediaplateforme","image":{"@type":"ImageObject","inLanguage":"fr-FR","@id":"https:\/\/www.mediaplateforme.com\/fr\/#\/schema\/person\/image\/","url":"https:\/\/secure.gravatar.com\/avatar\/6c9c02e8928cc65d54bf75157f7b3a2d06d7ad0494ca0951f679552ff03b34c1?s=96&d=mm&r=g","contentUrl":"https:\/\/secure.gravatar.com\/avatar\/6c9c02e8928cc65d54bf75157f7b3a2d06d7ad0494ca0951f679552ff03b34c1?s=96&d=mm&r=g","caption":"Mediaplateforme"},"sameAs":["https:\/\/www.mediaplateforme.com"],"url":"https:\/\/www.mediaplateforme.com\/fr\/author\/mohamedladib\/"}]}},"_links":{"self":[{"href":"https:\/\/www.mediaplateforme.com\/fr\/wp-json\/wp\/v2\/posts\/2013","targetHints":{"allow":["GET"]}}],"collection":[{"href":"https:\/\/www.mediaplateforme.com\/fr\/wp-json\/wp\/v2\/posts"}],"about":[{"href":"https:\/\/www.mediaplateforme.com\/fr\/wp-json\/wp\/v2\/types\/post"}],"author":[{"embeddable":true,"href":"https:\/\/www.mediaplateforme.com\/fr\/wp-json\/wp\/v2\/users\/1"}],"replies":[{"embeddable":true,"href":"https:\/\/www.mediaplateforme.com\/fr\/wp-json\/wp\/v2\/comments?post=2013"}],"version-history":[{"count":1,"href":"https:\/\/www.mediaplateforme.com\/fr\/wp-json\/wp\/v2\/posts\/2013\/revisions"}],"predecessor-version":[{"id":2015,"href":"https:\/\/www.mediaplateforme.com\/fr\/wp-json\/wp\/v2\/posts\/2013\/revisions\/2015"}],"wp:featuredmedia":[{"embeddable":true,"href":"https:\/\/www.mediaplateforme.com\/fr\/wp-json\/wp\/v2\/media\/2014"}],"wp:attachment":[{"href":"https:\/\/www.mediaplateforme.com\/fr\/wp-json\/wp\/v2\/media?parent=2013"}],"wp:term":[{"taxonomy":"category","embeddable":true,"href":"https:\/\/www.mediaplateforme.com\/fr\/wp-json\/wp\/v2\/categories?post=2013"},{"taxonomy":"post_tag","embeddable":true,"href":"https:\/\/www.mediaplateforme.com\/fr\/wp-json\/wp\/v2\/tags?post=2013"}],"curies":[{"name":"wp","href":"https:\/\/api.w.org\/{rel}","templated":true}]}}