{"id":1893,"date":"2022-12-16T13:39:14","date_gmt":"2022-12-16T12:39:14","guid":{"rendered":"https:\/\/www.mediaplateforme.com\/fr\/?p=1893"},"modified":"2022-12-16T13:41:37","modified_gmt":"2022-12-16T12:41:37","slug":"l%ca%bcassociation-des-centraliens-et-supelec-alumni-maroc-acsm-renouvelle-son-bureau","status":"publish","type":"post","link":"https:\/\/www.mediaplateforme.com\/fr\/l%ca%bcassociation-des-centraliens-et-supelec-alumni-maroc-acsm-renouvelle-son-bureau\/","title":{"rendered":"L\u02bcassociation des Centraliens et Supe\u0301lec Alumni Maroc (ACSM) renouvelle son bureau"},"content":{"rendered":"<div title=\"Page 1\">\n<div>\n<div>\n<div>\n<p>Les membres de l\u02bcAssociation des Centraliens et Supe\u0301lec du Maroc se sont re\u0301unis ce jeudi 15 de\u0301cembre 2022 afin de pre\u0301senter le rapport moral et financierde l\u02bcexercice2022,donner qui tus a\u0300 l\u02bcancien bureau, e\u0301lireleur nouveau pre\u0301sident et de\u0301signer les membres du bureau 2023-2024.<\/p>\n<p>E\u0301lu pour un mandat de deux ans renouvelable une seule fois, le nouveau pre\u0301sident M. Jalal CHARAF, centralien de paris promotion 1999, a pre\u0301sente\u0301 les priorite\u0301s du nouveau bureau : \u00ab De\u0301velopper l\u02bcadhe\u0301sion et l\u02bcimplication des camarades de l\u02bcEcole CentraleSupe\u0301lec et Centrale Casablanca pour assurer leur rayonnement, contribuer au de\u0301bat public sur les questions importantes pour le de\u0301veloppement de notre pays, travailler sur l\u02bcouverture de l\u02bcACSM aux autres associations du Groupe des e\u0301coles centrales et l\u02bcimplication de leurs alumni, et organiser le 8e\u0300me\u00a0forum CentralienSupelec\u00bb.<\/p>\n<p>L\u02bcassociation qui regroupe les Centraliens &amp; Supe\u0301lec du Maroc ainsi que les laure\u0301ats de l\u02bcEcole Centrale Casablanca, est a\u0300 l\u02bcorigine de nombre de confe\u0301rences et d\u02bce\u0301ve\u0301nements majeurs visant a\u0300 de\u0301velopper les e\u0301changes entre l\u02bcEcole et les professionnels ope\u0301rant dans des secteurs d\u02bcactivite\u0301s cle\u0301s dans le de\u0301veloppement e\u0301conomique du pays. Elle \u0153uvre e\u0301galement au rayonnement national et international de l\u02bcEcole a\u0300 travers le de\u0301veloppement de son re\u0301seau.<\/p>\n<p>A l\u02bcissue de l\u02bcassemble\u0301e, une confe\u0301rence a e\u0301te\u0301 donne\u0301e par M. Abdellatif MIRAOUI, Ministre de l\u02bcEnseignement Supe\u0301rieur, de la Recherche Scientifique et de l\u02bcInnovation autour du the\u0300me : \u201cLe pacte ESRI 2030 : une nouvelle dynamique pour un capital humain re\u0301silient et en pleine capacitation\u201d.<\/p>\n<p>M. CHARAF a pre\u0301cise\u0301 les raisons de son engagement dans ces termes : \u00ab C\u02bcest un honneur de pouvoir contribuer, aux co\u0302te\u0301s de personnes aussi engage\u0301es, a\u0300 faire de notre association un vecteur de de\u0301veloppement pour les jeunes diplo\u0302me\u0301s de notre e\u0301cole, pour la communaute\u0301 CentraleSupelec et pour notre pays de manie\u0300re plus ge\u0301ne\u0301rale \u00bb<\/p>\n<\/div>\n<\/div>\n<div>\n<div><\/div>\n<\/div>\n<\/div>\n<\/div>\n<div title=\"Page 2\">\n<div>\n<div>\n<div>\n<h4>A propos de l\u02bcassociation<\/h4>\n<p>Le re\u0301seau international consolide\u0301 des Centraliens et Supe\u0301lec compte pre\u0300s de 55 000 membres en activite\u0301enFranceeta\u0300<wbr \/>traverslemonde.<wbr \/>Degrandsnomsdel\u02bcindustriemondi<wbr \/>alesontdes Centraliens ou des Supe\u0301lecs : Gustave Eiffel, Armand Peugeot, Marcel Schlumberger, Andre\u0301 Michelin, Francis Bouygues, Carlos Tavares, Bernard Liautaud, Louis Charles Breguet, Jean-Luc Lagade\u0300re, Thierry Breton, Jean-Baptiste Rudelle en sont de bons exemples.<\/p>\n<p>Au Maroc, l\u02bcAssociation des Centraliens et Supe\u0301lec, qui regroupe les Centraliens et les Supe\u0301lec du Maroc, compte plus de 1800 membres, dont un grand nombre assument de hautes responsabilite\u0301s dans tous les secteurs d\u02bcactivite\u0301 : industrie, services, finance ou fonction publique. Elle a pour vocation de soutenir les actions de l&rsquo;E\u0301cole ou encore d\u02bcapporter des services a\u0300 ses adhe\u0301rents : visites, confe\u0301rences mensuelles, carrie\u0300res, e\u0301dition de l\u02bcAnnuaire, Forum bi-annuel.<\/p>\n<p>Depuis 2007, l\u02bcAssociation des CentralienSupelec du Maroc organise tous les deux ans le Forum CentralienSupelec qui re\u0301unit plus de 200 de\u0301cideurs du monde des affaires et de la sphe\u0300re publique pendant 2 jours autour d\u02bcune the\u0301matique d\u02bcactualite\u0301: Energie (2007), Mobilite\u0301 Durable (2010), e-Administration (2012), Positionnement du Maroc dans la dynamique africaine (2015), engagement pour le climat (2016, e\u0301ve\u0301nement labellise\u0301 COP 22), l\u02bcAfrique industrielle pour une Co-e\u0301mergence inclusive (2018) et en 2022, la planification urbaine pour une ville durable.<\/p>\n<\/div>\n<\/div>\n<\/div>\n<\/div>\n","protected":false},"excerpt":{"rendered":"<p>Les membres de l\u02bcAssociation des Centraliens et Supe\u0301lec du Maroc se sont re\u0301unis ce jeudi<\/p>\n","protected":false},"author":1,"featured_media":1897,"comment_status":"open","ping_status":"open","sticky":false,"template":"","format":"standard","meta":{"_acf_changed":false,"footnotes":""},"categories":[2,3],"tags":[558],"class_list":["post-1893","post","type-post","status-publish","format-standard","has-post-thumbnail","hentry","category-nouvelles","category-nouvelles-selectionnees","tag-supelec"],"acf":[],"yoast_head":"<!-- This site is optimized with the Yoast SEO plugin v22.0 - https:\/\/yoast.com\/wordpress\/plugins\/seo\/ -->\n<title>L\u02bcassociation des Centraliens et Supe\u0301lec Alumni Maroc (ACSM) renouvelle son bureau - MEDIA PLATEFORME | FR<\/title>\n<meta name=\"description\" content=\"Les membres de l\u02bcAssociation des Centraliens et Supe\u0301lec du Maroc se sont re\u0301unis ce jeudi 15 de\u0301cembre 2022 afin de pre\u0301senter le rapport\" \/>\n<meta name=\"robots\" content=\"index, follow, max-snippet:-1, max-image-preview:large, max-video-preview:-1\" \/>\n<link rel=\"canonical\" href=\"https:\/\/www.mediaplateforme.com\/fr\/l\u02bcassociation-des-centraliens-et-supelec-alumni-maroc-acsm-renouvelle-son-bureau\/\" \/>\n<meta property=\"og:locale\" content=\"fr_FR\" \/>\n<meta property=\"og:type\" content=\"article\" \/>\n<meta property=\"og:title\" content=\"L\u02bcassociation des Centraliens et Supe\u0301lec Alumni Maroc (ACSM) renouvelle son bureau - MEDIA PLATEFORME | FR\" \/>\n<meta property=\"og:description\" content=\"Les membres de l\u02bcAssociation des Centraliens et Supe\u0301lec du Maroc se sont re\u0301unis ce jeudi 15 de\u0301cembre 2022 afin de pre\u0301senter le rapport\" \/>\n<meta property=\"og:url\" content=\"https:\/\/www.mediaplateforme.com\/fr\/l\u02bcassociation-des-centraliens-et-supelec-alumni-maroc-acsm-renouvelle-son-bureau\/\" \/>\n<meta property=\"og:site_name\" content=\"MEDIA PLATEFORME | FR\" \/>\n<meta property=\"article:published_time\" content=\"2022-12-16T12:39:14+00:00\" \/>\n<meta property=\"article:modified_time\" content=\"2022-12-16T12:41:37+00:00\" \/>\n<meta property=\"og:image\" content=\"https:\/\/www.mediaplateforme.com\/fr\/wp-content\/uploads\/sites\/5\/2022\/12\/Photo-Jalal-CHARAF-2.jpg\" \/>\n\t<meta property=\"og:image:width\" content=\"821\" \/>\n\t<meta property=\"og:image:height\" content=\"626\" \/>\n\t<meta property=\"og:image:type\" content=\"image\/jpeg\" \/>\n<meta name=\"author\" content=\"Mediaplateforme\" \/>\n<meta name=\"twitter:card\" content=\"summary_large_image\" \/>\n<meta name=\"twitter:label1\" content=\"\u00c9crit par\" \/>\n\t<meta name=\"twitter:data1\" content=\"Mediaplateforme\" \/>\n\t<meta name=\"twitter:label2\" content=\"Dur\u00e9e de lecture estim\u00e9e\" \/>\n\t<meta name=\"twitter:data2\" content=\"3 minutes\" \/>\n<script type=\"application\/ld+json\" class=\"yoast-schema-graph\">{\"@context\":\"https:\/\/schema.org\",\"@graph\":[{\"@type\":\"WebPage\",\"@id\":\"https:\/\/www.mediaplateforme.com\/fr\/l%ca%bcassociation-des-centraliens-et-supelec-alumni-maroc-acsm-renouvelle-son-bureau\/\",\"url\":\"https:\/\/www.mediaplateforme.com\/fr\/l%ca%bcassociation-des-centraliens-et-supelec-alumni-maroc-acsm-renouvelle-son-bureau\/\",\"name\":\"L\u02bcassociation des Centraliens et Supe\u0301lec Alumni Maroc (ACSM) renouvelle son bureau - MEDIA PLATEFORME | FR\",\"isPartOf\":{\"@id\":\"https:\/\/www.mediaplateforme.com\/fr\/#website\"},\"datePublished\":\"2022-12-16T12:39:14+00:00\",\"dateModified\":\"2022-12-16T12:41:37+00:00\",\"author\":{\"@id\":\"https:\/\/www.mediaplateforme.com\/fr\/#\/schema\/person\/89833db382b5db2c76b094bc902aa12a\"},\"description\":\"Les membres de l\u02bcAssociation des Centraliens et Supe\u0301lec du Maroc se sont re\u0301unis ce jeudi 15 de\u0301cembre 2022 afin de pre\u0301senter le rapport\",\"breadcrumb\":{\"@id\":\"https:\/\/www.mediaplateforme.com\/fr\/l%ca%bcassociation-des-centraliens-et-supelec-alumni-maroc-acsm-renouvelle-son-bureau\/#breadcrumb\"},\"inLanguage\":\"fr-FR\",\"potentialAction\":[{\"@type\":\"ReadAction\",\"target\":[\"https:\/\/www.mediaplateforme.com\/fr\/l%ca%bcassociation-des-centraliens-et-supelec-alumni-maroc-acsm-renouvelle-son-bureau\/\"]}]},{\"@type\":\"BreadcrumbList\",\"@id\":\"https:\/\/www.mediaplateforme.com\/fr\/l%ca%bcassociation-des-centraliens-et-supelec-alumni-maroc-acsm-renouvelle-son-bureau\/#breadcrumb\",\"itemListElement\":[{\"@type\":\"ListItem\",\"position\":1,\"name\":\"\u0627\u0644\u0631\u0626\u064a\u0633\u064a\u0629\",\"item\":\"https:\/\/www.mediaplateforme.com\/fr\/\"},{\"@type\":\"ListItem\",\"position\":2,\"name\":\"L\u02bcassociation des Centraliens et Supe\u0301lec Alumni Maroc (ACSM) renouvelle son bureau\"}]},{\"@type\":\"WebSite\",\"@id\":\"https:\/\/www.mediaplateforme.com\/fr\/#website\",\"url\":\"https:\/\/www.mediaplateforme.com\/fr\/\",\"name\":\"MEDIA PLATEFORME | FR\",\"description\":\"Mediaplateforme sp\u00e9cialis\u00e9 dans la communication institutions publiques et des entreprises\",\"potentialAction\":[{\"@type\":\"SearchAction\",\"target\":{\"@type\":\"EntryPoint\",\"urlTemplate\":\"https:\/\/www.mediaplateforme.com\/fr\/?s={search_term_string}\"},\"query-input\":\"required name=search_term_string\"}],\"inLanguage\":\"fr-FR\"},{\"@type\":\"Person\",\"@id\":\"https:\/\/www.mediaplateforme.com\/fr\/#\/schema\/person\/89833db382b5db2c76b094bc902aa12a\",\"name\":\"Mediaplateforme\",\"image\":{\"@type\":\"ImageObject\",\"inLanguage\":\"fr-FR\",\"@id\":\"https:\/\/www.mediaplateforme.com\/fr\/#\/schema\/person\/image\/\",\"url\":\"https:\/\/secure.gravatar.com\/avatar\/6c9c02e8928cc65d54bf75157f7b3a2d06d7ad0494ca0951f679552ff03b34c1?s=96&d=mm&r=g\",\"contentUrl\":\"https:\/\/secure.gravatar.com\/avatar\/6c9c02e8928cc65d54bf75157f7b3a2d06d7ad0494ca0951f679552ff03b34c1?s=96&d=mm&r=g\",\"caption\":\"Mediaplateforme\"},\"sameAs\":[\"https:\/\/www.mediaplateforme.com\"],\"url\":\"https:\/\/www.mediaplateforme.com\/fr\/author\/mohamedladib\/\"}]}<\/script>\n<!-- \/ Yoast SEO plugin. -->","yoast_head_json":{"title":"L\u02bcassociation des Centraliens et Supe\u0301lec Alumni Maroc (ACSM) renouvelle son bureau - MEDIA PLATEFORME | FR","description":"Les membres de l\u02bcAssociation des Centraliens et Supe\u0301lec du Maroc se sont re\u0301unis ce jeudi 15 de\u0301cembre 2022 afin de pre\u0301senter le rapport","robots":{"index":"index","follow":"follow","max-snippet":"max-snippet:-1","max-image-preview":"max-image-preview:large","max-video-preview":"max-video-preview:-1"},"canonical":"https:\/\/www.mediaplateforme.com\/fr\/l\u02bcassociation-des-centraliens-et-supelec-alumni-maroc-acsm-renouvelle-son-bureau\/","og_locale":"fr_FR","og_type":"article","og_title":"L\u02bcassociation des Centraliens et Supe\u0301lec Alumni Maroc (ACSM) renouvelle son bureau - MEDIA PLATEFORME | FR","og_description":"Les membres de l\u02bcAssociation des Centraliens et Supe\u0301lec du Maroc se sont re\u0301unis ce jeudi 15 de\u0301cembre 2022 afin de pre\u0301senter le rapport","og_url":"https:\/\/www.mediaplateforme.com\/fr\/l\u02bcassociation-des-centraliens-et-supelec-alumni-maroc-acsm-renouvelle-son-bureau\/","og_site_name":"MEDIA PLATEFORME | FR","article_published_time":"2022-12-16T12:39:14+00:00","article_modified_time":"2022-12-16T12:41:37+00:00","og_image":[{"width":821,"height":626,"url":"https:\/\/www.mediaplateforme.com\/fr\/wp-content\/uploads\/sites\/5\/2022\/12\/Photo-Jalal-CHARAF-2.jpg","type":"image\/jpeg"}],"author":"Mediaplateforme","twitter_card":"summary_large_image","twitter_misc":{"\u00c9crit par":"Mediaplateforme","Dur\u00e9e de lecture estim\u00e9e":"3 minutes"},"schema":{"@context":"https:\/\/schema.org","@graph":[{"@type":"WebPage","@id":"https:\/\/www.mediaplateforme.com\/fr\/l%ca%bcassociation-des-centraliens-et-supelec-alumni-maroc-acsm-renouvelle-son-bureau\/","url":"https:\/\/www.mediaplateforme.com\/fr\/l%ca%bcassociation-des-centraliens-et-supelec-alumni-maroc-acsm-renouvelle-son-bureau\/","name":"L\u02bcassociation des Centraliens et Supe\u0301lec Alumni Maroc (ACSM) renouvelle son bureau - MEDIA PLATEFORME | FR","isPartOf":{"@id":"https:\/\/www.mediaplateforme.com\/fr\/#website"},"datePublished":"2022-12-16T12:39:14+00:00","dateModified":"2022-12-16T12:41:37+00:00","author":{"@id":"https:\/\/www.mediaplateforme.com\/fr\/#\/schema\/person\/89833db382b5db2c76b094bc902aa12a"},"description":"Les membres de l\u02bcAssociation des Centraliens et Supe\u0301lec du Maroc se sont re\u0301unis ce jeudi 15 de\u0301cembre 2022 afin de pre\u0301senter le rapport","breadcrumb":{"@id":"https:\/\/www.mediaplateforme.com\/fr\/l%ca%bcassociation-des-centraliens-et-supelec-alumni-maroc-acsm-renouvelle-son-bureau\/#breadcrumb"},"inLanguage":"fr-FR","potentialAction":[{"@type":"ReadAction","target":["https:\/\/www.mediaplateforme.com\/fr\/l%ca%bcassociation-des-centraliens-et-supelec-alumni-maroc-acsm-renouvelle-son-bureau\/"]}]},{"@type":"BreadcrumbList","@id":"https:\/\/www.mediaplateforme.com\/fr\/l%ca%bcassociation-des-centraliens-et-supelec-alumni-maroc-acsm-renouvelle-son-bureau\/#breadcrumb","itemListElement":[{"@type":"ListItem","position":1,"name":"\u0627\u0644\u0631\u0626\u064a\u0633\u064a\u0629","item":"https:\/\/www.mediaplateforme.com\/fr\/"},{"@type":"ListItem","position":2,"name":"L\u02bcassociation des Centraliens et Supe\u0301lec Alumni Maroc (ACSM) renouvelle son bureau"}]},{"@type":"WebSite","@id":"https:\/\/www.mediaplateforme.com\/fr\/#website","url":"https:\/\/www.mediaplateforme.com\/fr\/","name":"MEDIA PLATEFORME | FR","description":"Mediaplateforme sp\u00e9cialis\u00e9 dans la communication institutions publiques et des entreprises","potentialAction":[{"@type":"SearchAction","target":{"@type":"EntryPoint","urlTemplate":"https:\/\/www.mediaplateforme.com\/fr\/?s={search_term_string}"},"query-input":"required name=search_term_string"}],"inLanguage":"fr-FR"},{"@type":"Person","@id":"https:\/\/www.mediaplateforme.com\/fr\/#\/schema\/person\/89833db382b5db2c76b094bc902aa12a","name":"Mediaplateforme","image":{"@type":"ImageObject","inLanguage":"fr-FR","@id":"https:\/\/www.mediaplateforme.com\/fr\/#\/schema\/person\/image\/","url":"https:\/\/secure.gravatar.com\/avatar\/6c9c02e8928cc65d54bf75157f7b3a2d06d7ad0494ca0951f679552ff03b34c1?s=96&d=mm&r=g","contentUrl":"https:\/\/secure.gravatar.com\/avatar\/6c9c02e8928cc65d54bf75157f7b3a2d06d7ad0494ca0951f679552ff03b34c1?s=96&d=mm&r=g","caption":"Mediaplateforme"},"sameAs":["https:\/\/www.mediaplateforme.com"],"url":"https:\/\/www.mediaplateforme.com\/fr\/author\/mohamedladib\/"}]}},"_links":{"self":[{"href":"https:\/\/www.mediaplateforme.com\/fr\/wp-json\/wp\/v2\/posts\/1893","targetHints":{"allow":["GET"]}}],"collection":[{"href":"https:\/\/www.mediaplateforme.com\/fr\/wp-json\/wp\/v2\/posts"}],"about":[{"href":"https:\/\/www.mediaplateforme.com\/fr\/wp-json\/wp\/v2\/types\/post"}],"author":[{"embeddable":true,"href":"https:\/\/www.mediaplateforme.com\/fr\/wp-json\/wp\/v2\/users\/1"}],"replies":[{"embeddable":true,"href":"https:\/\/www.mediaplateforme.com\/fr\/wp-json\/wp\/v2\/comments?post=1893"}],"version-history":[{"count":1,"href":"https:\/\/www.mediaplateforme.com\/fr\/wp-json\/wp\/v2\/posts\/1893\/revisions"}],"predecessor-version":[{"id":1895,"href":"https:\/\/www.mediaplateforme.com\/fr\/wp-json\/wp\/v2\/posts\/1893\/revisions\/1895"}],"wp:featuredmedia":[{"embeddable":true,"href":"https:\/\/www.mediaplateforme.com\/fr\/wp-json\/wp\/v2\/media\/1897"}],"wp:attachment":[{"href":"https:\/\/www.mediaplateforme.com\/fr\/wp-json\/wp\/v2\/media?parent=1893"}],"wp:term":[{"taxonomy":"category","embeddable":true,"href":"https:\/\/www.mediaplateforme.com\/fr\/wp-json\/wp\/v2\/categories?post=1893"},{"taxonomy":"post_tag","embeddable":true,"href":"https:\/\/www.mediaplateforme.com\/fr\/wp-json\/wp\/v2\/tags?post=1893"}],"curies":[{"name":"wp","href":"https:\/\/api.w.org\/{rel}","templated":true}]}}